{"id":7377,"date":"2026-02-06T02:32:10","date_gmt":"2026-02-06T05:32:10","guid":{"rendered":"https:\/\/investiga.uandes.cl\/?p=7377"},"modified":"2026-04-23T13:42:41","modified_gmt":"2026-04-23T16:42:41","slug":"uandes-aporta-a-diagnostico-sobre-formacion-doctoral-y-vinculo-con-la-industria","status":"publish","type":"post","link":"https:\/\/investiga.uandes.cl\/es\/uandes-aporta-a-diagnostico-sobre-formacion-doctoral-y-vinculo-con-la-industria\/","title":{"rendered":"Uandes aporta a diagn\u00f3stico sobre formaci\u00f3n doctoral y v\u00ednculo con la industria"},"content":{"rendered":"\n<p>El libro se enmarca en el trabajo del <a href=\"https:\/\/cinda.cl\/redes-especializadas\/grupo-operativo-de-universidades-chilenas-gop-cinda\/\" target=\"_blank\" rel=\"noreferrer noopener\">Grupo Operativo de Universidades Chilenas del CINDA (GOP-CINDA)<\/a>, que durante el per\u00edodo 2023\u20132025 ha desarrollado una propuesta de pol\u00edtica p\u00fablica para este tipo de programas, considerando tanto la realidad existente en Chile como experiencias internacionales.<\/p>\n\n\n\n<p>Esta publicaci\u00f3n es el resultado de un proceso de trabajo colaborativo que reuni\u00f3 a 27 investigadores de 14 universidades chilenas y que recorre la historia reciente de los doctorados en Chile, analiza experiencias nacionales e internacionales, examina su contribuci\u00f3n al desarrollo regional y aborda los desaf\u00edos asociados a la calidad, la acreditaci\u00f3n y la vinculaci\u00f3n con el medio.<\/p>\n\n\n<div class=\"wp-block-image\">\n<figure class=\"aligncenter size-full is-resized\"><a href=\"https:\/\/cinda.cl\/libro-sobre-doctorados-profesionales-y-de-vinculacion-con-la-industria-de-gop-cinda-se-presento-en-el-campus-santiago-de-la-u-de-talca\/#flipbook-df_5468\/1\/\"><img decoding=\"async\" src=\"https:\/\/www.uandes.cl\/wp-content\/uploads\/2025\/12\/Doctorados-Profesionales-y-de-vinculacion-con-la-industria-1.png\" alt=\"\" class=\"wp-image-319902\" style=\"width:498px;height:auto\"\/><\/a><\/figure>\n<\/div>\n\n\n<p>Seg\u00fan coment\u00f3 la <strong><a href=\"https:\/\/www.uandes.cl\/investigacion-e-innovacion\/investigacion-y-doctorado\/quienes-somos\/\" target=\"_blank\" rel=\"noreferrer noopener\">subdirectora de Doctorado de la Universidad de los Andes<\/a>, <a href=\"https:\/\/www.uandes.cl\/personas\/maria-del-valle-barrera\/\" target=\"_blank\" rel=\"noreferrer noopener\">Mar\u00eda del Valle Barrera<\/a><\/strong>, quien particip\u00f3 como investigadora en el diagn\u00f3stico sobre el estado de los doctorados incluido en el libro, estas modalidades a\u00fan no han sido incorporadas de manera expl\u00edcita en la normativa vigente chilena, pese a la existencia de experiencias que dan cuenta de su desarrollo, lo que refuerza la necesidad de avanzar en su discusi\u00f3n a nivel regulatorio y de pol\u00edtica p\u00fablica.<\/p>\n\n\n\n<p>Asimismo, el trabajo del GOP-CINDA destaca la necesidad de marcos m\u00e1s flexibles para la formaci\u00f3n doctoral y aporta criterios para distinguir entre doctorados acad\u00e9micos, profesionales y vinculados con la industria, junto con sus aportes al desarrollo del pa\u00eds.<\/p>\n\n\n\n<blockquote class=\"wp-block-quote is-layout-flow wp-block-quote-is-layout-flow\">\n<p>&#8220;Este diagn\u00f3stico permite comprender el estado actual del sistema doctoral chileno y los desaf\u00edos que enfrenta, as\u00ed como avanzar en la articulaci\u00f3n entre est\u00e1ndares acad\u00e9micos y nuevas formas de formaci\u00f3n aplicada\u201d, subray\u00f3 Barrera, destacando la relevancia de que la Universidad de los Andes contribuya activamente a espacios de an\u00e1lisis y discusi\u00f3n a nivel nacional.<\/p>\n<\/blockquote>\n\n\n\n<p>La presentaci\u00f3n oficial del libro se realiz\u00f3 el pasado 25 de noviembre en la sede Santiago de la Universidad de Talca y cont\u00f3 con la participaci\u00f3n del ministro de Ciencia, Tecnolog\u00eda, Conocimiento e Innovaci\u00f3n, Aldo Valle, y del acad\u00e9mico Jos\u00e9 Joaqu\u00edn Brunner. En la instancia, Brunner subray\u00f3 la relevancia del libro y enfatiz\u00f3 la necesidad de ampliar la mirada sobre la formaci\u00f3n doctoral, de modo que responda de mejor manera a las necesidades actuales del pa\u00eds.<\/p>\n\n\n\n<p>El libro se proyecta como un insumo para universidades, organismos p\u00fablicos y el sistema de educaci\u00f3n superior, en un momento clave para la discusi\u00f3n de la formaci\u00f3n doctoral en Chile.<\/p>\n\n\n\n<figure class=\"wp-block-embed is-type-video is-provider-youtube wp-block-embed-youtube wp-embed-aspect-16-9 wp-has-aspect-ratio\"><div class=\"wp-block-embed__wrapper\">\n<iframe loading=\"lazy\" title=\"Lanzamiento de Libro y Seminario: Doctorados Profesionales y devinculaci\u00f3n con la industria: Un i...\" width=\"1140\" height=\"641\" src=\"https:\/\/www.youtube.com\/embed\/3mAi7D3DgVU?feature=oembed\" frameborder=\"0\" allow=\"accelerometer; autoplay; clipboard-write; encrypted-media; gyroscope; picture-in-picture; web-share\" referrerpolicy=\"strict-origin-when-cross-origin\" allowfullscreen><\/iframe>\n<\/div><\/figure>\n\n\n\n<p><\/p>\n","protected":false},"excerpt":{"rendered":"<p>La Universidad de los Andes particip\u00f3 en la elaboraci\u00f3n del libro editado por el Centro Interuniversitario de Desarrollo (CINDA) que aborda el estado actual de los doctorados en Chile y propone enfoques para alinearlos con la industria nacional.<\/p>\n","protected":false},"author":1,"featured_media":7379,"comment_status":"closed","ping_status":"closed","sticky":false,"template":"","format":"standard","meta":{"inline_featured_image":false,"footnotes":""},"categories":[2,5,1,4],"tags":[],"class_list":["post-7377","post","type-post","status-publish","format-standard","has-post-thumbnail","hentry","category-ciencia","category-economia","category-investigacion","category-pensamiento"],"yoast_head":"<!-- This site is optimized with the Yoast SEO plugin v24.7 - https:\/\/yoast.com\/wordpress\/plugins\/seo\/ -->\n<title>Uandes aporta a diagn\u00f3stico sobre formaci\u00f3n doctoral y v\u00ednculo con la industria - Investiga UANDES<\/title>\n<meta name=\"robots\" content=\"index, follow, max-snippet:-1, max-image-preview:large, max-video-preview:-1\" \/>\n<link rel=\"canonical\" href=\"https:\/\/investiga.uandes.cl\/es\/uandes-aporta-a-diagnostico-sobre-formacion-doctoral-y-vinculo-con-la-industria\/\" \/>\n<meta property=\"og:locale\" content=\"es_ES\" \/>\n<meta property=\"og:type\" content=\"article\" \/>\n<meta property=\"og:title\" content=\"Uandes aporta a diagn\u00f3stico sobre formaci\u00f3n doctoral y v\u00ednculo con la industria - Investiga UANDES\" \/>\n<meta property=\"og:description\" content=\"La Universidad de los Andes particip\u00f3 en la elaboraci\u00f3n del libro editado por el Centro Interuniversitario de Desarrollo (CINDA) que aborda el estado actual de los doctorados en Chile y propone enfoques para alinearlos con la industria nacional.\" \/>\n<meta property=\"og:url\" content=\"https:\/\/investiga.uandes.cl\/es\/uandes-aporta-a-diagnostico-sobre-formacion-doctoral-y-vinculo-con-la-industria\/\" \/>\n<meta property=\"og:site_name\" content=\"Investiga UANDES\" \/>\n<meta property=\"article:published_time\" content=\"2026-02-06T05:32:10+00:00\" \/>\n<meta property=\"article:modified_time\" content=\"2026-04-23T16:42:41+00:00\" \/>\n<meta property=\"og:image\" content=\"https:\/\/investiga.uandes.cl\/wp-content\/uploads\/2026\/02\/MG_5412-scaled-e1770355897463.jpg\" \/>\n\t<meta property=\"og:image:width\" content=\"1545\" \/>\n\t<meta property=\"og:image:height\" content=\"870\" \/>\n\t<meta property=\"og:image:type\" content=\"image\/jpeg\" \/>\n<meta name=\"author\" content=\"Universidad de los Andes\" \/>\n<meta name=\"twitter:card\" content=\"summary_large_image\" \/>\n<meta name=\"twitter:label1\" content=\"Escrito por\" \/>\n\t<meta name=\"twitter:data1\" content=\"Universidad de los Andes\" \/>\n\t<meta name=\"twitter:label2\" content=\"Tiempo estimado de lectura\" \/>\n\t<meta name=\"twitter:data2\" content=\"2 minutos\" \/>\n<script type=\"application\/ld+json\" class=\"yoast-schema-graph\">{\"@context\":\"https:\/\/schema.org\",\"@graph\":[{\"@type\":\"Article\",\"@id\":\"https:\/\/investiga.uandes.cl\/uandes-aporta-a-diagnostico-sobre-formacion-doctoral-y-vinculo-con-la-industria\/#article\",\"isPartOf\":{\"@id\":\"https:\/\/investiga.uandes.cl\/uandes-aporta-a-diagnostico-sobre-formacion-doctoral-y-vinculo-con-la-industria\/\"},\"author\":{\"name\":\"Universidad de los Andes\",\"@id\":\"https:\/\/investiga.uandes.cl\/#\/schema\/person\/98e4042261f6d20b73b4e8cae8ff4495\"},\"headline\":\"Uandes aporta a diagn\u00f3stico sobre formaci\u00f3n doctoral y v\u00ednculo con la industria\",\"datePublished\":\"2026-02-06T05:32:10+00:00\",\"dateModified\":\"2026-04-23T16:42:41+00:00\",\"mainEntityOfPage\":{\"@id\":\"https:\/\/investiga.uandes.cl\/uandes-aporta-a-diagnostico-sobre-formacion-doctoral-y-vinculo-con-la-industria\/\"},\"wordCount\":439,\"publisher\":{\"@id\":\"https:\/\/investiga.uandes.cl\/#organization\"},\"image\":{\"@id\":\"https:\/\/investiga.uandes.cl\/uandes-aporta-a-diagnostico-sobre-formacion-doctoral-y-vinculo-con-la-industria\/#primaryimage\"},\"thumbnailUrl\":\"https:\/\/investiga.uandes.cl\/wp-content\/uploads\/2026\/02\/MG_5412-scaled-e1770355897463.jpg\",\"articleSection\":[\"Ciencia y Tecnolog\u00eda\",\"Econom\u00eda\",\"Investigaci\u00f3n\",\"Pensamiento y Sociedad\"],\"inLanguage\":\"es-CL\"},{\"@type\":\"WebPage\",\"@id\":\"https:\/\/investiga.uandes.cl\/uandes-aporta-a-diagnostico-sobre-formacion-doctoral-y-vinculo-con-la-industria\/\",\"url\":\"https:\/\/investiga.uandes.cl\/uandes-aporta-a-diagnostico-sobre-formacion-doctoral-y-vinculo-con-la-industria\/\",\"name\":\"Uandes aporta a diagn\u00f3stico sobre formaci\u00f3n doctoral y v\u00ednculo con la industria - Investiga UANDES\",\"isPartOf\":{\"@id\":\"https:\/\/investiga.uandes.cl\/#website\"},\"primaryImageOfPage\":{\"@id\":\"https:\/\/investiga.uandes.cl\/uandes-aporta-a-diagnostico-sobre-formacion-doctoral-y-vinculo-con-la-industria\/#primaryimage\"},\"image\":{\"@id\":\"https:\/\/investiga.uandes.cl\/uandes-aporta-a-diagnostico-sobre-formacion-doctoral-y-vinculo-con-la-industria\/#primaryimage\"},\"thumbnailUrl\":\"https:\/\/investiga.uandes.cl\/wp-content\/uploads\/2026\/02\/MG_5412-scaled-e1770355897463.jpg\",\"datePublished\":\"2026-02-06T05:32:10+00:00\",\"dateModified\":\"2026-04-23T16:42:41+00:00\",\"breadcrumb\":{\"@id\":\"https:\/\/investiga.uandes.cl\/uandes-aporta-a-diagnostico-sobre-formacion-doctoral-y-vinculo-con-la-industria\/#breadcrumb\"},\"inLanguage\":\"es-CL\",\"potentialAction\":[{\"@type\":\"ReadAction\",\"target\":[\"https:\/\/investiga.uandes.cl\/uandes-aporta-a-diagnostico-sobre-formacion-doctoral-y-vinculo-con-la-industria\/\"]}]},{\"@type\":\"ImageObject\",\"inLanguage\":\"es-CL\",\"@id\":\"https:\/\/investiga.uandes.cl\/uandes-aporta-a-diagnostico-sobre-formacion-doctoral-y-vinculo-con-la-industria\/#primaryimage\",\"url\":\"https:\/\/investiga.uandes.cl\/wp-content\/uploads\/2026\/02\/MG_5412-scaled-e1770355897463.jpg\",\"contentUrl\":\"https:\/\/investiga.uandes.cl\/wp-content\/uploads\/2026\/02\/MG_5412-scaled-e1770355897463.jpg\",\"width\":1545,\"height\":870},{\"@type\":\"BreadcrumbList\",\"@id\":\"https:\/\/investiga.uandes.cl\/uandes-aporta-a-diagnostico-sobre-formacion-doctoral-y-vinculo-con-la-industria\/#breadcrumb\",\"itemListElement\":[{\"@type\":\"ListItem\",\"position\":1,\"name\":\"Portada\",\"item\":\"https:\/\/investiga.uandes.cl\/\"},{\"@type\":\"ListItem\",\"position\":2,\"name\":\"Uandes aporta a diagn\u00f3stico sobre formaci\u00f3n doctoral y v\u00ednculo con la industria\"}]},{\"@type\":\"WebSite\",\"@id\":\"https:\/\/investiga.uandes.cl\/#website\",\"url\":\"https:\/\/investiga.uandes.cl\/\",\"name\":\"Investiga UANDES\",\"description\":\"Investigaci\u00f3n, Universidad de los Andes\",\"publisher\":{\"@id\":\"https:\/\/investiga.uandes.cl\/#organization\"},\"potentialAction\":[{\"@type\":\"SearchAction\",\"target\":{\"@type\":\"EntryPoint\",\"urlTemplate\":\"https:\/\/investiga.uandes.cl\/?s={search_term_string}\"},\"query-input\":{\"@type\":\"PropertyValueSpecification\",\"valueRequired\":true,\"valueName\":\"search_term_string\"}}],\"inLanguage\":\"es-CL\"},{\"@type\":\"Organization\",\"@id\":\"https:\/\/investiga.uandes.cl\/#organization\",\"name\":\"Investiga UANDES\",\"url\":\"https:\/\/investiga.uandes.cl\/\",\"logo\":{\"@type\":\"ImageObject\",\"inLanguage\":\"es-CL\",\"@id\":\"https:\/\/investiga.uandes.cl\/#\/schema\/logo\/image\/\",\"url\":\"https:\/\/investiga.uandes.cl\/wp-content\/uploads\/2025\/03\/investiga_uandes.jpg\",\"contentUrl\":\"https:\/\/investiga.uandes.cl\/wp-content\/uploads\/2025\/03\/investiga_uandes.jpg\",\"width\":2000,\"height\":771,\"caption\":\"Investiga UANDES\"},\"image\":{\"@id\":\"https:\/\/investiga.uandes.cl\/#\/schema\/logo\/image\/\"}},{\"@type\":\"Person\",\"@id\":\"https:\/\/investiga.uandes.cl\/#\/schema\/person\/98e4042261f6d20b73b4e8cae8ff4495\",\"name\":\"Universidad de los Andes\",\"sameAs\":[\"https:\/\/test.uandes.cl\"],\"url\":\"https:\/\/investiga.uandes.cl\/es\/author\/admin\/\"}]}<\/script>\n<!-- \/ Yoast SEO plugin. -->","yoast_head_json":{"title":"Uandes aporta a diagn\u00f3stico sobre formaci\u00f3n doctoral y v\u00ednculo con la industria - Investiga UANDES","robots":{"index":"index","follow":"follow","max-snippet":"max-snippet:-1","max-image-preview":"max-image-preview:large","max-video-preview":"max-video-preview:-1"},"canonical":"https:\/\/investiga.uandes.cl\/es\/uandes-aporta-a-diagnostico-sobre-formacion-doctoral-y-vinculo-con-la-industria\/","og_locale":"es_ES","og_type":"article","og_title":"Uandes aporta a diagn\u00f3stico sobre formaci\u00f3n doctoral y v\u00ednculo con la industria - Investiga UANDES","og_description":"La Universidad de los Andes particip\u00f3 en la elaboraci\u00f3n del libro editado por el Centro Interuniversitario de Desarrollo (CINDA) que aborda el estado actual de los doctorados en Chile y propone enfoques para alinearlos con la industria nacional.","og_url":"https:\/\/investiga.uandes.cl\/es\/uandes-aporta-a-diagnostico-sobre-formacion-doctoral-y-vinculo-con-la-industria\/","og_site_name":"Investiga UANDES","article_published_time":"2026-02-06T05:32:10+00:00","article_modified_time":"2026-04-23T16:42:41+00:00","og_image":[{"width":1545,"height":870,"url":"https:\/\/investiga.uandes.cl\/wp-content\/uploads\/2026\/02\/MG_5412-scaled-e1770355897463.jpg","type":"image\/jpeg"}],"author":"Universidad de los Andes","twitter_card":"summary_large_image","twitter_misc":{"Escrito por":"Universidad de los Andes","Tiempo estimado de lectura":"2 minutos"},"schema":{"@context":"https:\/\/schema.org","@graph":[{"@type":"Article","@id":"https:\/\/investiga.uandes.cl\/uandes-aporta-a-diagnostico-sobre-formacion-doctoral-y-vinculo-con-la-industria\/#article","isPartOf":{"@id":"https:\/\/investiga.uandes.cl\/uandes-aporta-a-diagnostico-sobre-formacion-doctoral-y-vinculo-con-la-industria\/"},"author":{"name":"Universidad de los Andes","@id":"https:\/\/investiga.uandes.cl\/#\/schema\/person\/98e4042261f6d20b73b4e8cae8ff4495"},"headline":"Uandes aporta a diagn\u00f3stico sobre formaci\u00f3n doctoral y v\u00ednculo con la industria","datePublished":"2026-02-06T05:32:10+00:00","dateModified":"2026-04-23T16:42:41+00:00","mainEntityOfPage":{"@id":"https:\/\/investiga.uandes.cl\/uandes-aporta-a-diagnostico-sobre-formacion-doctoral-y-vinculo-con-la-industria\/"},"wordCount":439,"publisher":{"@id":"https:\/\/investiga.uandes.cl\/#organization"},"image":{"@id":"https:\/\/investiga.uandes.cl\/uandes-aporta-a-diagnostico-sobre-formacion-doctoral-y-vinculo-con-la-industria\/#primaryimage"},"thumbnailUrl":"https:\/\/investiga.uandes.cl\/wp-content\/uploads\/2026\/02\/MG_5412-scaled-e1770355897463.jpg","articleSection":["Ciencia y Tecnolog\u00eda","Econom\u00eda","Investigaci\u00f3n","Pensamiento y Sociedad"],"inLanguage":"es-CL"},{"@type":"WebPage","@id":"https:\/\/investiga.uandes.cl\/uandes-aporta-a-diagnostico-sobre-formacion-doctoral-y-vinculo-con-la-industria\/","url":"https:\/\/investiga.uandes.cl\/uandes-aporta-a-diagnostico-sobre-formacion-doctoral-y-vinculo-con-la-industria\/","name":"Uandes aporta a diagn\u00f3stico sobre formaci\u00f3n doctoral y v\u00ednculo con la industria - Investiga UANDES","isPartOf":{"@id":"https:\/\/investiga.uandes.cl\/#website"},"primaryImageOfPage":{"@id":"https:\/\/investiga.uandes.cl\/uandes-aporta-a-diagnostico-sobre-formacion-doctoral-y-vinculo-con-la-industria\/#primaryimage"},"image":{"@id":"https:\/\/investiga.uandes.cl\/uandes-aporta-a-diagnostico-sobre-formacion-doctoral-y-vinculo-con-la-industria\/#primaryimage"},"thumbnailUrl":"https:\/\/investiga.uandes.cl\/wp-content\/uploads\/2026\/02\/MG_5412-scaled-e1770355897463.jpg","datePublished":"2026-02-06T05:32:10+00:00","dateModified":"2026-04-23T16:42:41+00:00","breadcrumb":{"@id":"https:\/\/investiga.uandes.cl\/uandes-aporta-a-diagnostico-sobre-formacion-doctoral-y-vinculo-con-la-industria\/#breadcrumb"},"inLanguage":"es-CL","potentialAction":[{"@type":"ReadAction","target":["https:\/\/investiga.uandes.cl\/uandes-aporta-a-diagnostico-sobre-formacion-doctoral-y-vinculo-con-la-industria\/"]}]},{"@type":"ImageObject","inLanguage":"es-CL","@id":"https:\/\/investiga.uandes.cl\/uandes-aporta-a-diagnostico-sobre-formacion-doctoral-y-vinculo-con-la-industria\/#primaryimage","url":"https:\/\/investiga.uandes.cl\/wp-content\/uploads\/2026\/02\/MG_5412-scaled-e1770355897463.jpg","contentUrl":"https:\/\/investiga.uandes.cl\/wp-content\/uploads\/2026\/02\/MG_5412-scaled-e1770355897463.jpg","width":1545,"height":870},{"@type":"BreadcrumbList","@id":"https:\/\/investiga.uandes.cl\/uandes-aporta-a-diagnostico-sobre-formacion-doctoral-y-vinculo-con-la-industria\/#breadcrumb","itemListElement":[{"@type":"ListItem","position":1,"name":"Portada","item":"https:\/\/investiga.uandes.cl\/"},{"@type":"ListItem","position":2,"name":"Uandes aporta a diagn\u00f3stico sobre formaci\u00f3n doctoral y v\u00ednculo con la industria"}]},{"@type":"WebSite","@id":"https:\/\/investiga.uandes.cl\/#website","url":"https:\/\/investiga.uandes.cl\/","name":"Investiga UANDES","description":"Investigaci\u00f3n, Universidad de los Andes","publisher":{"@id":"https:\/\/investiga.uandes.cl\/#organization"},"potentialAction":[{"@type":"SearchAction","target":{"@type":"EntryPoint","urlTemplate":"https:\/\/investiga.uandes.cl\/?s={search_term_string}"},"query-input":{"@type":"PropertyValueSpecification","valueRequired":true,"valueName":"search_term_string"}}],"inLanguage":"es-CL"},{"@type":"Organization","@id":"https:\/\/investiga.uandes.cl\/#organization","name":"Investiga UANDES","url":"https:\/\/investiga.uandes.cl\/","logo":{"@type":"ImageObject","inLanguage":"es-CL","@id":"https:\/\/investiga.uandes.cl\/#\/schema\/logo\/image\/","url":"https:\/\/investiga.uandes.cl\/wp-content\/uploads\/2025\/03\/investiga_uandes.jpg","contentUrl":"https:\/\/investiga.uandes.cl\/wp-content\/uploads\/2025\/03\/investiga_uandes.jpg","width":2000,"height":771,"caption":"Investiga UANDES"},"image":{"@id":"https:\/\/investiga.uandes.cl\/#\/schema\/logo\/image\/"}},{"@type":"Person","@id":"https:\/\/investiga.uandes.cl\/#\/schema\/person\/98e4042261f6d20b73b4e8cae8ff4495","name":"Universidad de los Andes","sameAs":["https:\/\/test.uandes.cl"],"url":"https:\/\/investiga.uandes.cl\/es\/author\/admin\/"}]}},"_links":{"self":[{"href":"https:\/\/investiga.uandes.cl\/es\/wp-json\/wp\/v2\/posts\/7377","targetHints":{"allow":["GET"]}}],"collection":[{"href":"https:\/\/investiga.uandes.cl\/es\/wp-json\/wp\/v2\/posts"}],"about":[{"href":"https:\/\/investiga.uandes.cl\/es\/wp-json\/wp\/v2\/types\/post"}],"author":[{"embeddable":true,"href":"https:\/\/investiga.uandes.cl\/es\/wp-json\/wp\/v2\/users\/1"}],"replies":[{"embeddable":true,"href":"https:\/\/investiga.uandes.cl\/es\/wp-json\/wp\/v2\/comments?post=7377"}],"version-history":[{"count":13,"href":"https:\/\/investiga.uandes.cl\/es\/wp-json\/wp\/v2\/posts\/7377\/revisions"}],"predecessor-version":[{"id":7547,"href":"https:\/\/investiga.uandes.cl\/es\/wp-json\/wp\/v2\/posts\/7377\/revisions\/7547"}],"wp:featuredmedia":[{"embeddable":true,"href":"https:\/\/investiga.uandes.cl\/es\/wp-json\/wp\/v2\/media\/7379"}],"wp:attachment":[{"href":"https:\/\/investiga.uandes.cl\/es\/wp-json\/wp\/v2\/media?parent=7377"}],"wp:term":[{"taxonomy":"category","embeddable":true,"href":"https:\/\/investiga.uandes.cl\/es\/wp-json\/wp\/v2\/categories?post=7377"},{"taxonomy":"post_tag","embeddable":true,"href":"https:\/\/investiga.uandes.cl\/es\/wp-json\/wp\/v2\/tags?post=7377"}],"curies":[{"name":"wp","href":"https:\/\/api.w.org\/{rel}","templated":true}]}}