{"id":7308,"date":"2026-02-07T17:38:23","date_gmt":"2026-02-07T20:38:23","guid":{"rendered":"https:\/\/investiga.uandes.cl\/?p=7308"},"modified":"2026-04-23T14:04:50","modified_gmt":"2026-04-23T17:04:50","slug":"investigacion-estudiara-como-mejorar-la-equidad-y-el-acceso-a-la-educacion-superior","status":"publish","type":"post","link":"https:\/\/investiga.uandes.cl\/es\/investigacion-estudiara-como-mejorar-la-equidad-y-el-acceso-a-la-educacion-superior\/","title":{"rendered":"Detectan barreras que enfrentan j\u00f3venes de contextos vulnerables en el acceso a la universidad"},"content":{"rendered":"\n<p>Comprender por qu\u00e9 persisten las brechas incluso entre estudiantes con alto talento acad\u00e9mico es el foco de la investigaci\u00f3n que lidera Andr\u00e9s Barrios, acad\u00e9mico de la Facultad de Ciencias Econ\u00f3micas y Empresariales y director del Human Development Lab, y que recientemente se adjudic\u00f3 un Fondecyt Regular 2026.<\/p>\n\n\n\n<p>&#8220;El proyecto busca identificar las principales barreras y fricciones que enfrentan j\u00f3venes de contextos vulnerables en su transici\u00f3n hacia la educaci\u00f3n superior, combinando dos l\u00edneas de estudio complementarias. Buscamos entender las barreras y fricciones detr\u00e1s de las brechas en el acceso a la educaci\u00f3n superior en Chile\u201d, explica Barrios, acad\u00e9mico de la <a href=\"https:\/\/investigadores.uandes.cl\/en\/organisations\/facultad-de-ciencias-econ%C3%B3micas-y-empresariales\/\">Facultad de Ciencias Econ\u00f3micas y Empresariales<\/a> y director del  <a href=\"https:\/\/hdl.uandes.cl\/\">Human Development Lab<\/a>.<\/p>\n\n\n\n<figure class=\"wp-block-image size-large is-resized\"><img loading=\"lazy\" decoding=\"async\" width=\"1024\" height=\"577\" src=\"https:\/\/investiga.uandes.cl\/wp-content\/uploads\/2026\/02\/MG_0024-scaled-e1770323756128-1024x577.jpg\" alt=\"\" class=\"wp-image-7309\" style=\"aspect-ratio:1.774719872197626;width:437px;height:auto\" srcset=\"https:\/\/investiga.uandes.cl\/wp-content\/uploads\/2026\/02\/MG_0024-scaled-e1770323756128-1024x577.jpg 1024w, https:\/\/investiga.uandes.cl\/wp-content\/uploads\/2026\/02\/MG_0024-scaled-e1770323756128-300x169.jpg 300w, https:\/\/investiga.uandes.cl\/wp-content\/uploads\/2026\/02\/MG_0024-scaled-e1770323756128-768x433.jpg 768w, https:\/\/investiga.uandes.cl\/wp-content\/uploads\/2026\/02\/MG_0024-scaled-e1770323756128-1536x865.jpg 1536w, https:\/\/investiga.uandes.cl\/wp-content\/uploads\/2026\/02\/MG_0024-scaled-e1770323756128-2048x1154.jpg 2048w, https:\/\/investiga.uandes.cl\/wp-content\/uploads\/2026\/02\/MG_0024-scaled-e1770323756128-18x10.jpg 18w, https:\/\/investiga.uandes.cl\/wp-content\/uploads\/2026\/02\/MG_0024-scaled-e1770323756128-215x120.jpg 215w, https:\/\/investiga.uandes.cl\/wp-content\/uploads\/2026\/02\/MG_0024-scaled-e1770323756128-1x1.jpg 1w\" sizes=\"auto, (max-width: 1024px) 100vw, 1024px\" \/><\/figure>\n\n\n\n<p>En una primera l\u00ednea, el equipo analiza <strong>c\u00f3mo escalar intervenciones que ya han demostrado ser efectivas en apoyar a j\u00f3venes durante este proceso<\/strong>, con un \u00e9nfasis en dejar capacidades instaladas en las comunidades escolares. \u201cLa idea es que estas comunidades no requieran de un apoyo externo permanente para acompa\u00f1ar a sus estudiantes\u201d, se\u00f1ala.<\/p>\n\n\n\n<p>El segundo eje del proyecto se centra en el <strong>dise\u00f1o de pol\u00edticas p\u00fablicas de acceso que reconozcan la diversidad de trayectorias y contextos de los postulantes<\/strong>. Seg\u00fan el investigador, pese a los altos retornos de la educaci\u00f3n superior, las desigualdades siguen siendo profundas. \u201cIncluso estudiantes talentosos de contextos vulnerables enfrentan barreras importantes. Entender mejor estos mecanismos y dise\u00f1ar intervenciones efectivas puede contribuir significativamente a la movilidad social y al crecimiento econ\u00f3mico en Chile\u201d, afirma el acad\u00e9mico.<\/p>\n\n\n\n<p>El impacto social de la investigaci\u00f3n apunta a entregar evidencia rigurosa que permita desarrollar pol\u00edticas efectivas, escalables y costo-efectivas. <\/p>\n\n\n\n<blockquote class=\"wp-block-quote is-layout-flow wp-block-quote-is-layout-flow\">\n<p class=\"has-medium-font-size\">\u201cSi logramos identificar formas de apoyar a estos estudiantes aprovechando los efectos multiplicadores que se generan en sus redes sociales, podr\u00edamos amplificar significativamente el impacto de estos programas, beneficiando no solo a los participantes directos, sino tambi\u00e9n a sus familias y comunidades\u201d, destaca Barrios.<\/p>\n<\/blockquote>\n\n\n\n<p>El proyecto se inserta en una agenda de investigaci\u00f3n m\u00e1s amplia, desarrollada en colaboraci\u00f3n con acad\u00e9micos nacionales e internacionales. Entre ellos se encuentra <a href=\"https:\/\/investigadores.uandes.cl\/en\/persons\/jorge-rodr%C3%ADguez\/\">Jorge Rodr\u00edguez<\/a>, profesor de la <strong><a href=\"https:\/\/investigadores.uandes.cl\/en\/organisations\/facultad-de-ciencias-econ%C3%B3micas-y-empresariales\/\">Facultad de Ciencias Econ\u00f3micas y Empresariales<\/a><\/strong> e investigador asociado al <a href=\"https:\/\/hdl.uandes.cl\/\">Human Development Lab<\/a>.<\/p>\n\n\n\n<p>Adem\u00e1s del <strong><a href=\"https:\/\/anid.cl\/concursos\/concurso-de-proyectos-fondecyt-regular-2026\/\">Fondecyt Regular 2026<\/a><\/strong>, Barrios contin\u00faa participando en otros proyectos orientados a comprender c\u00f3mo reducir la desigualdad en el acceso a oportunidades y fortalecer la movilidad social a trav\u00e9s de la educaci\u00f3n. \u201cEste proyecto es parte de una agenda m\u00e1s amplia que busca generar evidencia para avanzar hacia un sistema educativo m\u00e1s equitativo y con mayor impacto social\u201d, concluye.<\/p>\n\n\n<div class=\"wp-block-image\">\n<figure class=\"aligncenter size-full\"><a href=\"https:\/\/diariotalca.cl\/un-dato-preocupante-de-la-casen-la-pobreza-golpea-con-mas-fuerza-a-ninos-y-adolescentes\/\"><img loading=\"lazy\" decoding=\"async\" width=\"919\" height=\"756\" src=\"https:\/\/investiga.uandes.cl\/wp-content\/uploads\/2026\/02\/Captura-de-pantalla_20260206_141431.png\" alt=\"\" class=\"wp-image-7527\" srcset=\"https:\/\/investiga.uandes.cl\/wp-content\/uploads\/2026\/02\/Captura-de-pantalla_20260206_141431.png 919w, https:\/\/investiga.uandes.cl\/wp-content\/uploads\/2026\/02\/Captura-de-pantalla_20260206_141431-300x247.png 300w, https:\/\/investiga.uandes.cl\/wp-content\/uploads\/2026\/02\/Captura-de-pantalla_20260206_141431-768x632.png 768w, https:\/\/investiga.uandes.cl\/wp-content\/uploads\/2026\/02\/Captura-de-pantalla_20260206_141431-15x12.png 15w, https:\/\/investiga.uandes.cl\/wp-content\/uploads\/2026\/02\/Captura-de-pantalla_20260206_141431-1x1.png 1w\" sizes=\"auto, (max-width: 919px) 100vw, 919px\" \/><\/a><\/figure>\n<\/div>","protected":false},"excerpt":{"rendered":"<p>Comprender por qu\u00e9 persisten las brechas incluso entre estudiantes con alto talento acad\u00e9mico es el foco de la investigaci\u00f3n que lidera Andr\u00e9s Barrios, acad\u00e9mico de la Facultad de Ciencias Econ\u00f3micas y Empresariales y director del Human Development Lab, que recientemente se adjudic\u00f3 un Fondecyt Regular 2026.<\/p>\n","protected":false},"author":3,"featured_media":7627,"comment_status":"closed","ping_status":"closed","sticky":false,"template":"","format":"standard","meta":{"inline_featured_image":false,"footnotes":""},"categories":[1,4],"tags":[22],"class_list":["post-7308","post","type-post","status-publish","format-standard","has-post-thumbnail","hentry","category-investigacion","category-pensamiento","tag-22"],"yoast_head":"<!-- This site is optimized with the Yoast SEO plugin v24.7 - https:\/\/yoast.com\/wordpress\/plugins\/seo\/ -->\n<title>Detectan barreras que enfrentan j\u00f3venes de contextos vulnerables en el acceso a la universidad - Investiga UANDES<\/title>\n<meta name=\"robots\" content=\"index, follow, max-snippet:-1, max-image-preview:large, max-video-preview:-1\" \/>\n<link rel=\"canonical\" href=\"https:\/\/investiga.uandes.cl\/es\/investigacion-estudiara-como-mejorar-la-equidad-y-el-acceso-a-la-educacion-superior\/\" \/>\n<meta property=\"og:locale\" content=\"es_ES\" \/>\n<meta property=\"og:type\" content=\"article\" \/>\n<meta property=\"og:title\" content=\"Detectan barreras que enfrentan j\u00f3venes de contextos vulnerables en el acceso a la universidad - Investiga UANDES\" \/>\n<meta property=\"og:description\" content=\"Comprender por qu\u00e9 persisten las brechas incluso entre estudiantes con alto talento acad\u00e9mico es el foco de la investigaci\u00f3n que lidera Andr\u00e9s Barrios, acad\u00e9mico de la Facultad de Ciencias Econ\u00f3micas y Empresariales y director del Human Development Lab, que recientemente se adjudic\u00f3 un Fondecyt Regular 2026.\" \/>\n<meta property=\"og:url\" content=\"https:\/\/investiga.uandes.cl\/es\/investigacion-estudiara-como-mejorar-la-equidad-y-el-acceso-a-la-educacion-superior\/\" \/>\n<meta property=\"og:site_name\" content=\"Investiga UANDES\" \/>\n<meta property=\"article:published_time\" content=\"2026-02-07T20:38:23+00:00\" \/>\n<meta property=\"article:modified_time\" content=\"2026-04-23T17:04:50+00:00\" \/>\n<meta property=\"og:image\" content=\"https:\/\/investiga.uandes.cl\/wp-content\/uploads\/2026\/02\/MG_0557-scaled.jpg\" \/>\n\t<meta property=\"og:image:width\" content=\"2560\" \/>\n\t<meta property=\"og:image:height\" content=\"1707\" \/>\n\t<meta property=\"og:image:type\" content=\"image\/jpeg\" \/>\n<meta name=\"author\" content=\"Marisol Grisanti\" \/>\n<meta name=\"twitter:card\" content=\"summary_large_image\" \/>\n<meta name=\"twitter:label1\" content=\"Escrito por\" \/>\n\t<meta name=\"twitter:data1\" content=\"Marisol Grisanti\" \/>\n\t<meta name=\"twitter:label2\" content=\"Tiempo estimado de lectura\" \/>\n\t<meta name=\"twitter:data2\" content=\"3 minutos\" \/>\n<script type=\"application\/ld+json\" class=\"yoast-schema-graph\">{\"@context\":\"https:\/\/schema.org\",\"@graph\":[{\"@type\":\"Article\",\"@id\":\"https:\/\/investiga.uandes.cl\/investigacion-estudiara-como-mejorar-la-equidad-y-el-acceso-a-la-educacion-superior\/#article\",\"isPartOf\":{\"@id\":\"https:\/\/investiga.uandes.cl\/investigacion-estudiara-como-mejorar-la-equidad-y-el-acceso-a-la-educacion-superior\/\"},\"author\":{\"name\":\"Marisol Grisanti\",\"@id\":\"https:\/\/investiga.uandes.cl\/#\/schema\/person\/a6d3757d4cdc75cceb38c3560655edc3\"},\"headline\":\"Detectan barreras que enfrentan j\u00f3venes de contextos vulnerables en el acceso a la universidad\",\"datePublished\":\"2026-02-07T20:38:23+00:00\",\"dateModified\":\"2026-04-23T17:04:50+00:00\",\"mainEntityOfPage\":{\"@id\":\"https:\/\/investiga.uandes.cl\/investigacion-estudiara-como-mejorar-la-equidad-y-el-acceso-a-la-educacion-superior\/\"},\"wordCount\":460,\"publisher\":{\"@id\":\"https:\/\/investiga.uandes.cl\/#organization\"},\"image\":{\"@id\":\"https:\/\/investiga.uandes.cl\/investigacion-estudiara-como-mejorar-la-equidad-y-el-acceso-a-la-educacion-superior\/#primaryimage\"},\"thumbnailUrl\":\"https:\/\/investiga.uandes.cl\/wp-content\/uploads\/2026\/02\/MG_0557-scaled.jpg\",\"keywords\":[\"4\"],\"articleSection\":[\"Investigaci\u00f3n\",\"Pensamiento y Sociedad\"],\"inLanguage\":\"es-CL\"},{\"@type\":\"WebPage\",\"@id\":\"https:\/\/investiga.uandes.cl\/investigacion-estudiara-como-mejorar-la-equidad-y-el-acceso-a-la-educacion-superior\/\",\"url\":\"https:\/\/investiga.uandes.cl\/investigacion-estudiara-como-mejorar-la-equidad-y-el-acceso-a-la-educacion-superior\/\",\"name\":\"Detectan barreras que enfrentan j\u00f3venes de contextos vulnerables en el acceso a la universidad - Investiga UANDES\",\"isPartOf\":{\"@id\":\"https:\/\/investiga.uandes.cl\/#website\"},\"primaryImageOfPage\":{\"@id\":\"https:\/\/investiga.uandes.cl\/investigacion-estudiara-como-mejorar-la-equidad-y-el-acceso-a-la-educacion-superior\/#primaryimage\"},\"image\":{\"@id\":\"https:\/\/investiga.uandes.cl\/investigacion-estudiara-como-mejorar-la-equidad-y-el-acceso-a-la-educacion-superior\/#primaryimage\"},\"thumbnailUrl\":\"https:\/\/investiga.uandes.cl\/wp-content\/uploads\/2026\/02\/MG_0557-scaled.jpg\",\"datePublished\":\"2026-02-07T20:38:23+00:00\",\"dateModified\":\"2026-04-23T17:04:50+00:00\",\"breadcrumb\":{\"@id\":\"https:\/\/investiga.uandes.cl\/investigacion-estudiara-como-mejorar-la-equidad-y-el-acceso-a-la-educacion-superior\/#breadcrumb\"},\"inLanguage\":\"es-CL\",\"potentialAction\":[{\"@type\":\"ReadAction\",\"target\":[\"https:\/\/investiga.uandes.cl\/investigacion-estudiara-como-mejorar-la-equidad-y-el-acceso-a-la-educacion-superior\/\"]}]},{\"@type\":\"ImageObject\",\"inLanguage\":\"es-CL\",\"@id\":\"https:\/\/investiga.uandes.cl\/investigacion-estudiara-como-mejorar-la-equidad-y-el-acceso-a-la-educacion-superior\/#primaryimage\",\"url\":\"https:\/\/investiga.uandes.cl\/wp-content\/uploads\/2026\/02\/MG_0557-scaled.jpg\",\"contentUrl\":\"https:\/\/investiga.uandes.cl\/wp-content\/uploads\/2026\/02\/MG_0557-scaled.jpg\",\"width\":2560,\"height\":1707},{\"@type\":\"BreadcrumbList\",\"@id\":\"https:\/\/investiga.uandes.cl\/investigacion-estudiara-como-mejorar-la-equidad-y-el-acceso-a-la-educacion-superior\/#breadcrumb\",\"itemListElement\":[{\"@type\":\"ListItem\",\"position\":1,\"name\":\"Portada\",\"item\":\"https:\/\/investiga.uandes.cl\/\"},{\"@type\":\"ListItem\",\"position\":2,\"name\":\"Detectan barreras que enfrentan j\u00f3venes de contextos vulnerables en el acceso a la universidad\"}]},{\"@type\":\"WebSite\",\"@id\":\"https:\/\/investiga.uandes.cl\/#website\",\"url\":\"https:\/\/investiga.uandes.cl\/\",\"name\":\"Investiga UANDES\",\"description\":\"Investigaci\u00f3n, Universidad de los Andes\",\"publisher\":{\"@id\":\"https:\/\/investiga.uandes.cl\/#organization\"},\"potentialAction\":[{\"@type\":\"SearchAction\",\"target\":{\"@type\":\"EntryPoint\",\"urlTemplate\":\"https:\/\/investiga.uandes.cl\/?s={search_term_string}\"},\"query-input\":{\"@type\":\"PropertyValueSpecification\",\"valueRequired\":true,\"valueName\":\"search_term_string\"}}],\"inLanguage\":\"es-CL\"},{\"@type\":\"Organization\",\"@id\":\"https:\/\/investiga.uandes.cl\/#organization\",\"name\":\"Investiga UANDES\",\"url\":\"https:\/\/investiga.uandes.cl\/\",\"logo\":{\"@type\":\"ImageObject\",\"inLanguage\":\"es-CL\",\"@id\":\"https:\/\/investiga.uandes.cl\/#\/schema\/logo\/image\/\",\"url\":\"https:\/\/investiga.uandes.cl\/wp-content\/uploads\/2025\/03\/investiga_uandes.jpg\",\"contentUrl\":\"https:\/\/investiga.uandes.cl\/wp-content\/uploads\/2025\/03\/investiga_uandes.jpg\",\"width\":2000,\"height\":771,\"caption\":\"Investiga UANDES\"},\"image\":{\"@id\":\"https:\/\/investiga.uandes.cl\/#\/schema\/logo\/image\/\"}},{\"@type\":\"Person\",\"@id\":\"https:\/\/investiga.uandes.cl\/#\/schema\/person\/a6d3757d4cdc75cceb38c3560655edc3\",\"name\":\"Marisol Grisanti\",\"url\":\"https:\/\/investiga.uandes.cl\/es\/author\/mgrisanti\/\"}]}<\/script>\n<!-- \/ Yoast SEO plugin. -->","yoast_head_json":{"title":"Detectan barreras que enfrentan j\u00f3venes de contextos vulnerables en el acceso a la universidad - Investiga UANDES","robots":{"index":"index","follow":"follow","max-snippet":"max-snippet:-1","max-image-preview":"max-image-preview:large","max-video-preview":"max-video-preview:-1"},"canonical":"https:\/\/investiga.uandes.cl\/es\/investigacion-estudiara-como-mejorar-la-equidad-y-el-acceso-a-la-educacion-superior\/","og_locale":"es_ES","og_type":"article","og_title":"Detectan barreras que enfrentan j\u00f3venes de contextos vulnerables en el acceso a la universidad - Investiga UANDES","og_description":"Comprender por qu\u00e9 persisten las brechas incluso entre estudiantes con alto talento acad\u00e9mico es el foco de la investigaci\u00f3n que lidera Andr\u00e9s Barrios, acad\u00e9mico de la Facultad de Ciencias Econ\u00f3micas y Empresariales y director del Human Development Lab, que recientemente se adjudic\u00f3 un Fondecyt Regular 2026.","og_url":"https:\/\/investiga.uandes.cl\/es\/investigacion-estudiara-como-mejorar-la-equidad-y-el-acceso-a-la-educacion-superior\/","og_site_name":"Investiga UANDES","article_published_time":"2026-02-07T20:38:23+00:00","article_modified_time":"2026-04-23T17:04:50+00:00","og_image":[{"width":2560,"height":1707,"url":"https:\/\/investiga.uandes.cl\/wp-content\/uploads\/2026\/02\/MG_0557-scaled.jpg","type":"image\/jpeg"}],"author":"Marisol Grisanti","twitter_card":"summary_large_image","twitter_misc":{"Escrito por":"Marisol Grisanti","Tiempo estimado de lectura":"3 minutos"},"schema":{"@context":"https:\/\/schema.org","@graph":[{"@type":"Article","@id":"https:\/\/investiga.uandes.cl\/investigacion-estudiara-como-mejorar-la-equidad-y-el-acceso-a-la-educacion-superior\/#article","isPartOf":{"@id":"https:\/\/investiga.uandes.cl\/investigacion-estudiara-como-mejorar-la-equidad-y-el-acceso-a-la-educacion-superior\/"},"author":{"name":"Marisol Grisanti","@id":"https:\/\/investiga.uandes.cl\/#\/schema\/person\/a6d3757d4cdc75cceb38c3560655edc3"},"headline":"Detectan barreras que enfrentan j\u00f3venes de contextos vulnerables en el acceso a la universidad","datePublished":"2026-02-07T20:38:23+00:00","dateModified":"2026-04-23T17:04:50+00:00","mainEntityOfPage":{"@id":"https:\/\/investiga.uandes.cl\/investigacion-estudiara-como-mejorar-la-equidad-y-el-acceso-a-la-educacion-superior\/"},"wordCount":460,"publisher":{"@id":"https:\/\/investiga.uandes.cl\/#organization"},"image":{"@id":"https:\/\/investiga.uandes.cl\/investigacion-estudiara-como-mejorar-la-equidad-y-el-acceso-a-la-educacion-superior\/#primaryimage"},"thumbnailUrl":"https:\/\/investiga.uandes.cl\/wp-content\/uploads\/2026\/02\/MG_0557-scaled.jpg","keywords":["4"],"articleSection":["Investigaci\u00f3n","Pensamiento y Sociedad"],"inLanguage":"es-CL"},{"@type":"WebPage","@id":"https:\/\/investiga.uandes.cl\/investigacion-estudiara-como-mejorar-la-equidad-y-el-acceso-a-la-educacion-superior\/","url":"https:\/\/investiga.uandes.cl\/investigacion-estudiara-como-mejorar-la-equidad-y-el-acceso-a-la-educacion-superior\/","name":"Detectan barreras que enfrentan j\u00f3venes de contextos vulnerables en el acceso a la universidad - Investiga UANDES","isPartOf":{"@id":"https:\/\/investiga.uandes.cl\/#website"},"primaryImageOfPage":{"@id":"https:\/\/investiga.uandes.cl\/investigacion-estudiara-como-mejorar-la-equidad-y-el-acceso-a-la-educacion-superior\/#primaryimage"},"image":{"@id":"https:\/\/investiga.uandes.cl\/investigacion-estudiara-como-mejorar-la-equidad-y-el-acceso-a-la-educacion-superior\/#primaryimage"},"thumbnailUrl":"https:\/\/investiga.uandes.cl\/wp-content\/uploads\/2026\/02\/MG_0557-scaled.jpg","datePublished":"2026-02-07T20:38:23+00:00","dateModified":"2026-04-23T17:04:50+00:00","breadcrumb":{"@id":"https:\/\/investiga.uandes.cl\/investigacion-estudiara-como-mejorar-la-equidad-y-el-acceso-a-la-educacion-superior\/#breadcrumb"},"inLanguage":"es-CL","potentialAction":[{"@type":"ReadAction","target":["https:\/\/investiga.uandes.cl\/investigacion-estudiara-como-mejorar-la-equidad-y-el-acceso-a-la-educacion-superior\/"]}]},{"@type":"ImageObject","inLanguage":"es-CL","@id":"https:\/\/investiga.uandes.cl\/investigacion-estudiara-como-mejorar-la-equidad-y-el-acceso-a-la-educacion-superior\/#primaryimage","url":"https:\/\/investiga.uandes.cl\/wp-content\/uploads\/2026\/02\/MG_0557-scaled.jpg","contentUrl":"https:\/\/investiga.uandes.cl\/wp-content\/uploads\/2026\/02\/MG_0557-scaled.jpg","width":2560,"height":1707},{"@type":"BreadcrumbList","@id":"https:\/\/investiga.uandes.cl\/investigacion-estudiara-como-mejorar-la-equidad-y-el-acceso-a-la-educacion-superior\/#breadcrumb","itemListElement":[{"@type":"ListItem","position":1,"name":"Portada","item":"https:\/\/investiga.uandes.cl\/"},{"@type":"ListItem","position":2,"name":"Detectan barreras que enfrentan j\u00f3venes de contextos vulnerables en el acceso a la universidad"}]},{"@type":"WebSite","@id":"https:\/\/investiga.uandes.cl\/#website","url":"https:\/\/investiga.uandes.cl\/","name":"Investiga UANDES","description":"Investigaci\u00f3n, Universidad de los Andes","publisher":{"@id":"https:\/\/investiga.uandes.cl\/#organization"},"potentialAction":[{"@type":"SearchAction","target":{"@type":"EntryPoint","urlTemplate":"https:\/\/investiga.uandes.cl\/?s={search_term_string}"},"query-input":{"@type":"PropertyValueSpecification","valueRequired":true,"valueName":"search_term_string"}}],"inLanguage":"es-CL"},{"@type":"Organization","@id":"https:\/\/investiga.uandes.cl\/#organization","name":"Investiga UANDES","url":"https:\/\/investiga.uandes.cl\/","logo":{"@type":"ImageObject","inLanguage":"es-CL","@id":"https:\/\/investiga.uandes.cl\/#\/schema\/logo\/image\/","url":"https:\/\/investiga.uandes.cl\/wp-content\/uploads\/2025\/03\/investiga_uandes.jpg","contentUrl":"https:\/\/investiga.uandes.cl\/wp-content\/uploads\/2025\/03\/investiga_uandes.jpg","width":2000,"height":771,"caption":"Investiga UANDES"},"image":{"@id":"https:\/\/investiga.uandes.cl\/#\/schema\/logo\/image\/"}},{"@type":"Person","@id":"https:\/\/investiga.uandes.cl\/#\/schema\/person\/a6d3757d4cdc75cceb38c3560655edc3","name":"Marisol Grisanti","url":"https:\/\/investiga.uandes.cl\/es\/author\/mgrisanti\/"}]}},"_links":{"self":[{"href":"https:\/\/investiga.uandes.cl\/es\/wp-json\/wp\/v2\/posts\/7308","targetHints":{"allow":["GET"]}}],"collection":[{"href":"https:\/\/investiga.uandes.cl\/es\/wp-json\/wp\/v2\/posts"}],"about":[{"href":"https:\/\/investiga.uandes.cl\/es\/wp-json\/wp\/v2\/types\/post"}],"author":[{"embeddable":true,"href":"https:\/\/investiga.uandes.cl\/es\/wp-json\/wp\/v2\/users\/3"}],"replies":[{"embeddable":true,"href":"https:\/\/investiga.uandes.cl\/es\/wp-json\/wp\/v2\/comments?post=7308"}],"version-history":[{"count":10,"href":"https:\/\/investiga.uandes.cl\/es\/wp-json\/wp\/v2\/posts\/7308\/revisions"}],"predecessor-version":[{"id":7702,"href":"https:\/\/investiga.uandes.cl\/es\/wp-json\/wp\/v2\/posts\/7308\/revisions\/7702"}],"wp:featuredmedia":[{"embeddable":true,"href":"https:\/\/investiga.uandes.cl\/es\/wp-json\/wp\/v2\/media\/7627"}],"wp:attachment":[{"href":"https:\/\/investiga.uandes.cl\/es\/wp-json\/wp\/v2\/media?parent=7308"}],"wp:term":[{"taxonomy":"category","embeddable":true,"href":"https:\/\/investiga.uandes.cl\/es\/wp-json\/wp\/v2\/categories?post=7308"},{"taxonomy":"post_tag","embeddable":true,"href":"https:\/\/investiga.uandes.cl\/es\/wp-json\/wp\/v2\/tags?post=7308"}],"curies":[{"name":"wp","href":"https:\/\/api.w.org\/{rel}","templated":true}]}}