{"id":7293,"date":"2026-02-05T16:35:20","date_gmt":"2026-02-05T19:35:20","guid":{"rendered":"https:\/\/investiga.uandes.cl\/?p=7293"},"modified":"2026-03-17T22:20:30","modified_gmt":"2026-03-18T01:20:30","slug":"derecho-uandes-lidera-adjudicaciones-fondecyt-para-nuevas-investigaciones-juridicas","status":"publish","type":"post","link":"https:\/\/investiga.uandes.cl\/es\/derecho-uandes-lidera-adjudicaciones-fondecyt-para-nuevas-investigaciones-juridicas\/","title":{"rendered":"Derecho Uandes lidera obtenci\u00f3n de Fondecyt para nuevas investigaciones"},"content":{"rendered":"\n<p>La <a href=\"https:\/\/investigadores.uandes.cl\/es\/organisations\/facultad-de-derecho\/\" target=\"_blank\" rel=\"noreferrer noopener\">Facultad de Derecho<\/a> obtuvo cinco proyectos adjudicados en el <a href=\"https:\/\/anid.cl\/concursos\/concurso-de-proyectos-fondecyt-regular-2026\/\" target=\"_blank\" rel=\"noreferrer noopener\">Concurso Fondecyt Regular 2026<\/a>, contribuyendo de manera significativa al <strong><a href=\"https:\/\/investiga.uandes.cl\/es\/fondecyt-regular-2026-biomedicina-y-derecho-consolidan-adjudicaciones-de-la-uandes\/\" target=\"_blank\" rel=\"noreferrer noopener\">total institucional de 21 iniciativas seleccionadas<\/a><\/strong>.<\/p>\n\n\n\n<p>De acuerdo con los resultados publicados por la <a href=\"https:\/\/anid.cl\/\" target=\"_blank\" rel=\"noreferrer noopener\">Agencia Nacional de Investigaci\u00f3n y Desarrollo (ANID)<\/a> el pasado 23 de enero, la Uandes alcanz\u00f3 una <strong>tasa de adjudicaci\u00f3n de 32,3%<\/strong>, con 21 proyectos seleccionados de un total de 65 postulaciones, desempe\u00f1o consistente con el promedio hist\u00f3rico del sistema nacional Fondecyt.<\/p>\n\n\n\n<p>En un escenario marcado por el <strong>aumento sostenido de postulaciones y una mayor competencia entre instituciones<\/strong>, los resultados reflejan el <a href=\"https:\/\/investiga.uandes.cl\/es\/fondecyt-regular-2026-biomedicina-y-derecho-consolidan-adjudicaciones-de-la-uandes\/\">posicionamiento de la universidad en \u00e1reas estrat\u00e9gicas como Biomedicina y Derecho<\/a>, as\u00ed como el fortalecimiento progresivo de la investigaci\u00f3n acad\u00e9mica.<\/p>\n\n\n\n<h3 class=\"wp-block-heading\">Proyectos adjudicados de la Facultad de Derecho<\/h3>\n\n\n\n<p>Las iniciativas presentadas por acad\u00e9micos de la <a href=\"https:\/\/investigadores.uandes.cl\/en\/organisations\/facultad-de-derecho\/\" target=\"_blank\" rel=\"noreferrer noopener\">Facultad de Derecho<\/a> seleccionadas abordan problem\u00e1ticas centrales del <strong>derecho p\u00fablico, privado, laboral y penal<\/strong>, con impacto directo en el <strong>funcionamiento de las instituciones, la protecci\u00f3n de derechos y el desarrollo econ\u00f3mico<\/strong>.<\/p>\n\n\n\n<p><strong><a href=\"https:\/\/investigadores.uandes.cl\/en\/persons\/rosa-in%C3%A9s-fernanda-g%C3%B3mez-gonz%C3%A1lez\/publications\/\" target=\"_blank\" rel=\"noreferrer noopener\">Rosa Fernanda G\u00f3mez<\/a><\/strong> lidera el proyecto <em>\u201cReconstrucci\u00f3n dogm\u00e1tica de la potestad sancionadora de la Administraci\u00f3n en Chile: fundamentos, principios y equilibrios\u201d<\/em>, que propone un <strong>an\u00e1lisis integral del derecho administrativo sancionador<\/strong>. La investigaci\u00f3n busca superar los vac\u00edos regulatorios existentes y reducir la actual dependencia de categor\u00edas propias del derecho penal, avanzando hacia una disciplina con identidad propia que permita compatibilizar la eficacia de la Administraci\u00f3n con la protecci\u00f3n de los derechos fundamentales. La coinvestigadora de este proyecto es la profesora Daniela Rivera Bravo de la Pontificia Universidad Cat\u00f3lica de Chile.<\/p>\n\n\n\n<p>Por su parte, el profesor <strong><a href=\"https:\/\/investigadores.uandes.cl\/en\/persons\/pablo-manterola-dom%C3%ADnguez\/publications\/\" target=\"_blank\" rel=\"noreferrer noopener\">Pablo Manterola<\/a><\/strong> se adjudic\u00f3 el proyecto <em>\u201cEl aporte en las sociedades de profesionales\u201d<\/em>, centrado en el estudio cr\u00edtico del r\u00e9gimen jur\u00eddico del aporte en este tipo de empresas. La investigaci\u00f3n analiza la <strong>tensi\u00f3n entre el concepto tradicional de capital social y formas contempor\u00e1neas de inversi\u00f3n<\/strong> como el trabajo directo, la reputaci\u00f3n o el <em>know-how<\/em>, proponiendo una reconstrucci\u00f3n conceptual que refleje de mejor manera la realidad econ\u00f3mica y organizativa de las sociedades profesionales. En esta iniciativa participa como coinvestigador el profesor <strong><a href=\"https:\/\/investigadores.uandes.cl\/en\/persons\/manuel-antonio-bernet-p%C3%A1ez\/publications\/\">Manuel Bernet<\/a><\/strong>.<\/p>\n\n\n\n<p>El acad\u00e9mico <a href=\"https:\/\/investigadores.uandes.cl\/en\/persons\/alejandro-c%C3%A9sar-romero-seguel\/publications\/\" target=\"_blank\" rel=\"noreferrer noopener\"><strong>Alejandro Romero<\/strong> <\/a>encabeza el proyecto <em>\u201cLa partici\u00f3n arbitral de bienes como obst\u00e1culo al acceso a la justicia\u201d<\/em>, que examina las <strong>limitaciones del actual r\u00e9gimen de partici\u00f3n arbitral frente a comunidades peque\u00f1as y patrimonios altamente fragmentados<\/strong>. El estudio busca dise\u00f1ar mecanismos m\u00e1s econ\u00f3micos y expeditos, incorporando procedimientos simplificados con supervisi\u00f3n judicial que faciliten la liquidaci\u00f3n de bienes comunes y mejoren el acceso efectivo a la justicia.<\/p>\n\n\n\n<p>En el \u00e1mbito del derecho laboral, <strong><a href=\"https:\/\/investigadores.uandes.cl\/es\/persons\/alfredo-sierra-herrero\/\" target=\"_blank\" rel=\"noreferrer noopener\">Alfredo Sierra<\/a><\/strong> lidera la investigaci\u00f3n <em>\u201cLa participaci\u00f3n econ\u00f3mico-financiera de los trabajadores en la empresa: su manifestaci\u00f3n en las remuneraciones\u201d<\/em>. El proyecto <strong>analiza distintas formas de participaci\u00f3n en los resultados empresariales<\/strong> \u2014como gratificaciones, bonos de incentivo, participaci\u00f3n en utilidades y planes de compensaci\u00f3n en acciones\u2014 con el objetivo de aportar al desarrollo te\u00f3rico y pr\u00e1ctico del derecho del trabajo y proponer modelos que fortalezcan la motivaci\u00f3n y el compromiso de las personas trabajadoras.<\/p>\n\n\n\n<p>Finalmente, el profesor <strong><a href=\"https:\/\/investigadores.uandes.cl\/en\/persons\/gonzalo-patricio-garc%C3%ADa-palominos\/publications\/\" target=\"_blank\" rel=\"noreferrer noopener\">Gonzalo Garc\u00eda Palominos<\/a><\/strong> obtuvo financiamiento para el proyecto <em>\u201cEstatuto de responsabilidad penal de las personas naturales y jur\u00eddicas en el contexto de los grupos empresariales: la responsabilidad penal de los sujetos dominantes\u201d<\/em>. La investigaci\u00f3n aborda el <strong>complejo problema de la imputaci\u00f3n penal en estructuras empresariales integradas por m\u00faltiples sociedades<\/strong>, donde las decisiones y su ejecuci\u00f3n se distribuyen entre distintos niveles y entidades del grupo.<\/p>\n\n\n\n<p>El estudio analizar\u00e1 si los criterios actuales del derecho penal \u2014tanto en su parte general como en los delitos econ\u00f3micos y en la responsabilidad penal de las personas jur\u00eddicas\u2014 permiten dar respuesta adecuada a este fen\u00f3meno. Participan como coinvestigadores la Dra. Diva Serra (Universidad de Concepci\u00f3n) y el profesor Dr. Lautaro Contreras (Universidad de Chile).<\/p>\n\n\n<div class=\"wp-block-image\">\n<figure class=\"aligncenter size-large\"><img loading=\"lazy\" decoding=\"async\" width=\"1024\" height=\"584\" src=\"https:\/\/investiga.uandes.cl\/wp-content\/uploads\/2026\/02\/Diseno-sin-titulo-12-1024x584.webp\" alt=\"\" class=\"wp-image-7295\" srcset=\"https:\/\/investiga.uandes.cl\/wp-content\/uploads\/2026\/02\/Diseno-sin-titulo-12-1024x584.webp 1024w, https:\/\/investiga.uandes.cl\/wp-content\/uploads\/2026\/02\/Diseno-sin-titulo-12-300x171.webp 300w, https:\/\/investiga.uandes.cl\/wp-content\/uploads\/2026\/02\/Diseno-sin-titulo-12-768x438.webp 768w, https:\/\/investiga.uandes.cl\/wp-content\/uploads\/2026\/02\/Diseno-sin-titulo-12-1536x876.webp 1536w, https:\/\/investiga.uandes.cl\/wp-content\/uploads\/2026\/02\/Diseno-sin-titulo-12-18x10.webp 18w, https:\/\/investiga.uandes.cl\/wp-content\/uploads\/2026\/02\/Diseno-sin-titulo-12-1x1.webp 1w, https:\/\/investiga.uandes.cl\/wp-content\/uploads\/2026\/02\/Diseno-sin-titulo-12.webp 1875w\" sizes=\"auto, (max-width: 1024px) 100vw, 1024px\" \/><figcaption class=\"wp-element-caption\">De izq. a der.: Rosa Fernanda G\u00f3mez, Alfredo Sierra, Alejandro Romero, Pablo Manterola y Gonzalo Garc\u00eda Palominos. <\/figcaption><\/figure>\n<\/div>","protected":false},"excerpt":{"rendered":"<p>Las iniciativas seleccionadas abordan problem\u00e1ticas relativas al derecho p\u00fablico, privado, laboral y penal, con impacto en el funcionamiento de las instituciones, la protecci\u00f3n de los derechos de los trabajadores, la inversi\u00f3n y el desarrollo econ\u00f3mico.<\/p>\n","protected":false},"author":8,"featured_media":7516,"comment_status":"closed","ping_status":"closed","sticky":false,"template":"","format":"standard","meta":{"inline_featured_image":false,"footnotes":""},"categories":[1,4],"tags":[],"class_list":["post-7293","post","type-post","status-publish","format-standard","has-post-thumbnail","hentry","category-investigacion","category-pensamiento"],"yoast_head":"<!-- This site is optimized with the Yoast SEO plugin v24.7 - https:\/\/yoast.com\/wordpress\/plugins\/seo\/ -->\n<title>Derecho Uandes lidera obtenci\u00f3n de Fondecyt para nuevas investigaciones - Investiga UANDES<\/title>\n<meta name=\"robots\" content=\"index, follow, max-snippet:-1, max-image-preview:large, max-video-preview:-1\" \/>\n<link rel=\"canonical\" href=\"https:\/\/investiga.uandes.cl\/es\/derecho-uandes-lidera-adjudicaciones-fondecyt-para-nuevas-investigaciones-juridicas\/\" \/>\n<meta property=\"og:locale\" content=\"es_ES\" \/>\n<meta property=\"og:type\" content=\"article\" \/>\n<meta property=\"og:title\" content=\"Derecho Uandes lidera obtenci\u00f3n de Fondecyt para nuevas investigaciones - Investiga UANDES\" \/>\n<meta property=\"og:description\" content=\"Las iniciativas seleccionadas abordan problem\u00e1ticas relativas al derecho p\u00fablico, privado, laboral y penal, con impacto en el funcionamiento de las instituciones, la protecci\u00f3n de los derechos de los trabajadores, la inversi\u00f3n y el desarrollo econ\u00f3mico.\" \/>\n<meta property=\"og:url\" content=\"https:\/\/investiga.uandes.cl\/es\/derecho-uandes-lidera-adjudicaciones-fondecyt-para-nuevas-investigaciones-juridicas\/\" \/>\n<meta property=\"og:site_name\" content=\"Investiga UANDES\" \/>\n<meta property=\"article:published_time\" content=\"2026-02-05T19:35:20+00:00\" \/>\n<meta property=\"article:modified_time\" content=\"2026-03-18T01:20:30+00:00\" \/>\n<meta property=\"og:image\" content=\"https:\/\/investiga.uandes.cl\/wp-content\/uploads\/2026\/02\/MG_8110-scaled-e1770395428654.jpg\" \/>\n\t<meta property=\"og:image:width\" content=\"2125\" \/>\n\t<meta property=\"og:image:height\" content=\"1195\" \/>\n\t<meta property=\"og:image:type\" content=\"image\/jpeg\" \/>\n<meta name=\"author\" content=\"B\u00e1rbara Olave\" \/>\n<meta name=\"twitter:card\" content=\"summary_large_image\" \/>\n<meta name=\"twitter:label1\" content=\"Escrito por\" \/>\n\t<meta name=\"twitter:data1\" content=\"B\u00e1rbara Olave\" \/>\n\t<meta name=\"twitter:label2\" content=\"Tiempo estimado de lectura\" \/>\n\t<meta name=\"twitter:data2\" content=\"4 minutos\" \/>\n<script type=\"application\/ld+json\" class=\"yoast-schema-graph\">{\"@context\":\"https:\/\/schema.org\",\"@graph\":[{\"@type\":\"Article\",\"@id\":\"https:\/\/investiga.uandes.cl\/derecho-uandes-lidera-adjudicaciones-fondecyt-para-nuevas-investigaciones-juridicas\/#article\",\"isPartOf\":{\"@id\":\"https:\/\/investiga.uandes.cl\/derecho-uandes-lidera-adjudicaciones-fondecyt-para-nuevas-investigaciones-juridicas\/\"},\"author\":{\"name\":\"B\u00e1rbara Olave\",\"@id\":\"https:\/\/investiga.uandes.cl\/#\/schema\/person\/e2b51ffa4164ddc3d88af9b677b1b2b5\"},\"headline\":\"Derecho Uandes lidera obtenci\u00f3n de Fondecyt para nuevas investigaciones\",\"datePublished\":\"2026-02-05T19:35:20+00:00\",\"dateModified\":\"2026-03-18T01:20:30+00:00\",\"mainEntityOfPage\":{\"@id\":\"https:\/\/investiga.uandes.cl\/derecho-uandes-lidera-adjudicaciones-fondecyt-para-nuevas-investigaciones-juridicas\/\"},\"wordCount\":689,\"publisher\":{\"@id\":\"https:\/\/investiga.uandes.cl\/#organization\"},\"image\":{\"@id\":\"https:\/\/investiga.uandes.cl\/derecho-uandes-lidera-adjudicaciones-fondecyt-para-nuevas-investigaciones-juridicas\/#primaryimage\"},\"thumbnailUrl\":\"https:\/\/investiga.uandes.cl\/wp-content\/uploads\/2026\/02\/MG_8110-scaled-e1770395428654.jpg\",\"articleSection\":[\"Investigaci\u00f3n\",\"Pensamiento y Sociedad\"],\"inLanguage\":\"es-CL\"},{\"@type\":\"WebPage\",\"@id\":\"https:\/\/investiga.uandes.cl\/derecho-uandes-lidera-adjudicaciones-fondecyt-para-nuevas-investigaciones-juridicas\/\",\"url\":\"https:\/\/investiga.uandes.cl\/derecho-uandes-lidera-adjudicaciones-fondecyt-para-nuevas-investigaciones-juridicas\/\",\"name\":\"Derecho Uandes lidera obtenci\u00f3n de Fondecyt para nuevas investigaciones - Investiga UANDES\",\"isPartOf\":{\"@id\":\"https:\/\/investiga.uandes.cl\/#website\"},\"primaryImageOfPage\":{\"@id\":\"https:\/\/investiga.uandes.cl\/derecho-uandes-lidera-adjudicaciones-fondecyt-para-nuevas-investigaciones-juridicas\/#primaryimage\"},\"image\":{\"@id\":\"https:\/\/investiga.uandes.cl\/derecho-uandes-lidera-adjudicaciones-fondecyt-para-nuevas-investigaciones-juridicas\/#primaryimage\"},\"thumbnailUrl\":\"https:\/\/investiga.uandes.cl\/wp-content\/uploads\/2026\/02\/MG_8110-scaled-e1770395428654.jpg\",\"datePublished\":\"2026-02-05T19:35:20+00:00\",\"dateModified\":\"2026-03-18T01:20:30+00:00\",\"breadcrumb\":{\"@id\":\"https:\/\/investiga.uandes.cl\/derecho-uandes-lidera-adjudicaciones-fondecyt-para-nuevas-investigaciones-juridicas\/#breadcrumb\"},\"inLanguage\":\"es-CL\",\"potentialAction\":[{\"@type\":\"ReadAction\",\"target\":[\"https:\/\/investiga.uandes.cl\/derecho-uandes-lidera-adjudicaciones-fondecyt-para-nuevas-investigaciones-juridicas\/\"]}]},{\"@type\":\"ImageObject\",\"inLanguage\":\"es-CL\",\"@id\":\"https:\/\/investiga.uandes.cl\/derecho-uandes-lidera-adjudicaciones-fondecyt-para-nuevas-investigaciones-juridicas\/#primaryimage\",\"url\":\"https:\/\/investiga.uandes.cl\/wp-content\/uploads\/2026\/02\/MG_8110-scaled-e1770395428654.jpg\",\"contentUrl\":\"https:\/\/investiga.uandes.cl\/wp-content\/uploads\/2026\/02\/MG_8110-scaled-e1770395428654.jpg\",\"width\":2125,\"height\":1195},{\"@type\":\"BreadcrumbList\",\"@id\":\"https:\/\/investiga.uandes.cl\/derecho-uandes-lidera-adjudicaciones-fondecyt-para-nuevas-investigaciones-juridicas\/#breadcrumb\",\"itemListElement\":[{\"@type\":\"ListItem\",\"position\":1,\"name\":\"Portada\",\"item\":\"https:\/\/investiga.uandes.cl\/\"},{\"@type\":\"ListItem\",\"position\":2,\"name\":\"Derecho Uandes lidera obtenci\u00f3n de Fondecyt para nuevas investigaciones\"}]},{\"@type\":\"WebSite\",\"@id\":\"https:\/\/investiga.uandes.cl\/#website\",\"url\":\"https:\/\/investiga.uandes.cl\/\",\"name\":\"Investiga UANDES\",\"description\":\"Investigaci\u00f3n, Universidad de los Andes\",\"publisher\":{\"@id\":\"https:\/\/investiga.uandes.cl\/#organization\"},\"potentialAction\":[{\"@type\":\"SearchAction\",\"target\":{\"@type\":\"EntryPoint\",\"urlTemplate\":\"https:\/\/investiga.uandes.cl\/?s={search_term_string}\"},\"query-input\":{\"@type\":\"PropertyValueSpecification\",\"valueRequired\":true,\"valueName\":\"search_term_string\"}}],\"inLanguage\":\"es-CL\"},{\"@type\":\"Organization\",\"@id\":\"https:\/\/investiga.uandes.cl\/#organization\",\"name\":\"Investiga UANDES\",\"url\":\"https:\/\/investiga.uandes.cl\/\",\"logo\":{\"@type\":\"ImageObject\",\"inLanguage\":\"es-CL\",\"@id\":\"https:\/\/investiga.uandes.cl\/#\/schema\/logo\/image\/\",\"url\":\"https:\/\/investiga.uandes.cl\/wp-content\/uploads\/2025\/03\/investiga_uandes.jpg\",\"contentUrl\":\"https:\/\/investiga.uandes.cl\/wp-content\/uploads\/2025\/03\/investiga_uandes.jpg\",\"width\":2000,\"height\":771,\"caption\":\"Investiga UANDES\"},\"image\":{\"@id\":\"https:\/\/investiga.uandes.cl\/#\/schema\/logo\/image\/\"}},{\"@type\":\"Person\",\"@id\":\"https:\/\/investiga.uandes.cl\/#\/schema\/person\/e2b51ffa4164ddc3d88af9b677b1b2b5\",\"name\":\"B\u00e1rbara Olave\",\"url\":\"https:\/\/investiga.uandes.cl\/es\/author\/bolave\/\"}]}<\/script>\n<!-- \/ Yoast SEO plugin. -->","yoast_head_json":{"title":"Derecho Uandes lidera obtenci\u00f3n de Fondecyt para nuevas investigaciones - Investiga UANDES","robots":{"index":"index","follow":"follow","max-snippet":"max-snippet:-1","max-image-preview":"max-image-preview:large","max-video-preview":"max-video-preview:-1"},"canonical":"https:\/\/investiga.uandes.cl\/es\/derecho-uandes-lidera-adjudicaciones-fondecyt-para-nuevas-investigaciones-juridicas\/","og_locale":"es_ES","og_type":"article","og_title":"Derecho Uandes lidera obtenci\u00f3n de Fondecyt para nuevas investigaciones - Investiga UANDES","og_description":"Las iniciativas seleccionadas abordan problem\u00e1ticas relativas al derecho p\u00fablico, privado, laboral y penal, con impacto en el funcionamiento de las instituciones, la protecci\u00f3n de los derechos de los trabajadores, la inversi\u00f3n y el desarrollo econ\u00f3mico.","og_url":"https:\/\/investiga.uandes.cl\/es\/derecho-uandes-lidera-adjudicaciones-fondecyt-para-nuevas-investigaciones-juridicas\/","og_site_name":"Investiga UANDES","article_published_time":"2026-02-05T19:35:20+00:00","article_modified_time":"2026-03-18T01:20:30+00:00","og_image":[{"width":2125,"height":1195,"url":"https:\/\/investiga.uandes.cl\/wp-content\/uploads\/2026\/02\/MG_8110-scaled-e1770395428654.jpg","type":"image\/jpeg"}],"author":"B\u00e1rbara Olave","twitter_card":"summary_large_image","twitter_misc":{"Escrito por":"B\u00e1rbara Olave","Tiempo estimado de lectura":"4 minutos"},"schema":{"@context":"https:\/\/schema.org","@graph":[{"@type":"Article","@id":"https:\/\/investiga.uandes.cl\/derecho-uandes-lidera-adjudicaciones-fondecyt-para-nuevas-investigaciones-juridicas\/#article","isPartOf":{"@id":"https:\/\/investiga.uandes.cl\/derecho-uandes-lidera-adjudicaciones-fondecyt-para-nuevas-investigaciones-juridicas\/"},"author":{"name":"B\u00e1rbara Olave","@id":"https:\/\/investiga.uandes.cl\/#\/schema\/person\/e2b51ffa4164ddc3d88af9b677b1b2b5"},"headline":"Derecho Uandes lidera obtenci\u00f3n de Fondecyt para nuevas investigaciones","datePublished":"2026-02-05T19:35:20+00:00","dateModified":"2026-03-18T01:20:30+00:00","mainEntityOfPage":{"@id":"https:\/\/investiga.uandes.cl\/derecho-uandes-lidera-adjudicaciones-fondecyt-para-nuevas-investigaciones-juridicas\/"},"wordCount":689,"publisher":{"@id":"https:\/\/investiga.uandes.cl\/#organization"},"image":{"@id":"https:\/\/investiga.uandes.cl\/derecho-uandes-lidera-adjudicaciones-fondecyt-para-nuevas-investigaciones-juridicas\/#primaryimage"},"thumbnailUrl":"https:\/\/investiga.uandes.cl\/wp-content\/uploads\/2026\/02\/MG_8110-scaled-e1770395428654.jpg","articleSection":["Investigaci\u00f3n","Pensamiento y Sociedad"],"inLanguage":"es-CL"},{"@type":"WebPage","@id":"https:\/\/investiga.uandes.cl\/derecho-uandes-lidera-adjudicaciones-fondecyt-para-nuevas-investigaciones-juridicas\/","url":"https:\/\/investiga.uandes.cl\/derecho-uandes-lidera-adjudicaciones-fondecyt-para-nuevas-investigaciones-juridicas\/","name":"Derecho Uandes lidera obtenci\u00f3n de Fondecyt para nuevas investigaciones - Investiga UANDES","isPartOf":{"@id":"https:\/\/investiga.uandes.cl\/#website"},"primaryImageOfPage":{"@id":"https:\/\/investiga.uandes.cl\/derecho-uandes-lidera-adjudicaciones-fondecyt-para-nuevas-investigaciones-juridicas\/#primaryimage"},"image":{"@id":"https:\/\/investiga.uandes.cl\/derecho-uandes-lidera-adjudicaciones-fondecyt-para-nuevas-investigaciones-juridicas\/#primaryimage"},"thumbnailUrl":"https:\/\/investiga.uandes.cl\/wp-content\/uploads\/2026\/02\/MG_8110-scaled-e1770395428654.jpg","datePublished":"2026-02-05T19:35:20+00:00","dateModified":"2026-03-18T01:20:30+00:00","breadcrumb":{"@id":"https:\/\/investiga.uandes.cl\/derecho-uandes-lidera-adjudicaciones-fondecyt-para-nuevas-investigaciones-juridicas\/#breadcrumb"},"inLanguage":"es-CL","potentialAction":[{"@type":"ReadAction","target":["https:\/\/investiga.uandes.cl\/derecho-uandes-lidera-adjudicaciones-fondecyt-para-nuevas-investigaciones-juridicas\/"]}]},{"@type":"ImageObject","inLanguage":"es-CL","@id":"https:\/\/investiga.uandes.cl\/derecho-uandes-lidera-adjudicaciones-fondecyt-para-nuevas-investigaciones-juridicas\/#primaryimage","url":"https:\/\/investiga.uandes.cl\/wp-content\/uploads\/2026\/02\/MG_8110-scaled-e1770395428654.jpg","contentUrl":"https:\/\/investiga.uandes.cl\/wp-content\/uploads\/2026\/02\/MG_8110-scaled-e1770395428654.jpg","width":2125,"height":1195},{"@type":"BreadcrumbList","@id":"https:\/\/investiga.uandes.cl\/derecho-uandes-lidera-adjudicaciones-fondecyt-para-nuevas-investigaciones-juridicas\/#breadcrumb","itemListElement":[{"@type":"ListItem","position":1,"name":"Portada","item":"https:\/\/investiga.uandes.cl\/"},{"@type":"ListItem","position":2,"name":"Derecho Uandes lidera obtenci\u00f3n de Fondecyt para nuevas investigaciones"}]},{"@type":"WebSite","@id":"https:\/\/investiga.uandes.cl\/#website","url":"https:\/\/investiga.uandes.cl\/","name":"Investiga UANDES","description":"Investigaci\u00f3n, Universidad de los Andes","publisher":{"@id":"https:\/\/investiga.uandes.cl\/#organization"},"potentialAction":[{"@type":"SearchAction","target":{"@type":"EntryPoint","urlTemplate":"https:\/\/investiga.uandes.cl\/?s={search_term_string}"},"query-input":{"@type":"PropertyValueSpecification","valueRequired":true,"valueName":"search_term_string"}}],"inLanguage":"es-CL"},{"@type":"Organization","@id":"https:\/\/investiga.uandes.cl\/#organization","name":"Investiga UANDES","url":"https:\/\/investiga.uandes.cl\/","logo":{"@type":"ImageObject","inLanguage":"es-CL","@id":"https:\/\/investiga.uandes.cl\/#\/schema\/logo\/image\/","url":"https:\/\/investiga.uandes.cl\/wp-content\/uploads\/2025\/03\/investiga_uandes.jpg","contentUrl":"https:\/\/investiga.uandes.cl\/wp-content\/uploads\/2025\/03\/investiga_uandes.jpg","width":2000,"height":771,"caption":"Investiga UANDES"},"image":{"@id":"https:\/\/investiga.uandes.cl\/#\/schema\/logo\/image\/"}},{"@type":"Person","@id":"https:\/\/investiga.uandes.cl\/#\/schema\/person\/e2b51ffa4164ddc3d88af9b677b1b2b5","name":"B\u00e1rbara Olave","url":"https:\/\/investiga.uandes.cl\/es\/author\/bolave\/"}]}},"_links":{"self":[{"href":"https:\/\/investiga.uandes.cl\/es\/wp-json\/wp\/v2\/posts\/7293","targetHints":{"allow":["GET"]}}],"collection":[{"href":"https:\/\/investiga.uandes.cl\/es\/wp-json\/wp\/v2\/posts"}],"about":[{"href":"https:\/\/investiga.uandes.cl\/es\/wp-json\/wp\/v2\/types\/post"}],"author":[{"embeddable":true,"href":"https:\/\/investiga.uandes.cl\/es\/wp-json\/wp\/v2\/users\/8"}],"replies":[{"embeddable":true,"href":"https:\/\/investiga.uandes.cl\/es\/wp-json\/wp\/v2\/comments?post=7293"}],"version-history":[{"count":6,"href":"https:\/\/investiga.uandes.cl\/es\/wp-json\/wp\/v2\/posts\/7293\/revisions"}],"predecessor-version":[{"id":7513,"href":"https:\/\/investiga.uandes.cl\/es\/wp-json\/wp\/v2\/posts\/7293\/revisions\/7513"}],"wp:featuredmedia":[{"embeddable":true,"href":"https:\/\/investiga.uandes.cl\/es\/wp-json\/wp\/v2\/media\/7516"}],"wp:attachment":[{"href":"https:\/\/investiga.uandes.cl\/es\/wp-json\/wp\/v2\/media?parent=7293"}],"wp:term":[{"taxonomy":"category","embeddable":true,"href":"https:\/\/investiga.uandes.cl\/es\/wp-json\/wp\/v2\/categories?post=7293"},{"taxonomy":"post_tag","embeddable":true,"href":"https:\/\/investiga.uandes.cl\/es\/wp-json\/wp\/v2\/tags?post=7293"}],"curies":[{"name":"wp","href":"https:\/\/api.w.org\/{rel}","templated":true}]}}