{"id":7251,"date":"2026-02-05T14:52:07","date_gmt":"2026-02-05T17:52:07","guid":{"rendered":"https:\/\/investiga.uandes.cl\/?p=7251"},"modified":"2026-04-23T13:19:55","modified_gmt":"2026-04-23T16:19:55","slug":"investigacion-uandes-obtiene-solido-respaldo-en-adjudicaciones-fondecyt-2026","status":"publish","type":"post","link":"https:\/\/investiga.uandes.cl\/es\/investigacion-uandes-obtiene-solido-respaldo-en-adjudicaciones-fondecyt-2026\/","title":{"rendered":"Uandes logra financiamiento para investigaci\u00f3n de excelencia a trav\u00e9s de Fondecyt 2026"},"content":{"rendered":"\n<p>La Universidad de los Andes registr\u00f3 21 proyectos seleccionados de un total de 65 postulaciones, alcanzando una tasa de adjudicaci\u00f3n del 32,3%, resultado que la sit\u00faa en un rango consistente con el desempe\u00f1o hist\u00f3rico del sistema nacional Fondecyt.<\/p>\n\n\n\n<p>Tras conocer los resultados del <a href=\"https:\/\/anid.cl\/concursos\/concurso-de-proyectos-fondecyt-regular-2026\/\">Concurso Fondecyt Regular 2026<\/a>, la Universidad confirm\u00f3 su desempe\u00f1o institucional tanto en t\u00e9rminos de <strong>tasa de adjudicaci\u00f3n como de posicionamiento en \u00e1reas de referencia<\/strong>. Este resultado se produce en un contexto de <strong>incremento sostenido del n\u00famero de postulaciones<\/strong> a nivel nacional, lo que evidencia una mayor participaci\u00f3n del cuerpo acad\u00e9mico en un escenario m\u00e1s competitivo y exigente.<\/p>\n\n\n\n<p>Los proyectos propuestos para adjudicaci\u00f3n del concurso Fondecyt Regular fueron publicados el 23 de enero de 2026 por la Agencia Nacional de Investigaci\u00f3n y Desarrollo (<a href=\"https:\/\/anid.cl\/\">ANID<\/a>), consolid\u00e1ndose como uno de los principales instrumentos de financiamiento p\u00fablico para la investigaci\u00f3n de excelencia en Chile.<\/p>\n\n\n\n<p>La Universidad particip\u00f3 activamente tanto de esta convocatoria como de las modalidades de <a href=\"https:\/\/www.uandes.cl\/noticias\/conoce-los-resultados-de-la-convocatoria-fondecyt-2026-iniciacion-y-postdoctorado\/\">Postdoctorado e Iniciaci\u00f3n<\/a>, como parte de su <a href=\"https:\/\/www.uandes.cl\/noticias\/pei-consejo-de-investigacion-presento-al-rector-los-principales-avances-y-desafios-para-2026\/\">estrategia de fortalecimiento de la investigaci\u00f3n institucional<\/a>. De acuerdo con el listado nacional, de 680 proyectos propuestos para adjudicaci\u00f3n, <strong>la Universidad  registr\u00f3 21 proyectos seleccionados<\/strong> de un total de 65 postulaciones, alcanzando una tasa de adjudicaci\u00f3n del 32,3%.<\/p>\n\n\n\n<p><strong>Este resultado sit\u00faa a la Uandes en un rango consistente con el desempe\u00f1o hist\u00f3rico del sistema nacional Fondecyt, cuya tasa promedio de adjudicaci\u00f3n considerando todas las modalidades ha bordeado el 32,75% durante el per\u00edodo 2020\u20132024.<\/strong><\/p>\n\n\n\n<p>Desde una perspectiva de composici\u00f3n del liderazgo acad\u00e9mico, se observa que <strong>4 de los 21 proyectos propuestos para adjudicaci\u00f3n fueron liderados por investigadoras responsables<\/strong>, lo que corresponde a un 19% del total institucional. <strong>La participaci\u00f3n femenina se concentra principalmente en las \u00e1reas de Biomedicina y Ciencias Jur\u00eddicas<\/strong>, las cuales coinciden con las \u00e1reas de mayor consolidaci\u00f3n y adjudicaci\u00f3n dentro de la Universidad, patr\u00f3n que resulta consistente con las caracter\u00edsticas estructurales y trayectorias acad\u00e9micas propias de Fondecyt Regular.<\/p>\n\n\n\n<figure class=\"wp-block-table\"><table class=\"has-fixed-layout\"><tbody><tr><td>T\u00edtulo<\/td><td>Investigador Responsable<\/td><td>Unidad Acad\u00e9mica<\/td><td>Sub U.A.<\/td><td>UA Secundaria<\/td><td>Grupo de estudio (Fondecyt)<\/td><\/tr><tr><td>La partici\u00f3n arbitral de bienes como obst\u00e1culo al acceso a la justicia<\/td><td>Alejandro C\u00e9sar Romero Seguel<\/td><td>Facultad de Derecho<\/td><td><\/td><td><\/td><td>Cs. Jur\u00eddicas y Pol\u00edticas<\/td><\/tr><tr><td>La participaci\u00f3n econ\u00f3mico-financiera de los trabajadores en la empresa<\/td><td>Alfredo Sierra Herrero<\/td><td>Facultad de Derecho<\/td><td><\/td><td><\/td><td>Cs. Jur\u00eddicas y Pol\u00edticas<\/td><\/tr><tr><td>Removal of micropollutants and their influence on N2O emissions<\/td><td>C\u00e9sar Esteban Huili\u00f1ir Curio<\/td><td>Facultad de Ingenier\u00eda y Ciencias Aplicadas<\/td><td><\/td><td><\/td><td>Ingenier\u00eda 3<\/td><\/tr><tr><td>Who Follows Mass Financial Advice?<\/td><td>Felipe Eduardo Aldunate Anfossi<\/td><td>ESE Business School<\/td><td><\/td><td><\/td><td>Cs. Econ\u00f3micas y Administrativas<\/td><\/tr><tr><td>Estatuto de responsabilidad penal de las personas naturales y jur\u00eddicas<\/td><td>Gonzalo Patricio Garc\u00eda Palominos<\/td><td>Facultad de Derecho<\/td><td><\/td><td><\/td><td>Cs. Jur\u00eddicas y Pol\u00edticas<\/td><\/tr><tr><td>Structure-based design of amyloid fibrillar assemblies<\/td><td>Ingrid Macarena Contardo Hern\u00e1ndez<\/td><td>Facultad de Medicina<\/td><td>Escuela de Nutrici\u00f3n y Diet\u00e9tica<\/td><td>CIIB<\/td><td>Ingenier\u00eda 3<\/td><\/tr><tr><td>Click-Chemistry Enabled Hybrid Microgels<\/td><td>Javier Ignacio Enrione C\u00e1ceres<\/td><td>Facultad de Medicina<\/td><td>Escuela de Nutrici\u00f3n y Diet\u00e9tica<\/td><td>CIIB<\/td><td>Ingenier\u00eda 3<\/td><\/tr><tr><td>Decoding MAVS Dysfunction in the Aging Lung<\/td><td>Jimena Cuenca Moreno<\/td><td>Facultad de Medicina<\/td><td>Escuela de Medicina<\/td><td>CIIB<\/td><td>Medicina G1 \u2013 Cs. Biom\u00e9dicas<\/td><\/tr><tr><td>Evaluation of the Acceptability, Feasibility and Exploration of CARIBOU<\/td><td>Jorge Eduardo Gaete Olivares<\/td><td>Facultad de Ciencias Sociales<\/td><td>Escuela de Educaci\u00f3n<\/td><td><\/td><td>Psicolog\u00eda<\/td><\/tr><tr><td>Supply-side Incentives and Labor Market Responses<\/td><td>Jorge Patricio Rodr\u00edguez Osorio<\/td><td>Facultad de Ciencias Econ\u00f3micas y Empresariales<\/td><td><\/td><td><\/td><td>Cs. Econ\u00f3micas y Administrativas<\/td><\/tr><tr><td>High-fidelity performance-based seismic design<\/td><td>Jos\u00e9 Antonio Abell Mena<\/td><td>Facultad de Ingenier\u00eda y Ciencias Aplicadas<\/td><td><\/td><td><\/td><td>Ingenier\u00eda 1<\/td><\/tr><tr><td>Leveraging Visual Latent Space and Large Language Models<\/td><td>Jos\u00e9 Manuel Saavedra Rondo<\/td><td>Facultad de Ingenier\u00eda y Ciencias Aplicadas<\/td><td><\/td><td><\/td><td>Ingenier\u00eda 2<\/td><\/tr><tr><td>Metaf\u00edsica de universales, aseidad divina y negatividad fundamental<\/td><td>Jos\u00e9 Tom\u00e1s Alvarado Marambio<\/td><td>Facultad de Filosof\u00eda y Humanidades<\/td><td>Instituto de Filosof\u00eda<\/td><td><\/td><td>Filosof\u00eda<\/td><\/tr><tr><td>IL-33 as a modulator of Tryptophan metabolism<\/td><td>Karina de las Mercedes Pino Lagos<\/td><td>Facultad de Medicina<\/td><td>Escuela de Medicina<\/td><td>CIIB<\/td><td>Medicina G1 \u2013 Cs. Biom\u00e9dicas<\/td><\/tr><tr><td>Itinerario asc\u00e9tico y ejemplos b\u00edblicos<\/td><td>Marcelo Eugenio Aguirre Dur\u00e1n<\/td><td>Facultad de Filosof\u00eda y Humanidades<\/td><td>Instituto de Historia<\/td><td><\/td><td>Historia<\/td><\/tr><tr><td>Enhancing Hematopoietic Stem Cell Transplantation<\/td><td>Maroun Khoury<\/td><td>Facultad de Medicina<\/td><td>Escuela de Medicina<\/td><td>CIIB<\/td><td>Medicina G1 \u2013 Cs. Biom\u00e9dicas<\/td><\/tr><tr><td>Tackling Inequality in the Transition<\/td><td>Mauricio Andr\u00e9s Barrios Fern\u00e1ndez<\/td><td>Facultad de Ciencias Econ\u00f3micas y Empresariales<\/td><td><\/td><td><\/td><td>Cs. Econ\u00f3micas y Administrativas<\/td><\/tr><tr><td>El aporte en la sociedad de profesionales<\/td><td>Pablo Manterola Dom\u00ednguez<\/td><td>Facultad de Derecho<\/td><td><\/td><td><\/td><td>Cs. Jur\u00eddicas y Pol\u00edticas<\/td><\/tr><tr><td>Incorporating microclimate as a new variable<\/td><td>Patricio Andr\u00e9s Pliscoff Varas<\/td><td>Centro de Estudios Territoriales<\/td><td><\/td><td><\/td><td>Geograf\u00eda y Urbanismo<\/td><\/tr><tr><td>Reconstrucci\u00f3n dogm\u00e1tica de la potestad sancionadora<\/td><td>Rosa In\u00e9s Fernanda G\u00f3mez Gonz\u00e1lez<\/td><td>Facultad de Derecho<\/td><td><\/td><td><\/td><td>Cs. Jur\u00eddicas y Pol\u00edticas<\/td><\/tr><tr><td>Evaluating CCR5 Blockade as an Adjuvant to Anti-PD-1 Immunotherapy<\/td><td>Wilfredo Alejandro Gonz\u00e1lez Arriagada<\/td><td>Facultad de Odontolog\u00eda<\/td><td><\/td><td>CIIB<\/td><td>Medicina G1 \u2013 Cs. Biom\u00e9dicas<\/td><\/tr><\/tbody><\/table><\/figure>\n\n\n\n<p class=\"has-medium-font-size\"><strong>Fondecyt de Iniciaci\u00f3n 2026<\/strong><\/p>\n\n\n\n<p>En el marco de este concurso, los proyectos propuestos para adjudicaci\u00f3n abordan tem\u00e1ticas vinculadas a la <strong>salud materno-infantil, el neurodesarrollo, las ciencias sociales aplicadas y las tecnolog\u00edas emergentes<\/strong>, permitiendo a investigadores en etapas iniciales de su carrera avanzar en el desarrollo de l\u00edneas de investigaci\u00f3n propias.<\/p>\n\n\n\n<p>Los acad\u00e9micos responsables de estos proyectos que obtuvieron el <a href=\"https:\/\/anid.cl\/proyectos-de-investigacion\/fondecyt-iniciacion\/\" target=\"_blank\" rel=\"noreferrer noopener\">Fondecyt de Iniciaci\u00f3n 2026<\/a> son:<\/p>\n\n\n\n<p>&nbsp;&nbsp;&nbsp;&nbsp;&nbsp;&nbsp;&nbsp;&nbsp;&nbsp;&nbsp;&nbsp;&nbsp;&nbsp; \u2022&nbsp;&nbsp;&nbsp;&nbsp;&nbsp;&nbsp;&nbsp;&nbsp;&nbsp;&nbsp;&nbsp; <strong><a href=\"https:\/\/investigadores.uandes.cl\/es\/persons\/mario-eduardo-s%C3%A1nchez-rubio\/\" target=\"_blank\" rel=\"noreferrer noopener\">Mario S\u00e1nchez Rubio<\/a> (<a href=\"https:\/\/www.uandes.cl\/centros\/ciib\/\" target=\"_blank\" rel=\"noreferrer noopener\">Centro de Investigaci\u00f3n e Innovaci\u00f3n Biom\u00e9dica CiiB<\/a>)<\/strong>: proyecto orientado al <strong>uso de inteligencia artificial para analizar biomarcadores moleculares presentes en el cord\u00f3n umbilical<\/strong>, con el fin de estudiar la relaci\u00f3n entre el estr\u00e9s materno durante el embarazo y el desarrollo cerebral y temperamental infantil.<\/p>\n\n\n\n<p>&nbsp;&nbsp;&nbsp;&nbsp;&nbsp;&nbsp;&nbsp;&nbsp;&nbsp;&nbsp;&nbsp;&nbsp;&nbsp; \u2022&nbsp;&nbsp;&nbsp;&nbsp;&nbsp;&nbsp;&nbsp;&nbsp;&nbsp;&nbsp;&nbsp; <strong><a href=\"https:\/\/investigadores.uandes.cl\/es\/persons\/reyna-stephanie-pe%C3%B1ailillo\/\" target=\"_blank\" rel=\"noreferrer noopener\">Reyna Pe\u00f1ailillo Esc\u00e1rate<\/a> (<a href=\"https:\/\/investigadores.uandes.cl\/es\/organisations\/facultad-de-enfermer%C3%ADa-y-obstetricia\/\" target=\"_blank\" rel=\"noreferrer noopener\">Facultad de Enfermer\u00eda y Obstetricia<\/a>)<\/strong>: investigaci\u00f3n centrada en el an\u00e1lisis de <strong>c\u00f3mo la depresi\u00f3n postparto puede modificar la composici\u00f3n de la leche materna<\/strong> y su impacto en el neurodesarrollo de los lactantes.<\/p>\n\n\n\n<p>&nbsp;&nbsp;&nbsp;&nbsp;&nbsp;&nbsp;&nbsp;&nbsp;&nbsp;&nbsp;&nbsp;&nbsp;&nbsp; \u2022&nbsp;&nbsp;&nbsp;&nbsp;&nbsp;&nbsp;&nbsp;&nbsp;&nbsp;&nbsp;&nbsp; <strong><a href=\"https:\/\/investigadores.uandes.cl\/es\/persons\/hugo-benedetti-espinoza\/\" target=\"_blank\" rel=\"noreferrer noopener\">Hugo Benedetti Espinoza<\/a> (<a href=\"https:\/\/investigadores.uandes.cl\/es\/organisations\/ese-business-school\/\" target=\"_blank\" rel=\"noreferrer noopener\">ESE Business School<\/a>)<\/strong>: estudio enfocado en el <strong>an\u00e1lisis del ecosistema <em>blockchain<\/em> mediante datos de transacciones digitales y comportamiento en la red<\/strong>, con el objetivo de comprender las din\u00e1micas de los mercados de criptoactivos.<\/p>\n\n\n\n<p>&nbsp;&nbsp;&nbsp;&nbsp;&nbsp;&nbsp;&nbsp;&nbsp;&nbsp;&nbsp;&nbsp;&nbsp;&nbsp; \u2022&nbsp;&nbsp;&nbsp;&nbsp;&nbsp;&nbsp;&nbsp;&nbsp;&nbsp;&nbsp;&nbsp; <strong><a href=\"https:\/\/sites.google.com\/site\/marcelamello\/research\">Marcela Mello Silva<\/a> (<a href=\"https:\/\/investigadores.uandes.cl\/es\/organisations\/facultad-de-ciencias-econ%C3%B3micas-y-empresariales\/\" target=\"_blank\" rel=\"noreferrer noopener\">Facultad de Ciencias Econ\u00f3micas y Empresariales<\/a>)<\/strong>: proyecto que analiza transformaciones sociales, pol\u00edticas y econ\u00f3micas asociadas al <strong>crecimiento de las comunidades pentecostales en la regi\u00f3n<\/strong>.<\/p>\n\n\n\n<p>&nbsp;&nbsp;&nbsp;&nbsp;&nbsp;&nbsp;&nbsp;&nbsp;&nbsp;&nbsp;&nbsp;&nbsp;&nbsp; \u2022&nbsp;&nbsp;&nbsp;&nbsp;&nbsp;&nbsp;&nbsp;&nbsp;&nbsp;&nbsp;&nbsp; <strong><a href=\"https:\/\/www.linkedin.com\/in\/felipe-guzman-2599b72a\/\">Felipe Guzm\u00e1n<\/a> (<a href=\"https:\/\/investigadores.uandes.cl\/es\/organisations\/facultad-de-ciencias-econ%C3%B3micas-y-empresariales\/persons\/\" target=\"_blank\" rel=\"noreferrer noopener\">Facultad de Ciencias Econ\u00f3micas y Empresariales<\/a>)<\/strong>: investigaci\u00f3n sobre los procesos asociados a la emergencia del <strong>liderazgo en equipos de trabajo multinacionales y multiculturales<\/strong>.<\/p>\n\n\n<div class=\"wp-block-image\">\n<figure class=\"aligncenter size-large\"><img loading=\"lazy\" decoding=\"async\" width=\"1024\" height=\"495\" src=\"https:\/\/investiga.uandes.cl\/wp-content\/uploads\/2026\/02\/Imagen4-1024x495.png\" alt=\"\" class=\"wp-image-7254\" srcset=\"https:\/\/investiga.uandes.cl\/wp-content\/uploads\/2026\/02\/Imagen4-1024x495.png 1024w, https:\/\/investiga.uandes.cl\/wp-content\/uploads\/2026\/02\/Imagen4-300x145.png 300w, https:\/\/investiga.uandes.cl\/wp-content\/uploads\/2026\/02\/Imagen4-768x371.png 768w, https:\/\/investiga.uandes.cl\/wp-content\/uploads\/2026\/02\/Imagen4-1536x742.png 1536w, https:\/\/investiga.uandes.cl\/wp-content\/uploads\/2026\/02\/Imagen4-2048x989.png 2048w, https:\/\/investiga.uandes.cl\/wp-content\/uploads\/2026\/02\/Imagen4-18x9.png 18w, https:\/\/investiga.uandes.cl\/wp-content\/uploads\/2026\/02\/Imagen4-1x1.png 1w\" sizes=\"auto, (max-width: 1024px) 100vw, 1024px\" \/><figcaption class=\"wp-element-caption\">De izq. a der.: Reyna Pe\u00f1ailillo (FENO), Hugo Benedetti (ESE), Mario S\u00e1nchez (CIIB), Felipe Guzm\u00e1n (ICO) y Marcela Mello (ICO).<\/figcaption><\/figure>\n<\/div>\n\n\n<h3 class=\"wp-block-heading\">Fondecyt de Postdoctorado 2026<\/h3>\n\n\n\n<p>En la categor\u00eda <a href=\"https:\/\/anid.cl\/proyectos-de-investigacion\/fondecyt-postdoctorado\/\" target=\"_blank\" rel=\"noreferrer noopener\">Fondecyt de Postdoctorado 2026<\/a>, investigadores de la Universidad de los Andes desarrollar\u00e1n proyectos en \u00e1reas de ingenier\u00eda, comunicaciones cu\u00e1nticas y biomedicina regenerativa.<\/p>\n\n\n\n<p>Los proyectos corresponden a:<\/p>\n\n\n\n<p>&nbsp;&nbsp;&nbsp;&nbsp;&nbsp;&nbsp;&nbsp;&nbsp;&nbsp;&nbsp;&nbsp;&nbsp;&nbsp; \u2022&nbsp;&nbsp;&nbsp;&nbsp;&nbsp;&nbsp;&nbsp;&nbsp;&nbsp;&nbsp;&nbsp; <strong><a href=\"https:\/\/orcid.org\/0000-0003-1288-3288\" target=\"_blank\" rel=\"noreferrer noopener\">\u00c1lvaro Mattos<\/a> (<a href=\"https:\/\/investigadores.uandes.cl\/es\/organisations\/facultad-de-ingenier%C3%ADa-y-ciencias-aplicadas\/\" target=\"_blank\" rel=\"noreferrer noopener\">Facultad de Ingenier\u00eda y Ciencias Aplicadas<\/a>)<\/strong>: investigaci\u00f3n en seguridad estructural, enfocada en el an\u00e1lisis de la <strong>resistencia de anclajes de acero en bloques de concreto<\/strong>.<\/p>\n\n\n\n<p>&nbsp;&nbsp;&nbsp;&nbsp;&nbsp;&nbsp;&nbsp;&nbsp;&nbsp;&nbsp;&nbsp;&nbsp;&nbsp; \u2022&nbsp;&nbsp;&nbsp;&nbsp;&nbsp;&nbsp;&nbsp;&nbsp;&nbsp;&nbsp;&nbsp; <strong><a href=\"https:\/\/www.linkedin.com\/in\/kei-braz-sawada-820019192\/?originalSubdomain=cl\">Kei Sawada<\/a> (<a href=\"https:\/\/investigadores.uandes.cl\/es\/organisations\/facultad-de-ingenier%C3%ADa-y-ciencias-aplicadas\/\" target=\"_blank\" rel=\"noreferrer noopener\">Facultad de Ingenier\u00eda y Ciencias Aplicadas<\/a>)<\/strong>: proyecto en el \u00e1rea de comunicaciones cu\u00e1nticas, orientado al desarrollo de tecnolog\u00edas para el <strong>env\u00edo seguro de informaci\u00f3n a trav\u00e9s de canales atmosf\u00e9ricos<\/strong>.<\/p>\n\n\n\n<p>&nbsp;&nbsp;&nbsp;&nbsp;&nbsp;&nbsp;&nbsp;&nbsp;&nbsp;&nbsp;&nbsp;&nbsp;&nbsp; \u2022&nbsp;&nbsp;&nbsp;&nbsp;&nbsp;&nbsp;&nbsp;&nbsp;&nbsp;&nbsp;&nbsp; <strong><a href=\"https:\/\/www.linkedin.com\/in\/lina-mar%C3%ADa-anaya-s-8b5890109\/?originalSubdomain=co\">Lina Anaya<\/a> (<a href=\"https:\/\/investigadores.uandes.cl\/es\/organisations\/facultad-de-odontolog%C3%ADa\/persons\/\" target=\"_blank\" rel=\"noreferrer noopener\">Facultad de Odontolog\u00eda<\/a>)<\/strong>: estudio en medicina regenerativa aplicada a la salud oral, mediante el <strong>desarrollo de un andamio biomim\u00e9tico para la regeneraci\u00f3n de tejidos periodontales<\/strong>.<\/p>\n\n\n\n<p>La <a href=\"https:\/\/www.uandes.cl\/investigacion-e-innovacion\/investigacion-y-doctorado\/\" target=\"_blank\" rel=\"noreferrer noopener\">Direcci\u00f3n de Investigaci\u00f3n y Doctorado<\/a> se\u00f1al\u00f3 que estos resultados dan cuenta del trabajo de los acad\u00e9micos de la Universidad de los Andes en el desarrollo de proyectos de investigaci\u00f3n en distintas \u00e1reas del conocimiento, reafirmando el compromiso institucional con la investigaci\u00f3n y la formaci\u00f3n de investigadores.<\/p>\n\n\n<div class=\"wp-block-image\">\n<figure class=\"aligncenter size-large\"><img loading=\"lazy\" decoding=\"async\" width=\"1024\" height=\"586\" src=\"https:\/\/investiga.uandes.cl\/wp-content\/uploads\/2026\/02\/Imagen3-1024x586.png\" alt=\"\" class=\"wp-image-7252\" srcset=\"https:\/\/investiga.uandes.cl\/wp-content\/uploads\/2026\/02\/Imagen3-1024x586.png 1024w, https:\/\/investiga.uandes.cl\/wp-content\/uploads\/2026\/02\/Imagen3-300x172.png 300w, https:\/\/investiga.uandes.cl\/wp-content\/uploads\/2026\/02\/Imagen3-768x439.png 768w, https:\/\/investiga.uandes.cl\/wp-content\/uploads\/2026\/02\/Imagen3-1536x879.png 1536w, https:\/\/investiga.uandes.cl\/wp-content\/uploads\/2026\/02\/Imagen3-2048x1171.png 2048w, https:\/\/investiga.uandes.cl\/wp-content\/uploads\/2026\/02\/Imagen3-18x10.png 18w, https:\/\/investiga.uandes.cl\/wp-content\/uploads\/2026\/02\/Imagen3-1x1.png 1w\" sizes=\"auto, (max-width: 1024px) 100vw, 1024px\" \/><figcaption class=\"wp-element-caption\">De izq. a der.: Kei Sawada (ING), \u00c1lvaro Mattos (ING) y Lina Anaya (ODO).<\/figcaption><\/figure>\n<\/div>\n\n\n<p><\/p>\n","protected":false},"excerpt":{"rendered":"<p>La Universidad de los Andes dio a conocer los resultados de sus acad\u00e9micos e investigadores, quienes obtuvieron el respaldo para la realizaci\u00f3n de sus proyectos, que ser\u00e1n un aporte a la sociedad, gracias a esta adjudicaci\u00f3n.<\/p>\n","protected":false},"author":1,"featured_media":7684,"comment_status":"closed","ping_status":"closed","sticky":false,"template":"","format":"standard","meta":{"inline_featured_image":false,"footnotes":""},"categories":[2,5,1,3],"tags":[24,27],"class_list":["post-7251","post","type-post","status-publish","format-standard","has-post-thumbnail","hentry","category-ciencia","category-economia","category-investigacion","category-salud","tag-24","tag-nuestros-investigadores"],"yoast_head":"<!-- This site is optimized with the Yoast SEO plugin v24.7 - https:\/\/yoast.com\/wordpress\/plugins\/seo\/ -->\n<title>Uandes logra financiamiento para investigaci\u00f3n de excelencia a trav\u00e9s de Fondecyt 2026 - Investiga UANDES<\/title>\n<meta name=\"robots\" content=\"index, follow, max-snippet:-1, max-image-preview:large, max-video-preview:-1\" \/>\n<link rel=\"canonical\" href=\"https:\/\/investiga.uandes.cl\/es\/investigacion-uandes-obtiene-solido-respaldo-en-adjudicaciones-fondecyt-2026\/\" \/>\n<meta property=\"og:locale\" content=\"es_ES\" \/>\n<meta property=\"og:type\" content=\"article\" \/>\n<meta property=\"og:title\" content=\"Uandes logra financiamiento para investigaci\u00f3n de excelencia a trav\u00e9s de Fondecyt 2026 - Investiga UANDES\" \/>\n<meta property=\"og:description\" content=\"La Universidad de los Andes dio a conocer los resultados de sus acad\u00e9micos e investigadores, quienes obtuvieron el respaldo para la realizaci\u00f3n de sus proyectos, que ser\u00e1n un aporte a la sociedad, gracias a esta adjudicaci\u00f3n.\" \/>\n<meta property=\"og:url\" content=\"https:\/\/investiga.uandes.cl\/es\/investigacion-uandes-obtiene-solido-respaldo-en-adjudicaciones-fondecyt-2026\/\" \/>\n<meta property=\"og:site_name\" content=\"Investiga UANDES\" \/>\n<meta property=\"article:published_time\" content=\"2026-02-05T17:52:07+00:00\" \/>\n<meta property=\"article:modified_time\" content=\"2026-04-23T16:19:55+00:00\" \/>\n<meta property=\"og:image\" content=\"https:\/\/investiga.uandes.cl\/wp-content\/uploads\/2026\/02\/image-scaled-e1776351781366-1024x504.png\" \/>\n\t<meta property=\"og:image:width\" content=\"1024\" \/>\n\t<meta property=\"og:image:height\" content=\"504\" \/>\n\t<meta property=\"og:image:type\" content=\"image\/png\" \/>\n<meta name=\"author\" content=\"Universidad de los Andes\" \/>\n<meta name=\"twitter:card\" content=\"summary_large_image\" \/>\n<meta name=\"twitter:label1\" content=\"Escrito por\" \/>\n\t<meta name=\"twitter:data1\" content=\"Universidad de los Andes\" \/>\n\t<meta name=\"twitter:label2\" content=\"Tiempo estimado de lectura\" \/>\n\t<meta name=\"twitter:data2\" content=\"7 minutos\" \/>\n<script type=\"application\/ld+json\" class=\"yoast-schema-graph\">{\"@context\":\"https:\/\/schema.org\",\"@graph\":[{\"@type\":\"Article\",\"@id\":\"https:\/\/investiga.uandes.cl\/investigacion-uandes-obtiene-solido-respaldo-en-adjudicaciones-fondecyt-2026\/#article\",\"isPartOf\":{\"@id\":\"https:\/\/investiga.uandes.cl\/investigacion-uandes-obtiene-solido-respaldo-en-adjudicaciones-fondecyt-2026\/\"},\"author\":{\"name\":\"Universidad de los Andes\",\"@id\":\"https:\/\/investiga.uandes.cl\/#\/schema\/person\/98e4042261f6d20b73b4e8cae8ff4495\"},\"headline\":\"Uandes logra financiamiento para investigaci\u00f3n de excelencia a trav\u00e9s de Fondecyt 2026\",\"datePublished\":\"2026-02-05T17:52:07+00:00\",\"dateModified\":\"2026-04-23T16:19:55+00:00\",\"mainEntityOfPage\":{\"@id\":\"https:\/\/investiga.uandes.cl\/investigacion-uandes-obtiene-solido-respaldo-en-adjudicaciones-fondecyt-2026\/\"},\"wordCount\":1515,\"publisher\":{\"@id\":\"https:\/\/investiga.uandes.cl\/#organization\"},\"image\":{\"@id\":\"https:\/\/investiga.uandes.cl\/investigacion-uandes-obtiene-solido-respaldo-en-adjudicaciones-fondecyt-2026\/#primaryimage\"},\"thumbnailUrl\":\"https:\/\/investiga.uandes.cl\/wp-content\/uploads\/2026\/02\/image-scaled-e1776351781366.png\",\"keywords\":[\"6\",\"Nuestros Investigadores\"],\"articleSection\":[\"Ciencia y Tecnolog\u00eda\",\"Econom\u00eda\",\"Investigaci\u00f3n\",\"Salud\"],\"inLanguage\":\"es-CL\"},{\"@type\":\"WebPage\",\"@id\":\"https:\/\/investiga.uandes.cl\/investigacion-uandes-obtiene-solido-respaldo-en-adjudicaciones-fondecyt-2026\/\",\"url\":\"https:\/\/investiga.uandes.cl\/investigacion-uandes-obtiene-solido-respaldo-en-adjudicaciones-fondecyt-2026\/\",\"name\":\"Uandes logra financiamiento para investigaci\u00f3n de excelencia a trav\u00e9s de Fondecyt 2026 - Investiga UANDES\",\"isPartOf\":{\"@id\":\"https:\/\/investiga.uandes.cl\/#website\"},\"primaryImageOfPage\":{\"@id\":\"https:\/\/investiga.uandes.cl\/investigacion-uandes-obtiene-solido-respaldo-en-adjudicaciones-fondecyt-2026\/#primaryimage\"},\"image\":{\"@id\":\"https:\/\/investiga.uandes.cl\/investigacion-uandes-obtiene-solido-respaldo-en-adjudicaciones-fondecyt-2026\/#primaryimage\"},\"thumbnailUrl\":\"https:\/\/investiga.uandes.cl\/wp-content\/uploads\/2026\/02\/image-scaled-e1776351781366.png\",\"datePublished\":\"2026-02-05T17:52:07+00:00\",\"dateModified\":\"2026-04-23T16:19:55+00:00\",\"breadcrumb\":{\"@id\":\"https:\/\/investiga.uandes.cl\/investigacion-uandes-obtiene-solido-respaldo-en-adjudicaciones-fondecyt-2026\/#breadcrumb\"},\"inLanguage\":\"es-CL\",\"potentialAction\":[{\"@type\":\"ReadAction\",\"target\":[\"https:\/\/investiga.uandes.cl\/investigacion-uandes-obtiene-solido-respaldo-en-adjudicaciones-fondecyt-2026\/\"]}]},{\"@type\":\"ImageObject\",\"inLanguage\":\"es-CL\",\"@id\":\"https:\/\/investiga.uandes.cl\/investigacion-uandes-obtiene-solido-respaldo-en-adjudicaciones-fondecyt-2026\/#primaryimage\",\"url\":\"https:\/\/investiga.uandes.cl\/wp-content\/uploads\/2026\/02\/image-scaled-e1776351781366.png\",\"contentUrl\":\"https:\/\/investiga.uandes.cl\/wp-content\/uploads\/2026\/02\/image-scaled-e1776351781366.png\",\"width\":2560,\"height\":1260},{\"@type\":\"BreadcrumbList\",\"@id\":\"https:\/\/investiga.uandes.cl\/investigacion-uandes-obtiene-solido-respaldo-en-adjudicaciones-fondecyt-2026\/#breadcrumb\",\"itemListElement\":[{\"@type\":\"ListItem\",\"position\":1,\"name\":\"Portada\",\"item\":\"https:\/\/investiga.uandes.cl\/\"},{\"@type\":\"ListItem\",\"position\":2,\"name\":\"Uandes logra financiamiento para investigaci\u00f3n de excelencia a trav\u00e9s de Fondecyt 2026\"}]},{\"@type\":\"WebSite\",\"@id\":\"https:\/\/investiga.uandes.cl\/#website\",\"url\":\"https:\/\/investiga.uandes.cl\/\",\"name\":\"Investiga UANDES\",\"description\":\"Investigaci\u00f3n, Universidad de los Andes\",\"publisher\":{\"@id\":\"https:\/\/investiga.uandes.cl\/#organization\"},\"potentialAction\":[{\"@type\":\"SearchAction\",\"target\":{\"@type\":\"EntryPoint\",\"urlTemplate\":\"https:\/\/investiga.uandes.cl\/?s={search_term_string}\"},\"query-input\":{\"@type\":\"PropertyValueSpecification\",\"valueRequired\":true,\"valueName\":\"search_term_string\"}}],\"inLanguage\":\"es-CL\"},{\"@type\":\"Organization\",\"@id\":\"https:\/\/investiga.uandes.cl\/#organization\",\"name\":\"Investiga UANDES\",\"url\":\"https:\/\/investiga.uandes.cl\/\",\"logo\":{\"@type\":\"ImageObject\",\"inLanguage\":\"es-CL\",\"@id\":\"https:\/\/investiga.uandes.cl\/#\/schema\/logo\/image\/\",\"url\":\"https:\/\/investiga.uandes.cl\/wp-content\/uploads\/2025\/03\/investiga_uandes.jpg\",\"contentUrl\":\"https:\/\/investiga.uandes.cl\/wp-content\/uploads\/2025\/03\/investiga_uandes.jpg\",\"width\":2000,\"height\":771,\"caption\":\"Investiga UANDES\"},\"image\":{\"@id\":\"https:\/\/investiga.uandes.cl\/#\/schema\/logo\/image\/\"}},{\"@type\":\"Person\",\"@id\":\"https:\/\/investiga.uandes.cl\/#\/schema\/person\/98e4042261f6d20b73b4e8cae8ff4495\",\"name\":\"Universidad de los Andes\",\"sameAs\":[\"https:\/\/test.uandes.cl\"],\"url\":\"https:\/\/investiga.uandes.cl\/es\/author\/admin\/\"}]}<\/script>\n<!-- \/ Yoast SEO plugin. -->","yoast_head_json":{"title":"Uandes logra financiamiento para investigaci\u00f3n de excelencia a trav\u00e9s de Fondecyt 2026 - Investiga UANDES","robots":{"index":"index","follow":"follow","max-snippet":"max-snippet:-1","max-image-preview":"max-image-preview:large","max-video-preview":"max-video-preview:-1"},"canonical":"https:\/\/investiga.uandes.cl\/es\/investigacion-uandes-obtiene-solido-respaldo-en-adjudicaciones-fondecyt-2026\/","og_locale":"es_ES","og_type":"article","og_title":"Uandes logra financiamiento para investigaci\u00f3n de excelencia a trav\u00e9s de Fondecyt 2026 - Investiga UANDES","og_description":"La Universidad de los Andes dio a conocer los resultados de sus acad\u00e9micos e investigadores, quienes obtuvieron el respaldo para la realizaci\u00f3n de sus proyectos, que ser\u00e1n un aporte a la sociedad, gracias a esta adjudicaci\u00f3n.","og_url":"https:\/\/investiga.uandes.cl\/es\/investigacion-uandes-obtiene-solido-respaldo-en-adjudicaciones-fondecyt-2026\/","og_site_name":"Investiga UANDES","article_published_time":"2026-02-05T17:52:07+00:00","article_modified_time":"2026-04-23T16:19:55+00:00","og_image":[{"width":1024,"height":504,"url":"https:\/\/investiga.uandes.cl\/wp-content\/uploads\/2026\/02\/image-scaled-e1776351781366-1024x504.png","type":"image\/png"}],"author":"Universidad de los Andes","twitter_card":"summary_large_image","twitter_misc":{"Escrito por":"Universidad de los Andes","Tiempo estimado de lectura":"7 minutos"},"schema":{"@context":"https:\/\/schema.org","@graph":[{"@type":"Article","@id":"https:\/\/investiga.uandes.cl\/investigacion-uandes-obtiene-solido-respaldo-en-adjudicaciones-fondecyt-2026\/#article","isPartOf":{"@id":"https:\/\/investiga.uandes.cl\/investigacion-uandes-obtiene-solido-respaldo-en-adjudicaciones-fondecyt-2026\/"},"author":{"name":"Universidad de los Andes","@id":"https:\/\/investiga.uandes.cl\/#\/schema\/person\/98e4042261f6d20b73b4e8cae8ff4495"},"headline":"Uandes logra financiamiento para investigaci\u00f3n de excelencia a trav\u00e9s de Fondecyt 2026","datePublished":"2026-02-05T17:52:07+00:00","dateModified":"2026-04-23T16:19:55+00:00","mainEntityOfPage":{"@id":"https:\/\/investiga.uandes.cl\/investigacion-uandes-obtiene-solido-respaldo-en-adjudicaciones-fondecyt-2026\/"},"wordCount":1515,"publisher":{"@id":"https:\/\/investiga.uandes.cl\/#organization"},"image":{"@id":"https:\/\/investiga.uandes.cl\/investigacion-uandes-obtiene-solido-respaldo-en-adjudicaciones-fondecyt-2026\/#primaryimage"},"thumbnailUrl":"https:\/\/investiga.uandes.cl\/wp-content\/uploads\/2026\/02\/image-scaled-e1776351781366.png","keywords":["6","Nuestros Investigadores"],"articleSection":["Ciencia y Tecnolog\u00eda","Econom\u00eda","Investigaci\u00f3n","Salud"],"inLanguage":"es-CL"},{"@type":"WebPage","@id":"https:\/\/investiga.uandes.cl\/investigacion-uandes-obtiene-solido-respaldo-en-adjudicaciones-fondecyt-2026\/","url":"https:\/\/investiga.uandes.cl\/investigacion-uandes-obtiene-solido-respaldo-en-adjudicaciones-fondecyt-2026\/","name":"Uandes logra financiamiento para investigaci\u00f3n de excelencia a trav\u00e9s de Fondecyt 2026 - Investiga UANDES","isPartOf":{"@id":"https:\/\/investiga.uandes.cl\/#website"},"primaryImageOfPage":{"@id":"https:\/\/investiga.uandes.cl\/investigacion-uandes-obtiene-solido-respaldo-en-adjudicaciones-fondecyt-2026\/#primaryimage"},"image":{"@id":"https:\/\/investiga.uandes.cl\/investigacion-uandes-obtiene-solido-respaldo-en-adjudicaciones-fondecyt-2026\/#primaryimage"},"thumbnailUrl":"https:\/\/investiga.uandes.cl\/wp-content\/uploads\/2026\/02\/image-scaled-e1776351781366.png","datePublished":"2026-02-05T17:52:07+00:00","dateModified":"2026-04-23T16:19:55+00:00","breadcrumb":{"@id":"https:\/\/investiga.uandes.cl\/investigacion-uandes-obtiene-solido-respaldo-en-adjudicaciones-fondecyt-2026\/#breadcrumb"},"inLanguage":"es-CL","potentialAction":[{"@type":"ReadAction","target":["https:\/\/investiga.uandes.cl\/investigacion-uandes-obtiene-solido-respaldo-en-adjudicaciones-fondecyt-2026\/"]}]},{"@type":"ImageObject","inLanguage":"es-CL","@id":"https:\/\/investiga.uandes.cl\/investigacion-uandes-obtiene-solido-respaldo-en-adjudicaciones-fondecyt-2026\/#primaryimage","url":"https:\/\/investiga.uandes.cl\/wp-content\/uploads\/2026\/02\/image-scaled-e1776351781366.png","contentUrl":"https:\/\/investiga.uandes.cl\/wp-content\/uploads\/2026\/02\/image-scaled-e1776351781366.png","width":2560,"height":1260},{"@type":"BreadcrumbList","@id":"https:\/\/investiga.uandes.cl\/investigacion-uandes-obtiene-solido-respaldo-en-adjudicaciones-fondecyt-2026\/#breadcrumb","itemListElement":[{"@type":"ListItem","position":1,"name":"Portada","item":"https:\/\/investiga.uandes.cl\/"},{"@type":"ListItem","position":2,"name":"Uandes logra financiamiento para investigaci\u00f3n de excelencia a trav\u00e9s de Fondecyt 2026"}]},{"@type":"WebSite","@id":"https:\/\/investiga.uandes.cl\/#website","url":"https:\/\/investiga.uandes.cl\/","name":"Investiga UANDES","description":"Investigaci\u00f3n, Universidad de los Andes","publisher":{"@id":"https:\/\/investiga.uandes.cl\/#organization"},"potentialAction":[{"@type":"SearchAction","target":{"@type":"EntryPoint","urlTemplate":"https:\/\/investiga.uandes.cl\/?s={search_term_string}"},"query-input":{"@type":"PropertyValueSpecification","valueRequired":true,"valueName":"search_term_string"}}],"inLanguage":"es-CL"},{"@type":"Organization","@id":"https:\/\/investiga.uandes.cl\/#organization","name":"Investiga UANDES","url":"https:\/\/investiga.uandes.cl\/","logo":{"@type":"ImageObject","inLanguage":"es-CL","@id":"https:\/\/investiga.uandes.cl\/#\/schema\/logo\/image\/","url":"https:\/\/investiga.uandes.cl\/wp-content\/uploads\/2025\/03\/investiga_uandes.jpg","contentUrl":"https:\/\/investiga.uandes.cl\/wp-content\/uploads\/2025\/03\/investiga_uandes.jpg","width":2000,"height":771,"caption":"Investiga UANDES"},"image":{"@id":"https:\/\/investiga.uandes.cl\/#\/schema\/logo\/image\/"}},{"@type":"Person","@id":"https:\/\/investiga.uandes.cl\/#\/schema\/person\/98e4042261f6d20b73b4e8cae8ff4495","name":"Universidad de los Andes","sameAs":["https:\/\/test.uandes.cl"],"url":"https:\/\/investiga.uandes.cl\/es\/author\/admin\/"}]}},"_links":{"self":[{"href":"https:\/\/investiga.uandes.cl\/es\/wp-json\/wp\/v2\/posts\/7251","targetHints":{"allow":["GET"]}}],"collection":[{"href":"https:\/\/investiga.uandes.cl\/es\/wp-json\/wp\/v2\/posts"}],"about":[{"href":"https:\/\/investiga.uandes.cl\/es\/wp-json\/wp\/v2\/types\/post"}],"author":[{"embeddable":true,"href":"https:\/\/investiga.uandes.cl\/es\/wp-json\/wp\/v2\/users\/1"}],"replies":[{"embeddable":true,"href":"https:\/\/investiga.uandes.cl\/es\/wp-json\/wp\/v2\/comments?post=7251"}],"version-history":[{"count":19,"href":"https:\/\/investiga.uandes.cl\/es\/wp-json\/wp\/v2\/posts\/7251\/revisions"}],"predecessor-version":[{"id":7695,"href":"https:\/\/investiga.uandes.cl\/es\/wp-json\/wp\/v2\/posts\/7251\/revisions\/7695"}],"wp:featuredmedia":[{"embeddable":true,"href":"https:\/\/investiga.uandes.cl\/es\/wp-json\/wp\/v2\/media\/7684"}],"wp:attachment":[{"href":"https:\/\/investiga.uandes.cl\/es\/wp-json\/wp\/v2\/media?parent=7251"}],"wp:term":[{"taxonomy":"category","embeddable":true,"href":"https:\/\/investiga.uandes.cl\/es\/wp-json\/wp\/v2\/categories?post=7251"},{"taxonomy":"post_tag","embeddable":true,"href":"https:\/\/investiga.uandes.cl\/es\/wp-json\/wp\/v2\/tags?post=7251"}],"curies":[{"name":"wp","href":"https:\/\/api.w.org\/{rel}","templated":true}]}}