{"id":7240,"date":"2026-02-05T13:53:03","date_gmt":"2026-02-05T16:53:03","guid":{"rendered":"https:\/\/investiga.uandes.cl\/?p=7240"},"modified":"2026-03-17T11:42:50","modified_gmt":"2026-03-17T14:42:50","slug":"impactar-con-sentido-investigadores-uandes-unen-la-academia-y-el-congreso","status":"publish","type":"post","link":"https:\/\/investiga.uandes.cl\/es\/impactar-con-sentido-investigadores-uandes-unen-la-academia-y-el-congreso\/","title":{"rendered":"Impactar con sentido: investigadores Uandes unen la academia y el Congreso"},"content":{"rendered":"\n<p>A trav\u00e9s de la iniciativa <a href=\"https:\/\/vincula.cl\/\" target=\"_blank\" rel=\"noreferrer noopener\">Vincula<\/a>, la plataforma que articula la colaboraci\u00f3n bidireccional entre el mundo acad\u00e9mico y el Poder Legislativo, la Universidad de los Andes ha tenido una activa participaci\u00f3n en recientes discusiones parlamentarias en tem\u00e1ticas de Derecho de Familia y la protecci\u00f3n de ni\u00f1os, ni\u00f1as y adolescentes.<\/p>\n\n\n\n<p>Vincula es una plataforma que busca disminuir las brechas entre quienes producen investigaci\u00f3n y quienes lo necesitan para tomar decisiones basadas en ciencia en el Congreso.<\/p>\n\n\n\n<p>Uno de estos hitos fue la exposici\u00f3n de la acad\u00e9mica <a href=\"https:\/\/investigadores.uandes.cl\/en\/persons\/mar-del-rosario-guridi-rivano\/\" target=\"_blank\" rel=\"noreferrer noopener\">Mar del Rosario Guridi<\/a>, doctora en Derecho y profesora de la Facultad de Derecho, ante la <a href=\"https:\/\/www.senado.cl\/actividad-legislativa\/comisiones\/1126\/22303\" target=\"_blank\" rel=\"noreferrer noopener\">Comisi\u00f3n de Mujer y Equidad de G\u00e9nero del Senado<\/a> en el contexto del proyecto de ley que busca <strong>impedir que el padre deudor de alimentos pueda oponerse a la salida del pa\u00eds de sus hijos.<\/strong><\/p>\n\n\n\n<p>La acad\u00e9mica abord\u00f3 las implicancias jur\u00eddicas del proyecto, respondiendo consultas formuladas durante el debate en dicha Comisi\u00f3n, las que fueron canalizadas a trav\u00e9s del equipo legislativo de la <a href=\"https:\/\/www.senado.cl\/senadoras-y-senadores\/listado-de-senadoras-y-senadores\/carmen-gloria-aravena-acuna-sen\">senadora Carmen Gloria Aravena<\/a>, reforzando el valor de la investigaci\u00f3n acad\u00e9mica en la tramitaci\u00f3n de iniciativas legales de alto impacto social.<\/p>\n\n\n\n<p>Esta participaci\u00f3n se suma a otro caso reciente de colaboraci\u00f3n entre la Universidad de los Andes y el Senado gestionado mediante Vincula.<\/p>\n\n\n\n<p>A comienzos de diciembre de 2025, el asesor legislativo Claudio Pimentel, en representaci\u00f3n de la senadora Aravena, solicit\u00f3 apoyo acad\u00e9mico para el an\u00e1lisis del proyecto de ley que regula las prestaciones de servicios de cuidado infantil, tales como las guarder\u00edas y after schools, la que se encuentra actualmente en segundo tr\u00e1mite constitucional. La solicitud fue derivada al profesor <a href=\"https:\/\/investigadores.uandes.cl\/en\/persons\/rodrigo-andr%C3%A9s-guerra-espinosa\/\">Rodrigo Guerra, acad\u00e9mico de la Facultad de Derecho<\/a>.<\/p>\n\n\n\n<p>As\u00ed, el profesor Guerra elabor\u00f3 un informe t\u00e9cnico\u2013jur\u00eddico presentado a la Comisi\u00f3n del Senado, centrado en dos aspectos clave del proyecto: la constitucionalidad de las inhabilidades laborales asociadas a salidas alternativas, particularmente respecto de la presunci\u00f3n de inocencia y el debido proceso, y la proporcionalidad y duraci\u00f3n de dichas inhabilidades.<\/p>\n\n\n\n<p><strong>En su an\u00e1lisis, propuso limitar estas sanciones al plazo de observaci\u00f3n de la suspensi\u00f3n condicional y que estas cesen autom\u00e1ticamente con el sobreseimiento definitivo, con el fin de no afectar la reinserci\u00f3n social.<\/strong><\/p>\n\n\n\n<p>El informe enviado por el acad\u00e9mico result\u00f3 clave para la aprobaci\u00f3n en general del proyecto, adem\u00e1s de servir como base para la futura redacci\u00f3n de indicaciones durante la discusi\u00f3n en particular.<\/p>\n\n\n\n<p>Ambos casos reflejan el impacto concreto de Vincula, una iniciativa que busca fortalecer la toma de decisiones legislativas mediante evidencia, an\u00e1lisis t\u00e9cnico y reflexi\u00f3n acad\u00e9mica.<\/p>\n\n\n\n<p>Para la <strong>Vicerrector\u00eda de Investigaci\u00f3n de la Universidad de los Andes<\/strong>, la participaci\u00f3n de sus acad\u00e9micos en esta plataforma es estrat\u00e9gica, ya que permite proyectar el quehacer universitario m\u00e1s all\u00e1 del aula, contribuyendo directamente al desarrollo de pol\u00edticas p\u00fablicas y a la mejora de la legislaci\u00f3n en materias sensibles para la sociedad, integrando de manera efectiva la investigaci\u00f3n acad\u00e9mica.<\/p>\n\n\n\n<p><strong>La Universidad de los Andes participa activamente en Vincula desde 2022, aportando de manera sostenida a la consolidaci\u00f3n de esta red nacional, tras la invitaci\u00f3n realizada por la Pontificia Universidad Cat\u00f3lica de Chile.<\/strong><\/p>\n\n\n\n<p>Durante este periodo, la Uandes ha aportado con m\u00e1s de 6.600 publicaciones al sistema Vincula, ha designado embajadores acad\u00e9micos en diversas disciplinas y ha sido anfitriona de una de las charlas magistrales de la red, la que se realiz\u00f3 en 2024.<\/p>\n\n\n\n<p>A partir de ese mismo a\u00f1o, la Uandes firm\u00f3 el convenio de colaboraci\u00f3n formal, fortaleciendo su compromiso institucional con la movilizaci\u00f3n del conocimiento hacia el mundo p\u00fablico. Con ello, adem\u00e1s, <a href=\"https:\/\/investigadores.uandes.cl\/en\/persons\/claudia-isabel-brizuela-cordero\/\">Claudia Brizuela, directora de Investigaci\u00f3n y Doctorado Uandes<\/a> fue nombrada en el <a href=\"https:\/\/www.uandes.cl\/noticias\/uandes-consolida-su-presencia-en-red-vincula-tras-nombramiento-de-claudia-brizuela-en-el-comite-directivo\/.\" target=\"_blank\" rel=\"noreferrer noopener\">Comit\u00e9 Directivo de Vincula<\/a>.<\/p>\n\n\n\n<p>El 21 de enero de 2025, adem\u00e1s, se realiz\u00f3 la primera reuni\u00f3n del Comit\u00e9 Operativo Vincula Uandes, dando inicio formal a una nueva etapa de trabajo institucional en la vinculaci\u00f3n entre investigaci\u00f3n y proceso legislativo.<\/p>\n\n\n\n<p>\u201cEl a\u00f1o 2025 marc\u00f3 un punto de inflexi\u00f3n para la Universidad de los Andes en Vincula: no solo superamos la meta de 100 acad\u00e9micos registrados, sino que consolidamos un modelo de gobernanza interna para la gesti\u00f3n del conocimiento orientado a la incidencia p\u00fablica. El desaf\u00edo para 2026 es avanzar desde la inscripci\u00f3n hacia el ejercicio activo de la vinculaci\u00f3n legislativa, transformando esta masa cr\u00edtica en incidencia efectiva. Nuestro objetivo es que el conocimiento generado en la UAndes sea un insumo relevante y confiable para la toma de decisiones en el Congreso\u201d, coment\u00f3 Brizuela.<\/p>\n\n\n\n<blockquote class=\"wp-block-quote is-layout-flow wp-block-quote-is-layout-flow\">\n<p>Este trabajo se enmarca en el fortalecimiento del rol p\u00fablico de la investigaci\u00f3n Uandes y en la consolidaci\u00f3n de Vincula como una herramienta clave para conectar conocimiento acad\u00e9mico con pol\u00edticas p\u00fablicas\u201d, concluy\u00f3 Brizuela.<\/p>\n<\/blockquote>\n\n\n\n<figure class=\"wp-block-embed is-type-video is-provider-youtube wp-block-embed-youtube wp-embed-aspect-16-9 wp-has-aspect-ratio\"><div class=\"wp-block-embed__wrapper\">\n<iframe loading=\"lazy\" title=\"Comisi\u00f3n de Mujer y Equidad de G\u00e9nero - 19 de Enero 2026\" width=\"1140\" height=\"641\" src=\"https:\/\/www.youtube.com\/embed\/dFlOy3N35nU?start=3230&#038;feature=oembed\" frameborder=\"0\" allow=\"accelerometer; autoplay; clipboard-write; encrypted-media; gyroscope; picture-in-picture; web-share\" referrerpolicy=\"strict-origin-when-cross-origin\" allowfullscreen><\/iframe>\n<\/div><\/figure>\n\n\n\n<figure class=\"wp-block-embed is-type-video is-provider-youtube wp-block-embed-youtube wp-embed-aspect-16-9 wp-has-aspect-ratio\"><div class=\"wp-block-embed__wrapper\">\n<iframe loading=\"lazy\" title=\"Comisi\u00f3n de Familia, Infancia y Adolescencia - 16 de Diciembre 2025\" width=\"1140\" height=\"641\" src=\"https:\/\/www.youtube.com\/embed\/scMN_x-VtuQ?feature=oembed\" frameborder=\"0\" allow=\"accelerometer; autoplay; clipboard-write; encrypted-media; gyroscope; picture-in-picture; web-share\" referrerpolicy=\"strict-origin-when-cross-origin\" allowfullscreen><\/iframe>\n<\/div><\/figure>\n","protected":false},"excerpt":{"rendered":"<p>Con el objetivo de ser un espacio de encuentro entre investigadores, acad\u00e9micos y miembros del Congreso para promover la generaci\u00f3n de leyes basadas en evidencia e investigaci\u00f3n, Vincula se ha convertido en un ejemplo de \u00e9xito de la cultura de la evidencia Uandes en las pol\u00edticas p\u00fablicas.<\/p>\n","protected":false},"author":1,"featured_media":7244,"comment_status":"closed","ping_status":"closed","sticky":false,"template":"","format":"standard","meta":{"inline_featured_image":false,"footnotes":""},"categories":[1,4],"tags":[],"class_list":["post-7240","post","type-post","status-publish","format-standard","has-post-thumbnail","hentry","category-investigacion","category-pensamiento"],"yoast_head":"<!-- This site is optimized with the Yoast SEO plugin v24.7 - https:\/\/yoast.com\/wordpress\/plugins\/seo\/ -->\n<title>Impactar con sentido: investigadores Uandes unen la academia y el Congreso - Investiga UANDES<\/title>\n<meta name=\"robots\" content=\"index, follow, max-snippet:-1, max-image-preview:large, max-video-preview:-1\" \/>\n<link rel=\"canonical\" href=\"https:\/\/investiga.uandes.cl\/es\/impactar-con-sentido-investigadores-uandes-unen-la-academia-y-el-congreso\/\" \/>\n<meta property=\"og:locale\" content=\"es_ES\" \/>\n<meta property=\"og:type\" content=\"article\" \/>\n<meta property=\"og:title\" content=\"Impactar con sentido: investigadores Uandes unen la academia y el Congreso - Investiga UANDES\" \/>\n<meta property=\"og:description\" content=\"Con el objetivo de ser un espacio de encuentro entre investigadores, acad\u00e9micos y miembros del Congreso para promover la generaci\u00f3n de leyes basadas en evidencia e investigaci\u00f3n, Vincula se ha convertido en un ejemplo de \u00e9xito de la cultura de la evidencia Uandes en las pol\u00edticas p\u00fablicas.\" \/>\n<meta property=\"og:url\" content=\"https:\/\/investiga.uandes.cl\/es\/impactar-con-sentido-investigadores-uandes-unen-la-academia-y-el-congreso\/\" \/>\n<meta property=\"og:site_name\" content=\"Investiga UANDES\" \/>\n<meta property=\"article:published_time\" content=\"2026-02-05T16:53:03+00:00\" \/>\n<meta property=\"article:modified_time\" content=\"2026-03-17T14:42:50+00:00\" \/>\n<meta property=\"og:image\" content=\"https:\/\/investiga.uandes.cl\/wp-content\/uploads\/2026\/02\/Imagen2-scaled.jpg\" \/>\n\t<meta property=\"og:image:width\" content=\"2560\" \/>\n\t<meta property=\"og:image:height\" content=\"1443\" \/>\n\t<meta property=\"og:image:type\" content=\"image\/jpeg\" \/>\n<meta name=\"author\" content=\"Universidad de los Andes\" \/>\n<meta name=\"twitter:card\" content=\"summary_large_image\" \/>\n<meta name=\"twitter:label1\" content=\"Escrito por\" \/>\n\t<meta name=\"twitter:data1\" content=\"Universidad de los Andes\" \/>\n\t<meta name=\"twitter:label2\" content=\"Tiempo estimado de lectura\" \/>\n\t<meta name=\"twitter:data2\" content=\"4 minutos\" \/>\n<script type=\"application\/ld+json\" class=\"yoast-schema-graph\">{\"@context\":\"https:\/\/schema.org\",\"@graph\":[{\"@type\":\"Article\",\"@id\":\"https:\/\/investiga.uandes.cl\/impactar-con-sentido-investigadores-uandes-unen-la-academia-y-el-congreso\/#article\",\"isPartOf\":{\"@id\":\"https:\/\/investiga.uandes.cl\/impactar-con-sentido-investigadores-uandes-unen-la-academia-y-el-congreso\/\"},\"author\":{\"name\":\"Universidad de los Andes\",\"@id\":\"https:\/\/investiga.uandes.cl\/#\/schema\/person\/98e4042261f6d20b73b4e8cae8ff4495\"},\"headline\":\"Impactar con sentido: investigadores Uandes unen la academia y el Congreso\",\"datePublished\":\"2026-02-05T16:53:03+00:00\",\"dateModified\":\"2026-03-17T14:42:50+00:00\",\"mainEntityOfPage\":{\"@id\":\"https:\/\/investiga.uandes.cl\/impactar-con-sentido-investigadores-uandes-unen-la-academia-y-el-congreso\/\"},\"wordCount\":866,\"publisher\":{\"@id\":\"https:\/\/investiga.uandes.cl\/#organization\"},\"image\":{\"@id\":\"https:\/\/investiga.uandes.cl\/impactar-con-sentido-investigadores-uandes-unen-la-academia-y-el-congreso\/#primaryimage\"},\"thumbnailUrl\":\"https:\/\/investiga.uandes.cl\/wp-content\/uploads\/2026\/02\/Imagen2-scaled.jpg\",\"articleSection\":[\"Investigaci\u00f3n\",\"Pensamiento y Sociedad\"],\"inLanguage\":\"es-CL\"},{\"@type\":\"WebPage\",\"@id\":\"https:\/\/investiga.uandes.cl\/impactar-con-sentido-investigadores-uandes-unen-la-academia-y-el-congreso\/\",\"url\":\"https:\/\/investiga.uandes.cl\/impactar-con-sentido-investigadores-uandes-unen-la-academia-y-el-congreso\/\",\"name\":\"Impactar con sentido: investigadores Uandes unen la academia y el Congreso - Investiga UANDES\",\"isPartOf\":{\"@id\":\"https:\/\/investiga.uandes.cl\/#website\"},\"primaryImageOfPage\":{\"@id\":\"https:\/\/investiga.uandes.cl\/impactar-con-sentido-investigadores-uandes-unen-la-academia-y-el-congreso\/#primaryimage\"},\"image\":{\"@id\":\"https:\/\/investiga.uandes.cl\/impactar-con-sentido-investigadores-uandes-unen-la-academia-y-el-congreso\/#primaryimage\"},\"thumbnailUrl\":\"https:\/\/investiga.uandes.cl\/wp-content\/uploads\/2026\/02\/Imagen2-scaled.jpg\",\"datePublished\":\"2026-02-05T16:53:03+00:00\",\"dateModified\":\"2026-03-17T14:42:50+00:00\",\"breadcrumb\":{\"@id\":\"https:\/\/investiga.uandes.cl\/impactar-con-sentido-investigadores-uandes-unen-la-academia-y-el-congreso\/#breadcrumb\"},\"inLanguage\":\"es-CL\",\"potentialAction\":[{\"@type\":\"ReadAction\",\"target\":[\"https:\/\/investiga.uandes.cl\/impactar-con-sentido-investigadores-uandes-unen-la-academia-y-el-congreso\/\"]}]},{\"@type\":\"ImageObject\",\"inLanguage\":\"es-CL\",\"@id\":\"https:\/\/investiga.uandes.cl\/impactar-con-sentido-investigadores-uandes-unen-la-academia-y-el-congreso\/#primaryimage\",\"url\":\"https:\/\/investiga.uandes.cl\/wp-content\/uploads\/2026\/02\/Imagen2-scaled.jpg\",\"contentUrl\":\"https:\/\/investiga.uandes.cl\/wp-content\/uploads\/2026\/02\/Imagen2-scaled.jpg\",\"width\":2560,\"height\":1443},{\"@type\":\"BreadcrumbList\",\"@id\":\"https:\/\/investiga.uandes.cl\/impactar-con-sentido-investigadores-uandes-unen-la-academia-y-el-congreso\/#breadcrumb\",\"itemListElement\":[{\"@type\":\"ListItem\",\"position\":1,\"name\":\"Portada\",\"item\":\"https:\/\/investiga.uandes.cl\/\"},{\"@type\":\"ListItem\",\"position\":2,\"name\":\"Impactar con sentido: investigadores Uandes unen la academia y el Congreso\"}]},{\"@type\":\"WebSite\",\"@id\":\"https:\/\/investiga.uandes.cl\/#website\",\"url\":\"https:\/\/investiga.uandes.cl\/\",\"name\":\"Investiga UANDES\",\"description\":\"Investigaci\u00f3n, Universidad de los Andes\",\"publisher\":{\"@id\":\"https:\/\/investiga.uandes.cl\/#organization\"},\"potentialAction\":[{\"@type\":\"SearchAction\",\"target\":{\"@type\":\"EntryPoint\",\"urlTemplate\":\"https:\/\/investiga.uandes.cl\/?s={search_term_string}\"},\"query-input\":{\"@type\":\"PropertyValueSpecification\",\"valueRequired\":true,\"valueName\":\"search_term_string\"}}],\"inLanguage\":\"es-CL\"},{\"@type\":\"Organization\",\"@id\":\"https:\/\/investiga.uandes.cl\/#organization\",\"name\":\"Investiga UANDES\",\"url\":\"https:\/\/investiga.uandes.cl\/\",\"logo\":{\"@type\":\"ImageObject\",\"inLanguage\":\"es-CL\",\"@id\":\"https:\/\/investiga.uandes.cl\/#\/schema\/logo\/image\/\",\"url\":\"https:\/\/investiga.uandes.cl\/wp-content\/uploads\/2025\/03\/investiga_uandes.jpg\",\"contentUrl\":\"https:\/\/investiga.uandes.cl\/wp-content\/uploads\/2025\/03\/investiga_uandes.jpg\",\"width\":2000,\"height\":771,\"caption\":\"Investiga UANDES\"},\"image\":{\"@id\":\"https:\/\/investiga.uandes.cl\/#\/schema\/logo\/image\/\"}},{\"@type\":\"Person\",\"@id\":\"https:\/\/investiga.uandes.cl\/#\/schema\/person\/98e4042261f6d20b73b4e8cae8ff4495\",\"name\":\"Universidad de los Andes\",\"sameAs\":[\"https:\/\/test.uandes.cl\"],\"url\":\"https:\/\/investiga.uandes.cl\/es\/author\/admin\/\"}]}<\/script>\n<!-- \/ Yoast SEO plugin. -->","yoast_head_json":{"title":"Impactar con sentido: investigadores Uandes unen la academia y el Congreso - Investiga UANDES","robots":{"index":"index","follow":"follow","max-snippet":"max-snippet:-1","max-image-preview":"max-image-preview:large","max-video-preview":"max-video-preview:-1"},"canonical":"https:\/\/investiga.uandes.cl\/es\/impactar-con-sentido-investigadores-uandes-unen-la-academia-y-el-congreso\/","og_locale":"es_ES","og_type":"article","og_title":"Impactar con sentido: investigadores Uandes unen la academia y el Congreso - Investiga UANDES","og_description":"Con el objetivo de ser un espacio de encuentro entre investigadores, acad\u00e9micos y miembros del Congreso para promover la generaci\u00f3n de leyes basadas en evidencia e investigaci\u00f3n, Vincula se ha convertido en un ejemplo de \u00e9xito de la cultura de la evidencia Uandes en las pol\u00edticas p\u00fablicas.","og_url":"https:\/\/investiga.uandes.cl\/es\/impactar-con-sentido-investigadores-uandes-unen-la-academia-y-el-congreso\/","og_site_name":"Investiga UANDES","article_published_time":"2026-02-05T16:53:03+00:00","article_modified_time":"2026-03-17T14:42:50+00:00","og_image":[{"width":2560,"height":1443,"url":"https:\/\/investiga.uandes.cl\/wp-content\/uploads\/2026\/02\/Imagen2-scaled.jpg","type":"image\/jpeg"}],"author":"Universidad de los Andes","twitter_card":"summary_large_image","twitter_misc":{"Escrito por":"Universidad de los Andes","Tiempo estimado de lectura":"4 minutos"},"schema":{"@context":"https:\/\/schema.org","@graph":[{"@type":"Article","@id":"https:\/\/investiga.uandes.cl\/impactar-con-sentido-investigadores-uandes-unen-la-academia-y-el-congreso\/#article","isPartOf":{"@id":"https:\/\/investiga.uandes.cl\/impactar-con-sentido-investigadores-uandes-unen-la-academia-y-el-congreso\/"},"author":{"name":"Universidad de los Andes","@id":"https:\/\/investiga.uandes.cl\/#\/schema\/person\/98e4042261f6d20b73b4e8cae8ff4495"},"headline":"Impactar con sentido: investigadores Uandes unen la academia y el Congreso","datePublished":"2026-02-05T16:53:03+00:00","dateModified":"2026-03-17T14:42:50+00:00","mainEntityOfPage":{"@id":"https:\/\/investiga.uandes.cl\/impactar-con-sentido-investigadores-uandes-unen-la-academia-y-el-congreso\/"},"wordCount":866,"publisher":{"@id":"https:\/\/investiga.uandes.cl\/#organization"},"image":{"@id":"https:\/\/investiga.uandes.cl\/impactar-con-sentido-investigadores-uandes-unen-la-academia-y-el-congreso\/#primaryimage"},"thumbnailUrl":"https:\/\/investiga.uandes.cl\/wp-content\/uploads\/2026\/02\/Imagen2-scaled.jpg","articleSection":["Investigaci\u00f3n","Pensamiento y Sociedad"],"inLanguage":"es-CL"},{"@type":"WebPage","@id":"https:\/\/investiga.uandes.cl\/impactar-con-sentido-investigadores-uandes-unen-la-academia-y-el-congreso\/","url":"https:\/\/investiga.uandes.cl\/impactar-con-sentido-investigadores-uandes-unen-la-academia-y-el-congreso\/","name":"Impactar con sentido: investigadores Uandes unen la academia y el Congreso - Investiga UANDES","isPartOf":{"@id":"https:\/\/investiga.uandes.cl\/#website"},"primaryImageOfPage":{"@id":"https:\/\/investiga.uandes.cl\/impactar-con-sentido-investigadores-uandes-unen-la-academia-y-el-congreso\/#primaryimage"},"image":{"@id":"https:\/\/investiga.uandes.cl\/impactar-con-sentido-investigadores-uandes-unen-la-academia-y-el-congreso\/#primaryimage"},"thumbnailUrl":"https:\/\/investiga.uandes.cl\/wp-content\/uploads\/2026\/02\/Imagen2-scaled.jpg","datePublished":"2026-02-05T16:53:03+00:00","dateModified":"2026-03-17T14:42:50+00:00","breadcrumb":{"@id":"https:\/\/investiga.uandes.cl\/impactar-con-sentido-investigadores-uandes-unen-la-academia-y-el-congreso\/#breadcrumb"},"inLanguage":"es-CL","potentialAction":[{"@type":"ReadAction","target":["https:\/\/investiga.uandes.cl\/impactar-con-sentido-investigadores-uandes-unen-la-academia-y-el-congreso\/"]}]},{"@type":"ImageObject","inLanguage":"es-CL","@id":"https:\/\/investiga.uandes.cl\/impactar-con-sentido-investigadores-uandes-unen-la-academia-y-el-congreso\/#primaryimage","url":"https:\/\/investiga.uandes.cl\/wp-content\/uploads\/2026\/02\/Imagen2-scaled.jpg","contentUrl":"https:\/\/investiga.uandes.cl\/wp-content\/uploads\/2026\/02\/Imagen2-scaled.jpg","width":2560,"height":1443},{"@type":"BreadcrumbList","@id":"https:\/\/investiga.uandes.cl\/impactar-con-sentido-investigadores-uandes-unen-la-academia-y-el-congreso\/#breadcrumb","itemListElement":[{"@type":"ListItem","position":1,"name":"Portada","item":"https:\/\/investiga.uandes.cl\/"},{"@type":"ListItem","position":2,"name":"Impactar con sentido: investigadores Uandes unen la academia y el Congreso"}]},{"@type":"WebSite","@id":"https:\/\/investiga.uandes.cl\/#website","url":"https:\/\/investiga.uandes.cl\/","name":"Investiga UANDES","description":"Investigaci\u00f3n, Universidad de los Andes","publisher":{"@id":"https:\/\/investiga.uandes.cl\/#organization"},"potentialAction":[{"@type":"SearchAction","target":{"@type":"EntryPoint","urlTemplate":"https:\/\/investiga.uandes.cl\/?s={search_term_string}"},"query-input":{"@type":"PropertyValueSpecification","valueRequired":true,"valueName":"search_term_string"}}],"inLanguage":"es-CL"},{"@type":"Organization","@id":"https:\/\/investiga.uandes.cl\/#organization","name":"Investiga UANDES","url":"https:\/\/investiga.uandes.cl\/","logo":{"@type":"ImageObject","inLanguage":"es-CL","@id":"https:\/\/investiga.uandes.cl\/#\/schema\/logo\/image\/","url":"https:\/\/investiga.uandes.cl\/wp-content\/uploads\/2025\/03\/investiga_uandes.jpg","contentUrl":"https:\/\/investiga.uandes.cl\/wp-content\/uploads\/2025\/03\/investiga_uandes.jpg","width":2000,"height":771,"caption":"Investiga UANDES"},"image":{"@id":"https:\/\/investiga.uandes.cl\/#\/schema\/logo\/image\/"}},{"@type":"Person","@id":"https:\/\/investiga.uandes.cl\/#\/schema\/person\/98e4042261f6d20b73b4e8cae8ff4495","name":"Universidad de los Andes","sameAs":["https:\/\/test.uandes.cl"],"url":"https:\/\/investiga.uandes.cl\/es\/author\/admin\/"}]}},"_links":{"self":[{"href":"https:\/\/investiga.uandes.cl\/es\/wp-json\/wp\/v2\/posts\/7240","targetHints":{"allow":["GET"]}}],"collection":[{"href":"https:\/\/investiga.uandes.cl\/es\/wp-json\/wp\/v2\/posts"}],"about":[{"href":"https:\/\/investiga.uandes.cl\/es\/wp-json\/wp\/v2\/types\/post"}],"author":[{"embeddable":true,"href":"https:\/\/investiga.uandes.cl\/es\/wp-json\/wp\/v2\/users\/1"}],"replies":[{"embeddable":true,"href":"https:\/\/investiga.uandes.cl\/es\/wp-json\/wp\/v2\/comments?post=7240"}],"version-history":[{"count":13,"href":"https:\/\/investiga.uandes.cl\/es\/wp-json\/wp\/v2\/posts\/7240\/revisions"}],"predecessor-version":[{"id":7600,"href":"https:\/\/investiga.uandes.cl\/es\/wp-json\/wp\/v2\/posts\/7240\/revisions\/7600"}],"wp:featuredmedia":[{"embeddable":true,"href":"https:\/\/investiga.uandes.cl\/es\/wp-json\/wp\/v2\/media\/7244"}],"wp:attachment":[{"href":"https:\/\/investiga.uandes.cl\/es\/wp-json\/wp\/v2\/media?parent=7240"}],"wp:term":[{"taxonomy":"category","embeddable":true,"href":"https:\/\/investiga.uandes.cl\/es\/wp-json\/wp\/v2\/categories?post=7240"},{"taxonomy":"post_tag","embeddable":true,"href":"https:\/\/investiga.uandes.cl\/es\/wp-json\/wp\/v2\/tags?post=7240"}],"curies":[{"name":"wp","href":"https:\/\/api.w.org\/{rel}","templated":true}]}}