{"id":7181,"date":"2026-02-03T16:03:35","date_gmt":"2026-02-03T19:03:35","guid":{"rendered":"https:\/\/investiga.uandes.cl\/?p=7181"},"modified":"2026-04-24T15:45:15","modified_gmt":"2026-04-24T18:45:15","slug":"fortalecimiento-de-investigacion-de-excelencia-talentos-consolidados-llegan-a-potenciar-produccion-cientifica-en-la-uandes","status":"publish","type":"post","link":"https:\/\/investiga.uandes.cl\/es\/fortalecimiento-de-investigacion-de-excelencia-talentos-consolidados-llegan-a-potenciar-produccion-cientifica-en-la-uandes\/","title":{"rendered":"La universidad impulsa la investigaci\u00f3n con la llegada de nuevos profesores para fortalecer la generaci\u00f3n de conocimiento con impacto"},"content":{"rendered":"\n<p>El nuevo <strong>Programa de Investigaci\u00f3n de Excelencia<\/strong> de la Universidad financiar\u00e1 hasta 30 profesores investigadores con doctorado con una subvenci\u00f3n anual, para integrarse como profesores a la comunidad acad\u00e9mica Uandes, potenciando la colaboraci\u00f3n en proyectos de investigaci\u00f3n. Tras el primer a\u00f1o, esta iniciativa permiti\u00f3&nbsp;fortalecer las \u00e1reas de la <a href=\"https:\/\/investigadores.uandes.cl\/en\/organisations\/facultad-de-derecho\/\">Facultad de Derecho<\/a>, de la <a href=\"https:\/\/investigadores.uandes.cl\/en\/organisations\/kinesiolog%C3%ADa\/\">Escuela de Kinesiolog\u00eda<\/a>, de la <a href=\"https:\/\/investigadores.uandes.cl\/en\/organisations\/facultad-de-medicina\/\">Facultad de Medicina<\/a>, de la <a href=\"https:\/\/investigadores.uandes.cl\/en\/organisations\/facultad-de-odontolog%C3%ADa\/\">Facultad de Odontolog\u00eda<\/a> y de la <a href=\"https:\/\/investigadores.uandes.cl\/en\/organisations\/facultad-de-enfermer%C3%ADa-y-obstetricia\/\">Facultad de Enfermer\u00eda y Obstetricia<\/a>.<\/p>\n\n\n\n<p>El fondo considera la contrataci\u00f3n de un investigador para que realice sus labores al alero de la unidad acad\u00e9mica que haya realizado la postulaci\u00f3n, quien tendr\u00e1 dentro de sus funciones el <strong>desarrollo de una l\u00ednea de investigaci\u00f3n, junto con la publicaci\u00f3n y adjudicaci\u00f3n de proyectos.<\/strong> El objetivo es <strong>incrementar la producci\u00f3n cient\u00edfica y fortalecer la capacidad de investigaci\u00f3n de excelencia de la Universidad<\/strong> y la incorporaci\u00f3n de profesores investigadores con trayectoria que contribuir\u00e1n a la formaci\u00f3n avanzada de estudiantes de posgrado, desarrollando nuevas \u00e1reas de investigaci\u00f3n, promoviendo la interdisciplina y fortaleciendo la obtenci\u00f3n de financiamiento externo.<\/p>\n\n\n\n<figure class=\"wp-block-embed is-type-video is-provider-youtube wp-block-embed-youtube wp-embed-aspect-16-9 wp-has-aspect-ratio\"><div class=\"wp-block-embed__wrapper\">\n<iframe loading=\"lazy\" title=\"Investigaci\u00f3n en la Uandes | Experiencia en el Programa de Fortalecimiento en Investigaci\u00f3n\" width=\"1140\" height=\"641\" src=\"https:\/\/www.youtube.com\/embed\/fqShbaSh6xk?feature=oembed\" frameborder=\"0\" allow=\"accelerometer; autoplay; clipboard-write; encrypted-media; gyroscope; picture-in-picture; web-share\" referrerpolicy=\"strict-origin-when-cross-origin\" allowfullscreen><\/iframe>\n<\/div><\/figure>\n\n\n\n<figure class=\"wp-block-image size-full\"><img loading=\"lazy\" decoding=\"async\" width=\"1\" height=\"1\" src=\"https:\/\/investiga.uandes.cl\/wp-content\/uploads\/2026\/02\/image.gif\" alt=\"\" class=\"wp-image-7576\"\/><\/figure>\n\n\n\n<blockquote class=\"wp-block-quote is-layout-flow wp-block-quote-is-layout-flow\">\n<p class=\"has-text-align-center has-medium-font-size\">\u201cCreemos que, a trav\u00e9s de este programa, ser\u00e1 posible generar un impacto significativo en el desarrollo de la investigaci\u00f3n en la universidad, favoreciendo un mayor posicionamiento nacional e internacional en este \u00e1mbito y la transferencia de conocimiento con impacto concreto en la sociedad. El primer concurso permiti\u00f3 incorporar profesores con una activa trayectoria en investigaci\u00f3n, quienes han contribuido al fortalecimiento de las l\u00edneas de trabajo de nuestras facultades\u201d, asegura <a href=\"https:\/\/investigadores.uandes.cl\/en\/persons\/javier-ignacio-enrione\/\">Javier Enrione, vicerrector de Investigaci\u00f3n<\/a>.&nbsp;<\/p>\n<\/blockquote>\n\n\n\n<p><a href=\"https:\/\/investigadores.uandes.cl\/\">La universidad cuenta con 256 profesores investigadores<\/a>, 526 publicaciones anuales y 98 proyectos <a href=\"https:\/\/anid.cl\/proyectos-de-investigacion\/fondecyt-regular\/\">Fondecyt<\/a> activos, cifras que reflejan un crecimiento sostenido. Sin embargo, la Uandes busca seguir creciendo mediante la incorporaci\u00f3n progresiva de nuevos investigadores con trayectoria consolidada en diversas l\u00edneas de investigaci\u00f3n, con el fin de fortalecer su investigaci\u00f3n de excelencia en las distintas \u00e1reas del saber.<\/p>\n\n\n\n<p>El programa considera la incorporaci\u00f3n gradual de investigadores comenzando con cuatro nuevos acad\u00e9micos durante los dos primeros a\u00f1os, seguido de seis incorporaciones anuales en 2027 y 2028, y cinco en 2029 y 2030, completando as\u00ed los 30, en funci\u00f3n de la compatibilidad del candidato con el plan de desarrollo de cada Facultad.<\/p>\n\n\n\n<p style=\"font-size:20px\"><strong>\u00bfC\u00f3mo y cu\u00e1ndo postular?<\/strong><\/p>\n\n\n\n<p>La convocatoria para el a\u00f1o 2026 estar\u00e1 abierta hasta el 30 de mayo para todas las unidades acad\u00e9micas interesadas en impulsar su capacidad investigativa y atraer talento de alto nivel.<\/p>\n\n\n\n<p>\u201cEn este nuevo llamado, el concurso permite incorporar tanto investigadores j\u00f3venes como acad\u00e9micos m\u00e1s consolidados, contribuyendo a enriquecer y fortalecer el proyecto acad\u00e9mico de cada facultad\u201d, asegur\u00f3 el vicerrector de Investigaci\u00f3n.<\/p>\n\n\n\n<ul class=\"wp-block-list\">\n<li><strong>Objetivo:<\/strong> Incorporar profesores investigadores con trayectoria para potenciar unidades acad\u00e9micas.<\/li>\n\n\n\n<li><strong>Implementaci\u00f3n:<\/strong> Iniciado en 2024, financia la contrataci\u00f3n de investigadores que desarrollan l\u00edneas de investigaci\u00f3n, publican y adjudican proyectos.<\/li>\n\n\n\n<li><strong>Resultados tempranos:<\/strong> Ha beneficiado a facultades como Derecho, Medicina (Kinesiolog\u00eda), Odontolog\u00eda y Enfermer\u00eda y Obstetricia.<\/li>\n\n\n\n<li><strong>Impacto:<\/strong> Busca elevar la calidad y el impacto de la investigaci\u00f3n dentro de la <a href=\"https:\/\/www.uandes.cl\/noticias\/programa-de-fortalecimiento-en-investigacion-de-excelencia-primeros-academicos-beneficiados-fortalecen-areas-prioritarias-para-la-uandes\/\" target=\"_blank\" rel=\"noreferrer noopener\">UANDES<\/a>.&nbsp;<a href=\"https:\/\/investiga.uandes.cl\/es\/category\/investigacion\/#:~:text=Nuevos%20investigadores%20llegan%20a%20fortalecer%20la%20producci%C3%B3n%20cient%C3%ADfica%20de%20excelencia%20en%20la%20Uandes.&amp;text=La%20Vicerrector%C3%ADa%20de%20Investigaci%C3%B3n%20y%20la%20Direcci%C3%B3n,permitir%C3%A1%20la%20llegada%20de%2030%20nuevos%20acad%C3%A9micos.\" target=\"_blank\" rel=\"noreferrer noopener\"><\/a><\/li>\n<\/ul>\n\n\n\n<figure class=\"wp-block-embed is-type-video is-provider-youtube wp-block-embed-youtube wp-embed-aspect-16-9 wp-has-aspect-ratio\"><div class=\"wp-block-embed__wrapper\">\n<iframe loading=\"lazy\" title=\"Programa de Fortalecimiento en Investigaci\u00f3n de Excelencia Uandes\" width=\"1140\" height=\"641\" src=\"https:\/\/www.youtube.com\/embed\/9OH8b_vXGXM?feature=oembed\" frameborder=\"0\" allow=\"accelerometer; autoplay; clipboard-write; encrypted-media; gyroscope; picture-in-picture; web-share\" referrerpolicy=\"strict-origin-when-cross-origin\" allowfullscreen><\/iframe>\n<\/div><\/figure>\n\n\n\n<figure class=\"wp-block-embed is-type-video is-provider-youtube wp-block-embed-youtube wp-embed-aspect-16-9 wp-has-aspect-ratio\"><div class=\"wp-block-embed__wrapper\">\n<iframe loading=\"lazy\" title=\"Investigaci\u00f3n en la Uandes | C\u00f3mo el Programa de Fortalecimiento impulsa la investigaci\u00f3n en salud\" width=\"1140\" height=\"641\" src=\"https:\/\/www.youtube.com\/embed\/vGqv8Dgu-cg?feature=oembed\" frameborder=\"0\" allow=\"accelerometer; autoplay; clipboard-write; encrypted-media; gyroscope; picture-in-picture; web-share\" referrerpolicy=\"strict-origin-when-cross-origin\" allowfullscreen><\/iframe>\n<\/div><\/figure>\n","protected":false},"excerpt":{"rendered":"<p>La Vicerrector\u00eda de Investigaci\u00f3n y la Direcci\u00f3n de Investigaci\u00f3n y Doctorado pusieron en marcha el Programa de Fortalecimiento en Investigaci\u00f3n de Excelencia, que permitir\u00e1 la llegada de 30 nuevos acad\u00e9micos.<\/p>\n","protected":false},"author":1,"featured_media":7635,"comment_status":"closed","ping_status":"closed","sticky":false,"template":"","format":"standard","meta":{"inline_featured_image":false,"footnotes":""},"categories":[2,1,28],"tags":[20,27],"class_list":["post-7181","post","type-post","status-publish","format-standard","has-post-thumbnail","hentry","category-ciencia","category-investigacion","category-nuevos-proyectos","tag-20","tag-nuestros-investigadores"],"yoast_head":"<!-- This site is optimized with the Yoast SEO plugin v24.7 - https:\/\/yoast.com\/wordpress\/plugins\/seo\/ -->\n<title>La universidad impulsa la investigaci\u00f3n con la llegada de nuevos profesores para fortalecer la generaci\u00f3n de conocimiento con impacto - Investiga UANDES<\/title>\n<meta name=\"robots\" content=\"index, follow, max-snippet:-1, max-image-preview:large, max-video-preview:-1\" \/>\n<link rel=\"canonical\" href=\"https:\/\/investiga.uandes.cl\/es\/fortalecimiento-de-investigacion-de-excelencia-talentos-consolidados-llegan-a-potenciar-produccion-cientifica-en-la-uandes\/\" \/>\n<meta property=\"og:locale\" content=\"es_ES\" \/>\n<meta property=\"og:type\" content=\"article\" \/>\n<meta property=\"og:title\" content=\"La universidad impulsa la investigaci\u00f3n con la llegada de nuevos profesores para fortalecer la generaci\u00f3n de conocimiento con impacto - Investiga UANDES\" \/>\n<meta property=\"og:description\" content=\"La Vicerrector\u00eda de Investigaci\u00f3n y la Direcci\u00f3n de Investigaci\u00f3n y Doctorado pusieron en marcha el Programa de Fortalecimiento en Investigaci\u00f3n de Excelencia, que permitir\u00e1 la llegada de 30 nuevos acad\u00e9micos.\" \/>\n<meta property=\"og:url\" content=\"https:\/\/investiga.uandes.cl\/es\/fortalecimiento-de-investigacion-de-excelencia-talentos-consolidados-llegan-a-potenciar-produccion-cientifica-en-la-uandes\/\" \/>\n<meta property=\"og:site_name\" content=\"Investiga UANDES\" \/>\n<meta property=\"article:published_time\" content=\"2026-02-03T19:03:35+00:00\" \/>\n<meta property=\"article:modified_time\" content=\"2026-04-24T18:45:15+00:00\" \/>\n<meta property=\"og:image\" content=\"https:\/\/investiga.uandes.cl\/wp-content\/uploads\/2026\/02\/WhatsApp-Image-2026-04-15-at-16.29.31.jpeg\" \/>\n\t<meta property=\"og:image:width\" content=\"2560\" \/>\n\t<meta property=\"og:image:height\" content=\"1706\" \/>\n\t<meta property=\"og:image:type\" content=\"image\/jpeg\" \/>\n<meta name=\"author\" content=\"Universidad de los Andes\" \/>\n<meta name=\"twitter:card\" content=\"summary_large_image\" \/>\n<meta name=\"twitter:label1\" content=\"Escrito por\" \/>\n\t<meta name=\"twitter:data1\" content=\"Universidad de los Andes\" \/>\n\t<meta name=\"twitter:label2\" content=\"Tiempo estimado de lectura\" \/>\n\t<meta name=\"twitter:data2\" content=\"3 minutos\" \/>\n<script type=\"application\/ld+json\" class=\"yoast-schema-graph\">{\"@context\":\"https:\/\/schema.org\",\"@graph\":[{\"@type\":\"Article\",\"@id\":\"https:\/\/investiga.uandes.cl\/fortalecimiento-de-investigacion-de-excelencia-talentos-consolidados-llegan-a-potenciar-produccion-cientifica-en-la-uandes\/#article\",\"isPartOf\":{\"@id\":\"https:\/\/investiga.uandes.cl\/fortalecimiento-de-investigacion-de-excelencia-talentos-consolidados-llegan-a-potenciar-produccion-cientifica-en-la-uandes\/\"},\"author\":{\"name\":\"Universidad de los Andes\",\"@id\":\"https:\/\/investiga.uandes.cl\/#\/schema\/person\/98e4042261f6d20b73b4e8cae8ff4495\"},\"headline\":\"La universidad impulsa la investigaci\u00f3n con la llegada de nuevos profesores para fortalecer la generaci\u00f3n de conocimiento con impacto\",\"datePublished\":\"2026-02-03T19:03:35+00:00\",\"dateModified\":\"2026-04-24T18:45:15+00:00\",\"mainEntityOfPage\":{\"@id\":\"https:\/\/investiga.uandes.cl\/fortalecimiento-de-investigacion-de-excelencia-talentos-consolidados-llegan-a-potenciar-produccion-cientifica-en-la-uandes\/\"},\"wordCount\":570,\"publisher\":{\"@id\":\"https:\/\/investiga.uandes.cl\/#organization\"},\"image\":{\"@id\":\"https:\/\/investiga.uandes.cl\/fortalecimiento-de-investigacion-de-excelencia-talentos-consolidados-llegan-a-potenciar-produccion-cientifica-en-la-uandes\/#primaryimage\"},\"thumbnailUrl\":\"https:\/\/investiga.uandes.cl\/wp-content\/uploads\/2026\/02\/WhatsApp-Image-2026-04-15-at-16.29.31.jpeg\",\"keywords\":[\"1\",\"Nuestros Investigadores\"],\"articleSection\":[\"Ciencia y Tecnolog\u00eda\",\"Investigaci\u00f3n\",\"Nuevos Proyectos\"],\"inLanguage\":\"es-CL\"},{\"@type\":\"WebPage\",\"@id\":\"https:\/\/investiga.uandes.cl\/fortalecimiento-de-investigacion-de-excelencia-talentos-consolidados-llegan-a-potenciar-produccion-cientifica-en-la-uandes\/\",\"url\":\"https:\/\/investiga.uandes.cl\/fortalecimiento-de-investigacion-de-excelencia-talentos-consolidados-llegan-a-potenciar-produccion-cientifica-en-la-uandes\/\",\"name\":\"La universidad impulsa la investigaci\u00f3n con la llegada de nuevos profesores para fortalecer la generaci\u00f3n de conocimiento con impacto - Investiga UANDES\",\"isPartOf\":{\"@id\":\"https:\/\/investiga.uandes.cl\/#website\"},\"primaryImageOfPage\":{\"@id\":\"https:\/\/investiga.uandes.cl\/fortalecimiento-de-investigacion-de-excelencia-talentos-consolidados-llegan-a-potenciar-produccion-cientifica-en-la-uandes\/#primaryimage\"},\"image\":{\"@id\":\"https:\/\/investiga.uandes.cl\/fortalecimiento-de-investigacion-de-excelencia-talentos-consolidados-llegan-a-potenciar-produccion-cientifica-en-la-uandes\/#primaryimage\"},\"thumbnailUrl\":\"https:\/\/investiga.uandes.cl\/wp-content\/uploads\/2026\/02\/WhatsApp-Image-2026-04-15-at-16.29.31.jpeg\",\"datePublished\":\"2026-02-03T19:03:35+00:00\",\"dateModified\":\"2026-04-24T18:45:15+00:00\",\"breadcrumb\":{\"@id\":\"https:\/\/investiga.uandes.cl\/fortalecimiento-de-investigacion-de-excelencia-talentos-consolidados-llegan-a-potenciar-produccion-cientifica-en-la-uandes\/#breadcrumb\"},\"inLanguage\":\"es-CL\",\"potentialAction\":[{\"@type\":\"ReadAction\",\"target\":[\"https:\/\/investiga.uandes.cl\/fortalecimiento-de-investigacion-de-excelencia-talentos-consolidados-llegan-a-potenciar-produccion-cientifica-en-la-uandes\/\"]}]},{\"@type\":\"ImageObject\",\"inLanguage\":\"es-CL\",\"@id\":\"https:\/\/investiga.uandes.cl\/fortalecimiento-de-investigacion-de-excelencia-talentos-consolidados-llegan-a-potenciar-produccion-cientifica-en-la-uandes\/#primaryimage\",\"url\":\"https:\/\/investiga.uandes.cl\/wp-content\/uploads\/2026\/02\/WhatsApp-Image-2026-04-15-at-16.29.31.jpeg\",\"contentUrl\":\"https:\/\/investiga.uandes.cl\/wp-content\/uploads\/2026\/02\/WhatsApp-Image-2026-04-15-at-16.29.31.jpeg\",\"width\":2560,\"height\":1706},{\"@type\":\"BreadcrumbList\",\"@id\":\"https:\/\/investiga.uandes.cl\/fortalecimiento-de-investigacion-de-excelencia-talentos-consolidados-llegan-a-potenciar-produccion-cientifica-en-la-uandes\/#breadcrumb\",\"itemListElement\":[{\"@type\":\"ListItem\",\"position\":1,\"name\":\"Portada\",\"item\":\"https:\/\/investiga.uandes.cl\/\"},{\"@type\":\"ListItem\",\"position\":2,\"name\":\"La universidad impulsa la investigaci\u00f3n con la llegada de nuevos profesores para fortalecer la generaci\u00f3n de conocimiento con impacto\"}]},{\"@type\":\"WebSite\",\"@id\":\"https:\/\/investiga.uandes.cl\/#website\",\"url\":\"https:\/\/investiga.uandes.cl\/\",\"name\":\"Investiga UANDES\",\"description\":\"Investigaci\u00f3n, Universidad de los Andes\",\"publisher\":{\"@id\":\"https:\/\/investiga.uandes.cl\/#organization\"},\"potentialAction\":[{\"@type\":\"SearchAction\",\"target\":{\"@type\":\"EntryPoint\",\"urlTemplate\":\"https:\/\/investiga.uandes.cl\/?s={search_term_string}\"},\"query-input\":{\"@type\":\"PropertyValueSpecification\",\"valueRequired\":true,\"valueName\":\"search_term_string\"}}],\"inLanguage\":\"es-CL\"},{\"@type\":\"Organization\",\"@id\":\"https:\/\/investiga.uandes.cl\/#organization\",\"name\":\"Investiga UANDES\",\"url\":\"https:\/\/investiga.uandes.cl\/\",\"logo\":{\"@type\":\"ImageObject\",\"inLanguage\":\"es-CL\",\"@id\":\"https:\/\/investiga.uandes.cl\/#\/schema\/logo\/image\/\",\"url\":\"https:\/\/investiga.uandes.cl\/wp-content\/uploads\/2025\/03\/investiga_uandes.jpg\",\"contentUrl\":\"https:\/\/investiga.uandes.cl\/wp-content\/uploads\/2025\/03\/investiga_uandes.jpg\",\"width\":2000,\"height\":771,\"caption\":\"Investiga UANDES\"},\"image\":{\"@id\":\"https:\/\/investiga.uandes.cl\/#\/schema\/logo\/image\/\"}},{\"@type\":\"Person\",\"@id\":\"https:\/\/investiga.uandes.cl\/#\/schema\/person\/98e4042261f6d20b73b4e8cae8ff4495\",\"name\":\"Universidad de los Andes\",\"sameAs\":[\"https:\/\/test.uandes.cl\"],\"url\":\"https:\/\/investiga.uandes.cl\/es\/author\/admin\/\"}]}<\/script>\n<!-- \/ Yoast SEO plugin. -->","yoast_head_json":{"title":"La universidad impulsa la investigaci\u00f3n con la llegada de nuevos profesores para fortalecer la generaci\u00f3n de conocimiento con impacto - Investiga UANDES","robots":{"index":"index","follow":"follow","max-snippet":"max-snippet:-1","max-image-preview":"max-image-preview:large","max-video-preview":"max-video-preview:-1"},"canonical":"https:\/\/investiga.uandes.cl\/es\/fortalecimiento-de-investigacion-de-excelencia-talentos-consolidados-llegan-a-potenciar-produccion-cientifica-en-la-uandes\/","og_locale":"es_ES","og_type":"article","og_title":"La universidad impulsa la investigaci\u00f3n con la llegada de nuevos profesores para fortalecer la generaci\u00f3n de conocimiento con impacto - Investiga UANDES","og_description":"La Vicerrector\u00eda de Investigaci\u00f3n y la Direcci\u00f3n de Investigaci\u00f3n y Doctorado pusieron en marcha el Programa de Fortalecimiento en Investigaci\u00f3n de Excelencia, que permitir\u00e1 la llegada de 30 nuevos acad\u00e9micos.","og_url":"https:\/\/investiga.uandes.cl\/es\/fortalecimiento-de-investigacion-de-excelencia-talentos-consolidados-llegan-a-potenciar-produccion-cientifica-en-la-uandes\/","og_site_name":"Investiga UANDES","article_published_time":"2026-02-03T19:03:35+00:00","article_modified_time":"2026-04-24T18:45:15+00:00","og_image":[{"width":2560,"height":1706,"url":"https:\/\/investiga.uandes.cl\/wp-content\/uploads\/2026\/02\/WhatsApp-Image-2026-04-15-at-16.29.31.jpeg","type":"image\/jpeg"}],"author":"Universidad de los Andes","twitter_card":"summary_large_image","twitter_misc":{"Escrito por":"Universidad de los Andes","Tiempo estimado de lectura":"3 minutos"},"schema":{"@context":"https:\/\/schema.org","@graph":[{"@type":"Article","@id":"https:\/\/investiga.uandes.cl\/fortalecimiento-de-investigacion-de-excelencia-talentos-consolidados-llegan-a-potenciar-produccion-cientifica-en-la-uandes\/#article","isPartOf":{"@id":"https:\/\/investiga.uandes.cl\/fortalecimiento-de-investigacion-de-excelencia-talentos-consolidados-llegan-a-potenciar-produccion-cientifica-en-la-uandes\/"},"author":{"name":"Universidad de los Andes","@id":"https:\/\/investiga.uandes.cl\/#\/schema\/person\/98e4042261f6d20b73b4e8cae8ff4495"},"headline":"La universidad impulsa la investigaci\u00f3n con la llegada de nuevos profesores para fortalecer la generaci\u00f3n de conocimiento con impacto","datePublished":"2026-02-03T19:03:35+00:00","dateModified":"2026-04-24T18:45:15+00:00","mainEntityOfPage":{"@id":"https:\/\/investiga.uandes.cl\/fortalecimiento-de-investigacion-de-excelencia-talentos-consolidados-llegan-a-potenciar-produccion-cientifica-en-la-uandes\/"},"wordCount":570,"publisher":{"@id":"https:\/\/investiga.uandes.cl\/#organization"},"image":{"@id":"https:\/\/investiga.uandes.cl\/fortalecimiento-de-investigacion-de-excelencia-talentos-consolidados-llegan-a-potenciar-produccion-cientifica-en-la-uandes\/#primaryimage"},"thumbnailUrl":"https:\/\/investiga.uandes.cl\/wp-content\/uploads\/2026\/02\/WhatsApp-Image-2026-04-15-at-16.29.31.jpeg","keywords":["1","Nuestros Investigadores"],"articleSection":["Ciencia y Tecnolog\u00eda","Investigaci\u00f3n","Nuevos Proyectos"],"inLanguage":"es-CL"},{"@type":"WebPage","@id":"https:\/\/investiga.uandes.cl\/fortalecimiento-de-investigacion-de-excelencia-talentos-consolidados-llegan-a-potenciar-produccion-cientifica-en-la-uandes\/","url":"https:\/\/investiga.uandes.cl\/fortalecimiento-de-investigacion-de-excelencia-talentos-consolidados-llegan-a-potenciar-produccion-cientifica-en-la-uandes\/","name":"La universidad impulsa la investigaci\u00f3n con la llegada de nuevos profesores para fortalecer la generaci\u00f3n de conocimiento con impacto - Investiga UANDES","isPartOf":{"@id":"https:\/\/investiga.uandes.cl\/#website"},"primaryImageOfPage":{"@id":"https:\/\/investiga.uandes.cl\/fortalecimiento-de-investigacion-de-excelencia-talentos-consolidados-llegan-a-potenciar-produccion-cientifica-en-la-uandes\/#primaryimage"},"image":{"@id":"https:\/\/investiga.uandes.cl\/fortalecimiento-de-investigacion-de-excelencia-talentos-consolidados-llegan-a-potenciar-produccion-cientifica-en-la-uandes\/#primaryimage"},"thumbnailUrl":"https:\/\/investiga.uandes.cl\/wp-content\/uploads\/2026\/02\/WhatsApp-Image-2026-04-15-at-16.29.31.jpeg","datePublished":"2026-02-03T19:03:35+00:00","dateModified":"2026-04-24T18:45:15+00:00","breadcrumb":{"@id":"https:\/\/investiga.uandes.cl\/fortalecimiento-de-investigacion-de-excelencia-talentos-consolidados-llegan-a-potenciar-produccion-cientifica-en-la-uandes\/#breadcrumb"},"inLanguage":"es-CL","potentialAction":[{"@type":"ReadAction","target":["https:\/\/investiga.uandes.cl\/fortalecimiento-de-investigacion-de-excelencia-talentos-consolidados-llegan-a-potenciar-produccion-cientifica-en-la-uandes\/"]}]},{"@type":"ImageObject","inLanguage":"es-CL","@id":"https:\/\/investiga.uandes.cl\/fortalecimiento-de-investigacion-de-excelencia-talentos-consolidados-llegan-a-potenciar-produccion-cientifica-en-la-uandes\/#primaryimage","url":"https:\/\/investiga.uandes.cl\/wp-content\/uploads\/2026\/02\/WhatsApp-Image-2026-04-15-at-16.29.31.jpeg","contentUrl":"https:\/\/investiga.uandes.cl\/wp-content\/uploads\/2026\/02\/WhatsApp-Image-2026-04-15-at-16.29.31.jpeg","width":2560,"height":1706},{"@type":"BreadcrumbList","@id":"https:\/\/investiga.uandes.cl\/fortalecimiento-de-investigacion-de-excelencia-talentos-consolidados-llegan-a-potenciar-produccion-cientifica-en-la-uandes\/#breadcrumb","itemListElement":[{"@type":"ListItem","position":1,"name":"Portada","item":"https:\/\/investiga.uandes.cl\/"},{"@type":"ListItem","position":2,"name":"La universidad impulsa la investigaci\u00f3n con la llegada de nuevos profesores para fortalecer la generaci\u00f3n de conocimiento con impacto"}]},{"@type":"WebSite","@id":"https:\/\/investiga.uandes.cl\/#website","url":"https:\/\/investiga.uandes.cl\/","name":"Investiga UANDES","description":"Investigaci\u00f3n, Universidad de los Andes","publisher":{"@id":"https:\/\/investiga.uandes.cl\/#organization"},"potentialAction":[{"@type":"SearchAction","target":{"@type":"EntryPoint","urlTemplate":"https:\/\/investiga.uandes.cl\/?s={search_term_string}"},"query-input":{"@type":"PropertyValueSpecification","valueRequired":true,"valueName":"search_term_string"}}],"inLanguage":"es-CL"},{"@type":"Organization","@id":"https:\/\/investiga.uandes.cl\/#organization","name":"Investiga UANDES","url":"https:\/\/investiga.uandes.cl\/","logo":{"@type":"ImageObject","inLanguage":"es-CL","@id":"https:\/\/investiga.uandes.cl\/#\/schema\/logo\/image\/","url":"https:\/\/investiga.uandes.cl\/wp-content\/uploads\/2025\/03\/investiga_uandes.jpg","contentUrl":"https:\/\/investiga.uandes.cl\/wp-content\/uploads\/2025\/03\/investiga_uandes.jpg","width":2000,"height":771,"caption":"Investiga UANDES"},"image":{"@id":"https:\/\/investiga.uandes.cl\/#\/schema\/logo\/image\/"}},{"@type":"Person","@id":"https:\/\/investiga.uandes.cl\/#\/schema\/person\/98e4042261f6d20b73b4e8cae8ff4495","name":"Universidad de los Andes","sameAs":["https:\/\/test.uandes.cl"],"url":"https:\/\/investiga.uandes.cl\/es\/author\/admin\/"}]}},"_links":{"self":[{"href":"https:\/\/investiga.uandes.cl\/es\/wp-json\/wp\/v2\/posts\/7181","targetHints":{"allow":["GET"]}}],"collection":[{"href":"https:\/\/investiga.uandes.cl\/es\/wp-json\/wp\/v2\/posts"}],"about":[{"href":"https:\/\/investiga.uandes.cl\/es\/wp-json\/wp\/v2\/types\/post"}],"author":[{"embeddable":true,"href":"https:\/\/investiga.uandes.cl\/es\/wp-json\/wp\/v2\/users\/1"}],"replies":[{"embeddable":true,"href":"https:\/\/investiga.uandes.cl\/es\/wp-json\/wp\/v2\/comments?post=7181"}],"version-history":[{"count":26,"href":"https:\/\/investiga.uandes.cl\/es\/wp-json\/wp\/v2\/posts\/7181\/revisions"}],"predecessor-version":[{"id":7703,"href":"https:\/\/investiga.uandes.cl\/es\/wp-json\/wp\/v2\/posts\/7181\/revisions\/7703"}],"wp:featuredmedia":[{"embeddable":true,"href":"https:\/\/investiga.uandes.cl\/es\/wp-json\/wp\/v2\/media\/7635"}],"wp:attachment":[{"href":"https:\/\/investiga.uandes.cl\/es\/wp-json\/wp\/v2\/media?parent=7181"}],"wp:term":[{"taxonomy":"category","embeddable":true,"href":"https:\/\/investiga.uandes.cl\/es\/wp-json\/wp\/v2\/categories?post=7181"},{"taxonomy":"post_tag","embeddable":true,"href":"https:\/\/investiga.uandes.cl\/es\/wp-json\/wp\/v2\/tags?post=7181"}],"curies":[{"name":"wp","href":"https:\/\/api.w.org\/{rel}","templated":true}]}}