{"id":6826,"date":"2025-11-04T18:18:39","date_gmt":"2025-11-04T21:18:39","guid":{"rendered":"https:\/\/investiga.uandes.cl\/?p=6826"},"modified":"2026-01-19T12:27:17","modified_gmt":"2026-01-19T15:27:17","slug":"estudio-sobre-muertes-asociadas-a-incendios-forestales-fue-publicado-en-prestigiosa-revista-cientifica","status":"publish","type":"post","link":"https:\/\/investiga.uandes.cl\/es\/estudio-sobre-muertes-asociadas-a-incendios-forestales-fue-publicado-en-prestigiosa-revista-cientifica\/","title":{"rendered":"Estudio sobre muertes asociadas a incendios forestales publicado en The Lancet advierte sobre exposici\u00f3n al ozono"},"content":{"rendered":"\n<p>La acad\u00e9mica de la Facultad de Medicina Uandes, <a href=\"https:\/\/investigadores.uandes.cl\/en\/persons\/patricia-isabel-matus-correa\/\" target=\"_blank\" rel=\"noreferrer noopener\"><strong>Patricia Matus<\/strong><\/a>, fue distinguida con la publicaci\u00f3n en la destacada revista cient\u00edfica <a href=\"https:\/\/www.sciencedirect.com\/science\/article\/pii\/S2542519624001177\"><strong>The Lancet Planetary Health<\/strong><\/a> de un estudio a nivel global en que particip\u00f3 como colaboradora.<\/p>\n\n\n\n<p>La investigaci\u00f3n en que particip\u00f3 la especialista en salud p\u00fablica y epidemiolog\u00eda advierte que la exposici\u00f3n al ozono (O\u2083) producido durante los incendios forestales incrementa el riesgo de mortalidad, especialmente por causas respiratorias. El estudio analiz\u00f3 datos de 749 localidades en 43 pa\u00edses entre 2000 y 2016.<\/p>\n\n\n\n<p>Los resultados indican que por cada aumento de ozono relacionado con los incendios forestales, las muertes por todas las causas suben 0,55 %, mientras que la mortalidad respiratoria lo hace en un 0,82 %. Por esta raz\u00f3n, se estiman alrededor de 31.606 muertes adicionales por todas las causas al a\u00f1o y 4.657 por afecciones respiratorias.<\/p>\n\n\n\n<p><a href=\"https:\/\/investigadores.uandes.cl\/en\/publications\/all-cause-cardiovascular-and-respiratory-mortality-and-wildfire-r\/\"><strong>En la publicaci\u00f3n<\/strong><\/a> tambi\u00e9n se detalla que las concentraciones de ozono m\u00e1s altas vinculadas a incendios forestales se registraron en Sudam\u00e9rica, Centroam\u00e9rica, Sudeste Asi\u00e1tico y Sud\u00e1frica. <\/p>\n\n\n\n<p>Los autores alertan que, ante el avance del cambio clim\u00e1tico, los incendios forestales y su impacto sanitario seguir\u00e1n aumentando.<\/p>\n\n\n\n<p>El informe concluye que es urgente desarrollar estrategias de alerta temprana, gesti\u00f3n del humo y planes de reducci\u00f3n de exposici\u00f3n, ya que el ozono puede desplazarse miles de kil\u00f3metros y afectar a regiones lejanas al incendio.<\/p>\n\n\n\n<p>Este art\u00edculo, adem\u00e1s, forma parte de los resultados incluidos en el <a href=\"https:\/\/www.nature.com\/nature-index\/article\/10.1016\/s0140-6736%2824%2902251-7\"><strong>Nature Index 2025<\/strong><\/a>, en el que se destaca la producci\u00f3n cient\u00edfica de excelencia dividida por instituciones y pa\u00edses, bas\u00e1ndose en las publicaciones de 145 revistas seleccionadas.<\/p>\n\n\n\n<p><span style=\"background-color:#ffffff\" class=\"vw-inline-hilight\"><a href=\"https:\/\/www.thelancet.com\/journals\/lanplh\/article\/PIIS2542-5196%2823%2900269-3\/fulltext?ref=energyvsclimate.com\"><strong>Revisa AQU\u00cd los detalles de esta publicaci\u00f3n<\/strong><\/a>.<\/span><\/p>\n\n\n\n<p><\/p>\n","protected":false},"excerpt":{"rendered":"<p>Patricia Matus alerta que, ante el avance del cambio clim\u00e1tico, los incendios forestales y su impacto sanitario seguir\u00e1n aumentando.<\/p>\n","protected":false},"author":11,"featured_media":6827,"comment_status":"closed","ping_status":"closed","sticky":false,"template":"","format":"standard","meta":{"inline_featured_image":false,"footnotes":""},"categories":[2,1,53,3],"tags":[59],"class_list":["post-6826","post","type-post","status-publish","format-standard","has-post-thumbnail","hentry","category-ciencia","category-investigacion","category-publicaciones","category-salud","tag-59"],"yoast_head":"<!-- This site is optimized with the Yoast SEO plugin v24.7 - https:\/\/yoast.com\/wordpress\/plugins\/seo\/ -->\n<title>Estudio sobre muertes asociadas a incendios forestales publicado en The Lancet advierte sobre exposici\u00f3n al ozono - Investiga UANDES<\/title>\n<meta name=\"robots\" content=\"index, follow, max-snippet:-1, max-image-preview:large, max-video-preview:-1\" \/>\n<link rel=\"canonical\" href=\"https:\/\/investiga.uandes.cl\/es\/estudio-sobre-muertes-asociadas-a-incendios-forestales-fue-publicado-en-prestigiosa-revista-cientifica\/\" \/>\n<meta property=\"og:locale\" content=\"es_ES\" \/>\n<meta property=\"og:type\" content=\"article\" \/>\n<meta property=\"og:title\" content=\"Estudio sobre muertes asociadas a incendios forestales publicado en The Lancet advierte sobre exposici\u00f3n al ozono - Investiga UANDES\" \/>\n<meta property=\"og:description\" content=\"Patricia Matus alerta que, ante el avance del cambio clim\u00e1tico, los incendios forestales y su impacto sanitario seguir\u00e1n aumentando.\" \/>\n<meta property=\"og:url\" content=\"https:\/\/investiga.uandes.cl\/es\/estudio-sobre-muertes-asociadas-a-incendios-forestales-fue-publicado-en-prestigiosa-revista-cientifica\/\" \/>\n<meta property=\"og:site_name\" content=\"Investiga UANDES\" \/>\n<meta property=\"article:published_time\" content=\"2025-11-04T21:18:39+00:00\" \/>\n<meta property=\"article:modified_time\" content=\"2026-01-19T15:27:17+00:00\" \/>\n<meta property=\"og:image\" content=\"https:\/\/investiga.uandes.cl\/wp-content\/uploads\/2025\/11\/patricia-matus-the-lancet-e1764191880200.jpg\" \/>\n\t<meta property=\"og:image:width\" content=\"1193\" \/>\n\t<meta property=\"og:image:height\" content=\"600\" \/>\n\t<meta property=\"og:image:type\" content=\"image\/jpeg\" \/>\n<meta name=\"author\" content=\"Noem\u00ed Arcos\" \/>\n<meta name=\"twitter:card\" content=\"summary_large_image\" \/>\n<meta name=\"twitter:label1\" content=\"Escrito por\" \/>\n\t<meta name=\"twitter:data1\" content=\"Noem\u00ed Arcos\" \/>\n\t<meta name=\"twitter:label2\" content=\"Tiempo estimado de lectura\" \/>\n\t<meta name=\"twitter:data2\" content=\"2 minutos\" \/>\n<script type=\"application\/ld+json\" class=\"yoast-schema-graph\">{\"@context\":\"https:\/\/schema.org\",\"@graph\":[{\"@type\":\"Article\",\"@id\":\"https:\/\/investiga.uandes.cl\/estudio-sobre-muertes-asociadas-a-incendios-forestales-fue-publicado-en-prestigiosa-revista-cientifica\/#article\",\"isPartOf\":{\"@id\":\"https:\/\/investiga.uandes.cl\/estudio-sobre-muertes-asociadas-a-incendios-forestales-fue-publicado-en-prestigiosa-revista-cientifica\/\"},\"author\":{\"name\":\"Noem\u00ed Arcos\",\"@id\":\"https:\/\/investiga.uandes.cl\/#\/schema\/person\/127700e3b6ed21481860da6fedc21f02\"},\"headline\":\"Estudio sobre muertes asociadas a incendios forestales publicado en The Lancet advierte sobre exposici\u00f3n al ozono\",\"datePublished\":\"2025-11-04T21:18:39+00:00\",\"dateModified\":\"2026-01-19T15:27:17+00:00\",\"mainEntityOfPage\":{\"@id\":\"https:\/\/investiga.uandes.cl\/estudio-sobre-muertes-asociadas-a-incendios-forestales-fue-publicado-en-prestigiosa-revista-cientifica\/\"},\"wordCount\":297,\"publisher\":{\"@id\":\"https:\/\/investiga.uandes.cl\/#organization\"},\"image\":{\"@id\":\"https:\/\/investiga.uandes.cl\/estudio-sobre-muertes-asociadas-a-incendios-forestales-fue-publicado-en-prestigiosa-revista-cientifica\/#primaryimage\"},\"thumbnailUrl\":\"https:\/\/investiga.uandes.cl\/wp-content\/uploads\/2025\/11\/patricia-matus-the-lancet-e1764191880200.jpg\",\"keywords\":[\"205\"],\"articleSection\":[\"Ciencia y Tecnolog\u00eda\",\"Investigaci\u00f3n\",\"Publicaciones\",\"Salud\"],\"inLanguage\":\"es-CL\"},{\"@type\":\"WebPage\",\"@id\":\"https:\/\/investiga.uandes.cl\/estudio-sobre-muertes-asociadas-a-incendios-forestales-fue-publicado-en-prestigiosa-revista-cientifica\/\",\"url\":\"https:\/\/investiga.uandes.cl\/estudio-sobre-muertes-asociadas-a-incendios-forestales-fue-publicado-en-prestigiosa-revista-cientifica\/\",\"name\":\"Estudio sobre muertes asociadas a incendios forestales publicado en The Lancet advierte sobre exposici\u00f3n al ozono - Investiga UANDES\",\"isPartOf\":{\"@id\":\"https:\/\/investiga.uandes.cl\/#website\"},\"primaryImageOfPage\":{\"@id\":\"https:\/\/investiga.uandes.cl\/estudio-sobre-muertes-asociadas-a-incendios-forestales-fue-publicado-en-prestigiosa-revista-cientifica\/#primaryimage\"},\"image\":{\"@id\":\"https:\/\/investiga.uandes.cl\/estudio-sobre-muertes-asociadas-a-incendios-forestales-fue-publicado-en-prestigiosa-revista-cientifica\/#primaryimage\"},\"thumbnailUrl\":\"https:\/\/investiga.uandes.cl\/wp-content\/uploads\/2025\/11\/patricia-matus-the-lancet-e1764191880200.jpg\",\"datePublished\":\"2025-11-04T21:18:39+00:00\",\"dateModified\":\"2026-01-19T15:27:17+00:00\",\"breadcrumb\":{\"@id\":\"https:\/\/investiga.uandes.cl\/estudio-sobre-muertes-asociadas-a-incendios-forestales-fue-publicado-en-prestigiosa-revista-cientifica\/#breadcrumb\"},\"inLanguage\":\"es-CL\",\"potentialAction\":[{\"@type\":\"ReadAction\",\"target\":[\"https:\/\/investiga.uandes.cl\/estudio-sobre-muertes-asociadas-a-incendios-forestales-fue-publicado-en-prestigiosa-revista-cientifica\/\"]}]},{\"@type\":\"ImageObject\",\"inLanguage\":\"es-CL\",\"@id\":\"https:\/\/investiga.uandes.cl\/estudio-sobre-muertes-asociadas-a-incendios-forestales-fue-publicado-en-prestigiosa-revista-cientifica\/#primaryimage\",\"url\":\"https:\/\/investiga.uandes.cl\/wp-content\/uploads\/2025\/11\/patricia-matus-the-lancet-e1764191880200.jpg\",\"contentUrl\":\"https:\/\/investiga.uandes.cl\/wp-content\/uploads\/2025\/11\/patricia-matus-the-lancet-e1764191880200.jpg\",\"width\":1193,\"height\":600},{\"@type\":\"BreadcrumbList\",\"@id\":\"https:\/\/investiga.uandes.cl\/estudio-sobre-muertes-asociadas-a-incendios-forestales-fue-publicado-en-prestigiosa-revista-cientifica\/#breadcrumb\",\"itemListElement\":[{\"@type\":\"ListItem\",\"position\":1,\"name\":\"Portada\",\"item\":\"https:\/\/investiga.uandes.cl\/\"},{\"@type\":\"ListItem\",\"position\":2,\"name\":\"Estudio sobre muertes asociadas a incendios forestales publicado en The Lancet advierte sobre exposici\u00f3n al ozono\"}]},{\"@type\":\"WebSite\",\"@id\":\"https:\/\/investiga.uandes.cl\/#website\",\"url\":\"https:\/\/investiga.uandes.cl\/\",\"name\":\"Investiga UANDES\",\"description\":\"Investigaci\u00f3n, Universidad de los Andes\",\"publisher\":{\"@id\":\"https:\/\/investiga.uandes.cl\/#organization\"},\"potentialAction\":[{\"@type\":\"SearchAction\",\"target\":{\"@type\":\"EntryPoint\",\"urlTemplate\":\"https:\/\/investiga.uandes.cl\/?s={search_term_string}\"},\"query-input\":{\"@type\":\"PropertyValueSpecification\",\"valueRequired\":true,\"valueName\":\"search_term_string\"}}],\"inLanguage\":\"es-CL\"},{\"@type\":\"Organization\",\"@id\":\"https:\/\/investiga.uandes.cl\/#organization\",\"name\":\"Investiga UANDES\",\"url\":\"https:\/\/investiga.uandes.cl\/\",\"logo\":{\"@type\":\"ImageObject\",\"inLanguage\":\"es-CL\",\"@id\":\"https:\/\/investiga.uandes.cl\/#\/schema\/logo\/image\/\",\"url\":\"https:\/\/investiga.uandes.cl\/wp-content\/uploads\/2025\/03\/investiga_uandes.jpg\",\"contentUrl\":\"https:\/\/investiga.uandes.cl\/wp-content\/uploads\/2025\/03\/investiga_uandes.jpg\",\"width\":2000,\"height\":771,\"caption\":\"Investiga UANDES\"},\"image\":{\"@id\":\"https:\/\/investiga.uandes.cl\/#\/schema\/logo\/image\/\"}},{\"@type\":\"Person\",\"@id\":\"https:\/\/investiga.uandes.cl\/#\/schema\/person\/127700e3b6ed21481860da6fedc21f02\",\"name\":\"Noem\u00ed Arcos\",\"url\":\"https:\/\/investiga.uandes.cl\/es\/author\/noemi-arcos\/\"}]}<\/script>\n<!-- \/ Yoast SEO plugin. -->","yoast_head_json":{"title":"Estudio sobre muertes asociadas a incendios forestales publicado en The Lancet advierte sobre exposici\u00f3n al ozono - Investiga UANDES","robots":{"index":"index","follow":"follow","max-snippet":"max-snippet:-1","max-image-preview":"max-image-preview:large","max-video-preview":"max-video-preview:-1"},"canonical":"https:\/\/investiga.uandes.cl\/es\/estudio-sobre-muertes-asociadas-a-incendios-forestales-fue-publicado-en-prestigiosa-revista-cientifica\/","og_locale":"es_ES","og_type":"article","og_title":"Estudio sobre muertes asociadas a incendios forestales publicado en The Lancet advierte sobre exposici\u00f3n al ozono - Investiga UANDES","og_description":"Patricia Matus alerta que, ante el avance del cambio clim\u00e1tico, los incendios forestales y su impacto sanitario seguir\u00e1n aumentando.","og_url":"https:\/\/investiga.uandes.cl\/es\/estudio-sobre-muertes-asociadas-a-incendios-forestales-fue-publicado-en-prestigiosa-revista-cientifica\/","og_site_name":"Investiga UANDES","article_published_time":"2025-11-04T21:18:39+00:00","article_modified_time":"2026-01-19T15:27:17+00:00","og_image":[{"width":1193,"height":600,"url":"https:\/\/investiga.uandes.cl\/wp-content\/uploads\/2025\/11\/patricia-matus-the-lancet-e1764191880200.jpg","type":"image\/jpeg"}],"author":"Noem\u00ed Arcos","twitter_card":"summary_large_image","twitter_misc":{"Escrito por":"Noem\u00ed Arcos","Tiempo estimado de lectura":"2 minutos"},"schema":{"@context":"https:\/\/schema.org","@graph":[{"@type":"Article","@id":"https:\/\/investiga.uandes.cl\/estudio-sobre-muertes-asociadas-a-incendios-forestales-fue-publicado-en-prestigiosa-revista-cientifica\/#article","isPartOf":{"@id":"https:\/\/investiga.uandes.cl\/estudio-sobre-muertes-asociadas-a-incendios-forestales-fue-publicado-en-prestigiosa-revista-cientifica\/"},"author":{"name":"Noem\u00ed Arcos","@id":"https:\/\/investiga.uandes.cl\/#\/schema\/person\/127700e3b6ed21481860da6fedc21f02"},"headline":"Estudio sobre muertes asociadas a incendios forestales publicado en The Lancet advierte sobre exposici\u00f3n al ozono","datePublished":"2025-11-04T21:18:39+00:00","dateModified":"2026-01-19T15:27:17+00:00","mainEntityOfPage":{"@id":"https:\/\/investiga.uandes.cl\/estudio-sobre-muertes-asociadas-a-incendios-forestales-fue-publicado-en-prestigiosa-revista-cientifica\/"},"wordCount":297,"publisher":{"@id":"https:\/\/investiga.uandes.cl\/#organization"},"image":{"@id":"https:\/\/investiga.uandes.cl\/estudio-sobre-muertes-asociadas-a-incendios-forestales-fue-publicado-en-prestigiosa-revista-cientifica\/#primaryimage"},"thumbnailUrl":"https:\/\/investiga.uandes.cl\/wp-content\/uploads\/2025\/11\/patricia-matus-the-lancet-e1764191880200.jpg","keywords":["205"],"articleSection":["Ciencia y Tecnolog\u00eda","Investigaci\u00f3n","Publicaciones","Salud"],"inLanguage":"es-CL"},{"@type":"WebPage","@id":"https:\/\/investiga.uandes.cl\/estudio-sobre-muertes-asociadas-a-incendios-forestales-fue-publicado-en-prestigiosa-revista-cientifica\/","url":"https:\/\/investiga.uandes.cl\/estudio-sobre-muertes-asociadas-a-incendios-forestales-fue-publicado-en-prestigiosa-revista-cientifica\/","name":"Estudio sobre muertes asociadas a incendios forestales publicado en The Lancet advierte sobre exposici\u00f3n al ozono - Investiga UANDES","isPartOf":{"@id":"https:\/\/investiga.uandes.cl\/#website"},"primaryImageOfPage":{"@id":"https:\/\/investiga.uandes.cl\/estudio-sobre-muertes-asociadas-a-incendios-forestales-fue-publicado-en-prestigiosa-revista-cientifica\/#primaryimage"},"image":{"@id":"https:\/\/investiga.uandes.cl\/estudio-sobre-muertes-asociadas-a-incendios-forestales-fue-publicado-en-prestigiosa-revista-cientifica\/#primaryimage"},"thumbnailUrl":"https:\/\/investiga.uandes.cl\/wp-content\/uploads\/2025\/11\/patricia-matus-the-lancet-e1764191880200.jpg","datePublished":"2025-11-04T21:18:39+00:00","dateModified":"2026-01-19T15:27:17+00:00","breadcrumb":{"@id":"https:\/\/investiga.uandes.cl\/estudio-sobre-muertes-asociadas-a-incendios-forestales-fue-publicado-en-prestigiosa-revista-cientifica\/#breadcrumb"},"inLanguage":"es-CL","potentialAction":[{"@type":"ReadAction","target":["https:\/\/investiga.uandes.cl\/estudio-sobre-muertes-asociadas-a-incendios-forestales-fue-publicado-en-prestigiosa-revista-cientifica\/"]}]},{"@type":"ImageObject","inLanguage":"es-CL","@id":"https:\/\/investiga.uandes.cl\/estudio-sobre-muertes-asociadas-a-incendios-forestales-fue-publicado-en-prestigiosa-revista-cientifica\/#primaryimage","url":"https:\/\/investiga.uandes.cl\/wp-content\/uploads\/2025\/11\/patricia-matus-the-lancet-e1764191880200.jpg","contentUrl":"https:\/\/investiga.uandes.cl\/wp-content\/uploads\/2025\/11\/patricia-matus-the-lancet-e1764191880200.jpg","width":1193,"height":600},{"@type":"BreadcrumbList","@id":"https:\/\/investiga.uandes.cl\/estudio-sobre-muertes-asociadas-a-incendios-forestales-fue-publicado-en-prestigiosa-revista-cientifica\/#breadcrumb","itemListElement":[{"@type":"ListItem","position":1,"name":"Portada","item":"https:\/\/investiga.uandes.cl\/"},{"@type":"ListItem","position":2,"name":"Estudio sobre muertes asociadas a incendios forestales publicado en The Lancet advierte sobre exposici\u00f3n al ozono"}]},{"@type":"WebSite","@id":"https:\/\/investiga.uandes.cl\/#website","url":"https:\/\/investiga.uandes.cl\/","name":"Investiga UANDES","description":"Investigaci\u00f3n, Universidad de los Andes","publisher":{"@id":"https:\/\/investiga.uandes.cl\/#organization"},"potentialAction":[{"@type":"SearchAction","target":{"@type":"EntryPoint","urlTemplate":"https:\/\/investiga.uandes.cl\/?s={search_term_string}"},"query-input":{"@type":"PropertyValueSpecification","valueRequired":true,"valueName":"search_term_string"}}],"inLanguage":"es-CL"},{"@type":"Organization","@id":"https:\/\/investiga.uandes.cl\/#organization","name":"Investiga UANDES","url":"https:\/\/investiga.uandes.cl\/","logo":{"@type":"ImageObject","inLanguage":"es-CL","@id":"https:\/\/investiga.uandes.cl\/#\/schema\/logo\/image\/","url":"https:\/\/investiga.uandes.cl\/wp-content\/uploads\/2025\/03\/investiga_uandes.jpg","contentUrl":"https:\/\/investiga.uandes.cl\/wp-content\/uploads\/2025\/03\/investiga_uandes.jpg","width":2000,"height":771,"caption":"Investiga UANDES"},"image":{"@id":"https:\/\/investiga.uandes.cl\/#\/schema\/logo\/image\/"}},{"@type":"Person","@id":"https:\/\/investiga.uandes.cl\/#\/schema\/person\/127700e3b6ed21481860da6fedc21f02","name":"Noem\u00ed Arcos","url":"https:\/\/investiga.uandes.cl\/es\/author\/noemi-arcos\/"}]}},"_links":{"self":[{"href":"https:\/\/investiga.uandes.cl\/es\/wp-json\/wp\/v2\/posts\/6826","targetHints":{"allow":["GET"]}}],"collection":[{"href":"https:\/\/investiga.uandes.cl\/es\/wp-json\/wp\/v2\/posts"}],"about":[{"href":"https:\/\/investiga.uandes.cl\/es\/wp-json\/wp\/v2\/types\/post"}],"author":[{"embeddable":true,"href":"https:\/\/investiga.uandes.cl\/es\/wp-json\/wp\/v2\/users\/11"}],"replies":[{"embeddable":true,"href":"https:\/\/investiga.uandes.cl\/es\/wp-json\/wp\/v2\/comments?post=6826"}],"version-history":[{"count":12,"href":"https:\/\/investiga.uandes.cl\/es\/wp-json\/wp\/v2\/posts\/6826\/revisions"}],"predecessor-version":[{"id":7177,"href":"https:\/\/investiga.uandes.cl\/es\/wp-json\/wp\/v2\/posts\/6826\/revisions\/7177"}],"wp:featuredmedia":[{"embeddable":true,"href":"https:\/\/investiga.uandes.cl\/es\/wp-json\/wp\/v2\/media\/6827"}],"wp:attachment":[{"href":"https:\/\/investiga.uandes.cl\/es\/wp-json\/wp\/v2\/media?parent=6826"}],"wp:term":[{"taxonomy":"category","embeddable":true,"href":"https:\/\/investiga.uandes.cl\/es\/wp-json\/wp\/v2\/categories?post=6826"},{"taxonomy":"post_tag","embeddable":true,"href":"https:\/\/investiga.uandes.cl\/es\/wp-json\/wp\/v2\/tags?post=6826"}],"curies":[{"name":"wp","href":"https:\/\/api.w.org\/{rel}","templated":true}]}}