{"id":6815,"date":"2025-11-05T15:46:32","date_gmt":"2025-11-05T18:46:32","guid":{"rendered":"https:\/\/investiga.uandes.cl\/?p=6815"},"modified":"2026-02-12T22:08:09","modified_gmt":"2026-02-13T01:08:09","slug":"investigacion-sobre-el-capital-humano-e-inmigracion-busca-encontrar-impacto-en-la-competitividad-empresarial","status":"publish","type":"post","link":"https:\/\/investiga.uandes.cl\/es\/investigacion-sobre-el-capital-humano-e-inmigracion-busca-encontrar-impacto-en-la-competitividad-empresarial\/","title":{"rendered":"Investigaci\u00f3n sobre el capital humano, inmigraci\u00f3n y su impacto en la competitividad empresarial"},"content":{"rendered":"\n<p><a href=\"https:\/\/investigadores.uandes.cl\/es\/persons\/francisco-javier-morales-flores\/\" target=\"_blank\" rel=\"noreferrer noopener\"><strong>Francisco Morales<\/strong><\/a>, acad\u00e9mico de la<strong><a href=\"https:\/\/www.uandes.cl\/universidad\/facultades\/ciencias-economicas-y-empresariales\/\"> Facultad de Ciencias Econ\u00f3micas y Empresariales<\/a><\/strong> investiga c\u00f3mo las organizaciones configuran y despliegan su capital humano para sostener una ventaja competitiva en el tiempo. Su inter\u00e9s principal es desentra\u00f1ar los mecanismos a trav\u00e9s de los cuales las decisiones sobre talento e integraci\u00f3n organizacional inciden en la capacidad de las empresas para competir y prosperar, utilizando para ello contextos emp\u00edricos tan diversos como clubes de f\u00fatbol europeos de alto rendimiento y datos administrativos de firmas de la econom\u00eda chilena.<\/p>\n\n\n\n<p>Actualmente desarrolla dos l\u00edneas de investigaci\u00f3n principales. La primera, enfocada en estrategias de capital humano e inmigraci\u00f3n, analiza c\u00f3mo la incorporaci\u00f3n de trabajadores inmigrantes impacta en el rendimiento organizacional. <\/p>\n\n\n\n<p>En un estudio publicado en <em>Management Science<\/em>, titulado <em>Does Employing Skilled Immigrants Enhance Competitive Performance<\/em> y realizado junto a Britta Glennon, Seth Carnahan y Exequiel Hern\u00e1ndez, se demostr\u00f3 que <strong>los clubes europeos que contratan inmigrantes calificados, mejoran su desempe\u00f1o, no solo por las habilidades individuales que aportan, sino porque su presencia diversifica y ampl\u00eda las posibilidades estrat\u00e9gicas.<\/strong><\/p>\n\n\n\n<p>En la misma l\u00ednea, el <em>working paper<\/em> <em>The Unique Blend: Immigrant Talent Combinations and their Impact on Organizational Performance<\/em>, con los mismos coautores, profundiza en c\u00f3mo las combinaciones \u00fanicas de or\u00edgenes nacionales vuelven a las organizaciones menos predecibles y, por lo tanto, m\u00e1s exitosas. Por su parte, en el trabajo <em>The Impact of Immigration on Firms\u2019 Human Capital Strategy<\/em>, elaborado junto a <strong><a href=\"https:\/\/www.uandes.cl\/personas\/sofia-flechtner-salas\/\" target=\"_blank\" rel=\"noreferrer noopener\">Sof\u00eda Flechtner<\/a><\/strong>, Britta Glennon y Exequiel Hern\u00e1ndez, se <strong>estudia el caso chileno, mostrando c\u00f3mo las empresas adaptan sus pr\u00e1cticas de contrataci\u00f3n, rotaci\u00f3n, promociones y asignaci\u00f3n de puestos ante cambios en la disponibilidad de mano de obra inmigrante. En conjunto, esta l\u00ednea busca evidenciar c\u00f3mo la inmigraci\u00f3n, fen\u00f3meno global en constante transformaci\u00f3n, redefine las decisiones estrat\u00e9gicas de las organizaciones y su competitividad.<\/strong><\/p>\n\n\n\n<p>La segunda l\u00ednea de investigaci\u00f3n de Morales, centrada en la integraci\u00f3n de recursos y el dise\u00f1o organizacional, se desarrolla en el <em>working paper<\/em> <em>Tight versus loose: Resource integration and organizational performance<\/em>, realizado con Seth Carnahan y Exequiel Hern\u00e1ndez. All\u00ed se <strong>analiza c\u00f3mo el grado de interdependencia y coordinaci\u00f3n entre empleados y unidades incide en el rendimiento y en la capacidad de las organizaciones para absorber shocks positivos o negativos. Aunque el an\u00e1lisis se hace en el contexto del deporte de alto rendimiento, sus implicancias son relevantes para cualquier tipo de organizaci\u00f3n que busque dise\u00f1ar estructuras m\u00e1s resilientes y competitivas.<\/strong><\/p>\n\n\n\n<p>El impacto de esta agenda de investigaci\u00f3n se proyecta en distintos niveles. Para el mundo empresarial, entrega orientaciones concretas sobre c\u00f3mo la composici\u00f3n y diversidad del talento, as\u00ed como el grado de integraci\u00f3n de los recursos, pueden afectar la resiliencia y la predictibilidad de una organizaci\u00f3n. Para el dise\u00f1o de pol\u00edticas p\u00fablicas, los hallazgos en torno a la inmigraci\u00f3n ofrecen evidencia para impulsar medidas de integraci\u00f3n laboral que fortalezcan la competitividad econ\u00f3mica, al punto que uno de sus art\u00edculos fue citado en un comit\u00e9 del Senado de Estados Unidos. En el \u00e1mbito acad\u00e9mico, los trabajos contribuyen a enriquecer la teor\u00eda de <em>strategic management<\/em>, el estudio del capital humano y el dise\u00f1o organizacional.<\/p>\n\n\n\n<p>El origen de esta l\u00ednea de trabajo estuvo apoyado por un proyecto <strong>Fondecyt de Iniciaci\u00f3n<\/strong>, ya finalizado, que permiti\u00f3 recolectar datos, analizarlos y presentar los avances en conferencias internacionales en Estados Unidos, fomentando la colaboraci\u00f3n acad\u00e9mica y la difusi\u00f3n de los resultados. En esta investigaci\u00f3n participan acad\u00e9micos como Britta Glennon, de The Wharton School de la University of Pennsylvania; Seth Carnahan, de Washington University in St. Louis; Exequiel Hern\u00e1ndez, tambi\u00e9n de Wharton; y Sof\u00eda Flechtner, de la Universidad de los Andes, Chile.<\/p>\n\n\n\n<p>El acad\u00e9mico explica que su inter\u00e9s naci\u00f3 de una pregunta central en <em>strategic management<\/em>: cu\u00e1les son las verdaderas fuentes de la ventaja competitiva sostenible.<strong> \u201cEl capital humano es uno de los recursos m\u00e1s cr\u00edticos que tienen las empresas. Me interesa entender c\u00f3mo toman decisiones estrat\u00e9gicas sobre este recurso -ya sea integrando talento inmigrante o dise\u00f1ando la forma en que sus empleados colaboran- y c\u00f3mo esas decisiones se traducen en resultados\u201d<\/strong>, se\u00f1ala. Su proyecci\u00f3n es seguir construyendo un cuerpo de conocimiento coherente sobre la gesti\u00f3n estrat\u00e9gica del capital humano y el dise\u00f1o organizacional, en un mundo cada vez m\u00e1s globalizado y competitivo.<\/p>\n\n\n\n<p><strong>SI QUIERES ESCUCHAR EL PODCAST CON ESTA ENTREVISTA,<\/strong> <strong><a href=\"https:\/\/open.spotify.com\/episode\/4Y8QNtKkEKwkv5LblTlxX9\">HAZ CLICK AQU\u00cd.<\/a><\/strong><\/p>\n\n\n\n<p><\/p>\n","protected":false},"excerpt":{"rendered":"<p>Francisco Morales, docente de la Facultad de Ciencias Econ\u00f3micas y Empresariales,  afirma que busca evidenciar c\u00f3mo la inmigraci\u00f3n redefine las decisiones estrat\u00e9gicas de las organizaciones y su competitividad.<\/p>\n","protected":false},"author":3,"featured_media":6958,"comment_status":"closed","ping_status":"closed","sticky":false,"template":"","format":"standard","meta":{"inline_featured_image":false,"footnotes":""},"categories":[5,1,4],"tags":[63],"class_list":["post-6815","post","type-post","status-publish","format-standard","has-post-thumbnail","hentry","category-economia","category-investigacion","category-pensamiento","tag-63"],"yoast_head":"<!-- This site is optimized with the Yoast SEO plugin v24.7 - https:\/\/yoast.com\/wordpress\/plugins\/seo\/ -->\n<title>Investigaci\u00f3n sobre el capital humano, inmigraci\u00f3n y su impacto en la competitividad empresarial - Investiga UANDES<\/title>\n<meta name=\"robots\" content=\"index, follow, max-snippet:-1, max-image-preview:large, max-video-preview:-1\" \/>\n<link rel=\"canonical\" href=\"https:\/\/investiga.uandes.cl\/es\/investigacion-sobre-el-capital-humano-e-inmigracion-busca-encontrar-impacto-en-la-competitividad-empresarial\/\" \/>\n<meta property=\"og:locale\" content=\"es_ES\" \/>\n<meta property=\"og:type\" content=\"article\" \/>\n<meta property=\"og:title\" content=\"Investigaci\u00f3n sobre el capital humano, inmigraci\u00f3n y su impacto en la competitividad empresarial - Investiga UANDES\" \/>\n<meta property=\"og:description\" content=\"Francisco Morales, docente de la Facultad de Ciencias Econ\u00f3micas y Empresariales, afirma que busca evidenciar c\u00f3mo la inmigraci\u00f3n redefine las decisiones estrat\u00e9gicas de las organizaciones y su competitividad.\" \/>\n<meta property=\"og:url\" content=\"https:\/\/investiga.uandes.cl\/es\/investigacion-sobre-el-capital-humano-e-inmigracion-busca-encontrar-impacto-en-la-competitividad-empresarial\/\" \/>\n<meta property=\"og:site_name\" content=\"Investiga UANDES\" \/>\n<meta property=\"article:published_time\" content=\"2025-11-05T18:46:32+00:00\" \/>\n<meta property=\"article:modified_time\" content=\"2026-02-13T01:08:09+00:00\" \/>\n<meta property=\"og:image\" content=\"https:\/\/investiga.uandes.cl\/wp-content\/uploads\/2025\/11\/Captura-de-pantalla-2025-12-01-a-las-10.15.14-p.m-1024x574.png\" \/>\n\t<meta property=\"og:image:width\" content=\"1024\" \/>\n\t<meta property=\"og:image:height\" content=\"574\" \/>\n\t<meta property=\"og:image:type\" content=\"image\/png\" \/>\n<meta name=\"author\" content=\"Marisol Grisanti\" \/>\n<meta name=\"twitter:card\" content=\"summary_large_image\" \/>\n<meta name=\"twitter:label1\" content=\"Escrito por\" \/>\n\t<meta name=\"twitter:data1\" content=\"Marisol Grisanti\" \/>\n\t<meta name=\"twitter:label2\" content=\"Tiempo estimado de lectura\" \/>\n\t<meta name=\"twitter:data2\" content=\"4 minutos\" \/>\n<script type=\"application\/ld+json\" class=\"yoast-schema-graph\">{\"@context\":\"https:\/\/schema.org\",\"@graph\":[{\"@type\":\"Article\",\"@id\":\"https:\/\/investiga.uandes.cl\/investigacion-sobre-el-capital-humano-e-inmigracion-busca-encontrar-impacto-en-la-competitividad-empresarial\/#article\",\"isPartOf\":{\"@id\":\"https:\/\/investiga.uandes.cl\/investigacion-sobre-el-capital-humano-e-inmigracion-busca-encontrar-impacto-en-la-competitividad-empresarial\/\"},\"author\":{\"name\":\"Marisol Grisanti\",\"@id\":\"https:\/\/investiga.uandes.cl\/#\/schema\/person\/a6d3757d4cdc75cceb38c3560655edc3\"},\"headline\":\"Investigaci\u00f3n sobre el capital humano, inmigraci\u00f3n y su impacto en la competitividad empresarial\",\"datePublished\":\"2025-11-05T18:46:32+00:00\",\"dateModified\":\"2026-02-13T01:08:09+00:00\",\"mainEntityOfPage\":{\"@id\":\"https:\/\/investiga.uandes.cl\/investigacion-sobre-el-capital-humano-e-inmigracion-busca-encontrar-impacto-en-la-competitividad-empresarial\/\"},\"wordCount\":799,\"publisher\":{\"@id\":\"https:\/\/investiga.uandes.cl\/#organization\"},\"image\":{\"@id\":\"https:\/\/investiga.uandes.cl\/investigacion-sobre-el-capital-humano-e-inmigracion-busca-encontrar-impacto-en-la-competitividad-empresarial\/#primaryimage\"},\"thumbnailUrl\":\"https:\/\/investiga.uandes.cl\/wp-content\/uploads\/2025\/11\/Captura-de-pantalla-2025-12-01-a-las-10.15.14-p.m.png\",\"keywords\":[\"209\"],\"articleSection\":[\"Econom\u00eda\",\"Investigaci\u00f3n\",\"Pensamiento y Sociedad\"],\"inLanguage\":\"es-CL\"},{\"@type\":\"WebPage\",\"@id\":\"https:\/\/investiga.uandes.cl\/investigacion-sobre-el-capital-humano-e-inmigracion-busca-encontrar-impacto-en-la-competitividad-empresarial\/\",\"url\":\"https:\/\/investiga.uandes.cl\/investigacion-sobre-el-capital-humano-e-inmigracion-busca-encontrar-impacto-en-la-competitividad-empresarial\/\",\"name\":\"Investigaci\u00f3n sobre el capital humano, inmigraci\u00f3n y su impacto en la competitividad empresarial - Investiga UANDES\",\"isPartOf\":{\"@id\":\"https:\/\/investiga.uandes.cl\/#website\"},\"primaryImageOfPage\":{\"@id\":\"https:\/\/investiga.uandes.cl\/investigacion-sobre-el-capital-humano-e-inmigracion-busca-encontrar-impacto-en-la-competitividad-empresarial\/#primaryimage\"},\"image\":{\"@id\":\"https:\/\/investiga.uandes.cl\/investigacion-sobre-el-capital-humano-e-inmigracion-busca-encontrar-impacto-en-la-competitividad-empresarial\/#primaryimage\"},\"thumbnailUrl\":\"https:\/\/investiga.uandes.cl\/wp-content\/uploads\/2025\/11\/Captura-de-pantalla-2025-12-01-a-las-10.15.14-p.m.png\",\"datePublished\":\"2025-11-05T18:46:32+00:00\",\"dateModified\":\"2026-02-13T01:08:09+00:00\",\"breadcrumb\":{\"@id\":\"https:\/\/investiga.uandes.cl\/investigacion-sobre-el-capital-humano-e-inmigracion-busca-encontrar-impacto-en-la-competitividad-empresarial\/#breadcrumb\"},\"inLanguage\":\"es-CL\",\"potentialAction\":[{\"@type\":\"ReadAction\",\"target\":[\"https:\/\/investiga.uandes.cl\/investigacion-sobre-el-capital-humano-e-inmigracion-busca-encontrar-impacto-en-la-competitividad-empresarial\/\"]}]},{\"@type\":\"ImageObject\",\"inLanguage\":\"es-CL\",\"@id\":\"https:\/\/investiga.uandes.cl\/investigacion-sobre-el-capital-humano-e-inmigracion-busca-encontrar-impacto-en-la-competitividad-empresarial\/#primaryimage\",\"url\":\"https:\/\/investiga.uandes.cl\/wp-content\/uploads\/2025\/11\/Captura-de-pantalla-2025-12-01-a-las-10.15.14-p.m.png\",\"contentUrl\":\"https:\/\/investiga.uandes.cl\/wp-content\/uploads\/2025\/11\/Captura-de-pantalla-2025-12-01-a-las-10.15.14-p.m.png\",\"width\":2002,\"height\":1122},{\"@type\":\"BreadcrumbList\",\"@id\":\"https:\/\/investiga.uandes.cl\/investigacion-sobre-el-capital-humano-e-inmigracion-busca-encontrar-impacto-en-la-competitividad-empresarial\/#breadcrumb\",\"itemListElement\":[{\"@type\":\"ListItem\",\"position\":1,\"name\":\"Portada\",\"item\":\"https:\/\/investiga.uandes.cl\/\"},{\"@type\":\"ListItem\",\"position\":2,\"name\":\"Investigaci\u00f3n sobre el capital humano, inmigraci\u00f3n y su impacto en la competitividad empresarial\"}]},{\"@type\":\"WebSite\",\"@id\":\"https:\/\/investiga.uandes.cl\/#website\",\"url\":\"https:\/\/investiga.uandes.cl\/\",\"name\":\"Investiga UANDES\",\"description\":\"Investigaci\u00f3n, Universidad de los Andes\",\"publisher\":{\"@id\":\"https:\/\/investiga.uandes.cl\/#organization\"},\"potentialAction\":[{\"@type\":\"SearchAction\",\"target\":{\"@type\":\"EntryPoint\",\"urlTemplate\":\"https:\/\/investiga.uandes.cl\/?s={search_term_string}\"},\"query-input\":{\"@type\":\"PropertyValueSpecification\",\"valueRequired\":true,\"valueName\":\"search_term_string\"}}],\"inLanguage\":\"es-CL\"},{\"@type\":\"Organization\",\"@id\":\"https:\/\/investiga.uandes.cl\/#organization\",\"name\":\"Investiga UANDES\",\"url\":\"https:\/\/investiga.uandes.cl\/\",\"logo\":{\"@type\":\"ImageObject\",\"inLanguage\":\"es-CL\",\"@id\":\"https:\/\/investiga.uandes.cl\/#\/schema\/logo\/image\/\",\"url\":\"https:\/\/investiga.uandes.cl\/wp-content\/uploads\/2025\/03\/investiga_uandes.jpg\",\"contentUrl\":\"https:\/\/investiga.uandes.cl\/wp-content\/uploads\/2025\/03\/investiga_uandes.jpg\",\"width\":2000,\"height\":771,\"caption\":\"Investiga UANDES\"},\"image\":{\"@id\":\"https:\/\/investiga.uandes.cl\/#\/schema\/logo\/image\/\"}},{\"@type\":\"Person\",\"@id\":\"https:\/\/investiga.uandes.cl\/#\/schema\/person\/a6d3757d4cdc75cceb38c3560655edc3\",\"name\":\"Marisol Grisanti\",\"url\":\"https:\/\/investiga.uandes.cl\/es\/author\/mgrisanti\/\"}]}<\/script>\n<!-- \/ Yoast SEO plugin. -->","yoast_head_json":{"title":"Investigaci\u00f3n sobre el capital humano, inmigraci\u00f3n y su impacto en la competitividad empresarial - Investiga UANDES","robots":{"index":"index","follow":"follow","max-snippet":"max-snippet:-1","max-image-preview":"max-image-preview:large","max-video-preview":"max-video-preview:-1"},"canonical":"https:\/\/investiga.uandes.cl\/es\/investigacion-sobre-el-capital-humano-e-inmigracion-busca-encontrar-impacto-en-la-competitividad-empresarial\/","og_locale":"es_ES","og_type":"article","og_title":"Investigaci\u00f3n sobre el capital humano, inmigraci\u00f3n y su impacto en la competitividad empresarial - Investiga UANDES","og_description":"Francisco Morales, docente de la Facultad de Ciencias Econ\u00f3micas y Empresariales, afirma que busca evidenciar c\u00f3mo la inmigraci\u00f3n redefine las decisiones estrat\u00e9gicas de las organizaciones y su competitividad.","og_url":"https:\/\/investiga.uandes.cl\/es\/investigacion-sobre-el-capital-humano-e-inmigracion-busca-encontrar-impacto-en-la-competitividad-empresarial\/","og_site_name":"Investiga UANDES","article_published_time":"2025-11-05T18:46:32+00:00","article_modified_time":"2026-02-13T01:08:09+00:00","og_image":[{"width":1024,"height":574,"url":"https:\/\/investiga.uandes.cl\/wp-content\/uploads\/2025\/11\/Captura-de-pantalla-2025-12-01-a-las-10.15.14-p.m-1024x574.png","type":"image\/png"}],"author":"Marisol Grisanti","twitter_card":"summary_large_image","twitter_misc":{"Escrito por":"Marisol Grisanti","Tiempo estimado de lectura":"4 minutos"},"schema":{"@context":"https:\/\/schema.org","@graph":[{"@type":"Article","@id":"https:\/\/investiga.uandes.cl\/investigacion-sobre-el-capital-humano-e-inmigracion-busca-encontrar-impacto-en-la-competitividad-empresarial\/#article","isPartOf":{"@id":"https:\/\/investiga.uandes.cl\/investigacion-sobre-el-capital-humano-e-inmigracion-busca-encontrar-impacto-en-la-competitividad-empresarial\/"},"author":{"name":"Marisol Grisanti","@id":"https:\/\/investiga.uandes.cl\/#\/schema\/person\/a6d3757d4cdc75cceb38c3560655edc3"},"headline":"Investigaci\u00f3n sobre el capital humano, inmigraci\u00f3n y su impacto en la competitividad empresarial","datePublished":"2025-11-05T18:46:32+00:00","dateModified":"2026-02-13T01:08:09+00:00","mainEntityOfPage":{"@id":"https:\/\/investiga.uandes.cl\/investigacion-sobre-el-capital-humano-e-inmigracion-busca-encontrar-impacto-en-la-competitividad-empresarial\/"},"wordCount":799,"publisher":{"@id":"https:\/\/investiga.uandes.cl\/#organization"},"image":{"@id":"https:\/\/investiga.uandes.cl\/investigacion-sobre-el-capital-humano-e-inmigracion-busca-encontrar-impacto-en-la-competitividad-empresarial\/#primaryimage"},"thumbnailUrl":"https:\/\/investiga.uandes.cl\/wp-content\/uploads\/2025\/11\/Captura-de-pantalla-2025-12-01-a-las-10.15.14-p.m.png","keywords":["209"],"articleSection":["Econom\u00eda","Investigaci\u00f3n","Pensamiento y Sociedad"],"inLanguage":"es-CL"},{"@type":"WebPage","@id":"https:\/\/investiga.uandes.cl\/investigacion-sobre-el-capital-humano-e-inmigracion-busca-encontrar-impacto-en-la-competitividad-empresarial\/","url":"https:\/\/investiga.uandes.cl\/investigacion-sobre-el-capital-humano-e-inmigracion-busca-encontrar-impacto-en-la-competitividad-empresarial\/","name":"Investigaci\u00f3n sobre el capital humano, inmigraci\u00f3n y su impacto en la competitividad empresarial - Investiga UANDES","isPartOf":{"@id":"https:\/\/investiga.uandes.cl\/#website"},"primaryImageOfPage":{"@id":"https:\/\/investiga.uandes.cl\/investigacion-sobre-el-capital-humano-e-inmigracion-busca-encontrar-impacto-en-la-competitividad-empresarial\/#primaryimage"},"image":{"@id":"https:\/\/investiga.uandes.cl\/investigacion-sobre-el-capital-humano-e-inmigracion-busca-encontrar-impacto-en-la-competitividad-empresarial\/#primaryimage"},"thumbnailUrl":"https:\/\/investiga.uandes.cl\/wp-content\/uploads\/2025\/11\/Captura-de-pantalla-2025-12-01-a-las-10.15.14-p.m.png","datePublished":"2025-11-05T18:46:32+00:00","dateModified":"2026-02-13T01:08:09+00:00","breadcrumb":{"@id":"https:\/\/investiga.uandes.cl\/investigacion-sobre-el-capital-humano-e-inmigracion-busca-encontrar-impacto-en-la-competitividad-empresarial\/#breadcrumb"},"inLanguage":"es-CL","potentialAction":[{"@type":"ReadAction","target":["https:\/\/investiga.uandes.cl\/investigacion-sobre-el-capital-humano-e-inmigracion-busca-encontrar-impacto-en-la-competitividad-empresarial\/"]}]},{"@type":"ImageObject","inLanguage":"es-CL","@id":"https:\/\/investiga.uandes.cl\/investigacion-sobre-el-capital-humano-e-inmigracion-busca-encontrar-impacto-en-la-competitividad-empresarial\/#primaryimage","url":"https:\/\/investiga.uandes.cl\/wp-content\/uploads\/2025\/11\/Captura-de-pantalla-2025-12-01-a-las-10.15.14-p.m.png","contentUrl":"https:\/\/investiga.uandes.cl\/wp-content\/uploads\/2025\/11\/Captura-de-pantalla-2025-12-01-a-las-10.15.14-p.m.png","width":2002,"height":1122},{"@type":"BreadcrumbList","@id":"https:\/\/investiga.uandes.cl\/investigacion-sobre-el-capital-humano-e-inmigracion-busca-encontrar-impacto-en-la-competitividad-empresarial\/#breadcrumb","itemListElement":[{"@type":"ListItem","position":1,"name":"Portada","item":"https:\/\/investiga.uandes.cl\/"},{"@type":"ListItem","position":2,"name":"Investigaci\u00f3n sobre el capital humano, inmigraci\u00f3n y su impacto en la competitividad empresarial"}]},{"@type":"WebSite","@id":"https:\/\/investiga.uandes.cl\/#website","url":"https:\/\/investiga.uandes.cl\/","name":"Investiga UANDES","description":"Investigaci\u00f3n, Universidad de los Andes","publisher":{"@id":"https:\/\/investiga.uandes.cl\/#organization"},"potentialAction":[{"@type":"SearchAction","target":{"@type":"EntryPoint","urlTemplate":"https:\/\/investiga.uandes.cl\/?s={search_term_string}"},"query-input":{"@type":"PropertyValueSpecification","valueRequired":true,"valueName":"search_term_string"}}],"inLanguage":"es-CL"},{"@type":"Organization","@id":"https:\/\/investiga.uandes.cl\/#organization","name":"Investiga UANDES","url":"https:\/\/investiga.uandes.cl\/","logo":{"@type":"ImageObject","inLanguage":"es-CL","@id":"https:\/\/investiga.uandes.cl\/#\/schema\/logo\/image\/","url":"https:\/\/investiga.uandes.cl\/wp-content\/uploads\/2025\/03\/investiga_uandes.jpg","contentUrl":"https:\/\/investiga.uandes.cl\/wp-content\/uploads\/2025\/03\/investiga_uandes.jpg","width":2000,"height":771,"caption":"Investiga UANDES"},"image":{"@id":"https:\/\/investiga.uandes.cl\/#\/schema\/logo\/image\/"}},{"@type":"Person","@id":"https:\/\/investiga.uandes.cl\/#\/schema\/person\/a6d3757d4cdc75cceb38c3560655edc3","name":"Marisol Grisanti","url":"https:\/\/investiga.uandes.cl\/es\/author\/mgrisanti\/"}]}},"_links":{"self":[{"href":"https:\/\/investiga.uandes.cl\/es\/wp-json\/wp\/v2\/posts\/6815","targetHints":{"allow":["GET"]}}],"collection":[{"href":"https:\/\/investiga.uandes.cl\/es\/wp-json\/wp\/v2\/posts"}],"about":[{"href":"https:\/\/investiga.uandes.cl\/es\/wp-json\/wp\/v2\/types\/post"}],"author":[{"embeddable":true,"href":"https:\/\/investiga.uandes.cl\/es\/wp-json\/wp\/v2\/users\/3"}],"replies":[{"embeddable":true,"href":"https:\/\/investiga.uandes.cl\/es\/wp-json\/wp\/v2\/comments?post=6815"}],"version-history":[{"count":7,"href":"https:\/\/investiga.uandes.cl\/es\/wp-json\/wp\/v2\/posts\/6815\/revisions"}],"predecessor-version":[{"id":7558,"href":"https:\/\/investiga.uandes.cl\/es\/wp-json\/wp\/v2\/posts\/6815\/revisions\/7558"}],"wp:featuredmedia":[{"embeddable":true,"href":"https:\/\/investiga.uandes.cl\/es\/wp-json\/wp\/v2\/media\/6958"}],"wp:attachment":[{"href":"https:\/\/investiga.uandes.cl\/es\/wp-json\/wp\/v2\/media?parent=6815"}],"wp:term":[{"taxonomy":"category","embeddable":true,"href":"https:\/\/investiga.uandes.cl\/es\/wp-json\/wp\/v2\/categories?post=6815"},{"taxonomy":"post_tag","embeddable":true,"href":"https:\/\/investiga.uandes.cl\/es\/wp-json\/wp\/v2\/tags?post=6815"}],"curies":[{"name":"wp","href":"https:\/\/api.w.org\/{rel}","templated":true}]}}