{"id":6769,"date":"2025-11-04T18:09:36","date_gmt":"2025-11-04T21:09:36","guid":{"rendered":"https:\/\/investiga.uandes.cl\/?p=6769"},"modified":"2025-12-02T16:57:00","modified_gmt":"2025-12-02T19:57:00","slug":"investigacion-de-excelencia-para-la-infancia-uandes-sera-parte-del-nuevo-instituto-milenio-que-estudiara-como-los-ninos-aprenden-a-leer-y-escribir","status":"publish","type":"post","link":"https:\/\/investiga.uandes.cl\/es\/investigacion-de-excelencia-para-la-infancia-uandes-sera-parte-del-nuevo-instituto-milenio-que-estudiara-como-los-ninos-aprenden-a-leer-y-escribir\/","title":{"rendered":"4 universidades chilenas analizan el aprendizaje  de ni\u00f1os en contextos vulnerables"},"content":{"rendered":"\n<p>La&nbsp;<a href=\"https:\/\/anid.cl\/\">Agencia Nacional de Investigaci\u00f3n y Desarrollo (ANID)<\/a>&nbsp;anunci\u00f3 durante el pasado mes de octubre la adjudicaci\u00f3n del&nbsp;<a href=\"https:\/\/anid.cl\/concursos\/concurso-nucleos-milenio-2025-ciencias-sociales\/\">Instituto Milenio de Ciencias Sociales 2025<\/a>&nbsp;para el proyecto&nbsp;<strong>MISTRALL<\/strong>, una iniciativa interuniversitaria en la que participa la Universidad de los Andes que desarrollar\u00e1&nbsp;<strong>investigaci\u00f3n de excelencia para comprender c\u00f3mo los ni\u00f1os aprenden a leer y escribir, con especial foco en contextos vulnerables.<\/strong><\/p>\n\n\n\n<p>El proyecto tendr\u00e1 una duraci\u00f3n de diez a\u00f1os y un financiamiento superior a los 7.000 millones de pesos, destinado a financiar el trabajo y capacitaci\u00f3n de investigadores, postdoctorantes, estudiantes, equipamiento e infraestructura.<\/p>\n\n\n\n<p>El proyecto MISTRALL \u2014por su sigla en ingl\u00e9s&nbsp;<em>Millennium Institute for the Study of Transformative Literacy and Learning<\/em>\u2014 reunir\u00e1 a equipos de la Pontificia Universidad Cat\u00f3lica de Chile (PUC), la Universidad de los Andes (Uandes), la Universidad Diego Portales (UDP), Pontificia Universidad Cat\u00f3lica de Valpara\u00edso (PUCV) y la Universidad Austral de Chile (UACh). La direcci\u00f3n estar\u00e1 a cargo de la investigadora Susana Claro (PUC), mientras que la direcci\u00f3n alterna recaer\u00e1 en <a href=\"https:\/\/investigadores.uandes.cl\/es\/persons\/mar%C3%ADa-constanza-err%C3%A1zuriz\/\" target=\"_blank\" rel=\"noreferrer noopener\"><strong>Mar\u00eda Constanza Err\u00e1zuriz (Uandes)<\/strong><\/a>.<\/p>\n\n\n\n<p>Las investigaciones abarcar\u00e1n desde las capacidades cognitivas que influyen en el desarrollo del lenguaje hasta estudios longitudinales sobre el rol de las emociones, el desarrollo socioemocional y factores como la autoeficacia y el autoconcepto en el aprendizaje.<\/p>\n\n\n\n<p>MISTRALL forma parte del Concurso de Institutos Milenio en Ciencias Sociales 2025, cuyo prop\u00f3sito es fortalecer la producci\u00f3n cient\u00edfica de excelencia y el impacto social de la investigaci\u00f3n en el pa\u00eds.<\/p>\n\n\n\n<h3 class=\"wp-block-heading\">Transformar el aprendizaje a trav\u00e9s del lenguaje<\/h3>\n\n\n\n<p>El Instituto Milenio MISTRALL estudiar\u00e1 los procesos que influyen en el desarrollo del lenguaje, la lectura y la escritura en los ni\u00f1os y ni\u00f1as, integrando enfoques cognitivos, ling\u00fc\u00edsticos, socioemocionales y de pol\u00edtica p\u00fablica.<\/p>\n\n\n\n<p>Las cuatro l\u00edneas de investigaci\u00f3n que abordar\u00e1n ser\u00e1n:<\/p>\n\n\n\n<ul class=\"wp-block-list\">\n<li>Intervenciones efectivas en procesos iniciales de lectura y escritura, lideradas por Pablo Escobar (PUC) y Pelusa Orellana (Uandes).<\/li>\n\n\n\n<li>Procesos cognitivos y ling\u00fc\u00edsticos de orden superior, encabezados por Katherine Strasser (PUC), David Preiss (PUC), Andrea Bustos (PUCV) y Evelyn Hugo (UDLA).<\/li>\n\n\n\n<li>Literacidad, emociones y bienestar, con participaci\u00f3n de investigadoras de Uandes, UACh, PUC, UDP y UDD.<\/li>\n\n\n\n<li>Pol\u00edtica p\u00fablica para intervenciones equitativas, liderada por Susana Claro (PUC), <a href=\"https:\/\/investigadores.uandes.cl\/es\/persons\/carolina-eugenia-melo-hurtado\/\" target=\"_blank\" rel=\"noreferrer noopener\"><strong>Carolina Melo (Uandes)<\/strong><\/a> y Marta Quiroga (PUCV).<\/li>\n<\/ul>\n\n\n\n<p>Adem\u00e1s, MISTRALL desarrollar\u00e1 activamente conocimiento traslacional, buscando convertir la evidencia cient\u00edfica que surja de esta investigaci\u00f3n en programas, materiales educativos y propuestas de pol\u00edticas p\u00fablicas que puedan ser usados en escuelas, familias y entornos educativos.<\/p>\n\n\n\n<p><a href=\"https:\/\/investigadores.uandes.cl\/es\/persons\/pelusa-orellana-garc%C3%ADa\/\" target=\"_blank\" rel=\"noreferrer noopener\"><strong>Pelusa Orellana<\/strong><\/a>, acad\u00e9mica de la Escuela de Educaci\u00f3n y directora acad\u00e9mica del <a href=\"https:\/\/www.uandes.cl\/centros\/ciil\/\"><strong>Centro de Investigaci\u00f3n e Innovaci\u00f3n en Lectura (CIIL)<\/strong><\/a> ser\u00e1 parte de MISTRALL junto a la tambi\u00e9n investigadora Carolina Melo, cofundadoras de la red Por un Chile que Lee, junto con la profesora <a href=\"https:\/\/investigadores.uandes.cl\/es\/persons\/mar%C3%ADa-francisca-valenzuela-hasenohr\/\" target=\"_blank\" rel=\"noreferrer noopener\"><strong>Francisca Valenzuela<\/strong><\/a>.<\/p>\n\n\n\n<figure class=\"wp-block-image\"><img decoding=\"async\" src=\"https:\/\/www.uandes.cl\/wp-content\/uploads\/2025\/11\/image-1-1.png\" alt=\"\" class=\"wp-image-317789\"\/><\/figure>\n\n\n\n<p>Seg\u00fan explica, el rol de la Uandes en MISTRALL \u201ces desarrollar investigaci\u00f3n de punta en las l\u00edneas en las que estamos directamente vinculadas las investigadoras del CIIL Carolina Melo, Constanza Err\u00e1zuriz y yo. Adem\u00e1s, generar publicaciones y alinear el trabajo del Instituto con nuevos fondos que podamos obtener para la formaci\u00f3n de nuevos investigadores\u201d.<\/p>\n\n\n\n<p>\u201cSin duda, este proyecto se vincula directamente con las l\u00edneas de investigaci\u00f3n que vengo desarrollando durante los \u00faltimos 20 a\u00f1os, por lo que es una enorme posibilidad de consolidar mi investigaci\u00f3n, en especial en lo que se relaciona con la creaci\u00f3n y validaci\u00f3n de instrumentos para evaluar los distintos aspectos de la lectura y la escritura en el pa\u00eds, as\u00ed como tambi\u00e9n de intervenciones efectivas en el aula\u201d, coment\u00f3 Orellana.<\/p>\n\n\n\n<p>Agrega que, a su juicio, tambi\u00e9n son relevantes otras l\u00edneas que MISTRALL va a desarrollar, tales como la pol\u00edtica p\u00fablica de alfabetizaci\u00f3n y la motivaci\u00f3n lectora, \u201cas\u00ed es que me hace mucha ilusi\u00f3n\u201d.<\/p>\n\n\n\n<p>\u201cEspecialmente valoro la posiblidad de formar a investigadores j\u00f3venes al alero del MISTRALL, que es algo que nuestro pa\u00eds necesita con suma urgencia\u201d, relata Orellana.<\/p>\n\n\n\n<h3 class=\"wp-block-heading\">Respuesta local para un desaf\u00edo regional<\/h3>\n\n\n\n<p>Seg\u00fan explican sus investigadores, el Instituto Milenio MISTRALL surge en un contexto latinoamericano marcado por brechas en formaci\u00f3n docente, desigualdad y baja priorizaci\u00f3n de la literacidad. Por esto, la ubicaci\u00f3n de MISTRALL en Chile permitir\u00e1 generar modelos culturalmente pertinentes para pa\u00edses hispanohablantes de ingresos bajos y medios, contribuyendo a resolver problemas hist\u00f3ricos en alfabetizaci\u00f3n.<\/p>\n\n\n\n<p>\u201cEl desaf\u00edo no es solo comprender c\u00f3mo los ni\u00f1os aprenden, sino generar soluciones que puedan implementarse en los territorios que m\u00e1s lo necesitan\u201d, destac\u00f3 el equipo.<\/p>\n\n\n\n<p>Asimismo, el proyecto contempla alianzas con instituciones de prestigio como la Universidad de Salamanca, University of Canberra, Stanford University y Universidad de Houston.<\/p>\n\n\n\n<p>En los primeros a\u00f1os, MISTRALL producir\u00e1 modelos avanzados sobre el desarrollo de la literacidad y transferir\u00e1 este conocimiento a la sociedad. A largo plazo, aspira a consolidarse como un centro l\u00edder para el estudio del aprendizaje infantil con impacto real en escuelas y comunidades educativas.<\/p>\n\n\n\n<p>De esta manera, la Universidad de los Andes se integra a la red de excelencia de los Institutos Milenio, contribuyendo en un espacio que impactar\u00e1 en el estudio del desarrollo infantil, la educaci\u00f3n y la equidad en los aprendizajes.<\/p>\n","protected":false},"excerpt":{"rendered":"<p>Tras la adjudicaci\u00f3n del\u00a0Instituto Milenio de Ciencias Sociales 2025\u00a0para el proyecto\u00a0MISTRALL, se desarrollar\u00e1 conocimiento traslacional, buscando convertir la evidencia cient\u00edfica de esta investigaci\u00f3n en programas, materiales educativos y propuestas de pol\u00edticas p\u00fablicas.<\/p>\n","protected":false},"author":11,"featured_media":6770,"comment_status":"closed","ping_status":"closed","sticky":false,"template":"","format":"standard","meta":{"inline_featured_image":false,"footnotes":""},"categories":[14,1,28,4],"tags":[62],"class_list":["post-6769","post","type-post","status-publish","format-standard","has-post-thumbnail","hentry","category-innovacion","category-investigacion","category-nuevos-proyectos","category-pensamiento","tag-62"],"yoast_head":"<!-- This site is optimized with the Yoast SEO plugin v24.7 - https:\/\/yoast.com\/wordpress\/plugins\/seo\/ -->\n<title>4 universidades chilenas analizan el aprendizaje de ni\u00f1os en contextos vulnerables - Investiga UANDES<\/title>\n<meta name=\"robots\" content=\"index, follow, max-snippet:-1, max-image-preview:large, max-video-preview:-1\" \/>\n<link rel=\"canonical\" href=\"https:\/\/investiga.uandes.cl\/es\/investigacion-de-excelencia-para-la-infancia-uandes-sera-parte-del-nuevo-instituto-milenio-que-estudiara-como-los-ninos-aprenden-a-leer-y-escribir\/\" \/>\n<meta property=\"og:locale\" content=\"es_ES\" \/>\n<meta property=\"og:type\" content=\"article\" \/>\n<meta property=\"og:title\" content=\"4 universidades chilenas analizan el aprendizaje de ni\u00f1os en contextos vulnerables - Investiga UANDES\" \/>\n<meta property=\"og:description\" content=\"Tras la adjudicaci\u00f3n del\u00a0Instituto Milenio de Ciencias Sociales 2025\u00a0para el proyecto\u00a0MISTRALL, se desarrollar\u00e1 conocimiento traslacional, buscando convertir la evidencia cient\u00edfica de esta investigaci\u00f3n en programas, materiales educativos y propuestas de pol\u00edticas p\u00fablicas.\" \/>\n<meta property=\"og:url\" content=\"https:\/\/investiga.uandes.cl\/es\/investigacion-de-excelencia-para-la-infancia-uandes-sera-parte-del-nuevo-instituto-milenio-que-estudiara-como-los-ninos-aprenden-a-leer-y-escribir\/\" \/>\n<meta property=\"og:site_name\" content=\"Investiga UANDES\" \/>\n<meta property=\"article:published_time\" content=\"2025-11-04T21:09:36+00:00\" \/>\n<meta property=\"article:modified_time\" content=\"2025-12-02T19:57:00+00:00\" \/>\n<meta property=\"og:image\" content=\"https:\/\/investiga.uandes.cl\/wp-content\/uploads\/2025\/11\/image-3-1-1024x683.png\" \/>\n\t<meta property=\"og:image:width\" content=\"1024\" \/>\n\t<meta property=\"og:image:height\" content=\"683\" \/>\n\t<meta property=\"og:image:type\" content=\"image\/png\" \/>\n<meta name=\"author\" content=\"Noem\u00ed Arcos\" \/>\n<meta name=\"twitter:card\" content=\"summary_large_image\" \/>\n<meta name=\"twitter:label1\" content=\"Escrito por\" \/>\n\t<meta name=\"twitter:data1\" content=\"Noem\u00ed Arcos\" \/>\n\t<meta name=\"twitter:label2\" content=\"Tiempo estimado de lectura\" \/>\n\t<meta name=\"twitter:data2\" content=\"5 minutos\" \/>\n<script type=\"application\/ld+json\" class=\"yoast-schema-graph\">{\"@context\":\"https:\/\/schema.org\",\"@graph\":[{\"@type\":\"Article\",\"@id\":\"https:\/\/investiga.uandes.cl\/investigacion-de-excelencia-para-la-infancia-uandes-sera-parte-del-nuevo-instituto-milenio-que-estudiara-como-los-ninos-aprenden-a-leer-y-escribir\/#article\",\"isPartOf\":{\"@id\":\"https:\/\/investiga.uandes.cl\/investigacion-de-excelencia-para-la-infancia-uandes-sera-parte-del-nuevo-instituto-milenio-que-estudiara-como-los-ninos-aprenden-a-leer-y-escribir\/\"},\"author\":{\"name\":\"Noem\u00ed Arcos\",\"@id\":\"https:\/\/investiga.uandes.cl\/#\/schema\/person\/127700e3b6ed21481860da6fedc21f02\"},\"headline\":\"4 universidades chilenas analizan el aprendizaje de ni\u00f1os en contextos vulnerables\",\"datePublished\":\"2025-11-04T21:09:36+00:00\",\"dateModified\":\"2025-12-02T19:57:00+00:00\",\"mainEntityOfPage\":{\"@id\":\"https:\/\/investiga.uandes.cl\/investigacion-de-excelencia-para-la-infancia-uandes-sera-parte-del-nuevo-instituto-milenio-que-estudiara-como-los-ninos-aprenden-a-leer-y-escribir\/\"},\"wordCount\":911,\"publisher\":{\"@id\":\"https:\/\/investiga.uandes.cl\/#organization\"},\"image\":{\"@id\":\"https:\/\/investiga.uandes.cl\/investigacion-de-excelencia-para-la-infancia-uandes-sera-parte-del-nuevo-instituto-milenio-que-estudiara-como-los-ninos-aprenden-a-leer-y-escribir\/#primaryimage\"},\"thumbnailUrl\":\"https:\/\/investiga.uandes.cl\/wp-content\/uploads\/2025\/11\/image-3-1.png\",\"keywords\":[\"208\"],\"articleSection\":[\"Innovaci\u00f3n\",\"Investigaci\u00f3n\",\"Nuevos Proyectos\",\"Pensamiento y Sociedad\"],\"inLanguage\":\"es-CL\"},{\"@type\":\"WebPage\",\"@id\":\"https:\/\/investiga.uandes.cl\/investigacion-de-excelencia-para-la-infancia-uandes-sera-parte-del-nuevo-instituto-milenio-que-estudiara-como-los-ninos-aprenden-a-leer-y-escribir\/\",\"url\":\"https:\/\/investiga.uandes.cl\/investigacion-de-excelencia-para-la-infancia-uandes-sera-parte-del-nuevo-instituto-milenio-que-estudiara-como-los-ninos-aprenden-a-leer-y-escribir\/\",\"name\":\"4 universidades chilenas analizan el aprendizaje de ni\u00f1os en contextos vulnerables - Investiga UANDES\",\"isPartOf\":{\"@id\":\"https:\/\/investiga.uandes.cl\/#website\"},\"primaryImageOfPage\":{\"@id\":\"https:\/\/investiga.uandes.cl\/investigacion-de-excelencia-para-la-infancia-uandes-sera-parte-del-nuevo-instituto-milenio-que-estudiara-como-los-ninos-aprenden-a-leer-y-escribir\/#primaryimage\"},\"image\":{\"@id\":\"https:\/\/investiga.uandes.cl\/investigacion-de-excelencia-para-la-infancia-uandes-sera-parte-del-nuevo-instituto-milenio-que-estudiara-como-los-ninos-aprenden-a-leer-y-escribir\/#primaryimage\"},\"thumbnailUrl\":\"https:\/\/investiga.uandes.cl\/wp-content\/uploads\/2025\/11\/image-3-1.png\",\"datePublished\":\"2025-11-04T21:09:36+00:00\",\"dateModified\":\"2025-12-02T19:57:00+00:00\",\"breadcrumb\":{\"@id\":\"https:\/\/investiga.uandes.cl\/investigacion-de-excelencia-para-la-infancia-uandes-sera-parte-del-nuevo-instituto-milenio-que-estudiara-como-los-ninos-aprenden-a-leer-y-escribir\/#breadcrumb\"},\"inLanguage\":\"es-CL\",\"potentialAction\":[{\"@type\":\"ReadAction\",\"target\":[\"https:\/\/investiga.uandes.cl\/investigacion-de-excelencia-para-la-infancia-uandes-sera-parte-del-nuevo-instituto-milenio-que-estudiara-como-los-ninos-aprenden-a-leer-y-escribir\/\"]}]},{\"@type\":\"ImageObject\",\"inLanguage\":\"es-CL\",\"@id\":\"https:\/\/investiga.uandes.cl\/investigacion-de-excelencia-para-la-infancia-uandes-sera-parte-del-nuevo-instituto-milenio-que-estudiara-como-los-ninos-aprenden-a-leer-y-escribir\/#primaryimage\",\"url\":\"https:\/\/investiga.uandes.cl\/wp-content\/uploads\/2025\/11\/image-3-1.png\",\"contentUrl\":\"https:\/\/investiga.uandes.cl\/wp-content\/uploads\/2025\/11\/image-3-1.png\",\"width\":2048,\"height\":1365},{\"@type\":\"BreadcrumbList\",\"@id\":\"https:\/\/investiga.uandes.cl\/investigacion-de-excelencia-para-la-infancia-uandes-sera-parte-del-nuevo-instituto-milenio-que-estudiara-como-los-ninos-aprenden-a-leer-y-escribir\/#breadcrumb\",\"itemListElement\":[{\"@type\":\"ListItem\",\"position\":1,\"name\":\"Portada\",\"item\":\"https:\/\/investiga.uandes.cl\/\"},{\"@type\":\"ListItem\",\"position\":2,\"name\":\"4 universidades chilenas analizan el aprendizaje de ni\u00f1os en contextos vulnerables\"}]},{\"@type\":\"WebSite\",\"@id\":\"https:\/\/investiga.uandes.cl\/#website\",\"url\":\"https:\/\/investiga.uandes.cl\/\",\"name\":\"Investiga UANDES\",\"description\":\"Investigaci\u00f3n, Universidad de los Andes\",\"publisher\":{\"@id\":\"https:\/\/investiga.uandes.cl\/#organization\"},\"potentialAction\":[{\"@type\":\"SearchAction\",\"target\":{\"@type\":\"EntryPoint\",\"urlTemplate\":\"https:\/\/investiga.uandes.cl\/?s={search_term_string}\"},\"query-input\":{\"@type\":\"PropertyValueSpecification\",\"valueRequired\":true,\"valueName\":\"search_term_string\"}}],\"inLanguage\":\"es-CL\"},{\"@type\":\"Organization\",\"@id\":\"https:\/\/investiga.uandes.cl\/#organization\",\"name\":\"Investiga UANDES\",\"url\":\"https:\/\/investiga.uandes.cl\/\",\"logo\":{\"@type\":\"ImageObject\",\"inLanguage\":\"es-CL\",\"@id\":\"https:\/\/investiga.uandes.cl\/#\/schema\/logo\/image\/\",\"url\":\"https:\/\/investiga.uandes.cl\/wp-content\/uploads\/2025\/03\/investiga_uandes.jpg\",\"contentUrl\":\"https:\/\/investiga.uandes.cl\/wp-content\/uploads\/2025\/03\/investiga_uandes.jpg\",\"width\":2000,\"height\":771,\"caption\":\"Investiga UANDES\"},\"image\":{\"@id\":\"https:\/\/investiga.uandes.cl\/#\/schema\/logo\/image\/\"}},{\"@type\":\"Person\",\"@id\":\"https:\/\/investiga.uandes.cl\/#\/schema\/person\/127700e3b6ed21481860da6fedc21f02\",\"name\":\"Noem\u00ed Arcos\",\"url\":\"https:\/\/investiga.uandes.cl\/es\/author\/noemi-arcos\/\"}]}<\/script>\n<!-- \/ Yoast SEO plugin. -->","yoast_head_json":{"title":"4 universidades chilenas analizan el aprendizaje de ni\u00f1os en contextos vulnerables - Investiga UANDES","robots":{"index":"index","follow":"follow","max-snippet":"max-snippet:-1","max-image-preview":"max-image-preview:large","max-video-preview":"max-video-preview:-1"},"canonical":"https:\/\/investiga.uandes.cl\/es\/investigacion-de-excelencia-para-la-infancia-uandes-sera-parte-del-nuevo-instituto-milenio-que-estudiara-como-los-ninos-aprenden-a-leer-y-escribir\/","og_locale":"es_ES","og_type":"article","og_title":"4 universidades chilenas analizan el aprendizaje de ni\u00f1os en contextos vulnerables - Investiga UANDES","og_description":"Tras la adjudicaci\u00f3n del\u00a0Instituto Milenio de Ciencias Sociales 2025\u00a0para el proyecto\u00a0MISTRALL, se desarrollar\u00e1 conocimiento traslacional, buscando convertir la evidencia cient\u00edfica de esta investigaci\u00f3n en programas, materiales educativos y propuestas de pol\u00edticas p\u00fablicas.","og_url":"https:\/\/investiga.uandes.cl\/es\/investigacion-de-excelencia-para-la-infancia-uandes-sera-parte-del-nuevo-instituto-milenio-que-estudiara-como-los-ninos-aprenden-a-leer-y-escribir\/","og_site_name":"Investiga UANDES","article_published_time":"2025-11-04T21:09:36+00:00","article_modified_time":"2025-12-02T19:57:00+00:00","og_image":[{"width":1024,"height":683,"url":"https:\/\/investiga.uandes.cl\/wp-content\/uploads\/2025\/11\/image-3-1-1024x683.png","type":"image\/png"}],"author":"Noem\u00ed Arcos","twitter_card":"summary_large_image","twitter_misc":{"Escrito por":"Noem\u00ed Arcos","Tiempo estimado de lectura":"5 minutos"},"schema":{"@context":"https:\/\/schema.org","@graph":[{"@type":"Article","@id":"https:\/\/investiga.uandes.cl\/investigacion-de-excelencia-para-la-infancia-uandes-sera-parte-del-nuevo-instituto-milenio-que-estudiara-como-los-ninos-aprenden-a-leer-y-escribir\/#article","isPartOf":{"@id":"https:\/\/investiga.uandes.cl\/investigacion-de-excelencia-para-la-infancia-uandes-sera-parte-del-nuevo-instituto-milenio-que-estudiara-como-los-ninos-aprenden-a-leer-y-escribir\/"},"author":{"name":"Noem\u00ed Arcos","@id":"https:\/\/investiga.uandes.cl\/#\/schema\/person\/127700e3b6ed21481860da6fedc21f02"},"headline":"4 universidades chilenas analizan el aprendizaje de ni\u00f1os en contextos vulnerables","datePublished":"2025-11-04T21:09:36+00:00","dateModified":"2025-12-02T19:57:00+00:00","mainEntityOfPage":{"@id":"https:\/\/investiga.uandes.cl\/investigacion-de-excelencia-para-la-infancia-uandes-sera-parte-del-nuevo-instituto-milenio-que-estudiara-como-los-ninos-aprenden-a-leer-y-escribir\/"},"wordCount":911,"publisher":{"@id":"https:\/\/investiga.uandes.cl\/#organization"},"image":{"@id":"https:\/\/investiga.uandes.cl\/investigacion-de-excelencia-para-la-infancia-uandes-sera-parte-del-nuevo-instituto-milenio-que-estudiara-como-los-ninos-aprenden-a-leer-y-escribir\/#primaryimage"},"thumbnailUrl":"https:\/\/investiga.uandes.cl\/wp-content\/uploads\/2025\/11\/image-3-1.png","keywords":["208"],"articleSection":["Innovaci\u00f3n","Investigaci\u00f3n","Nuevos Proyectos","Pensamiento y Sociedad"],"inLanguage":"es-CL"},{"@type":"WebPage","@id":"https:\/\/investiga.uandes.cl\/investigacion-de-excelencia-para-la-infancia-uandes-sera-parte-del-nuevo-instituto-milenio-que-estudiara-como-los-ninos-aprenden-a-leer-y-escribir\/","url":"https:\/\/investiga.uandes.cl\/investigacion-de-excelencia-para-la-infancia-uandes-sera-parte-del-nuevo-instituto-milenio-que-estudiara-como-los-ninos-aprenden-a-leer-y-escribir\/","name":"4 universidades chilenas analizan el aprendizaje de ni\u00f1os en contextos vulnerables - Investiga UANDES","isPartOf":{"@id":"https:\/\/investiga.uandes.cl\/#website"},"primaryImageOfPage":{"@id":"https:\/\/investiga.uandes.cl\/investigacion-de-excelencia-para-la-infancia-uandes-sera-parte-del-nuevo-instituto-milenio-que-estudiara-como-los-ninos-aprenden-a-leer-y-escribir\/#primaryimage"},"image":{"@id":"https:\/\/investiga.uandes.cl\/investigacion-de-excelencia-para-la-infancia-uandes-sera-parte-del-nuevo-instituto-milenio-que-estudiara-como-los-ninos-aprenden-a-leer-y-escribir\/#primaryimage"},"thumbnailUrl":"https:\/\/investiga.uandes.cl\/wp-content\/uploads\/2025\/11\/image-3-1.png","datePublished":"2025-11-04T21:09:36+00:00","dateModified":"2025-12-02T19:57:00+00:00","breadcrumb":{"@id":"https:\/\/investiga.uandes.cl\/investigacion-de-excelencia-para-la-infancia-uandes-sera-parte-del-nuevo-instituto-milenio-que-estudiara-como-los-ninos-aprenden-a-leer-y-escribir\/#breadcrumb"},"inLanguage":"es-CL","potentialAction":[{"@type":"ReadAction","target":["https:\/\/investiga.uandes.cl\/investigacion-de-excelencia-para-la-infancia-uandes-sera-parte-del-nuevo-instituto-milenio-que-estudiara-como-los-ninos-aprenden-a-leer-y-escribir\/"]}]},{"@type":"ImageObject","inLanguage":"es-CL","@id":"https:\/\/investiga.uandes.cl\/investigacion-de-excelencia-para-la-infancia-uandes-sera-parte-del-nuevo-instituto-milenio-que-estudiara-como-los-ninos-aprenden-a-leer-y-escribir\/#primaryimage","url":"https:\/\/investiga.uandes.cl\/wp-content\/uploads\/2025\/11\/image-3-1.png","contentUrl":"https:\/\/investiga.uandes.cl\/wp-content\/uploads\/2025\/11\/image-3-1.png","width":2048,"height":1365},{"@type":"BreadcrumbList","@id":"https:\/\/investiga.uandes.cl\/investigacion-de-excelencia-para-la-infancia-uandes-sera-parte-del-nuevo-instituto-milenio-que-estudiara-como-los-ninos-aprenden-a-leer-y-escribir\/#breadcrumb","itemListElement":[{"@type":"ListItem","position":1,"name":"Portada","item":"https:\/\/investiga.uandes.cl\/"},{"@type":"ListItem","position":2,"name":"4 universidades chilenas analizan el aprendizaje de ni\u00f1os en contextos vulnerables"}]},{"@type":"WebSite","@id":"https:\/\/investiga.uandes.cl\/#website","url":"https:\/\/investiga.uandes.cl\/","name":"Investiga UANDES","description":"Investigaci\u00f3n, Universidad de los Andes","publisher":{"@id":"https:\/\/investiga.uandes.cl\/#organization"},"potentialAction":[{"@type":"SearchAction","target":{"@type":"EntryPoint","urlTemplate":"https:\/\/investiga.uandes.cl\/?s={search_term_string}"},"query-input":{"@type":"PropertyValueSpecification","valueRequired":true,"valueName":"search_term_string"}}],"inLanguage":"es-CL"},{"@type":"Organization","@id":"https:\/\/investiga.uandes.cl\/#organization","name":"Investiga UANDES","url":"https:\/\/investiga.uandes.cl\/","logo":{"@type":"ImageObject","inLanguage":"es-CL","@id":"https:\/\/investiga.uandes.cl\/#\/schema\/logo\/image\/","url":"https:\/\/investiga.uandes.cl\/wp-content\/uploads\/2025\/03\/investiga_uandes.jpg","contentUrl":"https:\/\/investiga.uandes.cl\/wp-content\/uploads\/2025\/03\/investiga_uandes.jpg","width":2000,"height":771,"caption":"Investiga UANDES"},"image":{"@id":"https:\/\/investiga.uandes.cl\/#\/schema\/logo\/image\/"}},{"@type":"Person","@id":"https:\/\/investiga.uandes.cl\/#\/schema\/person\/127700e3b6ed21481860da6fedc21f02","name":"Noem\u00ed Arcos","url":"https:\/\/investiga.uandes.cl\/es\/author\/noemi-arcos\/"}]}},"_links":{"self":[{"href":"https:\/\/investiga.uandes.cl\/es\/wp-json\/wp\/v2\/posts\/6769","targetHints":{"allow":["GET"]}}],"collection":[{"href":"https:\/\/investiga.uandes.cl\/es\/wp-json\/wp\/v2\/posts"}],"about":[{"href":"https:\/\/investiga.uandes.cl\/es\/wp-json\/wp\/v2\/types\/post"}],"author":[{"embeddable":true,"href":"https:\/\/investiga.uandes.cl\/es\/wp-json\/wp\/v2\/users\/11"}],"replies":[{"embeddable":true,"href":"https:\/\/investiga.uandes.cl\/es\/wp-json\/wp\/v2\/comments?post=6769"}],"version-history":[{"count":12,"href":"https:\/\/investiga.uandes.cl\/es\/wp-json\/wp\/v2\/posts\/6769\/revisions"}],"predecessor-version":[{"id":7093,"href":"https:\/\/investiga.uandes.cl\/es\/wp-json\/wp\/v2\/posts\/6769\/revisions\/7093"}],"wp:featuredmedia":[{"embeddable":true,"href":"https:\/\/investiga.uandes.cl\/es\/wp-json\/wp\/v2\/media\/6770"}],"wp:attachment":[{"href":"https:\/\/investiga.uandes.cl\/es\/wp-json\/wp\/v2\/media?parent=6769"}],"wp:term":[{"taxonomy":"category","embeddable":true,"href":"https:\/\/investiga.uandes.cl\/es\/wp-json\/wp\/v2\/categories?post=6769"},{"taxonomy":"post_tag","embeddable":true,"href":"https:\/\/investiga.uandes.cl\/es\/wp-json\/wp\/v2\/tags?post=6769"}],"curies":[{"name":"wp","href":"https:\/\/api.w.org\/{rel}","templated":true}]}}