{"id":6678,"date":"2025-11-25T17:26:47","date_gmt":"2025-11-25T20:26:47","guid":{"rendered":"https:\/\/investiga.uandes.cl\/?p=6678"},"modified":"2025-12-03T12:11:01","modified_gmt":"2025-12-03T15:11:01","slug":"investigacion-internacional-busca-elevar-los-estandares-eticos-y-la-virtud-en-las-empresas","status":"publish","type":"post","link":"https:\/\/investiga.uandes.cl\/es\/investigacion-internacional-busca-elevar-los-estandares-eticos-y-la-virtud-en-las-empresas\/","title":{"rendered":"C\u00f3mo elevar los est\u00e1ndares \u00e9ticos en las empresas"},"content":{"rendered":"\n<p>El acad\u00e9mico de la&nbsp;<a href=\"https:\/\/www.uandes.cl\/tag\/facultad-de-ciencias-economicas-y-empresariales\/\">Facultad de Ciencias Econ\u00f3micas y Empresariales<\/a>&nbsp;<a href=\"https:\/\/investigadores.uandes.cl\/es\/persons\/javier-ignacio-pinto-garay\/\" target=\"_blank\" rel=\"noreferrer noopener\"><strong>Javier Pinto<\/strong><\/a> investiga la \u00e9tica empresarial y profesional, con \u00e9nfasis en la \u00e9tica de la virtud. Actualmente el docente se encuentra finalizando dos proyectos relacionados con este tema, el primero es un libro sobre justicia y empresa, que ser\u00e1 publicado pr\u00f3ximamente en una editorial internacional. El segundo es un volumen colectivo, del cual Javier Pinto es el editor, publicaci\u00f3n que ofrecer una revisi\u00f3n de las teor\u00edas m\u00e1s relevantes sobre el trabajo, especialmente en el siglo XX, en el que participan profesores de la&nbsp;<strong><a href=\"https:\/\/www.unav.edu\/inicio\">Universidad de Navarra&nbsp;<\/a><\/strong>(Espa\u00f1a) y de la&nbsp;<strong><a href=\"https:\/\/es.pusc.it\/\">Universidad de la Santa Cruz<\/a><\/strong>&nbsp;(Italia), entre otras.<\/p>\n\n\n\n<p>El inter\u00e9s de Pinto por este \u00e1mbito nace de la<strong>&nbsp;convicci\u00f3n de que la \u00e9tica de la virtud ofrece un marco fecundo para reflexionar sobre la empresa. En particular, busca comprender la naturaleza del trabajo dentro de la organizaci\u00f3n y los principios normativos que deben guiar la forma en que se organiza el trabajo de las personas.<\/strong><\/p>\n\n\n\n<p>Con esta motivaci\u00f3n&nbsp;<strong>ha desarrollado contenidos para la ense\u00f1anza de la \u00e9tica empresarial y profesional<\/strong>. \u201cActualmente hay un vac\u00edo en la preparaci\u00f3n de nuevos y mejores profesores universitarios en esta \u00e1rea, especialmente en \u00e9tica profesional, tema que es clave en la educaci\u00f3n de los futuros profesionales y l\u00edderes\u201d, explica el acad\u00e9mico de la&nbsp;<strong><a href=\"https:\/\/www.uandes.cl\/tag\/facultad-de-ciencias-economicas-y-empresariales\/\">Facultad de Ciencias Econ\u00f3micas y Empresariales.<\/a><\/strong><\/p>\n\n\n\n<p>Hoy, Pinto trabaja con Germ\u00e1n Scalzo, de la&nbsp;<strong><a href=\"https:\/\/www.unav.edu\/inicio\">Universidad de Navarra<\/a><\/strong>, y con el grupo de profesores de \u00e9tica empresarial de la Mendoza College of Business de la&nbsp;<strong><a href=\"https:\/\/www.nd.edu\/\">Universidad de Notre Dame<\/a><\/strong>, (Estados Unidos) particularmente con Greg Robson y John Sikorski.<\/p>\n\n\n\n<p>Con este equipo desarrolla un track de investigaci\u00f3n sobre virtudes, trabajo y empresa. Actualmente ya cuentan con un&nbsp;<em>working paper<\/em>&nbsp;sobre trabajo y lealtad, y proyectan sumar otros estudios sobre virtudes como la humildad, la confianza y el cuidado. Para ello est\u00e1n preparando un seminario de investigaci\u00f3n para fin de a\u00f1o, cuyos avances se difundir\u00e1n en la p\u00e1gina web del grupo:&nbsp;<a href=\"http:\/\/dignityethics.com\/\">dignityethics.com<\/a>.<\/p>\n\n\n\n<p>De manera complementaria, Pinto y sus colaboradores trabajan en una etapa preliminar de un proyecto que busca crear una enciclopedia de buenas y malas pr\u00e1cticas empresariales y profesionales, con el fin de recopilar experiencias, sistematizar aprendizajes y ofrecer referentes que ayuden a elevar los est\u00e1ndares \u00e9ticos en empresas y profesiones.<\/p>\n\n\n\n<p>Si quieres escuchar esta entrevista en podcast,&nbsp;<strong><a href=\"https:\/\/open.spotify.com\/episode\/77blN1R37dLprtSbOqQFIS\">haz click aqu\u00ed.<\/a><\/strong><\/p>\n\n\n\n<p><a href=\"https:\/\/ellibero.cl\/actualidad\/dialogos-para-repensar-la-empresa-la-economia-y-la-sociedad-desde-la-etica\/\"><strong>Revisa AQU\u00cd una nota de prensa vinculada a esta investigaci\u00f3n.<\/strong><\/a><\/p>\n\n\n\n<p><\/p>\n","protected":false},"excerpt":{"rendered":"<p>Javier Pinto, profesor de la Facultad de Ciencias Econ\u00f3micas y Empresariales, prepara la publicaci\u00f3n de dos libros y lidera iniciativas internacionales que buscan profundizar en el rol de las virtudes y las buenas pr\u00e1cticas dentro de la empresa.<\/p>\n","protected":false},"author":3,"featured_media":7115,"comment_status":"closed","ping_status":"closed","sticky":false,"template":"","format":"standard","meta":{"inline_featured_image":false,"footnotes":""},"categories":[5,1,4],"tags":[76],"class_list":["post-6678","post","type-post","status-publish","format-standard","has-post-thumbnail","hentry","category-economia","category-investigacion","category-pensamiento","tag-76"],"yoast_head":"<!-- This site is optimized with the Yoast SEO plugin v24.7 - https:\/\/yoast.com\/wordpress\/plugins\/seo\/ -->\n<title>C\u00f3mo elevar los est\u00e1ndares \u00e9ticos en las empresas - Investiga UANDES<\/title>\n<meta name=\"robots\" content=\"index, follow, max-snippet:-1, max-image-preview:large, max-video-preview:-1\" \/>\n<link rel=\"canonical\" href=\"https:\/\/investiga.uandes.cl\/es\/investigacion-internacional-busca-elevar-los-estandares-eticos-y-la-virtud-en-las-empresas\/\" \/>\n<meta property=\"og:locale\" content=\"es_ES\" \/>\n<meta property=\"og:type\" content=\"article\" \/>\n<meta property=\"og:title\" content=\"C\u00f3mo elevar los est\u00e1ndares \u00e9ticos en las empresas - Investiga UANDES\" \/>\n<meta property=\"og:description\" content=\"Javier Pinto, profesor de la Facultad de Ciencias Econ\u00f3micas y Empresariales, prepara la publicaci\u00f3n de dos libros y lidera iniciativas internacionales que buscan profundizar en el rol de las virtudes y las buenas pr\u00e1cticas dentro de la empresa.\" \/>\n<meta property=\"og:url\" content=\"https:\/\/investiga.uandes.cl\/es\/investigacion-internacional-busca-elevar-los-estandares-eticos-y-la-virtud-en-las-empresas\/\" \/>\n<meta property=\"og:site_name\" content=\"Investiga UANDES\" \/>\n<meta property=\"article:published_time\" content=\"2025-11-25T20:26:47+00:00\" \/>\n<meta property=\"article:modified_time\" content=\"2025-12-03T15:11:01+00:00\" \/>\n<meta property=\"og:image\" content=\"https:\/\/investiga.uandes.cl\/wp-content\/uploads\/2025\/11\/javier-pinto.jpg\" \/>\n\t<meta property=\"og:image:width\" content=\"2000\" \/>\n\t<meta property=\"og:image:height\" content=\"1333\" \/>\n\t<meta property=\"og:image:type\" content=\"image\/jpeg\" \/>\n<meta name=\"author\" content=\"Marisol Grisanti\" \/>\n<meta name=\"twitter:card\" content=\"summary_large_image\" \/>\n<meta name=\"twitter:label1\" content=\"Escrito por\" \/>\n\t<meta name=\"twitter:data1\" content=\"Marisol Grisanti\" \/>\n\t<meta name=\"twitter:label2\" content=\"Tiempo estimado de lectura\" \/>\n\t<meta name=\"twitter:data2\" content=\"3 minutos\" \/>\n<script type=\"application\/ld+json\" class=\"yoast-schema-graph\">{\"@context\":\"https:\/\/schema.org\",\"@graph\":[{\"@type\":\"Article\",\"@id\":\"https:\/\/investiga.uandes.cl\/investigacion-internacional-busca-elevar-los-estandares-eticos-y-la-virtud-en-las-empresas\/#article\",\"isPartOf\":{\"@id\":\"https:\/\/investiga.uandes.cl\/investigacion-internacional-busca-elevar-los-estandares-eticos-y-la-virtud-en-las-empresas\/\"},\"author\":{\"name\":\"Marisol Grisanti\",\"@id\":\"https:\/\/investiga.uandes.cl\/#\/schema\/person\/a6d3757d4cdc75cceb38c3560655edc3\"},\"headline\":\"C\u00f3mo elevar los est\u00e1ndares \u00e9ticos en las empresas\",\"datePublished\":\"2025-11-25T20:26:47+00:00\",\"dateModified\":\"2025-12-03T15:11:01+00:00\",\"mainEntityOfPage\":{\"@id\":\"https:\/\/investiga.uandes.cl\/investigacion-internacional-busca-elevar-los-estandares-eticos-y-la-virtud-en-las-empresas\/\"},\"wordCount\":452,\"publisher\":{\"@id\":\"https:\/\/investiga.uandes.cl\/#organization\"},\"image\":{\"@id\":\"https:\/\/investiga.uandes.cl\/investigacion-internacional-busca-elevar-los-estandares-eticos-y-la-virtud-en-las-empresas\/#primaryimage\"},\"thumbnailUrl\":\"https:\/\/investiga.uandes.cl\/wp-content\/uploads\/2025\/11\/javier-pinto.jpg\",\"keywords\":[\"218\"],\"articleSection\":[\"Econom\u00eda\",\"Investigaci\u00f3n\",\"Pensamiento y Sociedad\"],\"inLanguage\":\"es-CL\"},{\"@type\":\"WebPage\",\"@id\":\"https:\/\/investiga.uandes.cl\/investigacion-internacional-busca-elevar-los-estandares-eticos-y-la-virtud-en-las-empresas\/\",\"url\":\"https:\/\/investiga.uandes.cl\/investigacion-internacional-busca-elevar-los-estandares-eticos-y-la-virtud-en-las-empresas\/\",\"name\":\"C\u00f3mo elevar los est\u00e1ndares \u00e9ticos en las empresas - Investiga UANDES\",\"isPartOf\":{\"@id\":\"https:\/\/investiga.uandes.cl\/#website\"},\"primaryImageOfPage\":{\"@id\":\"https:\/\/investiga.uandes.cl\/investigacion-internacional-busca-elevar-los-estandares-eticos-y-la-virtud-en-las-empresas\/#primaryimage\"},\"image\":{\"@id\":\"https:\/\/investiga.uandes.cl\/investigacion-internacional-busca-elevar-los-estandares-eticos-y-la-virtud-en-las-empresas\/#primaryimage\"},\"thumbnailUrl\":\"https:\/\/investiga.uandes.cl\/wp-content\/uploads\/2025\/11\/javier-pinto.jpg\",\"datePublished\":\"2025-11-25T20:26:47+00:00\",\"dateModified\":\"2025-12-03T15:11:01+00:00\",\"breadcrumb\":{\"@id\":\"https:\/\/investiga.uandes.cl\/investigacion-internacional-busca-elevar-los-estandares-eticos-y-la-virtud-en-las-empresas\/#breadcrumb\"},\"inLanguage\":\"es-CL\",\"potentialAction\":[{\"@type\":\"ReadAction\",\"target\":[\"https:\/\/investiga.uandes.cl\/investigacion-internacional-busca-elevar-los-estandares-eticos-y-la-virtud-en-las-empresas\/\"]}]},{\"@type\":\"ImageObject\",\"inLanguage\":\"es-CL\",\"@id\":\"https:\/\/investiga.uandes.cl\/investigacion-internacional-busca-elevar-los-estandares-eticos-y-la-virtud-en-las-empresas\/#primaryimage\",\"url\":\"https:\/\/investiga.uandes.cl\/wp-content\/uploads\/2025\/11\/javier-pinto.jpg\",\"contentUrl\":\"https:\/\/investiga.uandes.cl\/wp-content\/uploads\/2025\/11\/javier-pinto.jpg\",\"width\":2000,\"height\":1333},{\"@type\":\"BreadcrumbList\",\"@id\":\"https:\/\/investiga.uandes.cl\/investigacion-internacional-busca-elevar-los-estandares-eticos-y-la-virtud-en-las-empresas\/#breadcrumb\",\"itemListElement\":[{\"@type\":\"ListItem\",\"position\":1,\"name\":\"Portada\",\"item\":\"https:\/\/investiga.uandes.cl\/\"},{\"@type\":\"ListItem\",\"position\":2,\"name\":\"C\u00f3mo elevar los est\u00e1ndares \u00e9ticos en las empresas\"}]},{\"@type\":\"WebSite\",\"@id\":\"https:\/\/investiga.uandes.cl\/#website\",\"url\":\"https:\/\/investiga.uandes.cl\/\",\"name\":\"Investiga UANDES\",\"description\":\"Investigaci\u00f3n, Universidad de los Andes\",\"publisher\":{\"@id\":\"https:\/\/investiga.uandes.cl\/#organization\"},\"potentialAction\":[{\"@type\":\"SearchAction\",\"target\":{\"@type\":\"EntryPoint\",\"urlTemplate\":\"https:\/\/investiga.uandes.cl\/?s={search_term_string}\"},\"query-input\":{\"@type\":\"PropertyValueSpecification\",\"valueRequired\":true,\"valueName\":\"search_term_string\"}}],\"inLanguage\":\"es-CL\"},{\"@type\":\"Organization\",\"@id\":\"https:\/\/investiga.uandes.cl\/#organization\",\"name\":\"Investiga UANDES\",\"url\":\"https:\/\/investiga.uandes.cl\/\",\"logo\":{\"@type\":\"ImageObject\",\"inLanguage\":\"es-CL\",\"@id\":\"https:\/\/investiga.uandes.cl\/#\/schema\/logo\/image\/\",\"url\":\"https:\/\/investiga.uandes.cl\/wp-content\/uploads\/2025\/03\/investiga_uandes.jpg\",\"contentUrl\":\"https:\/\/investiga.uandes.cl\/wp-content\/uploads\/2025\/03\/investiga_uandes.jpg\",\"width\":2000,\"height\":771,\"caption\":\"Investiga UANDES\"},\"image\":{\"@id\":\"https:\/\/investiga.uandes.cl\/#\/schema\/logo\/image\/\"}},{\"@type\":\"Person\",\"@id\":\"https:\/\/investiga.uandes.cl\/#\/schema\/person\/a6d3757d4cdc75cceb38c3560655edc3\",\"name\":\"Marisol Grisanti\",\"url\":\"https:\/\/investiga.uandes.cl\/es\/author\/mgrisanti\/\"}]}<\/script>\n<!-- \/ Yoast SEO plugin. -->","yoast_head_json":{"title":"C\u00f3mo elevar los est\u00e1ndares \u00e9ticos en las empresas - Investiga UANDES","robots":{"index":"index","follow":"follow","max-snippet":"max-snippet:-1","max-image-preview":"max-image-preview:large","max-video-preview":"max-video-preview:-1"},"canonical":"https:\/\/investiga.uandes.cl\/es\/investigacion-internacional-busca-elevar-los-estandares-eticos-y-la-virtud-en-las-empresas\/","og_locale":"es_ES","og_type":"article","og_title":"C\u00f3mo elevar los est\u00e1ndares \u00e9ticos en las empresas - Investiga UANDES","og_description":"Javier Pinto, profesor de la Facultad de Ciencias Econ\u00f3micas y Empresariales, prepara la publicaci\u00f3n de dos libros y lidera iniciativas internacionales que buscan profundizar en el rol de las virtudes y las buenas pr\u00e1cticas dentro de la empresa.","og_url":"https:\/\/investiga.uandes.cl\/es\/investigacion-internacional-busca-elevar-los-estandares-eticos-y-la-virtud-en-las-empresas\/","og_site_name":"Investiga UANDES","article_published_time":"2025-11-25T20:26:47+00:00","article_modified_time":"2025-12-03T15:11:01+00:00","og_image":[{"width":2000,"height":1333,"url":"https:\/\/investiga.uandes.cl\/wp-content\/uploads\/2025\/11\/javier-pinto.jpg","type":"image\/jpeg"}],"author":"Marisol Grisanti","twitter_card":"summary_large_image","twitter_misc":{"Escrito por":"Marisol Grisanti","Tiempo estimado de lectura":"3 minutos"},"schema":{"@context":"https:\/\/schema.org","@graph":[{"@type":"Article","@id":"https:\/\/investiga.uandes.cl\/investigacion-internacional-busca-elevar-los-estandares-eticos-y-la-virtud-en-las-empresas\/#article","isPartOf":{"@id":"https:\/\/investiga.uandes.cl\/investigacion-internacional-busca-elevar-los-estandares-eticos-y-la-virtud-en-las-empresas\/"},"author":{"name":"Marisol Grisanti","@id":"https:\/\/investiga.uandes.cl\/#\/schema\/person\/a6d3757d4cdc75cceb38c3560655edc3"},"headline":"C\u00f3mo elevar los est\u00e1ndares \u00e9ticos en las empresas","datePublished":"2025-11-25T20:26:47+00:00","dateModified":"2025-12-03T15:11:01+00:00","mainEntityOfPage":{"@id":"https:\/\/investiga.uandes.cl\/investigacion-internacional-busca-elevar-los-estandares-eticos-y-la-virtud-en-las-empresas\/"},"wordCount":452,"publisher":{"@id":"https:\/\/investiga.uandes.cl\/#organization"},"image":{"@id":"https:\/\/investiga.uandes.cl\/investigacion-internacional-busca-elevar-los-estandares-eticos-y-la-virtud-en-las-empresas\/#primaryimage"},"thumbnailUrl":"https:\/\/investiga.uandes.cl\/wp-content\/uploads\/2025\/11\/javier-pinto.jpg","keywords":["218"],"articleSection":["Econom\u00eda","Investigaci\u00f3n","Pensamiento y Sociedad"],"inLanguage":"es-CL"},{"@type":"WebPage","@id":"https:\/\/investiga.uandes.cl\/investigacion-internacional-busca-elevar-los-estandares-eticos-y-la-virtud-en-las-empresas\/","url":"https:\/\/investiga.uandes.cl\/investigacion-internacional-busca-elevar-los-estandares-eticos-y-la-virtud-en-las-empresas\/","name":"C\u00f3mo elevar los est\u00e1ndares \u00e9ticos en las empresas - Investiga UANDES","isPartOf":{"@id":"https:\/\/investiga.uandes.cl\/#website"},"primaryImageOfPage":{"@id":"https:\/\/investiga.uandes.cl\/investigacion-internacional-busca-elevar-los-estandares-eticos-y-la-virtud-en-las-empresas\/#primaryimage"},"image":{"@id":"https:\/\/investiga.uandes.cl\/investigacion-internacional-busca-elevar-los-estandares-eticos-y-la-virtud-en-las-empresas\/#primaryimage"},"thumbnailUrl":"https:\/\/investiga.uandes.cl\/wp-content\/uploads\/2025\/11\/javier-pinto.jpg","datePublished":"2025-11-25T20:26:47+00:00","dateModified":"2025-12-03T15:11:01+00:00","breadcrumb":{"@id":"https:\/\/investiga.uandes.cl\/investigacion-internacional-busca-elevar-los-estandares-eticos-y-la-virtud-en-las-empresas\/#breadcrumb"},"inLanguage":"es-CL","potentialAction":[{"@type":"ReadAction","target":["https:\/\/investiga.uandes.cl\/investigacion-internacional-busca-elevar-los-estandares-eticos-y-la-virtud-en-las-empresas\/"]}]},{"@type":"ImageObject","inLanguage":"es-CL","@id":"https:\/\/investiga.uandes.cl\/investigacion-internacional-busca-elevar-los-estandares-eticos-y-la-virtud-en-las-empresas\/#primaryimage","url":"https:\/\/investiga.uandes.cl\/wp-content\/uploads\/2025\/11\/javier-pinto.jpg","contentUrl":"https:\/\/investiga.uandes.cl\/wp-content\/uploads\/2025\/11\/javier-pinto.jpg","width":2000,"height":1333},{"@type":"BreadcrumbList","@id":"https:\/\/investiga.uandes.cl\/investigacion-internacional-busca-elevar-los-estandares-eticos-y-la-virtud-en-las-empresas\/#breadcrumb","itemListElement":[{"@type":"ListItem","position":1,"name":"Portada","item":"https:\/\/investiga.uandes.cl\/"},{"@type":"ListItem","position":2,"name":"C\u00f3mo elevar los est\u00e1ndares \u00e9ticos en las empresas"}]},{"@type":"WebSite","@id":"https:\/\/investiga.uandes.cl\/#website","url":"https:\/\/investiga.uandes.cl\/","name":"Investiga UANDES","description":"Investigaci\u00f3n, Universidad de los Andes","publisher":{"@id":"https:\/\/investiga.uandes.cl\/#organization"},"potentialAction":[{"@type":"SearchAction","target":{"@type":"EntryPoint","urlTemplate":"https:\/\/investiga.uandes.cl\/?s={search_term_string}"},"query-input":{"@type":"PropertyValueSpecification","valueRequired":true,"valueName":"search_term_string"}}],"inLanguage":"es-CL"},{"@type":"Organization","@id":"https:\/\/investiga.uandes.cl\/#organization","name":"Investiga UANDES","url":"https:\/\/investiga.uandes.cl\/","logo":{"@type":"ImageObject","inLanguage":"es-CL","@id":"https:\/\/investiga.uandes.cl\/#\/schema\/logo\/image\/","url":"https:\/\/investiga.uandes.cl\/wp-content\/uploads\/2025\/03\/investiga_uandes.jpg","contentUrl":"https:\/\/investiga.uandes.cl\/wp-content\/uploads\/2025\/03\/investiga_uandes.jpg","width":2000,"height":771,"caption":"Investiga UANDES"},"image":{"@id":"https:\/\/investiga.uandes.cl\/#\/schema\/logo\/image\/"}},{"@type":"Person","@id":"https:\/\/investiga.uandes.cl\/#\/schema\/person\/a6d3757d4cdc75cceb38c3560655edc3","name":"Marisol Grisanti","url":"https:\/\/investiga.uandes.cl\/es\/author\/mgrisanti\/"}]}},"_links":{"self":[{"href":"https:\/\/investiga.uandes.cl\/es\/wp-json\/wp\/v2\/posts\/6678","targetHints":{"allow":["GET"]}}],"collection":[{"href":"https:\/\/investiga.uandes.cl\/es\/wp-json\/wp\/v2\/posts"}],"about":[{"href":"https:\/\/investiga.uandes.cl\/es\/wp-json\/wp\/v2\/types\/post"}],"author":[{"embeddable":true,"href":"https:\/\/investiga.uandes.cl\/es\/wp-json\/wp\/v2\/users\/3"}],"replies":[{"embeddable":true,"href":"https:\/\/investiga.uandes.cl\/es\/wp-json\/wp\/v2\/comments?post=6678"}],"version-history":[{"count":8,"href":"https:\/\/investiga.uandes.cl\/es\/wp-json\/wp\/v2\/posts\/6678\/revisions"}],"predecessor-version":[{"id":7151,"href":"https:\/\/investiga.uandes.cl\/es\/wp-json\/wp\/v2\/posts\/6678\/revisions\/7151"}],"wp:featuredmedia":[{"embeddable":true,"href":"https:\/\/investiga.uandes.cl\/es\/wp-json\/wp\/v2\/media\/7115"}],"wp:attachment":[{"href":"https:\/\/investiga.uandes.cl\/es\/wp-json\/wp\/v2\/media?parent=6678"}],"wp:term":[{"taxonomy":"category","embeddable":true,"href":"https:\/\/investiga.uandes.cl\/es\/wp-json\/wp\/v2\/categories?post=6678"},{"taxonomy":"post_tag","embeddable":true,"href":"https:\/\/investiga.uandes.cl\/es\/wp-json\/wp\/v2\/tags?post=6678"}],"curies":[{"name":"wp","href":"https:\/\/api.w.org\/{rel}","templated":true}]}}