{"id":6666,"date":"2025-11-27T17:37:57","date_gmt":"2025-11-27T20:37:57","guid":{"rendered":"https:\/\/investiga.uandes.cl\/?p=6666"},"modified":"2025-12-02T16:46:12","modified_gmt":"2025-12-02T19:46:12","slug":"academico-es-reconocido-internacionalmente-por-su-aporte-a-las-comunicaciones-opticas","status":"publish","type":"post","link":"https:\/\/investiga.uandes.cl\/es\/academico-es-reconocido-internacionalmente-por-su-aporte-a-las-comunicaciones-opticas\/","title":{"rendered":"Acad\u00e9mico es reconocido internacionalmente por su aporte a las comunicaciones \u00f3pticas"},"content":{"rendered":"\n<p><a href=\"https:\/\/investigadores.uandes.cl\/es\/persons\/jaime-anguita-garcia\/\" target=\"_blank\" rel=\"noreferrer noopener\"><strong>Jaime Anguita<\/strong><\/a>, acad\u00e9mico de la\u00a0<strong><a href=\"https:\/\/www.uandes.cl\/universidad\/facultades\/facultad-ingenieria\/\">Facultad de Ingenier\u00eda y Ciencias Aplicadas de la Universidad de los Andes<\/a><\/strong>\u00a0e investigador asociado del del<strong><a href=\"https:\/\/www.miroptics.cl\/\">\u00a0Instituto Milenio de Investigaci\u00f3n en \u00d3ptica (MIRO)<\/a><\/strong>,\u00a0<strong>fue reconocido como Senior Member\u00a0<\/strong>de la\u00a0<strong><a href=\"https:\/\/spie.org\/\">Sociedad Internacional de \u00d3ptica y Fot\u00f3nica (SPIE)<\/a><\/strong>, categor\u00eda que destaca la trayectoria de l\u00edderes en investigaci\u00f3n y transferencia tecnol\u00f3gica.<\/p>\n\n\n\n<p>El nombramiento se hizo oficial durante la \u00faltima edici\u00f3n de&nbsp;<strong><a href=\"https:\/\/spie.org\/\">SPIE Optics + Photonics<\/a><\/strong>, congreso que se llev\u00f3 a cabo en San Diego, Estados Unidos, donde Anguita adem\u00e1s se desempe\u00f1\u00f3 como Chair de la conferencia \u201cLaser Communication and Propagation over the Atmosphere and the Oceans\u201d.<\/p>\n\n\n\n<p>\u201cEstoy muy feliz y agradecido por este reconocimiento, ya que fui nominado por dos fellows de&nbsp;<strong><a href=\"https:\/\/spie.org\/\">SPIE<\/a><\/strong>. Para m\u00ed significa un respaldo importante al trabajo que desarrollamos en Chile y, al mismo tiempo, una oportunidad para dar mayor visibilidad a la investigaci\u00f3n en \u00d3ptica y Fot\u00f3nica desde la&nbsp;<strong><a href=\"https:\/\/www.uandes.cl\/\">Universidad de los Andes<\/a><\/strong>&nbsp;y el&nbsp;<strong><a href=\"https:\/\/www.miroptics.cl\/\">Instituto MIRO<\/a><\/strong>\u201d, se\u00f1al\u00f3 el investigador.<\/p>\n\n\n\n<p>Anguita ha sido parte de la comunidad&nbsp;<strong><a href=\"https:\/\/spie.org\/\">SPIE&nbsp;<\/a><\/strong>por m\u00e1s de 15 a\u00f1os y&nbsp;ha dedicado su carrera a estudiar las comunicaciones \u00f3pticas en espacio libre, \u00e1rea en la que ha levantado laboratorios e instalaciones experimentales en la&nbsp;<a href=\"https:\/\/www.uandes.cl\/\">UANDES<\/a>, posicionando a Chile en un \u00e1mbito de frontera tecnol\u00f3gica. Entre sus principales l\u00edneas de trabajo destacan la propagaci\u00f3n de l\u00e1seres en la atm\u00f3sfera; la \u00f3ptica adaptativa; los v\u00f3rtices \u00f3pticos; la estad\u00edstica de canales \u00f3pticos y la comunicaci\u00f3n cu\u00e1ntica libre de fibra, entre otros.<\/p>\n\n\n<div class=\"wp-block-image\">\n<figure class=\"aligncenter\"><img decoding=\"async\" src=\"https:\/\/www.uandes.cl\/wp-content\/uploads\/2025\/09\/WhatsApp-Image-2025-08-07-at-18.16.39-600x449-1.jpeg\" alt=\"\" class=\"wp-image-309410\"\/><\/figure>\n<\/div>\n\n\n<p><strong><a href=\"https:\/\/spie.org\/\">SPIE&nbsp;<\/a><\/strong>fue fundada en 1995, cuenta con m\u00e1s de 25 mil integrantes en todo el mundo y es una de las organizaciones cient\u00edficas m\u00e1s influyentes en el \u00e1mbito de la \u00f3ptica y la fot\u00f3nica. Cada a\u00f1o, distingue a quienes han contribuido de manera significativa al avance del conocimiento y al desarrollo tecnol\u00f3gico en este campo.&nbsp;<strong><a href=\"https:\/\/spie.org\/\">\u201cSPIE<\/a><\/strong>&nbsp;es probablemente la sociedad cient\u00edfica m\u00e1s importante del mundo en \u00f3ptica, fot\u00f3nica y sus aplicaciones industriales. Funciona como una br\u00fajula del estado del arte y de las tendencias tecnol\u00f3gicas; es donde uno se entera de qu\u00e9 ciencia se explorar\u00e1 en las pr\u00f3ximas misiones espaciales, directamente de sus investigadores\u201d, coment\u00f3 Anguita.<\/p>\n\n\n\n<p><strong>\u201cEl nombramiento me da respaldo para proponer acciones que fortalezcan la formaci\u00f3n de nuevas generaciones de profesionales en este campo, algo clave para que Chile avance en investigaci\u00f3n y desarrollo tecnol\u00f3gico de nivel mundial\u201d<\/strong>, concluy\u00f3.<\/p>\n","protected":false},"excerpt":{"rendered":"<p>El acad\u00e9mico de la Facultad de Ingenier\u00eda y Ciencias Aplicadas e investigador asociado del Instituto Milenio de Investigaci\u00f3n en \u00d3ptica (MIRO) recibi\u00f3 el reconocimiento en el marco del congreso internacional SPIE Optics + Photonics, realizado en San Diego, Estados Unidos.<\/p>\n","protected":false},"author":3,"featured_media":6667,"comment_status":"closed","ping_status":"closed","sticky":false,"template":"","format":"standard","meta":{"inline_featured_image":false,"footnotes":""},"categories":[2,14,1],"tags":[83],"class_list":["post-6666","post","type-post","status-publish","format-standard","has-post-thumbnail","hentry","category-ciencia","category-innovacion","category-investigacion","tag-83"],"yoast_head":"<!-- This site is optimized with the Yoast SEO plugin v24.7 - https:\/\/yoast.com\/wordpress\/plugins\/seo\/ -->\n<title>Acad\u00e9mico es reconocido internacionalmente por su aporte a las comunicaciones \u00f3pticas - Investiga UANDES<\/title>\n<meta name=\"robots\" content=\"index, follow, max-snippet:-1, max-image-preview:large, max-video-preview:-1\" \/>\n<link rel=\"canonical\" href=\"https:\/\/investiga.uandes.cl\/es\/academico-es-reconocido-internacionalmente-por-su-aporte-a-las-comunicaciones-opticas\/\" \/>\n<meta property=\"og:locale\" content=\"es_ES\" \/>\n<meta property=\"og:type\" content=\"article\" \/>\n<meta property=\"og:title\" content=\"Acad\u00e9mico es reconocido internacionalmente por su aporte a las comunicaciones \u00f3pticas - Investiga UANDES\" \/>\n<meta property=\"og:description\" content=\"El acad\u00e9mico de la Facultad de Ingenier\u00eda y Ciencias Aplicadas e investigador asociado del Instituto Milenio de Investigaci\u00f3n en \u00d3ptica (MIRO) recibi\u00f3 el reconocimiento en el marco del congreso internacional SPIE Optics + Photonics, realizado en San Diego, Estados Unidos.\" \/>\n<meta property=\"og:url\" content=\"https:\/\/investiga.uandes.cl\/es\/academico-es-reconocido-internacionalmente-por-su-aporte-a-las-comunicaciones-opticas\/\" \/>\n<meta property=\"og:site_name\" content=\"Investiga UANDES\" \/>\n<meta property=\"article:published_time\" content=\"2025-11-27T20:37:57+00:00\" \/>\n<meta property=\"article:modified_time\" content=\"2025-12-02T19:46:12+00:00\" \/>\n<meta property=\"og:image\" content=\"https:\/\/investiga.uandes.cl\/wp-content\/uploads\/2025\/11\/Jaime-Anguita-scaled.jpg\" \/>\n\t<meta property=\"og:image:width\" content=\"2560\" \/>\n\t<meta property=\"og:image:height\" content=\"1707\" \/>\n\t<meta property=\"og:image:type\" content=\"image\/jpeg\" \/>\n<meta name=\"author\" content=\"Marisol Grisanti\" \/>\n<meta name=\"twitter:card\" content=\"summary_large_image\" \/>\n<meta name=\"twitter:label1\" content=\"Escrito por\" \/>\n\t<meta name=\"twitter:data1\" content=\"Marisol Grisanti\" \/>\n\t<meta name=\"twitter:label2\" content=\"Tiempo estimado de lectura\" \/>\n\t<meta name=\"twitter:data2\" content=\"3 minutos\" \/>\n<script type=\"application\/ld+json\" class=\"yoast-schema-graph\">{\"@context\":\"https:\/\/schema.org\",\"@graph\":[{\"@type\":\"Article\",\"@id\":\"https:\/\/investiga.uandes.cl\/academico-es-reconocido-internacionalmente-por-su-aporte-a-las-comunicaciones-opticas\/#article\",\"isPartOf\":{\"@id\":\"https:\/\/investiga.uandes.cl\/academico-es-reconocido-internacionalmente-por-su-aporte-a-las-comunicaciones-opticas\/\"},\"author\":{\"name\":\"Marisol Grisanti\",\"@id\":\"https:\/\/investiga.uandes.cl\/#\/schema\/person\/a6d3757d4cdc75cceb38c3560655edc3\"},\"headline\":\"Acad\u00e9mico es reconocido internacionalmente por su aporte a las comunicaciones \u00f3pticas\",\"datePublished\":\"2025-11-27T20:37:57+00:00\",\"dateModified\":\"2025-12-02T19:46:12+00:00\",\"mainEntityOfPage\":{\"@id\":\"https:\/\/investiga.uandes.cl\/academico-es-reconocido-internacionalmente-por-su-aporte-a-las-comunicaciones-opticas\/\"},\"wordCount\":441,\"publisher\":{\"@id\":\"https:\/\/investiga.uandes.cl\/#organization\"},\"image\":{\"@id\":\"https:\/\/investiga.uandes.cl\/academico-es-reconocido-internacionalmente-por-su-aporte-a-las-comunicaciones-opticas\/#primaryimage\"},\"thumbnailUrl\":\"https:\/\/investiga.uandes.cl\/wp-content\/uploads\/2025\/11\/Jaime-Anguita-scaled.jpg\",\"keywords\":[\"220\"],\"articleSection\":[\"Ciencia y Tecnolog\u00eda\",\"Innovaci\u00f3n\",\"Investigaci\u00f3n\"],\"inLanguage\":\"es-CL\"},{\"@type\":\"WebPage\",\"@id\":\"https:\/\/investiga.uandes.cl\/academico-es-reconocido-internacionalmente-por-su-aporte-a-las-comunicaciones-opticas\/\",\"url\":\"https:\/\/investiga.uandes.cl\/academico-es-reconocido-internacionalmente-por-su-aporte-a-las-comunicaciones-opticas\/\",\"name\":\"Acad\u00e9mico es reconocido internacionalmente por su aporte a las comunicaciones \u00f3pticas - Investiga UANDES\",\"isPartOf\":{\"@id\":\"https:\/\/investiga.uandes.cl\/#website\"},\"primaryImageOfPage\":{\"@id\":\"https:\/\/investiga.uandes.cl\/academico-es-reconocido-internacionalmente-por-su-aporte-a-las-comunicaciones-opticas\/#primaryimage\"},\"image\":{\"@id\":\"https:\/\/investiga.uandes.cl\/academico-es-reconocido-internacionalmente-por-su-aporte-a-las-comunicaciones-opticas\/#primaryimage\"},\"thumbnailUrl\":\"https:\/\/investiga.uandes.cl\/wp-content\/uploads\/2025\/11\/Jaime-Anguita-scaled.jpg\",\"datePublished\":\"2025-11-27T20:37:57+00:00\",\"dateModified\":\"2025-12-02T19:46:12+00:00\",\"breadcrumb\":{\"@id\":\"https:\/\/investiga.uandes.cl\/academico-es-reconocido-internacionalmente-por-su-aporte-a-las-comunicaciones-opticas\/#breadcrumb\"},\"inLanguage\":\"es-CL\",\"potentialAction\":[{\"@type\":\"ReadAction\",\"target\":[\"https:\/\/investiga.uandes.cl\/academico-es-reconocido-internacionalmente-por-su-aporte-a-las-comunicaciones-opticas\/\"]}]},{\"@type\":\"ImageObject\",\"inLanguage\":\"es-CL\",\"@id\":\"https:\/\/investiga.uandes.cl\/academico-es-reconocido-internacionalmente-por-su-aporte-a-las-comunicaciones-opticas\/#primaryimage\",\"url\":\"https:\/\/investiga.uandes.cl\/wp-content\/uploads\/2025\/11\/Jaime-Anguita-scaled.jpg\",\"contentUrl\":\"https:\/\/investiga.uandes.cl\/wp-content\/uploads\/2025\/11\/Jaime-Anguita-scaled.jpg\",\"width\":2560,\"height\":1707},{\"@type\":\"BreadcrumbList\",\"@id\":\"https:\/\/investiga.uandes.cl\/academico-es-reconocido-internacionalmente-por-su-aporte-a-las-comunicaciones-opticas\/#breadcrumb\",\"itemListElement\":[{\"@type\":\"ListItem\",\"position\":1,\"name\":\"Portada\",\"item\":\"https:\/\/investiga.uandes.cl\/\"},{\"@type\":\"ListItem\",\"position\":2,\"name\":\"Acad\u00e9mico es reconocido internacionalmente por su aporte a las comunicaciones \u00f3pticas\"}]},{\"@type\":\"WebSite\",\"@id\":\"https:\/\/investiga.uandes.cl\/#website\",\"url\":\"https:\/\/investiga.uandes.cl\/\",\"name\":\"Investiga UANDES\",\"description\":\"Investigaci\u00f3n, Universidad de los Andes\",\"publisher\":{\"@id\":\"https:\/\/investiga.uandes.cl\/#organization\"},\"potentialAction\":[{\"@type\":\"SearchAction\",\"target\":{\"@type\":\"EntryPoint\",\"urlTemplate\":\"https:\/\/investiga.uandes.cl\/?s={search_term_string}\"},\"query-input\":{\"@type\":\"PropertyValueSpecification\",\"valueRequired\":true,\"valueName\":\"search_term_string\"}}],\"inLanguage\":\"es-CL\"},{\"@type\":\"Organization\",\"@id\":\"https:\/\/investiga.uandes.cl\/#organization\",\"name\":\"Investiga UANDES\",\"url\":\"https:\/\/investiga.uandes.cl\/\",\"logo\":{\"@type\":\"ImageObject\",\"inLanguage\":\"es-CL\",\"@id\":\"https:\/\/investiga.uandes.cl\/#\/schema\/logo\/image\/\",\"url\":\"https:\/\/investiga.uandes.cl\/wp-content\/uploads\/2025\/03\/investiga_uandes.jpg\",\"contentUrl\":\"https:\/\/investiga.uandes.cl\/wp-content\/uploads\/2025\/03\/investiga_uandes.jpg\",\"width\":2000,\"height\":771,\"caption\":\"Investiga UANDES\"},\"image\":{\"@id\":\"https:\/\/investiga.uandes.cl\/#\/schema\/logo\/image\/\"}},{\"@type\":\"Person\",\"@id\":\"https:\/\/investiga.uandes.cl\/#\/schema\/person\/a6d3757d4cdc75cceb38c3560655edc3\",\"name\":\"Marisol Grisanti\",\"url\":\"https:\/\/investiga.uandes.cl\/es\/author\/mgrisanti\/\"}]}<\/script>\n<!-- \/ Yoast SEO plugin. -->","yoast_head_json":{"title":"Acad\u00e9mico es reconocido internacionalmente por su aporte a las comunicaciones \u00f3pticas - Investiga UANDES","robots":{"index":"index","follow":"follow","max-snippet":"max-snippet:-1","max-image-preview":"max-image-preview:large","max-video-preview":"max-video-preview:-1"},"canonical":"https:\/\/investiga.uandes.cl\/es\/academico-es-reconocido-internacionalmente-por-su-aporte-a-las-comunicaciones-opticas\/","og_locale":"es_ES","og_type":"article","og_title":"Acad\u00e9mico es reconocido internacionalmente por su aporte a las comunicaciones \u00f3pticas - Investiga UANDES","og_description":"El acad\u00e9mico de la Facultad de Ingenier\u00eda y Ciencias Aplicadas e investigador asociado del Instituto Milenio de Investigaci\u00f3n en \u00d3ptica (MIRO) recibi\u00f3 el reconocimiento en el marco del congreso internacional SPIE Optics + Photonics, realizado en San Diego, Estados Unidos.","og_url":"https:\/\/investiga.uandes.cl\/es\/academico-es-reconocido-internacionalmente-por-su-aporte-a-las-comunicaciones-opticas\/","og_site_name":"Investiga UANDES","article_published_time":"2025-11-27T20:37:57+00:00","article_modified_time":"2025-12-02T19:46:12+00:00","og_image":[{"width":2560,"height":1707,"url":"https:\/\/investiga.uandes.cl\/wp-content\/uploads\/2025\/11\/Jaime-Anguita-scaled.jpg","type":"image\/jpeg"}],"author":"Marisol Grisanti","twitter_card":"summary_large_image","twitter_misc":{"Escrito por":"Marisol Grisanti","Tiempo estimado de lectura":"3 minutos"},"schema":{"@context":"https:\/\/schema.org","@graph":[{"@type":"Article","@id":"https:\/\/investiga.uandes.cl\/academico-es-reconocido-internacionalmente-por-su-aporte-a-las-comunicaciones-opticas\/#article","isPartOf":{"@id":"https:\/\/investiga.uandes.cl\/academico-es-reconocido-internacionalmente-por-su-aporte-a-las-comunicaciones-opticas\/"},"author":{"name":"Marisol Grisanti","@id":"https:\/\/investiga.uandes.cl\/#\/schema\/person\/a6d3757d4cdc75cceb38c3560655edc3"},"headline":"Acad\u00e9mico es reconocido internacionalmente por su aporte a las comunicaciones \u00f3pticas","datePublished":"2025-11-27T20:37:57+00:00","dateModified":"2025-12-02T19:46:12+00:00","mainEntityOfPage":{"@id":"https:\/\/investiga.uandes.cl\/academico-es-reconocido-internacionalmente-por-su-aporte-a-las-comunicaciones-opticas\/"},"wordCount":441,"publisher":{"@id":"https:\/\/investiga.uandes.cl\/#organization"},"image":{"@id":"https:\/\/investiga.uandes.cl\/academico-es-reconocido-internacionalmente-por-su-aporte-a-las-comunicaciones-opticas\/#primaryimage"},"thumbnailUrl":"https:\/\/investiga.uandes.cl\/wp-content\/uploads\/2025\/11\/Jaime-Anguita-scaled.jpg","keywords":["220"],"articleSection":["Ciencia y Tecnolog\u00eda","Innovaci\u00f3n","Investigaci\u00f3n"],"inLanguage":"es-CL"},{"@type":"WebPage","@id":"https:\/\/investiga.uandes.cl\/academico-es-reconocido-internacionalmente-por-su-aporte-a-las-comunicaciones-opticas\/","url":"https:\/\/investiga.uandes.cl\/academico-es-reconocido-internacionalmente-por-su-aporte-a-las-comunicaciones-opticas\/","name":"Acad\u00e9mico es reconocido internacionalmente por su aporte a las comunicaciones \u00f3pticas - Investiga UANDES","isPartOf":{"@id":"https:\/\/investiga.uandes.cl\/#website"},"primaryImageOfPage":{"@id":"https:\/\/investiga.uandes.cl\/academico-es-reconocido-internacionalmente-por-su-aporte-a-las-comunicaciones-opticas\/#primaryimage"},"image":{"@id":"https:\/\/investiga.uandes.cl\/academico-es-reconocido-internacionalmente-por-su-aporte-a-las-comunicaciones-opticas\/#primaryimage"},"thumbnailUrl":"https:\/\/investiga.uandes.cl\/wp-content\/uploads\/2025\/11\/Jaime-Anguita-scaled.jpg","datePublished":"2025-11-27T20:37:57+00:00","dateModified":"2025-12-02T19:46:12+00:00","breadcrumb":{"@id":"https:\/\/investiga.uandes.cl\/academico-es-reconocido-internacionalmente-por-su-aporte-a-las-comunicaciones-opticas\/#breadcrumb"},"inLanguage":"es-CL","potentialAction":[{"@type":"ReadAction","target":["https:\/\/investiga.uandes.cl\/academico-es-reconocido-internacionalmente-por-su-aporte-a-las-comunicaciones-opticas\/"]}]},{"@type":"ImageObject","inLanguage":"es-CL","@id":"https:\/\/investiga.uandes.cl\/academico-es-reconocido-internacionalmente-por-su-aporte-a-las-comunicaciones-opticas\/#primaryimage","url":"https:\/\/investiga.uandes.cl\/wp-content\/uploads\/2025\/11\/Jaime-Anguita-scaled.jpg","contentUrl":"https:\/\/investiga.uandes.cl\/wp-content\/uploads\/2025\/11\/Jaime-Anguita-scaled.jpg","width":2560,"height":1707},{"@type":"BreadcrumbList","@id":"https:\/\/investiga.uandes.cl\/academico-es-reconocido-internacionalmente-por-su-aporte-a-las-comunicaciones-opticas\/#breadcrumb","itemListElement":[{"@type":"ListItem","position":1,"name":"Portada","item":"https:\/\/investiga.uandes.cl\/"},{"@type":"ListItem","position":2,"name":"Acad\u00e9mico es reconocido internacionalmente por su aporte a las comunicaciones \u00f3pticas"}]},{"@type":"WebSite","@id":"https:\/\/investiga.uandes.cl\/#website","url":"https:\/\/investiga.uandes.cl\/","name":"Investiga UANDES","description":"Investigaci\u00f3n, Universidad de los Andes","publisher":{"@id":"https:\/\/investiga.uandes.cl\/#organization"},"potentialAction":[{"@type":"SearchAction","target":{"@type":"EntryPoint","urlTemplate":"https:\/\/investiga.uandes.cl\/?s={search_term_string}"},"query-input":{"@type":"PropertyValueSpecification","valueRequired":true,"valueName":"search_term_string"}}],"inLanguage":"es-CL"},{"@type":"Organization","@id":"https:\/\/investiga.uandes.cl\/#organization","name":"Investiga UANDES","url":"https:\/\/investiga.uandes.cl\/","logo":{"@type":"ImageObject","inLanguage":"es-CL","@id":"https:\/\/investiga.uandes.cl\/#\/schema\/logo\/image\/","url":"https:\/\/investiga.uandes.cl\/wp-content\/uploads\/2025\/03\/investiga_uandes.jpg","contentUrl":"https:\/\/investiga.uandes.cl\/wp-content\/uploads\/2025\/03\/investiga_uandes.jpg","width":2000,"height":771,"caption":"Investiga UANDES"},"image":{"@id":"https:\/\/investiga.uandes.cl\/#\/schema\/logo\/image\/"}},{"@type":"Person","@id":"https:\/\/investiga.uandes.cl\/#\/schema\/person\/a6d3757d4cdc75cceb38c3560655edc3","name":"Marisol Grisanti","url":"https:\/\/investiga.uandes.cl\/es\/author\/mgrisanti\/"}]}},"_links":{"self":[{"href":"https:\/\/investiga.uandes.cl\/es\/wp-json\/wp\/v2\/posts\/6666","targetHints":{"allow":["GET"]}}],"collection":[{"href":"https:\/\/investiga.uandes.cl\/es\/wp-json\/wp\/v2\/posts"}],"about":[{"href":"https:\/\/investiga.uandes.cl\/es\/wp-json\/wp\/v2\/types\/post"}],"author":[{"embeddable":true,"href":"https:\/\/investiga.uandes.cl\/es\/wp-json\/wp\/v2\/users\/3"}],"replies":[{"embeddable":true,"href":"https:\/\/investiga.uandes.cl\/es\/wp-json\/wp\/v2\/comments?post=6666"}],"version-history":[{"count":5,"href":"https:\/\/investiga.uandes.cl\/es\/wp-json\/wp\/v2\/posts\/6666\/revisions"}],"predecessor-version":[{"id":7080,"href":"https:\/\/investiga.uandes.cl\/es\/wp-json\/wp\/v2\/posts\/6666\/revisions\/7080"}],"wp:featuredmedia":[{"embeddable":true,"href":"https:\/\/investiga.uandes.cl\/es\/wp-json\/wp\/v2\/media\/6667"}],"wp:attachment":[{"href":"https:\/\/investiga.uandes.cl\/es\/wp-json\/wp\/v2\/media?parent=6666"}],"wp:term":[{"taxonomy":"category","embeddable":true,"href":"https:\/\/investiga.uandes.cl\/es\/wp-json\/wp\/v2\/categories?post=6666"},{"taxonomy":"post_tag","embeddable":true,"href":"https:\/\/investiga.uandes.cl\/es\/wp-json\/wp\/v2\/tags?post=6666"}],"curies":[{"name":"wp","href":"https:\/\/api.w.org\/{rel}","templated":true}]}}