{"id":6663,"date":"2025-11-27T17:24:34","date_gmt":"2025-11-27T20:24:34","guid":{"rendered":"https:\/\/investiga.uandes.cl\/?p=6663"},"modified":"2026-01-20T12:10:07","modified_gmt":"2026-01-20T15:10:07","slug":"proyecto-contra-la-desercion-escolar-academica-midio-el-impacto-de-intervencion-comunitaria-en-colombia","status":"publish","type":"post","link":"https:\/\/investiga.uandes.cl\/es\/proyecto-contra-la-desercion-escolar-academica-midio-el-impacto-de-intervencion-comunitaria-en-colombia\/","title":{"rendered":"Acad\u00e9mica analiza el impacto de intervenci\u00f3n comunitaria contra la deserci\u00f3n escolar"},"content":{"rendered":"\n<p>La acad\u00e9mica de la&nbsp;<strong><a href=\"https:\/\/www.uandes.cl\/universidad\/facultades\/ciencias-economicas-y-empresariales\/\">Facultad de Ciencias Econ\u00f3micas y Empresariales<\/a><\/strong>,&nbsp;<a href=\"https:\/\/investigadores.uandes.cl\/en\/persons\/isabela-munevar-escalante\/\" target=\"_blank\" rel=\"noreferrer noopener\"><strong>Isabela Mun\u00e9var<\/strong><\/a>, lidera varias investigaciones que buscan aportar evidencia concreta para dise\u00f1ar pol\u00edticas educativas m\u00e1s equitativas y efectivas en la regi\u00f3n. Uno de sus <strong>proyectos m\u00e1s destacados<\/strong> (<strong><a href=\"https:\/\/conectamedia.s3.amazonaws.com\/1_2025-11-24_QH4JKHM4.jpg\" target=\"_blank\" rel=\"noreferrer noopener\">El Mercurio<\/a><\/strong>) es la evaluaci\u00f3n del programa&nbsp;<strong><a href=\"https:\/\/bogota.gov.co\/mi-ciudad\/movilidad\/proyecto-ciempies-cumple-5-anos-recorriendo-caminos-seguros-en-bogota\">\u201cCiempi\u00e9s\u201d<\/a><\/strong>, en Bogot\u00e1 (Colombia), iniciativa que organiza caravanas de ni\u00f1os que caminan juntos hacia la escuela acompa\u00f1ados por adultos responsables.<\/p>\n\n\n\n<p><a href=\"https:\/\/investigadores.uandes.cl\/en\/publications\/the-impact-of-decentralized-decision-making-on-student-outcomes-a\/\"><strong>Su trabajo combina datos administrativos junto con entrevistas a actores locales<\/strong><\/a>, y los resultados son contundentes:&nbsp;dos a\u00f1os despu\u00e9s de su implementaci\u00f3n, el programa redujo en 7,7 puntos porcentuales la probabilidad de que los ni\u00f1os cambien de escuela y en 10,6 puntos la de cambiar de sede, lo que equivale a disminuciones superiores al 45% respecto a las tasas iniciales. Tambi\u00e9n se observaron mejoras en repitencia y deserci\u00f3n escolar.<\/p>\n\n\n\n<p>\u201cCiempi\u00e9s es una intervenci\u00f3n sencilla y comunitaria, pero con el potencial de incidir en problemas complejos, como la deserci\u00f3n y la seguridad infantil. Adem\u00e1s, puede aliviar la carga de cuidado que recae en los padres -particularmente en las madres-, liberando tiempo para actividades laborales o educativas\u201d, explica Mun\u00e9var. Este proyecto cuenta con el apoyo de la Secretar\u00eda de Educaci\u00f3n de Bogot\u00e1, la Universidad de los Andes (Colombia) y Harvard University (Estados Unidos).<\/p>\n\n\n\n<p>En paralelo, la investigadora desarrolla un estudio sobre financiamiento escolar en Chile, financiado por el&nbsp;<a href=\"https:\/\/www.iadb.org\/\"><strong>Banco Interamericano de Desarrollo (BID)<\/strong><\/a>, donde&nbsp;analiza c\u00f3mo se asignan y utilizan los recursos p\u00fablicos en las escuelas y qu\u00e9 tipo de gasto -en salarios docentes, infraestructura o apoyos pedag\u00f3gicos- genera mayores retornos en aprendizaje y equidad. \u201cNo se trata solo de cu\u00e1nto se invierte en educaci\u00f3n, sino de c\u00f3mo se gasta y cu\u00e1les son los efectos reales en la calidad educativa\u201d, se\u00f1ala. Y agrega que su inter\u00e9s en este tema la ha motivado para entender c\u00f3mo las condiciones fuera del aula afectan las trayectorias educativas.&nbsp;<strong>\u201cLa seguridad en el camino al colegio o la forma en que se distribuyen los recursos escolares pueden marcar la diferencia entre permanecer en el sistema o abandonarlo\u201d,&nbsp;<\/strong>detalla.<\/p>\n\n\n\n<p>En la investigaci\u00f3n sobre financiamiento escolar en Chile, Mun\u00e9var trabaja junto a Julio Rodr\u00edguez (University of Oxford, Inglaterra) y junto a especialistas del<strong>&nbsp;<a href=\"https:\/\/www.iadb.org\/\">BID<\/a>.<\/strong>&nbsp;Y en el caso del programa Ciempi\u00e9s, colabora con Rafael Hern\u00e1ndez (Universit\u00e4t Z\u00fcrich, Suiza) y Oscar D\u00edaz (Paris School of Economics, Francia).<\/p>\n\n\n\n<p>Adem\u00e1s de estos proyectos,&nbsp;<strong>Mun\u00e9var ha investigado el rol de las escuelas cat\u00f3licas en Chile sobre movilidad social y tambi\u00e9n participa en un diagn\u00f3stico integral del sistema educativo colombiano&nbsp;<\/strong>junto con Asim Khwaja, director del Center for International Development de la Harvard Kennedy School (Estados Unidos). \u201cLa idea es que este proyecto sirva como punto de partida para el desarrollo de varios proyectos adicionales que contribuyan a enfrentar los desaf\u00edos que el pa\u00eds tiene en materia educativa\u201d, concluye.<\/p>\n\n\n<div class=\"wp-block-image\">\n<figure class=\"aligncenter size-large\"><img loading=\"lazy\" decoding=\"async\" width=\"1024\" height=\"1024\" src=\"https:\/\/investiga.uandes.cl\/wp-content\/uploads\/2025\/11\/Diseno-sin-titulo-1-1024x1024.png\" alt=\"\" class=\"wp-image-7139\" srcset=\"https:\/\/investiga.uandes.cl\/wp-content\/uploads\/2025\/11\/Diseno-sin-titulo-1-1024x1024.png 1024w, https:\/\/investiga.uandes.cl\/wp-content\/uploads\/2025\/11\/Diseno-sin-titulo-1-300x300.png 300w, https:\/\/investiga.uandes.cl\/wp-content\/uploads\/2025\/11\/Diseno-sin-titulo-1-150x150.png 150w, https:\/\/investiga.uandes.cl\/wp-content\/uploads\/2025\/11\/Diseno-sin-titulo-1-768x768.png 768w, https:\/\/investiga.uandes.cl\/wp-content\/uploads\/2025\/11\/Diseno-sin-titulo-1-1536x1536.png 1536w, https:\/\/investiga.uandes.cl\/wp-content\/uploads\/2025\/11\/Diseno-sin-titulo-1-12x12.png 12w, https:\/\/investiga.uandes.cl\/wp-content\/uploads\/2025\/11\/Diseno-sin-titulo-1-70x70.png 70w, https:\/\/investiga.uandes.cl\/wp-content\/uploads\/2025\/11\/Diseno-sin-titulo-1-215x215.png 215w, https:\/\/investiga.uandes.cl\/wp-content\/uploads\/2025\/11\/Diseno-sin-titulo-1-370x370.png 370w, https:\/\/investiga.uandes.cl\/wp-content\/uploads\/2025\/11\/Diseno-sin-titulo-1-1x1.png 1w, https:\/\/investiga.uandes.cl\/wp-content\/uploads\/2025\/11\/Diseno-sin-titulo-1.png 1800w\" sizes=\"auto, (max-width: 1024px) 100vw, 1024px\" \/><\/figure>\n<\/div>","protected":false},"excerpt":{"rendered":"<p>Isabela Mun\u00e9var, investigadora de la Facultad de Ciencias Econ\u00f3micas y Empresariales, analiza el impacto del sistema \u201cbuses escolares a pie\u201d que se desarrolla en Bogot\u00e1 (Colombia) y tambi\u00e9n el uso de recursos p\u00fablicos en la educaci\u00f3n chilena.<\/p>\n","protected":false},"author":3,"featured_media":6971,"comment_status":"closed","ping_status":"closed","sticky":false,"template":"","format":"standard","meta":{"inline_featured_image":false,"footnotes":""},"categories":[5,1,4],"tags":[68],"class_list":["post-6663","post","type-post","status-publish","format-standard","has-post-thumbnail","hentry","category-economia","category-investigacion","category-pensamiento","tag-68"],"yoast_head":"<!-- This site is optimized with the Yoast SEO plugin v24.7 - https:\/\/yoast.com\/wordpress\/plugins\/seo\/ -->\n<title>Acad\u00e9mica analiza el impacto de intervenci\u00f3n comunitaria contra la deserci\u00f3n escolar - Investiga UANDES<\/title>\n<meta name=\"robots\" content=\"index, follow, max-snippet:-1, max-image-preview:large, max-video-preview:-1\" \/>\n<link rel=\"canonical\" href=\"https:\/\/investiga.uandes.cl\/es\/proyecto-contra-la-desercion-escolar-academica-midio-el-impacto-de-intervencion-comunitaria-en-colombia\/\" \/>\n<meta property=\"og:locale\" content=\"es_ES\" \/>\n<meta property=\"og:type\" content=\"article\" \/>\n<meta property=\"og:title\" content=\"Acad\u00e9mica analiza el impacto de intervenci\u00f3n comunitaria contra la deserci\u00f3n escolar - Investiga UANDES\" \/>\n<meta property=\"og:description\" content=\"Isabela Mun\u00e9var, investigadora de la Facultad de Ciencias Econ\u00f3micas y Empresariales, analiza el impacto del sistema \u201cbuses escolares a pie\u201d que se desarrolla en Bogot\u00e1 (Colombia) y tambi\u00e9n el uso de recursos p\u00fablicos en la educaci\u00f3n chilena.\" \/>\n<meta property=\"og:url\" content=\"https:\/\/investiga.uandes.cl\/es\/proyecto-contra-la-desercion-escolar-academica-midio-el-impacto-de-intervencion-comunitaria-en-colombia\/\" \/>\n<meta property=\"og:site_name\" content=\"Investiga UANDES\" \/>\n<meta property=\"article:published_time\" content=\"2025-11-27T20:24:34+00:00\" \/>\n<meta property=\"article:modified_time\" content=\"2026-01-20T15:10:07+00:00\" \/>\n<meta property=\"og:image\" content=\"https:\/\/investiga.uandes.cl\/wp-content\/uploads\/2025\/11\/Isabela-Munevar-02-Portal-UANDES.webp\" \/>\n\t<meta property=\"og:image:width\" content=\"1800\" \/>\n\t<meta property=\"og:image:height\" content=\"1200\" \/>\n\t<meta property=\"og:image:type\" content=\"image\/webp\" \/>\n<meta name=\"author\" content=\"Marisol Grisanti\" \/>\n<meta name=\"twitter:card\" content=\"summary_large_image\" \/>\n<meta name=\"twitter:label1\" content=\"Escrito por\" \/>\n\t<meta name=\"twitter:data1\" content=\"Marisol Grisanti\" \/>\n\t<meta name=\"twitter:label2\" content=\"Tiempo estimado de lectura\" \/>\n\t<meta name=\"twitter:data2\" content=\"3 minutos\" \/>\n<script type=\"application\/ld+json\" class=\"yoast-schema-graph\">{\"@context\":\"https:\/\/schema.org\",\"@graph\":[{\"@type\":\"Article\",\"@id\":\"https:\/\/investiga.uandes.cl\/proyecto-contra-la-desercion-escolar-academica-midio-el-impacto-de-intervencion-comunitaria-en-colombia\/#article\",\"isPartOf\":{\"@id\":\"https:\/\/investiga.uandes.cl\/proyecto-contra-la-desercion-escolar-academica-midio-el-impacto-de-intervencion-comunitaria-en-colombia\/\"},\"author\":{\"name\":\"Marisol Grisanti\",\"@id\":\"https:\/\/investiga.uandes.cl\/#\/schema\/person\/a6d3757d4cdc75cceb38c3560655edc3\"},\"headline\":\"Acad\u00e9mica analiza el impacto de intervenci\u00f3n comunitaria contra la deserci\u00f3n escolar\",\"datePublished\":\"2025-11-27T20:24:34+00:00\",\"dateModified\":\"2026-01-20T15:10:07+00:00\",\"mainEntityOfPage\":{\"@id\":\"https:\/\/investiga.uandes.cl\/proyecto-contra-la-desercion-escolar-academica-midio-el-impacto-de-intervencion-comunitaria-en-colombia\/\"},\"wordCount\":532,\"publisher\":{\"@id\":\"https:\/\/investiga.uandes.cl\/#organization\"},\"image\":{\"@id\":\"https:\/\/investiga.uandes.cl\/proyecto-contra-la-desercion-escolar-academica-midio-el-impacto-de-intervencion-comunitaria-en-colombia\/#primaryimage\"},\"thumbnailUrl\":\"https:\/\/investiga.uandes.cl\/wp-content\/uploads\/2025\/11\/Isabela-Munevar-02-Portal-UANDES.webp\",\"keywords\":[\"214\"],\"articleSection\":[\"Econom\u00eda\",\"Investigaci\u00f3n\",\"Pensamiento y Sociedad\"],\"inLanguage\":\"es-CL\"},{\"@type\":\"WebPage\",\"@id\":\"https:\/\/investiga.uandes.cl\/proyecto-contra-la-desercion-escolar-academica-midio-el-impacto-de-intervencion-comunitaria-en-colombia\/\",\"url\":\"https:\/\/investiga.uandes.cl\/proyecto-contra-la-desercion-escolar-academica-midio-el-impacto-de-intervencion-comunitaria-en-colombia\/\",\"name\":\"Acad\u00e9mica analiza el impacto de intervenci\u00f3n comunitaria contra la deserci\u00f3n escolar - Investiga UANDES\",\"isPartOf\":{\"@id\":\"https:\/\/investiga.uandes.cl\/#website\"},\"primaryImageOfPage\":{\"@id\":\"https:\/\/investiga.uandes.cl\/proyecto-contra-la-desercion-escolar-academica-midio-el-impacto-de-intervencion-comunitaria-en-colombia\/#primaryimage\"},\"image\":{\"@id\":\"https:\/\/investiga.uandes.cl\/proyecto-contra-la-desercion-escolar-academica-midio-el-impacto-de-intervencion-comunitaria-en-colombia\/#primaryimage\"},\"thumbnailUrl\":\"https:\/\/investiga.uandes.cl\/wp-content\/uploads\/2025\/11\/Isabela-Munevar-02-Portal-UANDES.webp\",\"datePublished\":\"2025-11-27T20:24:34+00:00\",\"dateModified\":\"2026-01-20T15:10:07+00:00\",\"breadcrumb\":{\"@id\":\"https:\/\/investiga.uandes.cl\/proyecto-contra-la-desercion-escolar-academica-midio-el-impacto-de-intervencion-comunitaria-en-colombia\/#breadcrumb\"},\"inLanguage\":\"es-CL\",\"potentialAction\":[{\"@type\":\"ReadAction\",\"target\":[\"https:\/\/investiga.uandes.cl\/proyecto-contra-la-desercion-escolar-academica-midio-el-impacto-de-intervencion-comunitaria-en-colombia\/\"]}]},{\"@type\":\"ImageObject\",\"inLanguage\":\"es-CL\",\"@id\":\"https:\/\/investiga.uandes.cl\/proyecto-contra-la-desercion-escolar-academica-midio-el-impacto-de-intervencion-comunitaria-en-colombia\/#primaryimage\",\"url\":\"https:\/\/investiga.uandes.cl\/wp-content\/uploads\/2025\/11\/Isabela-Munevar-02-Portal-UANDES.webp\",\"contentUrl\":\"https:\/\/investiga.uandes.cl\/wp-content\/uploads\/2025\/11\/Isabela-Munevar-02-Portal-UANDES.webp\",\"width\":1800,\"height\":1200},{\"@type\":\"BreadcrumbList\",\"@id\":\"https:\/\/investiga.uandes.cl\/proyecto-contra-la-desercion-escolar-academica-midio-el-impacto-de-intervencion-comunitaria-en-colombia\/#breadcrumb\",\"itemListElement\":[{\"@type\":\"ListItem\",\"position\":1,\"name\":\"Portada\",\"item\":\"https:\/\/investiga.uandes.cl\/\"},{\"@type\":\"ListItem\",\"position\":2,\"name\":\"Acad\u00e9mica analiza el impacto de intervenci\u00f3n comunitaria contra la deserci\u00f3n escolar\"}]},{\"@type\":\"WebSite\",\"@id\":\"https:\/\/investiga.uandes.cl\/#website\",\"url\":\"https:\/\/investiga.uandes.cl\/\",\"name\":\"Investiga UANDES\",\"description\":\"Investigaci\u00f3n, Universidad de los Andes\",\"publisher\":{\"@id\":\"https:\/\/investiga.uandes.cl\/#organization\"},\"potentialAction\":[{\"@type\":\"SearchAction\",\"target\":{\"@type\":\"EntryPoint\",\"urlTemplate\":\"https:\/\/investiga.uandes.cl\/?s={search_term_string}\"},\"query-input\":{\"@type\":\"PropertyValueSpecification\",\"valueRequired\":true,\"valueName\":\"search_term_string\"}}],\"inLanguage\":\"es-CL\"},{\"@type\":\"Organization\",\"@id\":\"https:\/\/investiga.uandes.cl\/#organization\",\"name\":\"Investiga UANDES\",\"url\":\"https:\/\/investiga.uandes.cl\/\",\"logo\":{\"@type\":\"ImageObject\",\"inLanguage\":\"es-CL\",\"@id\":\"https:\/\/investiga.uandes.cl\/#\/schema\/logo\/image\/\",\"url\":\"https:\/\/investiga.uandes.cl\/wp-content\/uploads\/2025\/03\/investiga_uandes.jpg\",\"contentUrl\":\"https:\/\/investiga.uandes.cl\/wp-content\/uploads\/2025\/03\/investiga_uandes.jpg\",\"width\":2000,\"height\":771,\"caption\":\"Investiga UANDES\"},\"image\":{\"@id\":\"https:\/\/investiga.uandes.cl\/#\/schema\/logo\/image\/\"}},{\"@type\":\"Person\",\"@id\":\"https:\/\/investiga.uandes.cl\/#\/schema\/person\/a6d3757d4cdc75cceb38c3560655edc3\",\"name\":\"Marisol Grisanti\",\"url\":\"https:\/\/investiga.uandes.cl\/es\/author\/mgrisanti\/\"}]}<\/script>\n<!-- \/ Yoast SEO plugin. -->","yoast_head_json":{"title":"Acad\u00e9mica analiza el impacto de intervenci\u00f3n comunitaria contra la deserci\u00f3n escolar - Investiga UANDES","robots":{"index":"index","follow":"follow","max-snippet":"max-snippet:-1","max-image-preview":"max-image-preview:large","max-video-preview":"max-video-preview:-1"},"canonical":"https:\/\/investiga.uandes.cl\/es\/proyecto-contra-la-desercion-escolar-academica-midio-el-impacto-de-intervencion-comunitaria-en-colombia\/","og_locale":"es_ES","og_type":"article","og_title":"Acad\u00e9mica analiza el impacto de intervenci\u00f3n comunitaria contra la deserci\u00f3n escolar - Investiga UANDES","og_description":"Isabela Mun\u00e9var, investigadora de la Facultad de Ciencias Econ\u00f3micas y Empresariales, analiza el impacto del sistema \u201cbuses escolares a pie\u201d que se desarrolla en Bogot\u00e1 (Colombia) y tambi\u00e9n el uso de recursos p\u00fablicos en la educaci\u00f3n chilena.","og_url":"https:\/\/investiga.uandes.cl\/es\/proyecto-contra-la-desercion-escolar-academica-midio-el-impacto-de-intervencion-comunitaria-en-colombia\/","og_site_name":"Investiga UANDES","article_published_time":"2025-11-27T20:24:34+00:00","article_modified_time":"2026-01-20T15:10:07+00:00","og_image":[{"width":1800,"height":1200,"url":"https:\/\/investiga.uandes.cl\/wp-content\/uploads\/2025\/11\/Isabela-Munevar-02-Portal-UANDES.webp","type":"image\/webp"}],"author":"Marisol Grisanti","twitter_card":"summary_large_image","twitter_misc":{"Escrito por":"Marisol Grisanti","Tiempo estimado de lectura":"3 minutos"},"schema":{"@context":"https:\/\/schema.org","@graph":[{"@type":"Article","@id":"https:\/\/investiga.uandes.cl\/proyecto-contra-la-desercion-escolar-academica-midio-el-impacto-de-intervencion-comunitaria-en-colombia\/#article","isPartOf":{"@id":"https:\/\/investiga.uandes.cl\/proyecto-contra-la-desercion-escolar-academica-midio-el-impacto-de-intervencion-comunitaria-en-colombia\/"},"author":{"name":"Marisol Grisanti","@id":"https:\/\/investiga.uandes.cl\/#\/schema\/person\/a6d3757d4cdc75cceb38c3560655edc3"},"headline":"Acad\u00e9mica analiza el impacto de intervenci\u00f3n comunitaria contra la deserci\u00f3n escolar","datePublished":"2025-11-27T20:24:34+00:00","dateModified":"2026-01-20T15:10:07+00:00","mainEntityOfPage":{"@id":"https:\/\/investiga.uandes.cl\/proyecto-contra-la-desercion-escolar-academica-midio-el-impacto-de-intervencion-comunitaria-en-colombia\/"},"wordCount":532,"publisher":{"@id":"https:\/\/investiga.uandes.cl\/#organization"},"image":{"@id":"https:\/\/investiga.uandes.cl\/proyecto-contra-la-desercion-escolar-academica-midio-el-impacto-de-intervencion-comunitaria-en-colombia\/#primaryimage"},"thumbnailUrl":"https:\/\/investiga.uandes.cl\/wp-content\/uploads\/2025\/11\/Isabela-Munevar-02-Portal-UANDES.webp","keywords":["214"],"articleSection":["Econom\u00eda","Investigaci\u00f3n","Pensamiento y Sociedad"],"inLanguage":"es-CL"},{"@type":"WebPage","@id":"https:\/\/investiga.uandes.cl\/proyecto-contra-la-desercion-escolar-academica-midio-el-impacto-de-intervencion-comunitaria-en-colombia\/","url":"https:\/\/investiga.uandes.cl\/proyecto-contra-la-desercion-escolar-academica-midio-el-impacto-de-intervencion-comunitaria-en-colombia\/","name":"Acad\u00e9mica analiza el impacto de intervenci\u00f3n comunitaria contra la deserci\u00f3n escolar - Investiga UANDES","isPartOf":{"@id":"https:\/\/investiga.uandes.cl\/#website"},"primaryImageOfPage":{"@id":"https:\/\/investiga.uandes.cl\/proyecto-contra-la-desercion-escolar-academica-midio-el-impacto-de-intervencion-comunitaria-en-colombia\/#primaryimage"},"image":{"@id":"https:\/\/investiga.uandes.cl\/proyecto-contra-la-desercion-escolar-academica-midio-el-impacto-de-intervencion-comunitaria-en-colombia\/#primaryimage"},"thumbnailUrl":"https:\/\/investiga.uandes.cl\/wp-content\/uploads\/2025\/11\/Isabela-Munevar-02-Portal-UANDES.webp","datePublished":"2025-11-27T20:24:34+00:00","dateModified":"2026-01-20T15:10:07+00:00","breadcrumb":{"@id":"https:\/\/investiga.uandes.cl\/proyecto-contra-la-desercion-escolar-academica-midio-el-impacto-de-intervencion-comunitaria-en-colombia\/#breadcrumb"},"inLanguage":"es-CL","potentialAction":[{"@type":"ReadAction","target":["https:\/\/investiga.uandes.cl\/proyecto-contra-la-desercion-escolar-academica-midio-el-impacto-de-intervencion-comunitaria-en-colombia\/"]}]},{"@type":"ImageObject","inLanguage":"es-CL","@id":"https:\/\/investiga.uandes.cl\/proyecto-contra-la-desercion-escolar-academica-midio-el-impacto-de-intervencion-comunitaria-en-colombia\/#primaryimage","url":"https:\/\/investiga.uandes.cl\/wp-content\/uploads\/2025\/11\/Isabela-Munevar-02-Portal-UANDES.webp","contentUrl":"https:\/\/investiga.uandes.cl\/wp-content\/uploads\/2025\/11\/Isabela-Munevar-02-Portal-UANDES.webp","width":1800,"height":1200},{"@type":"BreadcrumbList","@id":"https:\/\/investiga.uandes.cl\/proyecto-contra-la-desercion-escolar-academica-midio-el-impacto-de-intervencion-comunitaria-en-colombia\/#breadcrumb","itemListElement":[{"@type":"ListItem","position":1,"name":"Portada","item":"https:\/\/investiga.uandes.cl\/"},{"@type":"ListItem","position":2,"name":"Acad\u00e9mica analiza el impacto de intervenci\u00f3n comunitaria contra la deserci\u00f3n escolar"}]},{"@type":"WebSite","@id":"https:\/\/investiga.uandes.cl\/#website","url":"https:\/\/investiga.uandes.cl\/","name":"Investiga UANDES","description":"Investigaci\u00f3n, Universidad de los Andes","publisher":{"@id":"https:\/\/investiga.uandes.cl\/#organization"},"potentialAction":[{"@type":"SearchAction","target":{"@type":"EntryPoint","urlTemplate":"https:\/\/investiga.uandes.cl\/?s={search_term_string}"},"query-input":{"@type":"PropertyValueSpecification","valueRequired":true,"valueName":"search_term_string"}}],"inLanguage":"es-CL"},{"@type":"Organization","@id":"https:\/\/investiga.uandes.cl\/#organization","name":"Investiga UANDES","url":"https:\/\/investiga.uandes.cl\/","logo":{"@type":"ImageObject","inLanguage":"es-CL","@id":"https:\/\/investiga.uandes.cl\/#\/schema\/logo\/image\/","url":"https:\/\/investiga.uandes.cl\/wp-content\/uploads\/2025\/03\/investiga_uandes.jpg","contentUrl":"https:\/\/investiga.uandes.cl\/wp-content\/uploads\/2025\/03\/investiga_uandes.jpg","width":2000,"height":771,"caption":"Investiga UANDES"},"image":{"@id":"https:\/\/investiga.uandes.cl\/#\/schema\/logo\/image\/"}},{"@type":"Person","@id":"https:\/\/investiga.uandes.cl\/#\/schema\/person\/a6d3757d4cdc75cceb38c3560655edc3","name":"Marisol Grisanti","url":"https:\/\/investiga.uandes.cl\/es\/author\/mgrisanti\/"}]}},"_links":{"self":[{"href":"https:\/\/investiga.uandes.cl\/es\/wp-json\/wp\/v2\/posts\/6663","targetHints":{"allow":["GET"]}}],"collection":[{"href":"https:\/\/investiga.uandes.cl\/es\/wp-json\/wp\/v2\/posts"}],"about":[{"href":"https:\/\/investiga.uandes.cl\/es\/wp-json\/wp\/v2\/types\/post"}],"author":[{"embeddable":true,"href":"https:\/\/investiga.uandes.cl\/es\/wp-json\/wp\/v2\/users\/3"}],"replies":[{"embeddable":true,"href":"https:\/\/investiga.uandes.cl\/es\/wp-json\/wp\/v2\/comments?post=6663"}],"version-history":[{"count":12,"href":"https:\/\/investiga.uandes.cl\/es\/wp-json\/wp\/v2\/posts\/6663\/revisions"}],"predecessor-version":[{"id":7179,"href":"https:\/\/investiga.uandes.cl\/es\/wp-json\/wp\/v2\/posts\/6663\/revisions\/7179"}],"wp:featuredmedia":[{"embeddable":true,"href":"https:\/\/investiga.uandes.cl\/es\/wp-json\/wp\/v2\/media\/6971"}],"wp:attachment":[{"href":"https:\/\/investiga.uandes.cl\/es\/wp-json\/wp\/v2\/media?parent=6663"}],"wp:term":[{"taxonomy":"category","embeddable":true,"href":"https:\/\/investiga.uandes.cl\/es\/wp-json\/wp\/v2\/categories?post=6663"},{"taxonomy":"post_tag","embeddable":true,"href":"https:\/\/investiga.uandes.cl\/es\/wp-json\/wp\/v2\/tags?post=6663"}],"curies":[{"name":"wp","href":"https:\/\/api.w.org\/{rel}","templated":true}]}}