{"id":6657,"date":"2025-11-25T17:58:41","date_gmt":"2025-11-25T20:58:41","guid":{"rendered":"https:\/\/investiga.uandes.cl\/?p=6657"},"modified":"2025-12-02T16:57:39","modified_gmt":"2025-12-02T19:57:39","slug":"investigacion-busca-predecir-partos-prematuros-basada-en-salud-de-las-encias","status":"publish","type":"post","link":"https:\/\/investiga.uandes.cl\/es\/investigacion-busca-predecir-partos-prematuros-basada-en-salud-de-las-encias\/","title":{"rendered":"Investigaci\u00f3n busca predecir partos prematuros basada en salud de las enc\u00edas"},"content":{"rendered":"\n<p>Un estudio liderado por la investigadora&nbsp;<strong><a href=\"https:\/\/investigadores.uandes.cl\/es\/persons\/daniela-albers-busquets\">Daniela Albers<\/a><\/strong>, acad\u00e9mica de la Facultad de Odontolog\u00eda, evalu\u00f3 a mujeres embarazadas considerando aspectos vinculados a su embarazo, la salud de sus enc\u00edas y factores presentes en el fluido gingival crevicular, l\u00edquido que rodea los dientes.<\/p>\n\n\n\n<p>Las pacientes fueron clasificadas seg\u00fan si tuvieron un parto prematuro, antes de las 37 semanas de gestaci\u00f3n, o un parto a t\u00e9rmino, despu\u00e9s de ese periodo. Los resultados evidenciaron diferencias en esos factores entre ambos grupos, as\u00ed como tambi\u00e9n seg\u00fan el estado de las enc\u00edas.<\/p>\n\n\n\n<p>El objetivo de la investigaci\u00f3n fue evaluar la asociaci\u00f3n entre factores que promueven la formaci\u00f3n de vasos sangu\u00edneos en el fluido gingival crevicular y el riesgo de parto prematuro espont\u00e1neo, adem\u00e1s de analizar su relaci\u00f3n con la gravedad de la enfermedad periodontal durante el embarazo temprano.<\/p>\n\n\n\n<p>\u201c<strong>Este trabajo busca contribuir en la predicci\u00f3n de parto prematuro espont\u00e1neo mediante factores espec\u00edficos que podemos encontrar en el fluido que rodea los dientes y c\u00f3mo \u00e9stos se relacionan con la enfermedad periodontal durante el embarazo<\/strong>\u201d, explica Albers.<\/p>\n\n\n\n<p>La investigaci\u00f3n fue desarrollada por un equipo multidisciplinario conformado por odont\u00f3logos de la Facultad de Odontolog\u00eda de la Universidad de los Andes, investigadores del Centro de Investigaci\u00f3n e Innovaci\u00f3n Biom\u00e9dica (CIIB) y m\u00e9dicos del Programa de Reproducci\u00f3n Biol\u00f3gica de la Facultad de Medicina de la misma casa de estudios. Tambi\u00e9n participaron odont\u00f3logos e investigadores de la Facultad de Odontolog\u00eda de la Universidad de Chile.<\/p>\n\n\n\n<p>Adem\u00e1s de Daniela Albers, formaron parte del equipo las doctoras Alejandra Chaparro, Mar\u00eda Jos\u00e9 Bendek, Mar\u00eda Luisa Mizgier, Carolina Rojas, Marcela Hern\u00e1ndez y Patricia Hern\u00e1ndez; junto a los doctores Diego Prieto y Sebasti\u00e1n Illanes.<\/p>\n","protected":false},"excerpt":{"rendered":"<p>La investigaci\u00f3n fue desarrollada por un equipo multidisciplinario de la Facultad de Odontolog\u00eda, investigadores del CIIB y m\u00e9dicos del Programa de Reproducci\u00f3n Biol\u00f3gica de la Facultad de Medicina. Tambi\u00e9n participaron odont\u00f3logos e investigadores de la Universidad de Chile.<\/p>\n","protected":false},"author":4,"featured_media":6658,"comment_status":"closed","ping_status":"closed","sticky":false,"template":"","format":"standard","meta":{"inline_featured_image":false,"footnotes":""},"categories":[1],"tags":[],"class_list":["post-6657","post","type-post","status-publish","format-standard","has-post-thumbnail","hentry","category-investigacion"],"yoast_head":"<!-- This site is optimized with the Yoast SEO plugin v24.7 - https:\/\/yoast.com\/wordpress\/plugins\/seo\/ -->\n<title>Investigaci\u00f3n busca predecir partos prematuros basada en salud de las enc\u00edas - Investiga UANDES<\/title>\n<meta name=\"robots\" content=\"index, follow, max-snippet:-1, max-image-preview:large, max-video-preview:-1\" \/>\n<link rel=\"canonical\" href=\"https:\/\/investiga.uandes.cl\/es\/investigacion-busca-predecir-partos-prematuros-basada-en-salud-de-las-encias\/\" \/>\n<meta property=\"og:locale\" content=\"es_ES\" \/>\n<meta property=\"og:type\" content=\"article\" \/>\n<meta property=\"og:title\" content=\"Investigaci\u00f3n busca predecir partos prematuros basada en salud de las enc\u00edas - Investiga UANDES\" \/>\n<meta property=\"og:description\" content=\"La investigaci\u00f3n fue desarrollada por un equipo multidisciplinario de la Facultad de Odontolog\u00eda, investigadores del CIIB y m\u00e9dicos del Programa de Reproducci\u00f3n Biol\u00f3gica de la Facultad de Medicina. Tambi\u00e9n participaron odont\u00f3logos e investigadores de la Universidad de Chile.\" \/>\n<meta property=\"og:url\" content=\"https:\/\/investiga.uandes.cl\/es\/investigacion-busca-predecir-partos-prematuros-basada-en-salud-de-las-encias\/\" \/>\n<meta property=\"og:site_name\" content=\"Investiga UANDES\" \/>\n<meta property=\"article:published_time\" content=\"2025-11-25T20:58:41+00:00\" \/>\n<meta property=\"article:modified_time\" content=\"2025-12-02T19:57:39+00:00\" \/>\n<meta property=\"og:image\" content=\"https:\/\/investiga.uandes.cl\/wp-content\/uploads\/2025\/11\/image-8-1024x683.png\" \/>\n\t<meta property=\"og:image:width\" content=\"1024\" \/>\n\t<meta property=\"og:image:height\" content=\"683\" \/>\n\t<meta property=\"og:image:type\" content=\"image\/png\" \/>\n<meta name=\"author\" content=\"Lucas Bizzarri\" \/>\n<meta name=\"twitter:card\" content=\"summary_large_image\" \/>\n<meta name=\"twitter:label1\" content=\"Escrito por\" \/>\n\t<meta name=\"twitter:data1\" content=\"Lucas Bizzarri\" \/>\n\t<meta name=\"twitter:label2\" content=\"Tiempo estimado de lectura\" \/>\n\t<meta name=\"twitter:data2\" content=\"2 minutos\" \/>\n<script type=\"application\/ld+json\" class=\"yoast-schema-graph\">{\"@context\":\"https:\/\/schema.org\",\"@graph\":[{\"@type\":\"Article\",\"@id\":\"https:\/\/investiga.uandes.cl\/investigacion-busca-predecir-partos-prematuros-basada-en-salud-de-las-encias\/#article\",\"isPartOf\":{\"@id\":\"https:\/\/investiga.uandes.cl\/investigacion-busca-predecir-partos-prematuros-basada-en-salud-de-las-encias\/\"},\"author\":{\"name\":\"Lucas Bizzarri\",\"@id\":\"https:\/\/investiga.uandes.cl\/#\/schema\/person\/6c8d7a572eb7c1d6fd4b60c06f45f489\"},\"headline\":\"Investigaci\u00f3n busca predecir partos prematuros basada en salud de las enc\u00edas\",\"datePublished\":\"2025-11-25T20:58:41+00:00\",\"dateModified\":\"2025-12-02T19:57:39+00:00\",\"mainEntityOfPage\":{\"@id\":\"https:\/\/investiga.uandes.cl\/investigacion-busca-predecir-partos-prematuros-basada-en-salud-de-las-encias\/\"},\"wordCount\":322,\"publisher\":{\"@id\":\"https:\/\/investiga.uandes.cl\/#organization\"},\"image\":{\"@id\":\"https:\/\/investiga.uandes.cl\/investigacion-busca-predecir-partos-prematuros-basada-en-salud-de-las-encias\/#primaryimage\"},\"thumbnailUrl\":\"https:\/\/investiga.uandes.cl\/wp-content\/uploads\/2025\/11\/image-8.png\",\"articleSection\":[\"Investigaci\u00f3n\"],\"inLanguage\":\"es-CL\"},{\"@type\":\"WebPage\",\"@id\":\"https:\/\/investiga.uandes.cl\/investigacion-busca-predecir-partos-prematuros-basada-en-salud-de-las-encias\/\",\"url\":\"https:\/\/investiga.uandes.cl\/investigacion-busca-predecir-partos-prematuros-basada-en-salud-de-las-encias\/\",\"name\":\"Investigaci\u00f3n busca predecir partos prematuros basada en salud de las enc\u00edas - Investiga UANDES\",\"isPartOf\":{\"@id\":\"https:\/\/investiga.uandes.cl\/#website\"},\"primaryImageOfPage\":{\"@id\":\"https:\/\/investiga.uandes.cl\/investigacion-busca-predecir-partos-prematuros-basada-en-salud-de-las-encias\/#primaryimage\"},\"image\":{\"@id\":\"https:\/\/investiga.uandes.cl\/investigacion-busca-predecir-partos-prematuros-basada-en-salud-de-las-encias\/#primaryimage\"},\"thumbnailUrl\":\"https:\/\/investiga.uandes.cl\/wp-content\/uploads\/2025\/11\/image-8.png\",\"datePublished\":\"2025-11-25T20:58:41+00:00\",\"dateModified\":\"2025-12-02T19:57:39+00:00\",\"breadcrumb\":{\"@id\":\"https:\/\/investiga.uandes.cl\/investigacion-busca-predecir-partos-prematuros-basada-en-salud-de-las-encias\/#breadcrumb\"},\"inLanguage\":\"es-CL\",\"potentialAction\":[{\"@type\":\"ReadAction\",\"target\":[\"https:\/\/investiga.uandes.cl\/investigacion-busca-predecir-partos-prematuros-basada-en-salud-de-las-encias\/\"]}]},{\"@type\":\"ImageObject\",\"inLanguage\":\"es-CL\",\"@id\":\"https:\/\/investiga.uandes.cl\/investigacion-busca-predecir-partos-prematuros-basada-en-salud-de-las-encias\/#primaryimage\",\"url\":\"https:\/\/investiga.uandes.cl\/wp-content\/uploads\/2025\/11\/image-8.png\",\"contentUrl\":\"https:\/\/investiga.uandes.cl\/wp-content\/uploads\/2025\/11\/image-8.png\",\"width\":2048,\"height\":1366},{\"@type\":\"BreadcrumbList\",\"@id\":\"https:\/\/investiga.uandes.cl\/investigacion-busca-predecir-partos-prematuros-basada-en-salud-de-las-encias\/#breadcrumb\",\"itemListElement\":[{\"@type\":\"ListItem\",\"position\":1,\"name\":\"Portada\",\"item\":\"https:\/\/investiga.uandes.cl\/\"},{\"@type\":\"ListItem\",\"position\":2,\"name\":\"Investigaci\u00f3n busca predecir partos prematuros basada en salud de las enc\u00edas\"}]},{\"@type\":\"WebSite\",\"@id\":\"https:\/\/investiga.uandes.cl\/#website\",\"url\":\"https:\/\/investiga.uandes.cl\/\",\"name\":\"Investiga UANDES\",\"description\":\"Investigaci\u00f3n, Universidad de los Andes\",\"publisher\":{\"@id\":\"https:\/\/investiga.uandes.cl\/#organization\"},\"potentialAction\":[{\"@type\":\"SearchAction\",\"target\":{\"@type\":\"EntryPoint\",\"urlTemplate\":\"https:\/\/investiga.uandes.cl\/?s={search_term_string}\"},\"query-input\":{\"@type\":\"PropertyValueSpecification\",\"valueRequired\":true,\"valueName\":\"search_term_string\"}}],\"inLanguage\":\"es-CL\"},{\"@type\":\"Organization\",\"@id\":\"https:\/\/investiga.uandes.cl\/#organization\",\"name\":\"Investiga UANDES\",\"url\":\"https:\/\/investiga.uandes.cl\/\",\"logo\":{\"@type\":\"ImageObject\",\"inLanguage\":\"es-CL\",\"@id\":\"https:\/\/investiga.uandes.cl\/#\/schema\/logo\/image\/\",\"url\":\"https:\/\/investiga.uandes.cl\/wp-content\/uploads\/2025\/03\/investiga_uandes.jpg\",\"contentUrl\":\"https:\/\/investiga.uandes.cl\/wp-content\/uploads\/2025\/03\/investiga_uandes.jpg\",\"width\":2000,\"height\":771,\"caption\":\"Investiga UANDES\"},\"image\":{\"@id\":\"https:\/\/investiga.uandes.cl\/#\/schema\/logo\/image\/\"}},{\"@type\":\"Person\",\"@id\":\"https:\/\/investiga.uandes.cl\/#\/schema\/person\/6c8d7a572eb7c1d6fd4b60c06f45f489\",\"name\":\"Lucas Bizzarri\",\"url\":\"https:\/\/investiga.uandes.cl\/es\/author\/lbizzarri\/\"}]}<\/script>\n<!-- \/ Yoast SEO plugin. -->","yoast_head_json":{"title":"Investigaci\u00f3n busca predecir partos prematuros basada en salud de las enc\u00edas - Investiga UANDES","robots":{"index":"index","follow":"follow","max-snippet":"max-snippet:-1","max-image-preview":"max-image-preview:large","max-video-preview":"max-video-preview:-1"},"canonical":"https:\/\/investiga.uandes.cl\/es\/investigacion-busca-predecir-partos-prematuros-basada-en-salud-de-las-encias\/","og_locale":"es_ES","og_type":"article","og_title":"Investigaci\u00f3n busca predecir partos prematuros basada en salud de las enc\u00edas - Investiga UANDES","og_description":"La investigaci\u00f3n fue desarrollada por un equipo multidisciplinario de la Facultad de Odontolog\u00eda, investigadores del CIIB y m\u00e9dicos del Programa de Reproducci\u00f3n Biol\u00f3gica de la Facultad de Medicina. Tambi\u00e9n participaron odont\u00f3logos e investigadores de la Universidad de Chile.","og_url":"https:\/\/investiga.uandes.cl\/es\/investigacion-busca-predecir-partos-prematuros-basada-en-salud-de-las-encias\/","og_site_name":"Investiga UANDES","article_published_time":"2025-11-25T20:58:41+00:00","article_modified_time":"2025-12-02T19:57:39+00:00","og_image":[{"width":1024,"height":683,"url":"https:\/\/investiga.uandes.cl\/wp-content\/uploads\/2025\/11\/image-8-1024x683.png","type":"image\/png"}],"author":"Lucas Bizzarri","twitter_card":"summary_large_image","twitter_misc":{"Escrito por":"Lucas Bizzarri","Tiempo estimado de lectura":"2 minutos"},"schema":{"@context":"https:\/\/schema.org","@graph":[{"@type":"Article","@id":"https:\/\/investiga.uandes.cl\/investigacion-busca-predecir-partos-prematuros-basada-en-salud-de-las-encias\/#article","isPartOf":{"@id":"https:\/\/investiga.uandes.cl\/investigacion-busca-predecir-partos-prematuros-basada-en-salud-de-las-encias\/"},"author":{"name":"Lucas Bizzarri","@id":"https:\/\/investiga.uandes.cl\/#\/schema\/person\/6c8d7a572eb7c1d6fd4b60c06f45f489"},"headline":"Investigaci\u00f3n busca predecir partos prematuros basada en salud de las enc\u00edas","datePublished":"2025-11-25T20:58:41+00:00","dateModified":"2025-12-02T19:57:39+00:00","mainEntityOfPage":{"@id":"https:\/\/investiga.uandes.cl\/investigacion-busca-predecir-partos-prematuros-basada-en-salud-de-las-encias\/"},"wordCount":322,"publisher":{"@id":"https:\/\/investiga.uandes.cl\/#organization"},"image":{"@id":"https:\/\/investiga.uandes.cl\/investigacion-busca-predecir-partos-prematuros-basada-en-salud-de-las-encias\/#primaryimage"},"thumbnailUrl":"https:\/\/investiga.uandes.cl\/wp-content\/uploads\/2025\/11\/image-8.png","articleSection":["Investigaci\u00f3n"],"inLanguage":"es-CL"},{"@type":"WebPage","@id":"https:\/\/investiga.uandes.cl\/investigacion-busca-predecir-partos-prematuros-basada-en-salud-de-las-encias\/","url":"https:\/\/investiga.uandes.cl\/investigacion-busca-predecir-partos-prematuros-basada-en-salud-de-las-encias\/","name":"Investigaci\u00f3n busca predecir partos prematuros basada en salud de las enc\u00edas - Investiga UANDES","isPartOf":{"@id":"https:\/\/investiga.uandes.cl\/#website"},"primaryImageOfPage":{"@id":"https:\/\/investiga.uandes.cl\/investigacion-busca-predecir-partos-prematuros-basada-en-salud-de-las-encias\/#primaryimage"},"image":{"@id":"https:\/\/investiga.uandes.cl\/investigacion-busca-predecir-partos-prematuros-basada-en-salud-de-las-encias\/#primaryimage"},"thumbnailUrl":"https:\/\/investiga.uandes.cl\/wp-content\/uploads\/2025\/11\/image-8.png","datePublished":"2025-11-25T20:58:41+00:00","dateModified":"2025-12-02T19:57:39+00:00","breadcrumb":{"@id":"https:\/\/investiga.uandes.cl\/investigacion-busca-predecir-partos-prematuros-basada-en-salud-de-las-encias\/#breadcrumb"},"inLanguage":"es-CL","potentialAction":[{"@type":"ReadAction","target":["https:\/\/investiga.uandes.cl\/investigacion-busca-predecir-partos-prematuros-basada-en-salud-de-las-encias\/"]}]},{"@type":"ImageObject","inLanguage":"es-CL","@id":"https:\/\/investiga.uandes.cl\/investigacion-busca-predecir-partos-prematuros-basada-en-salud-de-las-encias\/#primaryimage","url":"https:\/\/investiga.uandes.cl\/wp-content\/uploads\/2025\/11\/image-8.png","contentUrl":"https:\/\/investiga.uandes.cl\/wp-content\/uploads\/2025\/11\/image-8.png","width":2048,"height":1366},{"@type":"BreadcrumbList","@id":"https:\/\/investiga.uandes.cl\/investigacion-busca-predecir-partos-prematuros-basada-en-salud-de-las-encias\/#breadcrumb","itemListElement":[{"@type":"ListItem","position":1,"name":"Portada","item":"https:\/\/investiga.uandes.cl\/"},{"@type":"ListItem","position":2,"name":"Investigaci\u00f3n busca predecir partos prematuros basada en salud de las enc\u00edas"}]},{"@type":"WebSite","@id":"https:\/\/investiga.uandes.cl\/#website","url":"https:\/\/investiga.uandes.cl\/","name":"Investiga UANDES","description":"Investigaci\u00f3n, Universidad de los Andes","publisher":{"@id":"https:\/\/investiga.uandes.cl\/#organization"},"potentialAction":[{"@type":"SearchAction","target":{"@type":"EntryPoint","urlTemplate":"https:\/\/investiga.uandes.cl\/?s={search_term_string}"},"query-input":{"@type":"PropertyValueSpecification","valueRequired":true,"valueName":"search_term_string"}}],"inLanguage":"es-CL"},{"@type":"Organization","@id":"https:\/\/investiga.uandes.cl\/#organization","name":"Investiga UANDES","url":"https:\/\/investiga.uandes.cl\/","logo":{"@type":"ImageObject","inLanguage":"es-CL","@id":"https:\/\/investiga.uandes.cl\/#\/schema\/logo\/image\/","url":"https:\/\/investiga.uandes.cl\/wp-content\/uploads\/2025\/03\/investiga_uandes.jpg","contentUrl":"https:\/\/investiga.uandes.cl\/wp-content\/uploads\/2025\/03\/investiga_uandes.jpg","width":2000,"height":771,"caption":"Investiga UANDES"},"image":{"@id":"https:\/\/investiga.uandes.cl\/#\/schema\/logo\/image\/"}},{"@type":"Person","@id":"https:\/\/investiga.uandes.cl\/#\/schema\/person\/6c8d7a572eb7c1d6fd4b60c06f45f489","name":"Lucas Bizzarri","url":"https:\/\/investiga.uandes.cl\/es\/author\/lbizzarri\/"}]}},"_links":{"self":[{"href":"https:\/\/investiga.uandes.cl\/es\/wp-json\/wp\/v2\/posts\/6657","targetHints":{"allow":["GET"]}}],"collection":[{"href":"https:\/\/investiga.uandes.cl\/es\/wp-json\/wp\/v2\/posts"}],"about":[{"href":"https:\/\/investiga.uandes.cl\/es\/wp-json\/wp\/v2\/types\/post"}],"author":[{"embeddable":true,"href":"https:\/\/investiga.uandes.cl\/es\/wp-json\/wp\/v2\/users\/4"}],"replies":[{"embeddable":true,"href":"https:\/\/investiga.uandes.cl\/es\/wp-json\/wp\/v2\/comments?post=6657"}],"version-history":[{"count":2,"href":"https:\/\/investiga.uandes.cl\/es\/wp-json\/wp\/v2\/posts\/6657\/revisions"}],"predecessor-version":[{"id":6766,"href":"https:\/\/investiga.uandes.cl\/es\/wp-json\/wp\/v2\/posts\/6657\/revisions\/6766"}],"wp:featuredmedia":[{"embeddable":true,"href":"https:\/\/investiga.uandes.cl\/es\/wp-json\/wp\/v2\/media\/6658"}],"wp:attachment":[{"href":"https:\/\/investiga.uandes.cl\/es\/wp-json\/wp\/v2\/media?parent=6657"}],"wp:term":[{"taxonomy":"category","embeddable":true,"href":"https:\/\/investiga.uandes.cl\/es\/wp-json\/wp\/v2\/categories?post=6657"},{"taxonomy":"post_tag","embeddable":true,"href":"https:\/\/investiga.uandes.cl\/es\/wp-json\/wp\/v2\/tags?post=6657"}],"curies":[{"name":"wp","href":"https:\/\/api.w.org\/{rel}","templated":true}]}}