{"id":6651,"date":"2025-11-25T18:00:07","date_gmt":"2025-11-25T21:00:07","guid":{"rendered":"https:\/\/investiga.uandes.cl\/?p=6651"},"modified":"2025-12-02T16:54:35","modified_gmt":"2025-12-02T19:54:35","slug":"tecnologia-y-etica-se-unen-en-innovador-proyecto-educativo-de-investigador-de-la-facultad-de-ingenieria","status":"publish","type":"post","link":"https:\/\/investiga.uandes.cl\/es\/tecnologia-y-etica-se-unen-en-innovador-proyecto-educativo-de-investigador-de-la-facultad-de-ingenieria\/","title":{"rendered":"Tecnolog\u00eda y \u00e9tica se unen en innovador proyecto educativo de investigador de la Facultad de Ingenier\u00eda"},"content":{"rendered":"\n<p>El acad\u00e9mico de la&nbsp;<strong><a href=\"https:\/\/www.uandes.cl\/universidad\/facultades\/facultad-ingenieria\/\">Facultad de Ingenier\u00eda y Ciencias Aplicadas&nbsp;<\/a><\/strong>Claudio \u00c1lvarez lidera una l\u00ednea de investigaci\u00f3n que&nbsp;<strong>combina tecnolog\u00edas digitales y estructuras pedag\u00f3gicas colaborativas para ense\u00f1ar \u00e9tica de forma integrada, aplicada y transversal en la educaci\u00f3n superior.<\/strong>&nbsp;\u201cVengo del mundo de la ingenier\u00eda y la computaci\u00f3n, y desde mi doctorado he trabajado en el dise\u00f1o de entornos digitales que gu\u00edan a los estudiantes en procesos complejos de aprendizaje colaborativo. Con el tiempo entend\u00ed que esas mismas herramientas pod\u00edan usarse para un desaf\u00edo a\u00fan mayor: ense\u00f1ar \u00e9tica.<strong>&nbsp;No basta con saber programar o resolver ecuaciones; tambi\u00e9n hay que distinguir lo correcto de lo incorrecto y tomar decisiones responsables en contextos reales\u201d<\/strong>, explica \u00c1lvarez.<\/p>\n\n\n\n<p>De esta reflexi\u00f3n surgi\u00f3 el concepto de&nbsp;<strong>microinserciones \u00e9ticas: breves intervenciones pedag\u00f3gicas que se integran directamente en cursos disciplinares -como finanzas, control de gesti\u00f3n, ingenier\u00eda de software o inteligencia artificial- para vincular los contenidos t\u00e9cnicos con dilemas \u00e9ticos reales.<\/strong>&nbsp;En lugar de impartir la \u00e9tica como un curso separado, este enfoque busca que los estudiantes discutan, argumenten y tomen decisiones fundamentadas en situaciones propias de su futura profesi\u00f3n. \u201cEn muchas carreras de ingenier\u00eda los estudiantes tienen uno o dos cursos de \u00e9tica en toda su formaci\u00f3n, con muy pocos cr\u00e9ditos. Pero la competencia \u00e9tica -como cualquier habilidad compleja- no se desarrolla con una clase aislada. Requiere pr\u00e1ctica, repetici\u00f3n y contexto\u201d, detalla.<\/p>\n\n\n\n<p>El proyecto se inspira en experiencias internacionales como el programa&nbsp;<a href=\"https:\/\/embeddedethics.seas.harvard.edu\/\"><strong>Embedded EthiCS de Harvard<\/strong><\/a>,&nbsp;<strong>donde fil\u00f3sofos y acad\u00e9micos de ciencias de la computaci\u00f3n trabajan en conjunto para incorporar dilemas \u00e9ticos en asignaturas t\u00e9cnicas.<\/strong>&nbsp;En el caso latinoamericano, \u00c1lvarez ha buscado adaptar y escalar este modelo con un enfoque interdisciplinario y sostenible, donde docentes de \u00e9tica y profesores de \u00e1reas t\u00e9cnicas dise\u00f1an actividades colaborativas en conjunto.<\/p>\n\n\n\n<p>Un componente clave de esta investigaci\u00f3n es&nbsp;<a href=\"http:\/\/www.ethicapp.info\/\"><strong>EthicApp<\/strong><\/a><strong>, plataforma creada para facilitar la discusi\u00f3n \u00e9tica en contextos de formaci\u00f3n profesional. La aplicaci\u00f3n gu\u00eda a los estudiantes a trav\u00e9s de scripts pedag\u00f3gicos paso a paso que promueven el razonamiento \u00e9tico y el debate entre pares, permitiendo reflexionar sobre dilemas contextualizados en ingenier\u00eda, negocios y medicina.<\/strong>&nbsp;Actualmente, el equipo trabaja en una nueva fase que incorpora inteligencia artificial generativa con el fin de ofrecer retroalimentaci\u00f3n automatizada a los estudiantes y apoyar a los docentes en la evaluaci\u00f3n y monitoreo de estos procesos.<\/p>\n\n\n\n<p>Este proyecto se adjudic\u00f3 un&nbsp;<strong><a href=\"https:\/\/anid.cl\/proyectos-de-investigacion\/fondecyt-regular\/\">Fondecyt Regular 2019<\/a><\/strong>, y tiene como coautores a los acad\u00e9micos de la Universidad de Chile Gustavo Zurita, Nelson Baloian y \u00d3scar Jerez. Desde entonces, se ha expandido a trav\u00e9s de una red internacional con instituciones en Espa\u00f1a (Universidad de Valladolid, Universidad Pompeu Fabra), Ecuador (UTPL), M\u00e9xico (BUAP, Universidad Panamericana) y Colombia (Universidad del Cauca), entre otras.<\/p>\n\n\n\n<p>El enfoque de \u00c1lvarez se diferencia de las asignaturas tradicionales de \u00e9tica en tres aspectos: est\u00e1 integrado en los cursos disciplinares, es activo y colaborativo, y est\u00e1 apoyado por tecnolog\u00eda que estructura el debate \u00e9tico.&nbsp;<strong>\u201cQueremos formar egresados capaces de reconocer dilemas \u00e9ticos, discutirlos cr\u00edticamente y actuar con responsabilidad en entornos donde confluyen factores t\u00e9cnicos, organizacionales y sociales. Pretendemos que los estudiantes se enfrenten de manera constante a dilemas y discusiones en contextos reales, integrando la reflexi\u00f3n \u00e9tica como parte esencial de su formaci\u00f3n. Esto significa que la \u00e9tica dejar\u00e1 de ser un aprendizaje impl\u00edcito o marginal, para convertirse en un componente visible, reconocido y valorado en el proceso educativo\u201d, comenta el acad\u00e9mico.<\/strong><\/p>\n","protected":false},"excerpt":{"rendered":"<p>El acad\u00e9mico Claudio Alvarez busca c\u00f3mo integrar microinserciones \u00e9ticas en carreras de ingenier\u00eda, negocios y medicina, apoyadas en plataformas digitales colaborativas como EthicApp, con el fin de formar profesionales capaces de tomar decisiones responsables en contextos reales.<\/p>\n","protected":false},"author":3,"featured_media":6652,"comment_status":"closed","ping_status":"closed","sticky":false,"template":"","format":"standard","meta":{"inline_featured_image":false,"footnotes":""},"categories":[1],"tags":[],"class_list":["post-6651","post","type-post","status-publish","format-standard","has-post-thumbnail","hentry","category-investigacion"],"yoast_head":"<!-- This site is optimized with the Yoast SEO plugin v24.7 - https:\/\/yoast.com\/wordpress\/plugins\/seo\/ -->\n<title>Tecnolog\u00eda y \u00e9tica se unen en innovador proyecto educativo de investigador de la Facultad de Ingenier\u00eda - Investiga UANDES<\/title>\n<meta name=\"robots\" content=\"index, follow, max-snippet:-1, max-image-preview:large, max-video-preview:-1\" \/>\n<link rel=\"canonical\" href=\"https:\/\/investiga.uandes.cl\/es\/tecnologia-y-etica-se-unen-en-innovador-proyecto-educativo-de-investigador-de-la-facultad-de-ingenieria\/\" \/>\n<meta property=\"og:locale\" content=\"es_ES\" \/>\n<meta property=\"og:type\" content=\"article\" \/>\n<meta property=\"og:title\" content=\"Tecnolog\u00eda y \u00e9tica se unen en innovador proyecto educativo de investigador de la Facultad de Ingenier\u00eda - Investiga UANDES\" \/>\n<meta property=\"og:description\" content=\"El acad\u00e9mico Claudio Alvarez busca c\u00f3mo integrar microinserciones \u00e9ticas en carreras de ingenier\u00eda, negocios y medicina, apoyadas en plataformas digitales colaborativas como EthicApp, con el fin de formar profesionales capaces de tomar decisiones responsables en contextos reales.\" \/>\n<meta property=\"og:url\" content=\"https:\/\/investiga.uandes.cl\/es\/tecnologia-y-etica-se-unen-en-innovador-proyecto-educativo-de-investigador-de-la-facultad-de-ingenieria\/\" \/>\n<meta property=\"og:site_name\" content=\"Investiga UANDES\" \/>\n<meta property=\"article:published_time\" content=\"2025-11-25T21:00:07+00:00\" \/>\n<meta property=\"article:modified_time\" content=\"2025-12-02T19:54:35+00:00\" \/>\n<meta property=\"og:image\" content=\"https:\/\/investiga.uandes.cl\/wp-content\/uploads\/2025\/11\/image-5.png\" \/>\n\t<meta property=\"og:image:width\" content=\"2048\" \/>\n\t<meta property=\"og:image:height\" content=\"1366\" \/>\n\t<meta property=\"og:image:type\" content=\"image\/png\" \/>\n<meta name=\"author\" content=\"Marisol Grisanti\" \/>\n<meta name=\"twitter:card\" content=\"summary_large_image\" \/>\n<meta name=\"twitter:label1\" content=\"Escrito por\" \/>\n\t<meta name=\"twitter:data1\" content=\"Marisol Grisanti\" \/>\n\t<meta name=\"twitter:label2\" content=\"Tiempo estimado de lectura\" \/>\n\t<meta name=\"twitter:data2\" content=\"3 minutos\" \/>\n<script type=\"application\/ld+json\" class=\"yoast-schema-graph\">{\"@context\":\"https:\/\/schema.org\",\"@graph\":[{\"@type\":\"Article\",\"@id\":\"https:\/\/investiga.uandes.cl\/tecnologia-y-etica-se-unen-en-innovador-proyecto-educativo-de-investigador-de-la-facultad-de-ingenieria\/#article\",\"isPartOf\":{\"@id\":\"https:\/\/investiga.uandes.cl\/tecnologia-y-etica-se-unen-en-innovador-proyecto-educativo-de-investigador-de-la-facultad-de-ingenieria\/\"},\"author\":{\"name\":\"Marisol Grisanti\",\"@id\":\"https:\/\/investiga.uandes.cl\/#\/schema\/person\/a6d3757d4cdc75cceb38c3560655edc3\"},\"headline\":\"Tecnolog\u00eda y \u00e9tica se unen en innovador proyecto educativo de investigador de la Facultad de Ingenier\u00eda\",\"datePublished\":\"2025-11-25T21:00:07+00:00\",\"dateModified\":\"2025-12-02T19:54:35+00:00\",\"mainEntityOfPage\":{\"@id\":\"https:\/\/investiga.uandes.cl\/tecnologia-y-etica-se-unen-en-innovador-proyecto-educativo-de-investigador-de-la-facultad-de-ingenieria\/\"},\"wordCount\":639,\"publisher\":{\"@id\":\"https:\/\/investiga.uandes.cl\/#organization\"},\"image\":{\"@id\":\"https:\/\/investiga.uandes.cl\/tecnologia-y-etica-se-unen-en-innovador-proyecto-educativo-de-investigador-de-la-facultad-de-ingenieria\/#primaryimage\"},\"thumbnailUrl\":\"https:\/\/investiga.uandes.cl\/wp-content\/uploads\/2025\/11\/image-5.png\",\"articleSection\":[\"Investigaci\u00f3n\"],\"inLanguage\":\"es-CL\"},{\"@type\":\"WebPage\",\"@id\":\"https:\/\/investiga.uandes.cl\/tecnologia-y-etica-se-unen-en-innovador-proyecto-educativo-de-investigador-de-la-facultad-de-ingenieria\/\",\"url\":\"https:\/\/investiga.uandes.cl\/tecnologia-y-etica-se-unen-en-innovador-proyecto-educativo-de-investigador-de-la-facultad-de-ingenieria\/\",\"name\":\"Tecnolog\u00eda y \u00e9tica se unen en innovador proyecto educativo de investigador de la Facultad de Ingenier\u00eda - Investiga UANDES\",\"isPartOf\":{\"@id\":\"https:\/\/investiga.uandes.cl\/#website\"},\"primaryImageOfPage\":{\"@id\":\"https:\/\/investiga.uandes.cl\/tecnologia-y-etica-se-unen-en-innovador-proyecto-educativo-de-investigador-de-la-facultad-de-ingenieria\/#primaryimage\"},\"image\":{\"@id\":\"https:\/\/investiga.uandes.cl\/tecnologia-y-etica-se-unen-en-innovador-proyecto-educativo-de-investigador-de-la-facultad-de-ingenieria\/#primaryimage\"},\"thumbnailUrl\":\"https:\/\/investiga.uandes.cl\/wp-content\/uploads\/2025\/11\/image-5.png\",\"datePublished\":\"2025-11-25T21:00:07+00:00\",\"dateModified\":\"2025-12-02T19:54:35+00:00\",\"breadcrumb\":{\"@id\":\"https:\/\/investiga.uandes.cl\/tecnologia-y-etica-se-unen-en-innovador-proyecto-educativo-de-investigador-de-la-facultad-de-ingenieria\/#breadcrumb\"},\"inLanguage\":\"es-CL\",\"potentialAction\":[{\"@type\":\"ReadAction\",\"target\":[\"https:\/\/investiga.uandes.cl\/tecnologia-y-etica-se-unen-en-innovador-proyecto-educativo-de-investigador-de-la-facultad-de-ingenieria\/\"]}]},{\"@type\":\"ImageObject\",\"inLanguage\":\"es-CL\",\"@id\":\"https:\/\/investiga.uandes.cl\/tecnologia-y-etica-se-unen-en-innovador-proyecto-educativo-de-investigador-de-la-facultad-de-ingenieria\/#primaryimage\",\"url\":\"https:\/\/investiga.uandes.cl\/wp-content\/uploads\/2025\/11\/image-5.png\",\"contentUrl\":\"https:\/\/investiga.uandes.cl\/wp-content\/uploads\/2025\/11\/image-5.png\",\"width\":2048,\"height\":1366},{\"@type\":\"BreadcrumbList\",\"@id\":\"https:\/\/investiga.uandes.cl\/tecnologia-y-etica-se-unen-en-innovador-proyecto-educativo-de-investigador-de-la-facultad-de-ingenieria\/#breadcrumb\",\"itemListElement\":[{\"@type\":\"ListItem\",\"position\":1,\"name\":\"Portada\",\"item\":\"https:\/\/investiga.uandes.cl\/\"},{\"@type\":\"ListItem\",\"position\":2,\"name\":\"Tecnolog\u00eda y \u00e9tica se unen en innovador proyecto educativo de investigador de la Facultad de Ingenier\u00eda\"}]},{\"@type\":\"WebSite\",\"@id\":\"https:\/\/investiga.uandes.cl\/#website\",\"url\":\"https:\/\/investiga.uandes.cl\/\",\"name\":\"Investiga UANDES\",\"description\":\"Investigaci\u00f3n, Universidad de los Andes\",\"publisher\":{\"@id\":\"https:\/\/investiga.uandes.cl\/#organization\"},\"potentialAction\":[{\"@type\":\"SearchAction\",\"target\":{\"@type\":\"EntryPoint\",\"urlTemplate\":\"https:\/\/investiga.uandes.cl\/?s={search_term_string}\"},\"query-input\":{\"@type\":\"PropertyValueSpecification\",\"valueRequired\":true,\"valueName\":\"search_term_string\"}}],\"inLanguage\":\"es-CL\"},{\"@type\":\"Organization\",\"@id\":\"https:\/\/investiga.uandes.cl\/#organization\",\"name\":\"Investiga UANDES\",\"url\":\"https:\/\/investiga.uandes.cl\/\",\"logo\":{\"@type\":\"ImageObject\",\"inLanguage\":\"es-CL\",\"@id\":\"https:\/\/investiga.uandes.cl\/#\/schema\/logo\/image\/\",\"url\":\"https:\/\/investiga.uandes.cl\/wp-content\/uploads\/2025\/03\/investiga_uandes.jpg\",\"contentUrl\":\"https:\/\/investiga.uandes.cl\/wp-content\/uploads\/2025\/03\/investiga_uandes.jpg\",\"width\":2000,\"height\":771,\"caption\":\"Investiga UANDES\"},\"image\":{\"@id\":\"https:\/\/investiga.uandes.cl\/#\/schema\/logo\/image\/\"}},{\"@type\":\"Person\",\"@id\":\"https:\/\/investiga.uandes.cl\/#\/schema\/person\/a6d3757d4cdc75cceb38c3560655edc3\",\"name\":\"Marisol Grisanti\",\"url\":\"https:\/\/investiga.uandes.cl\/es\/author\/mgrisanti\/\"}]}<\/script>\n<!-- \/ Yoast SEO plugin. -->","yoast_head_json":{"title":"Tecnolog\u00eda y \u00e9tica se unen en innovador proyecto educativo de investigador de la Facultad de Ingenier\u00eda - Investiga UANDES","robots":{"index":"index","follow":"follow","max-snippet":"max-snippet:-1","max-image-preview":"max-image-preview:large","max-video-preview":"max-video-preview:-1"},"canonical":"https:\/\/investiga.uandes.cl\/es\/tecnologia-y-etica-se-unen-en-innovador-proyecto-educativo-de-investigador-de-la-facultad-de-ingenieria\/","og_locale":"es_ES","og_type":"article","og_title":"Tecnolog\u00eda y \u00e9tica se unen en innovador proyecto educativo de investigador de la Facultad de Ingenier\u00eda - Investiga UANDES","og_description":"El acad\u00e9mico Claudio Alvarez busca c\u00f3mo integrar microinserciones \u00e9ticas en carreras de ingenier\u00eda, negocios y medicina, apoyadas en plataformas digitales colaborativas como EthicApp, con el fin de formar profesionales capaces de tomar decisiones responsables en contextos reales.","og_url":"https:\/\/investiga.uandes.cl\/es\/tecnologia-y-etica-se-unen-en-innovador-proyecto-educativo-de-investigador-de-la-facultad-de-ingenieria\/","og_site_name":"Investiga UANDES","article_published_time":"2025-11-25T21:00:07+00:00","article_modified_time":"2025-12-02T19:54:35+00:00","og_image":[{"width":2048,"height":1366,"url":"https:\/\/investiga.uandes.cl\/wp-content\/uploads\/2025\/11\/image-5.png","type":"image\/png"}],"author":"Marisol Grisanti","twitter_card":"summary_large_image","twitter_misc":{"Escrito por":"Marisol Grisanti","Tiempo estimado de lectura":"3 minutos"},"schema":{"@context":"https:\/\/schema.org","@graph":[{"@type":"Article","@id":"https:\/\/investiga.uandes.cl\/tecnologia-y-etica-se-unen-en-innovador-proyecto-educativo-de-investigador-de-la-facultad-de-ingenieria\/#article","isPartOf":{"@id":"https:\/\/investiga.uandes.cl\/tecnologia-y-etica-se-unen-en-innovador-proyecto-educativo-de-investigador-de-la-facultad-de-ingenieria\/"},"author":{"name":"Marisol Grisanti","@id":"https:\/\/investiga.uandes.cl\/#\/schema\/person\/a6d3757d4cdc75cceb38c3560655edc3"},"headline":"Tecnolog\u00eda y \u00e9tica se unen en innovador proyecto educativo de investigador de la Facultad de Ingenier\u00eda","datePublished":"2025-11-25T21:00:07+00:00","dateModified":"2025-12-02T19:54:35+00:00","mainEntityOfPage":{"@id":"https:\/\/investiga.uandes.cl\/tecnologia-y-etica-se-unen-en-innovador-proyecto-educativo-de-investigador-de-la-facultad-de-ingenieria\/"},"wordCount":639,"publisher":{"@id":"https:\/\/investiga.uandes.cl\/#organization"},"image":{"@id":"https:\/\/investiga.uandes.cl\/tecnologia-y-etica-se-unen-en-innovador-proyecto-educativo-de-investigador-de-la-facultad-de-ingenieria\/#primaryimage"},"thumbnailUrl":"https:\/\/investiga.uandes.cl\/wp-content\/uploads\/2025\/11\/image-5.png","articleSection":["Investigaci\u00f3n"],"inLanguage":"es-CL"},{"@type":"WebPage","@id":"https:\/\/investiga.uandes.cl\/tecnologia-y-etica-se-unen-en-innovador-proyecto-educativo-de-investigador-de-la-facultad-de-ingenieria\/","url":"https:\/\/investiga.uandes.cl\/tecnologia-y-etica-se-unen-en-innovador-proyecto-educativo-de-investigador-de-la-facultad-de-ingenieria\/","name":"Tecnolog\u00eda y \u00e9tica se unen en innovador proyecto educativo de investigador de la Facultad de Ingenier\u00eda - Investiga UANDES","isPartOf":{"@id":"https:\/\/investiga.uandes.cl\/#website"},"primaryImageOfPage":{"@id":"https:\/\/investiga.uandes.cl\/tecnologia-y-etica-se-unen-en-innovador-proyecto-educativo-de-investigador-de-la-facultad-de-ingenieria\/#primaryimage"},"image":{"@id":"https:\/\/investiga.uandes.cl\/tecnologia-y-etica-se-unen-en-innovador-proyecto-educativo-de-investigador-de-la-facultad-de-ingenieria\/#primaryimage"},"thumbnailUrl":"https:\/\/investiga.uandes.cl\/wp-content\/uploads\/2025\/11\/image-5.png","datePublished":"2025-11-25T21:00:07+00:00","dateModified":"2025-12-02T19:54:35+00:00","breadcrumb":{"@id":"https:\/\/investiga.uandes.cl\/tecnologia-y-etica-se-unen-en-innovador-proyecto-educativo-de-investigador-de-la-facultad-de-ingenieria\/#breadcrumb"},"inLanguage":"es-CL","potentialAction":[{"@type":"ReadAction","target":["https:\/\/investiga.uandes.cl\/tecnologia-y-etica-se-unen-en-innovador-proyecto-educativo-de-investigador-de-la-facultad-de-ingenieria\/"]}]},{"@type":"ImageObject","inLanguage":"es-CL","@id":"https:\/\/investiga.uandes.cl\/tecnologia-y-etica-se-unen-en-innovador-proyecto-educativo-de-investigador-de-la-facultad-de-ingenieria\/#primaryimage","url":"https:\/\/investiga.uandes.cl\/wp-content\/uploads\/2025\/11\/image-5.png","contentUrl":"https:\/\/investiga.uandes.cl\/wp-content\/uploads\/2025\/11\/image-5.png","width":2048,"height":1366},{"@type":"BreadcrumbList","@id":"https:\/\/investiga.uandes.cl\/tecnologia-y-etica-se-unen-en-innovador-proyecto-educativo-de-investigador-de-la-facultad-de-ingenieria\/#breadcrumb","itemListElement":[{"@type":"ListItem","position":1,"name":"Portada","item":"https:\/\/investiga.uandes.cl\/"},{"@type":"ListItem","position":2,"name":"Tecnolog\u00eda y \u00e9tica se unen en innovador proyecto educativo de investigador de la Facultad de Ingenier\u00eda"}]},{"@type":"WebSite","@id":"https:\/\/investiga.uandes.cl\/#website","url":"https:\/\/investiga.uandes.cl\/","name":"Investiga UANDES","description":"Investigaci\u00f3n, Universidad de los Andes","publisher":{"@id":"https:\/\/investiga.uandes.cl\/#organization"},"potentialAction":[{"@type":"SearchAction","target":{"@type":"EntryPoint","urlTemplate":"https:\/\/investiga.uandes.cl\/?s={search_term_string}"},"query-input":{"@type":"PropertyValueSpecification","valueRequired":true,"valueName":"search_term_string"}}],"inLanguage":"es-CL"},{"@type":"Organization","@id":"https:\/\/investiga.uandes.cl\/#organization","name":"Investiga UANDES","url":"https:\/\/investiga.uandes.cl\/","logo":{"@type":"ImageObject","inLanguage":"es-CL","@id":"https:\/\/investiga.uandes.cl\/#\/schema\/logo\/image\/","url":"https:\/\/investiga.uandes.cl\/wp-content\/uploads\/2025\/03\/investiga_uandes.jpg","contentUrl":"https:\/\/investiga.uandes.cl\/wp-content\/uploads\/2025\/03\/investiga_uandes.jpg","width":2000,"height":771,"caption":"Investiga UANDES"},"image":{"@id":"https:\/\/investiga.uandes.cl\/#\/schema\/logo\/image\/"}},{"@type":"Person","@id":"https:\/\/investiga.uandes.cl\/#\/schema\/person\/a6d3757d4cdc75cceb38c3560655edc3","name":"Marisol Grisanti","url":"https:\/\/investiga.uandes.cl\/es\/author\/mgrisanti\/"}]}},"_links":{"self":[{"href":"https:\/\/investiga.uandes.cl\/es\/wp-json\/wp\/v2\/posts\/6651","targetHints":{"allow":["GET"]}}],"collection":[{"href":"https:\/\/investiga.uandes.cl\/es\/wp-json\/wp\/v2\/posts"}],"about":[{"href":"https:\/\/investiga.uandes.cl\/es\/wp-json\/wp\/v2\/types\/post"}],"author":[{"embeddable":true,"href":"https:\/\/investiga.uandes.cl\/es\/wp-json\/wp\/v2\/users\/3"}],"replies":[{"embeddable":true,"href":"https:\/\/investiga.uandes.cl\/es\/wp-json\/wp\/v2\/comments?post=6651"}],"version-history":[{"count":2,"href":"https:\/\/investiga.uandes.cl\/es\/wp-json\/wp\/v2\/posts\/6651\/revisions"}],"predecessor-version":[{"id":6768,"href":"https:\/\/investiga.uandes.cl\/es\/wp-json\/wp\/v2\/posts\/6651\/revisions\/6768"}],"wp:featuredmedia":[{"embeddable":true,"href":"https:\/\/investiga.uandes.cl\/es\/wp-json\/wp\/v2\/media\/6652"}],"wp:attachment":[{"href":"https:\/\/investiga.uandes.cl\/es\/wp-json\/wp\/v2\/media?parent=6651"}],"wp:term":[{"taxonomy":"category","embeddable":true,"href":"https:\/\/investiga.uandes.cl\/es\/wp-json\/wp\/v2\/categories?post=6651"},{"taxonomy":"post_tag","embeddable":true,"href":"https:\/\/investiga.uandes.cl\/es\/wp-json\/wp\/v2\/tags?post=6651"}],"curies":[{"name":"wp","href":"https:\/\/api.w.org\/{rel}","templated":true}]}}