{"id":6626,"date":"2025-11-26T17:30:32","date_gmt":"2025-11-26T20:30:32","guid":{"rendered":"https:\/\/investiga.uandes.cl\/?p=6626"},"modified":"2025-12-03T11:06:44","modified_gmt":"2025-12-03T14:06:44","slug":"chilena-es-destacada-entre-investigadores-que-estudian-la-psicoterapia-y-salud-mental-en-publicacion-internacional","status":"publish","type":"post","link":"https:\/\/investiga.uandes.cl\/es\/chilena-es-destacada-entre-investigadores-que-estudian-la-psicoterapia-y-salud-mental-en-publicacion-internacional\/","title":{"rendered":"Chilena es destacada entre investigadores que estudian la psicoterapia y salud mental en publicaci\u00f3n internacional"},"content":{"rendered":"\n<p>La acad\u00e9mica de la Escuela de Psicolog\u00eda de la Universidad de los Andes,<strong>&nbsp;<\/strong><a href=\"https:\/\/investigadores.uandes.cl\/es\/persons\/carolina-altimir\/\" target=\"_blank\" rel=\"noreferrer noopener\"><strong>Carolina Altimir,<\/strong>&nbsp;<\/a>particip\u00f3 como autora en el libro&nbsp;<em><strong>Qualitative Research in Clinical Psychology and Psychotherapy in Latin America: Creativity for Studying Complex Objects in Context<\/strong><\/em><strong><em>,<\/em><\/strong>&nbsp;una publicaci\u00f3n que re\u00fane el trabajo de destacados investigadores de distintos pa\u00edses de Am\u00e9rica Latina.<\/p>\n\n\n\n<p>\u201cEl texto est\u00e1 centrado en el estudio de la psicoterapia y la salud mental desde una perspectiva cualitativa pero con un sello regional, en tanto muestra trabajos originales y el uso creativo de estos m\u00e9todos para comprender el fen\u00f3meno complejo que es la psicoterapia, el cambio, la interacci\u00f3n terap\u00e9utica y la experiencia de enfermedad, entre otros\u201d, comenta la acad\u00e9mica de la Escuela de Psicolog\u00eda Uandes.<\/p>\n\n\n\n<p>En el cap\u00edtulo \u201c<strong><em>Qualitative Research on Psychotherapeutic Change in Latin America: In Search of Capturing Complexity<\/em>\u201d<\/strong>, redactado por la acad\u00e9mica de la Escuela de Psicolog\u00eda UANDES, Carolina Altimir, se aborda la importancia de la investigaci\u00f3n cualitativa para comprender los procesos de cambio que ocurren durante la psicoterapia en el contexto latinoamericano.<\/p>\n\n\n\n<p>La presentaci\u00f3n del libro se realiz\u00f3 en la Universidad Diego Portales, donde se llev\u00f3 a cabo la clase magistral \u201cDescriptive-interpretative qualitative psychotherapy research\u201d,<strong>&nbsp;<\/strong>dictada por el destacado investigador Ladislav Timulak, referente internacional en investigaci\u00f3n cualitativa en psicoterapia.<\/p>\n\n\n\n<p><a href=\"https:\/\/www.facebook.com\/SonarFMChile\/videos\/-en-sonarglobal-conversamos-con-carolina-altimir-acad%C3%A9mica-de-la-universidad-de-\/1379155613640394\/\"><strong>Revisa AQU\u00cd una entrevista a Carolina Altimir<\/strong><\/a>.<\/p>\n\n\n\n<p><\/p>\n","protected":false},"excerpt":{"rendered":"<p>En el cap\u00edtulo redactado por Carolina Altimir se aborda la importancia de la investigaci\u00f3n cualitativa para comprender los procesos de cambio que ocurren durante la psicoterapia en el contexto latinoamericano.<\/p>\n","protected":false},"author":5,"featured_media":6628,"comment_status":"closed","ping_status":"closed","sticky":false,"template":"","format":"standard","meta":{"inline_featured_image":false,"footnotes":""},"categories":[1,4,3],"tags":[],"class_list":["post-6626","post","type-post","status-publish","format-standard","has-post-thumbnail","hentry","category-investigacion","category-pensamiento","category-salud"],"yoast_head":"<!-- This site is optimized with the Yoast SEO plugin v24.7 - https:\/\/yoast.com\/wordpress\/plugins\/seo\/ -->\n<title>Chilena es destacada entre investigadores que estudian la psicoterapia y salud mental en publicaci\u00f3n internacional - Investiga UANDES<\/title>\n<meta name=\"robots\" content=\"index, follow, max-snippet:-1, max-image-preview:large, max-video-preview:-1\" \/>\n<link rel=\"canonical\" href=\"https:\/\/investiga.uandes.cl\/es\/chilena-es-destacada-entre-investigadores-que-estudian-la-psicoterapia-y-salud-mental-en-publicacion-internacional\/\" \/>\n<meta property=\"og:locale\" content=\"es_ES\" \/>\n<meta property=\"og:type\" content=\"article\" \/>\n<meta property=\"og:title\" content=\"Chilena es destacada entre investigadores que estudian la psicoterapia y salud mental en publicaci\u00f3n internacional - Investiga UANDES\" \/>\n<meta property=\"og:description\" content=\"En el cap\u00edtulo redactado por Carolina Altimir se aborda la importancia de la investigaci\u00f3n cualitativa para comprender los procesos de cambio que ocurren durante la psicoterapia en el contexto latinoamericano.\" \/>\n<meta property=\"og:url\" content=\"https:\/\/investiga.uandes.cl\/es\/chilena-es-destacada-entre-investigadores-que-estudian-la-psicoterapia-y-salud-mental-en-publicacion-internacional\/\" \/>\n<meta property=\"og:site_name\" content=\"Investiga UANDES\" \/>\n<meta property=\"article:published_time\" content=\"2025-11-26T20:30:32+00:00\" \/>\n<meta property=\"article:modified_time\" content=\"2025-12-03T14:06:44+00:00\" \/>\n<meta property=\"og:image\" content=\"https:\/\/investiga.uandes.cl\/wp-content\/uploads\/2025\/10\/MG_3983-scaled-2048x1366-1.jpg\" \/>\n\t<meta property=\"og:image:width\" content=\"2048\" \/>\n\t<meta property=\"og:image:height\" content=\"1366\" \/>\n\t<meta property=\"og:image:type\" content=\"image\/jpeg\" \/>\n<meta name=\"author\" content=\"Florencia Moya\" \/>\n<meta name=\"twitter:card\" content=\"summary_large_image\" \/>\n<meta name=\"twitter:label1\" content=\"Escrito por\" \/>\n\t<meta name=\"twitter:data1\" content=\"Florencia Moya\" \/>\n\t<meta name=\"twitter:label2\" content=\"Tiempo estimado de lectura\" \/>\n\t<meta name=\"twitter:data2\" content=\"2 minutos\" \/>\n<script type=\"application\/ld+json\" class=\"yoast-schema-graph\">{\"@context\":\"https:\/\/schema.org\",\"@graph\":[{\"@type\":\"Article\",\"@id\":\"https:\/\/investiga.uandes.cl\/chilena-es-destacada-entre-investigadores-que-estudian-la-psicoterapia-y-salud-mental-en-publicacion-internacional\/#article\",\"isPartOf\":{\"@id\":\"https:\/\/investiga.uandes.cl\/chilena-es-destacada-entre-investigadores-que-estudian-la-psicoterapia-y-salud-mental-en-publicacion-internacional\/\"},\"author\":{\"name\":\"Florencia Moya\",\"@id\":\"https:\/\/investiga.uandes.cl\/#\/schema\/person\/ca5788ebe87b5a773bab00ec15521335\"},\"headline\":\"Chilena es destacada entre investigadores que estudian la psicoterapia y salud mental en publicaci\u00f3n internacional\",\"datePublished\":\"2025-11-26T20:30:32+00:00\",\"dateModified\":\"2025-12-03T14:06:44+00:00\",\"mainEntityOfPage\":{\"@id\":\"https:\/\/investiga.uandes.cl\/chilena-es-destacada-entre-investigadores-que-estudian-la-psicoterapia-y-salud-mental-en-publicacion-internacional\/\"},\"wordCount\":252,\"publisher\":{\"@id\":\"https:\/\/investiga.uandes.cl\/#organization\"},\"image\":{\"@id\":\"https:\/\/investiga.uandes.cl\/chilena-es-destacada-entre-investigadores-que-estudian-la-psicoterapia-y-salud-mental-en-publicacion-internacional\/#primaryimage\"},\"thumbnailUrl\":\"https:\/\/investiga.uandes.cl\/wp-content\/uploads\/2025\/10\/MG_3983-scaled-2048x1366-1.jpg\",\"articleSection\":[\"Investigaci\u00f3n\",\"Pensamiento y Sociedad\",\"Salud\"],\"inLanguage\":\"es-CL\"},{\"@type\":\"WebPage\",\"@id\":\"https:\/\/investiga.uandes.cl\/chilena-es-destacada-entre-investigadores-que-estudian-la-psicoterapia-y-salud-mental-en-publicacion-internacional\/\",\"url\":\"https:\/\/investiga.uandes.cl\/chilena-es-destacada-entre-investigadores-que-estudian-la-psicoterapia-y-salud-mental-en-publicacion-internacional\/\",\"name\":\"Chilena es destacada entre investigadores que estudian la psicoterapia y salud mental en publicaci\u00f3n internacional - Investiga UANDES\",\"isPartOf\":{\"@id\":\"https:\/\/investiga.uandes.cl\/#website\"},\"primaryImageOfPage\":{\"@id\":\"https:\/\/investiga.uandes.cl\/chilena-es-destacada-entre-investigadores-que-estudian-la-psicoterapia-y-salud-mental-en-publicacion-internacional\/#primaryimage\"},\"image\":{\"@id\":\"https:\/\/investiga.uandes.cl\/chilena-es-destacada-entre-investigadores-que-estudian-la-psicoterapia-y-salud-mental-en-publicacion-internacional\/#primaryimage\"},\"thumbnailUrl\":\"https:\/\/investiga.uandes.cl\/wp-content\/uploads\/2025\/10\/MG_3983-scaled-2048x1366-1.jpg\",\"datePublished\":\"2025-11-26T20:30:32+00:00\",\"dateModified\":\"2025-12-03T14:06:44+00:00\",\"breadcrumb\":{\"@id\":\"https:\/\/investiga.uandes.cl\/chilena-es-destacada-entre-investigadores-que-estudian-la-psicoterapia-y-salud-mental-en-publicacion-internacional\/#breadcrumb\"},\"inLanguage\":\"es-CL\",\"potentialAction\":[{\"@type\":\"ReadAction\",\"target\":[\"https:\/\/investiga.uandes.cl\/chilena-es-destacada-entre-investigadores-que-estudian-la-psicoterapia-y-salud-mental-en-publicacion-internacional\/\"]}]},{\"@type\":\"ImageObject\",\"inLanguage\":\"es-CL\",\"@id\":\"https:\/\/investiga.uandes.cl\/chilena-es-destacada-entre-investigadores-que-estudian-la-psicoterapia-y-salud-mental-en-publicacion-internacional\/#primaryimage\",\"url\":\"https:\/\/investiga.uandes.cl\/wp-content\/uploads\/2025\/10\/MG_3983-scaled-2048x1366-1.jpg\",\"contentUrl\":\"https:\/\/investiga.uandes.cl\/wp-content\/uploads\/2025\/10\/MG_3983-scaled-2048x1366-1.jpg\",\"width\":2048,\"height\":1366},{\"@type\":\"BreadcrumbList\",\"@id\":\"https:\/\/investiga.uandes.cl\/chilena-es-destacada-entre-investigadores-que-estudian-la-psicoterapia-y-salud-mental-en-publicacion-internacional\/#breadcrumb\",\"itemListElement\":[{\"@type\":\"ListItem\",\"position\":1,\"name\":\"Portada\",\"item\":\"https:\/\/investiga.uandes.cl\/\"},{\"@type\":\"ListItem\",\"position\":2,\"name\":\"Chilena es destacada entre investigadores que estudian la psicoterapia y salud mental en publicaci\u00f3n internacional\"}]},{\"@type\":\"WebSite\",\"@id\":\"https:\/\/investiga.uandes.cl\/#website\",\"url\":\"https:\/\/investiga.uandes.cl\/\",\"name\":\"Investiga UANDES\",\"description\":\"Investigaci\u00f3n, Universidad de los Andes\",\"publisher\":{\"@id\":\"https:\/\/investiga.uandes.cl\/#organization\"},\"potentialAction\":[{\"@type\":\"SearchAction\",\"target\":{\"@type\":\"EntryPoint\",\"urlTemplate\":\"https:\/\/investiga.uandes.cl\/?s={search_term_string}\"},\"query-input\":{\"@type\":\"PropertyValueSpecification\",\"valueRequired\":true,\"valueName\":\"search_term_string\"}}],\"inLanguage\":\"es-CL\"},{\"@type\":\"Organization\",\"@id\":\"https:\/\/investiga.uandes.cl\/#organization\",\"name\":\"Investiga UANDES\",\"url\":\"https:\/\/investiga.uandes.cl\/\",\"logo\":{\"@type\":\"ImageObject\",\"inLanguage\":\"es-CL\",\"@id\":\"https:\/\/investiga.uandes.cl\/#\/schema\/logo\/image\/\",\"url\":\"https:\/\/investiga.uandes.cl\/wp-content\/uploads\/2025\/03\/investiga_uandes.jpg\",\"contentUrl\":\"https:\/\/investiga.uandes.cl\/wp-content\/uploads\/2025\/03\/investiga_uandes.jpg\",\"width\":2000,\"height\":771,\"caption\":\"Investiga UANDES\"},\"image\":{\"@id\":\"https:\/\/investiga.uandes.cl\/#\/schema\/logo\/image\/\"}},{\"@type\":\"Person\",\"@id\":\"https:\/\/investiga.uandes.cl\/#\/schema\/person\/ca5788ebe87b5a773bab00ec15521335\",\"name\":\"Florencia Moya\",\"url\":\"https:\/\/investiga.uandes.cl\/es\/author\/fmoya\/\"}]}<\/script>\n<!-- \/ Yoast SEO plugin. -->","yoast_head_json":{"title":"Chilena es destacada entre investigadores que estudian la psicoterapia y salud mental en publicaci\u00f3n internacional - Investiga UANDES","robots":{"index":"index","follow":"follow","max-snippet":"max-snippet:-1","max-image-preview":"max-image-preview:large","max-video-preview":"max-video-preview:-1"},"canonical":"https:\/\/investiga.uandes.cl\/es\/chilena-es-destacada-entre-investigadores-que-estudian-la-psicoterapia-y-salud-mental-en-publicacion-internacional\/","og_locale":"es_ES","og_type":"article","og_title":"Chilena es destacada entre investigadores que estudian la psicoterapia y salud mental en publicaci\u00f3n internacional - Investiga UANDES","og_description":"En el cap\u00edtulo redactado por Carolina Altimir se aborda la importancia de la investigaci\u00f3n cualitativa para comprender los procesos de cambio que ocurren durante la psicoterapia en el contexto latinoamericano.","og_url":"https:\/\/investiga.uandes.cl\/es\/chilena-es-destacada-entre-investigadores-que-estudian-la-psicoterapia-y-salud-mental-en-publicacion-internacional\/","og_site_name":"Investiga UANDES","article_published_time":"2025-11-26T20:30:32+00:00","article_modified_time":"2025-12-03T14:06:44+00:00","og_image":[{"width":2048,"height":1366,"url":"https:\/\/investiga.uandes.cl\/wp-content\/uploads\/2025\/10\/MG_3983-scaled-2048x1366-1.jpg","type":"image\/jpeg"}],"author":"Florencia Moya","twitter_card":"summary_large_image","twitter_misc":{"Escrito por":"Florencia Moya","Tiempo estimado de lectura":"2 minutos"},"schema":{"@context":"https:\/\/schema.org","@graph":[{"@type":"Article","@id":"https:\/\/investiga.uandes.cl\/chilena-es-destacada-entre-investigadores-que-estudian-la-psicoterapia-y-salud-mental-en-publicacion-internacional\/#article","isPartOf":{"@id":"https:\/\/investiga.uandes.cl\/chilena-es-destacada-entre-investigadores-que-estudian-la-psicoterapia-y-salud-mental-en-publicacion-internacional\/"},"author":{"name":"Florencia Moya","@id":"https:\/\/investiga.uandes.cl\/#\/schema\/person\/ca5788ebe87b5a773bab00ec15521335"},"headline":"Chilena es destacada entre investigadores que estudian la psicoterapia y salud mental en publicaci\u00f3n internacional","datePublished":"2025-11-26T20:30:32+00:00","dateModified":"2025-12-03T14:06:44+00:00","mainEntityOfPage":{"@id":"https:\/\/investiga.uandes.cl\/chilena-es-destacada-entre-investigadores-que-estudian-la-psicoterapia-y-salud-mental-en-publicacion-internacional\/"},"wordCount":252,"publisher":{"@id":"https:\/\/investiga.uandes.cl\/#organization"},"image":{"@id":"https:\/\/investiga.uandes.cl\/chilena-es-destacada-entre-investigadores-que-estudian-la-psicoterapia-y-salud-mental-en-publicacion-internacional\/#primaryimage"},"thumbnailUrl":"https:\/\/investiga.uandes.cl\/wp-content\/uploads\/2025\/10\/MG_3983-scaled-2048x1366-1.jpg","articleSection":["Investigaci\u00f3n","Pensamiento y Sociedad","Salud"],"inLanguage":"es-CL"},{"@type":"WebPage","@id":"https:\/\/investiga.uandes.cl\/chilena-es-destacada-entre-investigadores-que-estudian-la-psicoterapia-y-salud-mental-en-publicacion-internacional\/","url":"https:\/\/investiga.uandes.cl\/chilena-es-destacada-entre-investigadores-que-estudian-la-psicoterapia-y-salud-mental-en-publicacion-internacional\/","name":"Chilena es destacada entre investigadores que estudian la psicoterapia y salud mental en publicaci\u00f3n internacional - Investiga UANDES","isPartOf":{"@id":"https:\/\/investiga.uandes.cl\/#website"},"primaryImageOfPage":{"@id":"https:\/\/investiga.uandes.cl\/chilena-es-destacada-entre-investigadores-que-estudian-la-psicoterapia-y-salud-mental-en-publicacion-internacional\/#primaryimage"},"image":{"@id":"https:\/\/investiga.uandes.cl\/chilena-es-destacada-entre-investigadores-que-estudian-la-psicoterapia-y-salud-mental-en-publicacion-internacional\/#primaryimage"},"thumbnailUrl":"https:\/\/investiga.uandes.cl\/wp-content\/uploads\/2025\/10\/MG_3983-scaled-2048x1366-1.jpg","datePublished":"2025-11-26T20:30:32+00:00","dateModified":"2025-12-03T14:06:44+00:00","breadcrumb":{"@id":"https:\/\/investiga.uandes.cl\/chilena-es-destacada-entre-investigadores-que-estudian-la-psicoterapia-y-salud-mental-en-publicacion-internacional\/#breadcrumb"},"inLanguage":"es-CL","potentialAction":[{"@type":"ReadAction","target":["https:\/\/investiga.uandes.cl\/chilena-es-destacada-entre-investigadores-que-estudian-la-psicoterapia-y-salud-mental-en-publicacion-internacional\/"]}]},{"@type":"ImageObject","inLanguage":"es-CL","@id":"https:\/\/investiga.uandes.cl\/chilena-es-destacada-entre-investigadores-que-estudian-la-psicoterapia-y-salud-mental-en-publicacion-internacional\/#primaryimage","url":"https:\/\/investiga.uandes.cl\/wp-content\/uploads\/2025\/10\/MG_3983-scaled-2048x1366-1.jpg","contentUrl":"https:\/\/investiga.uandes.cl\/wp-content\/uploads\/2025\/10\/MG_3983-scaled-2048x1366-1.jpg","width":2048,"height":1366},{"@type":"BreadcrumbList","@id":"https:\/\/investiga.uandes.cl\/chilena-es-destacada-entre-investigadores-que-estudian-la-psicoterapia-y-salud-mental-en-publicacion-internacional\/#breadcrumb","itemListElement":[{"@type":"ListItem","position":1,"name":"Portada","item":"https:\/\/investiga.uandes.cl\/"},{"@type":"ListItem","position":2,"name":"Chilena es destacada entre investigadores que estudian la psicoterapia y salud mental en publicaci\u00f3n internacional"}]},{"@type":"WebSite","@id":"https:\/\/investiga.uandes.cl\/#website","url":"https:\/\/investiga.uandes.cl\/","name":"Investiga UANDES","description":"Investigaci\u00f3n, Universidad de los Andes","publisher":{"@id":"https:\/\/investiga.uandes.cl\/#organization"},"potentialAction":[{"@type":"SearchAction","target":{"@type":"EntryPoint","urlTemplate":"https:\/\/investiga.uandes.cl\/?s={search_term_string}"},"query-input":{"@type":"PropertyValueSpecification","valueRequired":true,"valueName":"search_term_string"}}],"inLanguage":"es-CL"},{"@type":"Organization","@id":"https:\/\/investiga.uandes.cl\/#organization","name":"Investiga UANDES","url":"https:\/\/investiga.uandes.cl\/","logo":{"@type":"ImageObject","inLanguage":"es-CL","@id":"https:\/\/investiga.uandes.cl\/#\/schema\/logo\/image\/","url":"https:\/\/investiga.uandes.cl\/wp-content\/uploads\/2025\/03\/investiga_uandes.jpg","contentUrl":"https:\/\/investiga.uandes.cl\/wp-content\/uploads\/2025\/03\/investiga_uandes.jpg","width":2000,"height":771,"caption":"Investiga UANDES"},"image":{"@id":"https:\/\/investiga.uandes.cl\/#\/schema\/logo\/image\/"}},{"@type":"Person","@id":"https:\/\/investiga.uandes.cl\/#\/schema\/person\/ca5788ebe87b5a773bab00ec15521335","name":"Florencia Moya","url":"https:\/\/investiga.uandes.cl\/es\/author\/fmoya\/"}]}},"_links":{"self":[{"href":"https:\/\/investiga.uandes.cl\/es\/wp-json\/wp\/v2\/posts\/6626","targetHints":{"allow":["GET"]}}],"collection":[{"href":"https:\/\/investiga.uandes.cl\/es\/wp-json\/wp\/v2\/posts"}],"about":[{"href":"https:\/\/investiga.uandes.cl\/es\/wp-json\/wp\/v2\/types\/post"}],"author":[{"embeddable":true,"href":"https:\/\/investiga.uandes.cl\/es\/wp-json\/wp\/v2\/users\/5"}],"replies":[{"embeddable":true,"href":"https:\/\/investiga.uandes.cl\/es\/wp-json\/wp\/v2\/comments?post=6626"}],"version-history":[{"count":8,"href":"https:\/\/investiga.uandes.cl\/es\/wp-json\/wp\/v2\/posts\/6626\/revisions"}],"predecessor-version":[{"id":7137,"href":"https:\/\/investiga.uandes.cl\/es\/wp-json\/wp\/v2\/posts\/6626\/revisions\/7137"}],"wp:featuredmedia":[{"embeddable":true,"href":"https:\/\/investiga.uandes.cl\/es\/wp-json\/wp\/v2\/media\/6628"}],"wp:attachment":[{"href":"https:\/\/investiga.uandes.cl\/es\/wp-json\/wp\/v2\/media?parent=6626"}],"wp:term":[{"taxonomy":"category","embeddable":true,"href":"https:\/\/investiga.uandes.cl\/es\/wp-json\/wp\/v2\/categories?post=6626"},{"taxonomy":"post_tag","embeddable":true,"href":"https:\/\/investiga.uandes.cl\/es\/wp-json\/wp\/v2\/tags?post=6626"}],"curies":[{"name":"wp","href":"https:\/\/api.w.org\/{rel}","templated":true}]}}