{"id":6620,"date":"2025-11-04T17:35:23","date_gmt":"2025-11-04T20:35:23","guid":{"rendered":"https:\/\/investiga.uandes.cl\/?p=6620"},"modified":"2025-12-02T16:38:47","modified_gmt":"2025-12-02T19:38:47","slug":"asi-sera-el-nuevo-doctorado-en-estudios-politicos-y-sociales","status":"publish","type":"post","link":"https:\/\/investiga.uandes.cl\/es\/asi-sera-el-nuevo-doctorado-en-estudios-politicos-y-sociales\/","title":{"rendered":"As\u00ed ser\u00e1 el nuevo Doctorado en Estudios Pol\u00edticos y Sociales"},"content":{"rendered":"\n<p>El pasado jueves 11 de septiembre, el Consejo Superior de la Universidad de los Andes aprob\u00f3 la creaci\u00f3n del Doctorado en Estudios Pol\u00edticos y Sociales, iniciativa de la&nbsp;<strong><a href=\"https:\/\/www.uandes.cl\/universidad\/facultades\/ciencias-sociales\/\">Facultad de Ciencias Sociales&nbsp;<\/a><\/strong>en conjunto con el&nbsp;<a href=\"https:\/\/www.uandes.cl\/centros\/centro-signos-uandes\/\">Centro Signos<\/a>&nbsp;y la&nbsp;participaci\u00f3n de profesores de la<strong><a href=\"https:\/\/www.uandes.cl\/universidad\/facultades\/filosofia-y-humanidades\/\">&nbsp;Facultad de Filosof\u00eda y Humanidades<\/a><\/strong>&nbsp;y la&nbsp;<strong><a href=\"https:\/\/www.uandes.cl\/universidad\/facultades\/facultad-ingenieria\/\">Facultad de Ingenier\u00eda y Ciencias Aplicadas<\/a><\/strong>.<\/p>\n\n\n\n<p>El programa&nbsp;<strong>busca formar investigadores capaces de analizar los fen\u00f3menos sociopol\u00edticos contempor\u00e1neos con rigor te\u00f3rico, pluralidad metodol\u00f3gica y un enfoque interdisciplinario que integra ciencias sociales, humanidades y filosof\u00eda<\/strong>. Est\u00e1 dirigido a profesionales con grado de mag\u00edster en \u00e1reas afines y pondr\u00e1 especial \u00e9nfasis en los desaf\u00edos de Chile y Am\u00e9rica Latina, promoviendo investigaciones originales con impacto acad\u00e9mico y p\u00fablico.<\/p>\n\n\n\n<p>Con vacantes limitadas, dedicaci\u00f3n exclusiva y formaci\u00f3n personalizada, el doctorado ofrecer\u00e1 a sus estudiantes inserci\u00f3n temprana en redes acad\u00e9micas nacionales e internacionales, favoreciendo su desarrollo en investigaci\u00f3n, docencia y proyecci\u00f3n p\u00fablica del conocimiento.<\/p>\n\n\n\n<p>La direcci\u00f3n del programa estar\u00e1 a cargo de la profesora\u00a0<strong><a href=\"https:\/\/www.uandes.cl\/centros\/centro-signos-uandes\/nosotros\/consuelo-araos\/\" target=\"_blank\" rel=\"noreferrer noopener\">Consuelo Araos<\/a><\/strong>, doctora en sociolog\u00eda e investigadora del Centro Signos.<\/p>\n\n\n\n<p>El nuevo doctorado comenzar\u00e1 sus actividades en marzo de 2026, mientras que el proceso de admisi\u00f3n se abrir\u00e1 en noviembre de este a\u00f1o.<\/p>\n\n\n\n<p>Prontamente estar\u00e1 disponible informaci\u00f3n detallada sobre programa. Contacto:&nbsp;<a href=\"mailto:caraos@uandes.cl\">caraos@uandes.cl<\/a><\/p>\n","protected":false},"excerpt":{"rendered":"<p>Con vacantes limitadas, dedicaci\u00f3n exclusiva y formaci\u00f3n personalizada, el doctorado ofrecer\u00e1 a sus estudiantes inserci\u00f3n temprana en redes acad\u00e9micas nacionales e internacionales, favoreciendo su desarrollo en investigaci\u00f3n, docencia y proyecci\u00f3n p\u00fablica del conocimiento.<\/p>\n","protected":false},"author":8,"featured_media":6621,"comment_status":"closed","ping_status":"closed","sticky":false,"template":"","format":"standard","meta":{"inline_featured_image":false,"footnotes":""},"categories":[1,4],"tags":[69],"class_list":["post-6620","post","type-post","status-publish","format-standard","has-post-thumbnail","hentry","category-investigacion","category-pensamiento","tag-69"],"yoast_head":"<!-- This site is optimized with the Yoast SEO plugin v24.7 - https:\/\/yoast.com\/wordpress\/plugins\/seo\/ -->\n<title>As\u00ed ser\u00e1 el nuevo Doctorado en Estudios Pol\u00edticos y Sociales - Investiga UANDES<\/title>\n<meta name=\"robots\" content=\"index, follow, max-snippet:-1, max-image-preview:large, max-video-preview:-1\" \/>\n<link rel=\"canonical\" href=\"https:\/\/investiga.uandes.cl\/es\/asi-sera-el-nuevo-doctorado-en-estudios-politicos-y-sociales\/\" \/>\n<meta property=\"og:locale\" content=\"es_ES\" \/>\n<meta property=\"og:type\" content=\"article\" \/>\n<meta property=\"og:title\" content=\"As\u00ed ser\u00e1 el nuevo Doctorado en Estudios Pol\u00edticos y Sociales - Investiga UANDES\" \/>\n<meta property=\"og:description\" content=\"Con vacantes limitadas, dedicaci\u00f3n exclusiva y formaci\u00f3n personalizada, el doctorado ofrecer\u00e1 a sus estudiantes inserci\u00f3n temprana en redes acad\u00e9micas nacionales e internacionales, favoreciendo su desarrollo en investigaci\u00f3n, docencia y proyecci\u00f3n p\u00fablica del conocimiento.\" \/>\n<meta property=\"og:url\" content=\"https:\/\/investiga.uandes.cl\/es\/asi-sera-el-nuevo-doctorado-en-estudios-politicos-y-sociales\/\" \/>\n<meta property=\"og:site_name\" content=\"Investiga UANDES\" \/>\n<meta property=\"article:published_time\" content=\"2025-11-04T20:35:23+00:00\" \/>\n<meta property=\"article:modified_time\" content=\"2025-12-02T19:38:47+00:00\" \/>\n<meta property=\"og:image\" content=\"https:\/\/investiga.uandes.cl\/wp-content\/uploads\/2025\/10\/IMG_8372-scaled-2048x1366-1.jpg\" \/>\n\t<meta property=\"og:image:width\" content=\"2048\" \/>\n\t<meta property=\"og:image:height\" content=\"1366\" \/>\n\t<meta property=\"og:image:type\" content=\"image\/jpeg\" \/>\n<meta name=\"author\" content=\"B\u00e1rbara Olave\" \/>\n<meta name=\"twitter:card\" content=\"summary_large_image\" \/>\n<meta name=\"twitter:label1\" content=\"Escrito por\" \/>\n\t<meta name=\"twitter:data1\" content=\"B\u00e1rbara Olave\" \/>\n\t<meta name=\"twitter:label2\" content=\"Tiempo estimado de lectura\" \/>\n\t<meta name=\"twitter:data2\" content=\"2 minutos\" \/>\n<script type=\"application\/ld+json\" class=\"yoast-schema-graph\">{\"@context\":\"https:\/\/schema.org\",\"@graph\":[{\"@type\":\"Article\",\"@id\":\"https:\/\/investiga.uandes.cl\/asi-sera-el-nuevo-doctorado-en-estudios-politicos-y-sociales\/#article\",\"isPartOf\":{\"@id\":\"https:\/\/investiga.uandes.cl\/asi-sera-el-nuevo-doctorado-en-estudios-politicos-y-sociales\/\"},\"author\":{\"name\":\"B\u00e1rbara Olave\",\"@id\":\"https:\/\/investiga.uandes.cl\/#\/schema\/person\/e2b51ffa4164ddc3d88af9b677b1b2b5\"},\"headline\":\"As\u00ed ser\u00e1 el nuevo Doctorado en Estudios Pol\u00edticos y Sociales\",\"datePublished\":\"2025-11-04T20:35:23+00:00\",\"dateModified\":\"2025-12-02T19:38:47+00:00\",\"mainEntityOfPage\":{\"@id\":\"https:\/\/investiga.uandes.cl\/asi-sera-el-nuevo-doctorado-en-estudios-politicos-y-sociales\/\"},\"wordCount\":251,\"publisher\":{\"@id\":\"https:\/\/investiga.uandes.cl\/#organization\"},\"image\":{\"@id\":\"https:\/\/investiga.uandes.cl\/asi-sera-el-nuevo-doctorado-en-estudios-politicos-y-sociales\/#primaryimage\"},\"thumbnailUrl\":\"https:\/\/investiga.uandes.cl\/wp-content\/uploads\/2025\/10\/IMG_8372-scaled-2048x1366-1.jpg\",\"keywords\":[\"216\"],\"articleSection\":[\"Investigaci\u00f3n\",\"Pensamiento y Sociedad\"],\"inLanguage\":\"es-CL\"},{\"@type\":\"WebPage\",\"@id\":\"https:\/\/investiga.uandes.cl\/asi-sera-el-nuevo-doctorado-en-estudios-politicos-y-sociales\/\",\"url\":\"https:\/\/investiga.uandes.cl\/asi-sera-el-nuevo-doctorado-en-estudios-politicos-y-sociales\/\",\"name\":\"As\u00ed ser\u00e1 el nuevo Doctorado en Estudios Pol\u00edticos y Sociales - Investiga UANDES\",\"isPartOf\":{\"@id\":\"https:\/\/investiga.uandes.cl\/#website\"},\"primaryImageOfPage\":{\"@id\":\"https:\/\/investiga.uandes.cl\/asi-sera-el-nuevo-doctorado-en-estudios-politicos-y-sociales\/#primaryimage\"},\"image\":{\"@id\":\"https:\/\/investiga.uandes.cl\/asi-sera-el-nuevo-doctorado-en-estudios-politicos-y-sociales\/#primaryimage\"},\"thumbnailUrl\":\"https:\/\/investiga.uandes.cl\/wp-content\/uploads\/2025\/10\/IMG_8372-scaled-2048x1366-1.jpg\",\"datePublished\":\"2025-11-04T20:35:23+00:00\",\"dateModified\":\"2025-12-02T19:38:47+00:00\",\"breadcrumb\":{\"@id\":\"https:\/\/investiga.uandes.cl\/asi-sera-el-nuevo-doctorado-en-estudios-politicos-y-sociales\/#breadcrumb\"},\"inLanguage\":\"es-CL\",\"potentialAction\":[{\"@type\":\"ReadAction\",\"target\":[\"https:\/\/investiga.uandes.cl\/asi-sera-el-nuevo-doctorado-en-estudios-politicos-y-sociales\/\"]}]},{\"@type\":\"ImageObject\",\"inLanguage\":\"es-CL\",\"@id\":\"https:\/\/investiga.uandes.cl\/asi-sera-el-nuevo-doctorado-en-estudios-politicos-y-sociales\/#primaryimage\",\"url\":\"https:\/\/investiga.uandes.cl\/wp-content\/uploads\/2025\/10\/IMG_8372-scaled-2048x1366-1.jpg\",\"contentUrl\":\"https:\/\/investiga.uandes.cl\/wp-content\/uploads\/2025\/10\/IMG_8372-scaled-2048x1366-1.jpg\",\"width\":2048,\"height\":1366},{\"@type\":\"BreadcrumbList\",\"@id\":\"https:\/\/investiga.uandes.cl\/asi-sera-el-nuevo-doctorado-en-estudios-politicos-y-sociales\/#breadcrumb\",\"itemListElement\":[{\"@type\":\"ListItem\",\"position\":1,\"name\":\"Portada\",\"item\":\"https:\/\/investiga.uandes.cl\/\"},{\"@type\":\"ListItem\",\"position\":2,\"name\":\"As\u00ed ser\u00e1 el nuevo Doctorado en Estudios Pol\u00edticos y Sociales\"}]},{\"@type\":\"WebSite\",\"@id\":\"https:\/\/investiga.uandes.cl\/#website\",\"url\":\"https:\/\/investiga.uandes.cl\/\",\"name\":\"Investiga UANDES\",\"description\":\"Investigaci\u00f3n, Universidad de los Andes\",\"publisher\":{\"@id\":\"https:\/\/investiga.uandes.cl\/#organization\"},\"potentialAction\":[{\"@type\":\"SearchAction\",\"target\":{\"@type\":\"EntryPoint\",\"urlTemplate\":\"https:\/\/investiga.uandes.cl\/?s={search_term_string}\"},\"query-input\":{\"@type\":\"PropertyValueSpecification\",\"valueRequired\":true,\"valueName\":\"search_term_string\"}}],\"inLanguage\":\"es-CL\"},{\"@type\":\"Organization\",\"@id\":\"https:\/\/investiga.uandes.cl\/#organization\",\"name\":\"Investiga UANDES\",\"url\":\"https:\/\/investiga.uandes.cl\/\",\"logo\":{\"@type\":\"ImageObject\",\"inLanguage\":\"es-CL\",\"@id\":\"https:\/\/investiga.uandes.cl\/#\/schema\/logo\/image\/\",\"url\":\"https:\/\/investiga.uandes.cl\/wp-content\/uploads\/2025\/03\/investiga_uandes.jpg\",\"contentUrl\":\"https:\/\/investiga.uandes.cl\/wp-content\/uploads\/2025\/03\/investiga_uandes.jpg\",\"width\":2000,\"height\":771,\"caption\":\"Investiga UANDES\"},\"image\":{\"@id\":\"https:\/\/investiga.uandes.cl\/#\/schema\/logo\/image\/\"}},{\"@type\":\"Person\",\"@id\":\"https:\/\/investiga.uandes.cl\/#\/schema\/person\/e2b51ffa4164ddc3d88af9b677b1b2b5\",\"name\":\"B\u00e1rbara Olave\",\"url\":\"https:\/\/investiga.uandes.cl\/es\/author\/bolave\/\"}]}<\/script>\n<!-- \/ Yoast SEO plugin. -->","yoast_head_json":{"title":"As\u00ed ser\u00e1 el nuevo Doctorado en Estudios Pol\u00edticos y Sociales - Investiga UANDES","robots":{"index":"index","follow":"follow","max-snippet":"max-snippet:-1","max-image-preview":"max-image-preview:large","max-video-preview":"max-video-preview:-1"},"canonical":"https:\/\/investiga.uandes.cl\/es\/asi-sera-el-nuevo-doctorado-en-estudios-politicos-y-sociales\/","og_locale":"es_ES","og_type":"article","og_title":"As\u00ed ser\u00e1 el nuevo Doctorado en Estudios Pol\u00edticos y Sociales - Investiga UANDES","og_description":"Con vacantes limitadas, dedicaci\u00f3n exclusiva y formaci\u00f3n personalizada, el doctorado ofrecer\u00e1 a sus estudiantes inserci\u00f3n temprana en redes acad\u00e9micas nacionales e internacionales, favoreciendo su desarrollo en investigaci\u00f3n, docencia y proyecci\u00f3n p\u00fablica del conocimiento.","og_url":"https:\/\/investiga.uandes.cl\/es\/asi-sera-el-nuevo-doctorado-en-estudios-politicos-y-sociales\/","og_site_name":"Investiga UANDES","article_published_time":"2025-11-04T20:35:23+00:00","article_modified_time":"2025-12-02T19:38:47+00:00","og_image":[{"width":2048,"height":1366,"url":"https:\/\/investiga.uandes.cl\/wp-content\/uploads\/2025\/10\/IMG_8372-scaled-2048x1366-1.jpg","type":"image\/jpeg"}],"author":"B\u00e1rbara Olave","twitter_card":"summary_large_image","twitter_misc":{"Escrito por":"B\u00e1rbara Olave","Tiempo estimado de lectura":"2 minutos"},"schema":{"@context":"https:\/\/schema.org","@graph":[{"@type":"Article","@id":"https:\/\/investiga.uandes.cl\/asi-sera-el-nuevo-doctorado-en-estudios-politicos-y-sociales\/#article","isPartOf":{"@id":"https:\/\/investiga.uandes.cl\/asi-sera-el-nuevo-doctorado-en-estudios-politicos-y-sociales\/"},"author":{"name":"B\u00e1rbara Olave","@id":"https:\/\/investiga.uandes.cl\/#\/schema\/person\/e2b51ffa4164ddc3d88af9b677b1b2b5"},"headline":"As\u00ed ser\u00e1 el nuevo Doctorado en Estudios Pol\u00edticos y Sociales","datePublished":"2025-11-04T20:35:23+00:00","dateModified":"2025-12-02T19:38:47+00:00","mainEntityOfPage":{"@id":"https:\/\/investiga.uandes.cl\/asi-sera-el-nuevo-doctorado-en-estudios-politicos-y-sociales\/"},"wordCount":251,"publisher":{"@id":"https:\/\/investiga.uandes.cl\/#organization"},"image":{"@id":"https:\/\/investiga.uandes.cl\/asi-sera-el-nuevo-doctorado-en-estudios-politicos-y-sociales\/#primaryimage"},"thumbnailUrl":"https:\/\/investiga.uandes.cl\/wp-content\/uploads\/2025\/10\/IMG_8372-scaled-2048x1366-1.jpg","keywords":["216"],"articleSection":["Investigaci\u00f3n","Pensamiento y Sociedad"],"inLanguage":"es-CL"},{"@type":"WebPage","@id":"https:\/\/investiga.uandes.cl\/asi-sera-el-nuevo-doctorado-en-estudios-politicos-y-sociales\/","url":"https:\/\/investiga.uandes.cl\/asi-sera-el-nuevo-doctorado-en-estudios-politicos-y-sociales\/","name":"As\u00ed ser\u00e1 el nuevo Doctorado en Estudios Pol\u00edticos y Sociales - Investiga UANDES","isPartOf":{"@id":"https:\/\/investiga.uandes.cl\/#website"},"primaryImageOfPage":{"@id":"https:\/\/investiga.uandes.cl\/asi-sera-el-nuevo-doctorado-en-estudios-politicos-y-sociales\/#primaryimage"},"image":{"@id":"https:\/\/investiga.uandes.cl\/asi-sera-el-nuevo-doctorado-en-estudios-politicos-y-sociales\/#primaryimage"},"thumbnailUrl":"https:\/\/investiga.uandes.cl\/wp-content\/uploads\/2025\/10\/IMG_8372-scaled-2048x1366-1.jpg","datePublished":"2025-11-04T20:35:23+00:00","dateModified":"2025-12-02T19:38:47+00:00","breadcrumb":{"@id":"https:\/\/investiga.uandes.cl\/asi-sera-el-nuevo-doctorado-en-estudios-politicos-y-sociales\/#breadcrumb"},"inLanguage":"es-CL","potentialAction":[{"@type":"ReadAction","target":["https:\/\/investiga.uandes.cl\/asi-sera-el-nuevo-doctorado-en-estudios-politicos-y-sociales\/"]}]},{"@type":"ImageObject","inLanguage":"es-CL","@id":"https:\/\/investiga.uandes.cl\/asi-sera-el-nuevo-doctorado-en-estudios-politicos-y-sociales\/#primaryimage","url":"https:\/\/investiga.uandes.cl\/wp-content\/uploads\/2025\/10\/IMG_8372-scaled-2048x1366-1.jpg","contentUrl":"https:\/\/investiga.uandes.cl\/wp-content\/uploads\/2025\/10\/IMG_8372-scaled-2048x1366-1.jpg","width":2048,"height":1366},{"@type":"BreadcrumbList","@id":"https:\/\/investiga.uandes.cl\/asi-sera-el-nuevo-doctorado-en-estudios-politicos-y-sociales\/#breadcrumb","itemListElement":[{"@type":"ListItem","position":1,"name":"Portada","item":"https:\/\/investiga.uandes.cl\/"},{"@type":"ListItem","position":2,"name":"As\u00ed ser\u00e1 el nuevo Doctorado en Estudios Pol\u00edticos y Sociales"}]},{"@type":"WebSite","@id":"https:\/\/investiga.uandes.cl\/#website","url":"https:\/\/investiga.uandes.cl\/","name":"Investiga UANDES","description":"Investigaci\u00f3n, Universidad de los Andes","publisher":{"@id":"https:\/\/investiga.uandes.cl\/#organization"},"potentialAction":[{"@type":"SearchAction","target":{"@type":"EntryPoint","urlTemplate":"https:\/\/investiga.uandes.cl\/?s={search_term_string}"},"query-input":{"@type":"PropertyValueSpecification","valueRequired":true,"valueName":"search_term_string"}}],"inLanguage":"es-CL"},{"@type":"Organization","@id":"https:\/\/investiga.uandes.cl\/#organization","name":"Investiga UANDES","url":"https:\/\/investiga.uandes.cl\/","logo":{"@type":"ImageObject","inLanguage":"es-CL","@id":"https:\/\/investiga.uandes.cl\/#\/schema\/logo\/image\/","url":"https:\/\/investiga.uandes.cl\/wp-content\/uploads\/2025\/03\/investiga_uandes.jpg","contentUrl":"https:\/\/investiga.uandes.cl\/wp-content\/uploads\/2025\/03\/investiga_uandes.jpg","width":2000,"height":771,"caption":"Investiga UANDES"},"image":{"@id":"https:\/\/investiga.uandes.cl\/#\/schema\/logo\/image\/"}},{"@type":"Person","@id":"https:\/\/investiga.uandes.cl\/#\/schema\/person\/e2b51ffa4164ddc3d88af9b677b1b2b5","name":"B\u00e1rbara Olave","url":"https:\/\/investiga.uandes.cl\/es\/author\/bolave\/"}]}},"_links":{"self":[{"href":"https:\/\/investiga.uandes.cl\/es\/wp-json\/wp\/v2\/posts\/6620","targetHints":{"allow":["GET"]}}],"collection":[{"href":"https:\/\/investiga.uandes.cl\/es\/wp-json\/wp\/v2\/posts"}],"about":[{"href":"https:\/\/investiga.uandes.cl\/es\/wp-json\/wp\/v2\/types\/post"}],"author":[{"embeddable":true,"href":"https:\/\/investiga.uandes.cl\/es\/wp-json\/wp\/v2\/users\/8"}],"replies":[{"embeddable":true,"href":"https:\/\/investiga.uandes.cl\/es\/wp-json\/wp\/v2\/comments?post=6620"}],"version-history":[{"count":5,"href":"https:\/\/investiga.uandes.cl\/es\/wp-json\/wp\/v2\/posts\/6620\/revisions"}],"predecessor-version":[{"id":7075,"href":"https:\/\/investiga.uandes.cl\/es\/wp-json\/wp\/v2\/posts\/6620\/revisions\/7075"}],"wp:featuredmedia":[{"embeddable":true,"href":"https:\/\/investiga.uandes.cl\/es\/wp-json\/wp\/v2\/media\/6621"}],"wp:attachment":[{"href":"https:\/\/investiga.uandes.cl\/es\/wp-json\/wp\/v2\/media?parent=6620"}],"wp:term":[{"taxonomy":"category","embeddable":true,"href":"https:\/\/investiga.uandes.cl\/es\/wp-json\/wp\/v2\/categories?post=6620"},{"taxonomy":"post_tag","embeddable":true,"href":"https:\/\/investiga.uandes.cl\/es\/wp-json\/wp\/v2\/tags?post=6620"}],"curies":[{"name":"wp","href":"https:\/\/api.w.org\/{rel}","templated":true}]}}