{"id":7377,"date":"2026-02-06T02:32:10","date_gmt":"2026-02-06T05:32:10","guid":{"rendered":"https:\/\/investiga.uandes.cl\/?p=7377"},"modified":"2026-04-23T13:42:41","modified_gmt":"2026-04-23T16:42:41","slug":"uandes-contributes-to-diagnosis-on-doctoral-training-and-link-with-industry","status":"publish","type":"post","link":"https:\/\/investiga.uandes.cl\/en\/uandes-contributes-to-diagnosis-on-doctoral-training-and-link-with-industry\/","title":{"rendered":"UANDES Contributes to a Diagnosis on Doctoral Training and Its Link with Industry"},"content":{"rendered":"<p>The book is part of the work of <a href=\"https:\/\/cinda.cl\/redes-especializadas\/grupo-operativo-de-universidades-chilenas-gop-cinda\/\" target=\"_blank\" rel=\"noreferrer noopener\">CINDA's Chilean Universities Operating Group (GOP-CINDA)<\/a>, whose objective was to develop a public policy proposal for this type of program for the 2023-2025 period, considering both the existing reality in Chile and international experiences.<\/p>\n\n\n\n<p>This publication is the result of a collaborative process that brought together 27 researchers from 14 Chilean universities. It reviews the recent history of doctoral programs in Chile, analyzes national and international experiences, examines their contribution to regional development, and addresses the challenges associated with quality, accreditation, and engagement with the broader environment.<\/p>\n\n\n<div class=\"wp-block-image\">\n<figure class=\"aligncenter size-full is-resized\"><a href=\"https:\/\/cinda.cl\/libro-sobre-doctorados-profesionales-y-de-vinculacion-con-la-industria-de-gop-cinda-se-presento-en-el-campus-santiago-de-la-u-de-talca\/#flipbook-df_5468\/1\/\"><img decoding=\"async\" src=\"https:\/\/www.uandes.cl\/wp-content\/uploads\/2025\/12\/Doctorados-Profesionales-y-de-vinculacion-con-la-industria-1.png\" alt=\"\" class=\"wp-image-319902\" style=\"width:498px;height:auto\"\/><\/a><\/figure>\n<\/div>\n\n\n<p>According to the <strong><a href=\"https:\/\/www.uandes.cl\/investigacion-e-innovacion\/investigacion-y-doctorado\/quienes-somos\/\" target=\"_blank\" rel=\"noreferrer noopener\">Deputy Director of Doctoral Programs at UANDES<\/a>, <a href=\"https:\/\/www.uandes.cl\/personas\/maria-del-valle-barrera\/\" target=\"_blank\" rel=\"noreferrer noopener\">Mar\u00eda del Valle Barrera<\/a><\/strong>, who participated as a researcher in the assessment of the state of doctoral programs included in the book, these modalities have not yet been explicitly incorporated into Chile's current regulations, despite the existence of experiences that demonstrate their development, underscoring the need to advance their discussion at the regulatory and public policy levels.<\/p>\n\n\n\n<p>The GOP-CINDA work also highlights the need for more flexible frameworks for doctoral training and provides criteria for distinguishing among academic, professional, and industry-related doctorates, along with their contributions to the country's development.<\/p>\n\n\n\n<blockquote class=\"wp-block-quote is-layout-flow wp-block-quote-is-layout-flow\">\n<p>\"This diagnosis allows us to understand the current state of the Chilean doctoral system and the challenges it faces, as well as to advance in the alignment between academic standards and new forms of applied training,\" Barrera noted, highlighting the importance of Universidad de los Andes actively contributing to spaces of analysis and discussion at the national level.<\/p>\n<\/blockquote>\n\n\n\n<p>The book's official presentation took place on November 25 at Universidad de Talca's Santiago campus and was attended by the Minister of Science, Technology, Knowledge, and Innovation, Aldo Valle, and academic Jos\u00e9 Joaqu\u00edn Brunner. At the event, Brunner underscored the significance of the book and emphasized the need to broaden the perspective on doctoral training, so that it better responds to the country's current needs.<\/p>\n\n\n\n<p>The book is intended as an input for universities, public agencies, and the higher education system, at a key juncture for the discussion of doctoral education in Chile.<\/p>\n\n\n\n<figure class=\"wp-block-embed is-type-video is-provider-youtube wp-block-embed-youtube wp-embed-aspect-16-9 wp-has-aspect-ratio\"><div class=\"wp-block-embed__wrapper\">\n<iframe loading=\"lazy\" title=\"Book Launch and Seminar: Professional Doctorates and Linkage with Industry: An Idea for...\" width=\"1140\" height=\"641\" src=\"https:\/\/www.youtube.com\/embed\/3mAi7D3DgVU?feature=oembed\" frameborder=\"0\" allow=\"accelerometer; autoplay; clipboard-write; encrypted-media; gyroscope; picture-in-picture; web-share\" referrerpolicy=\"strict-origin-when-cross-origin\" allowfullscreen><\/iframe>\n<\/div><\/figure>\n\n\n\n<p><\/p>","protected":false},"excerpt":{"rendered":"<p>Universidad de los Andes participated in the preparation of a book edited by the Inter-University Center for Development (CINDA), which addresses the current state of doctoral programs in Chile and proposes approaches to align them with the national industry.<\/p>","protected":false},"author":1,"featured_media":7379,"comment_status":"closed","ping_status":"closed","sticky":false,"template":"","format":"standard","meta":{"inline_featured_image":false,"footnotes":""},"categories":[2,5,1,4],"tags":[],"class_list":["post-7377","post","type-post","status-publish","format-standard","has-post-thumbnail","hentry","category-ciencia","category-economia","category-investigacion","category-pensamiento"],"yoast_head":"<!-- This site is optimized with the Yoast SEO plugin v24.7 - https:\/\/yoast.com\/wordpress\/plugins\/seo\/ -->\n<title>Uandes aporta a diagn\u00f3stico sobre formaci\u00f3n doctoral y v\u00ednculo con la industria - Investiga UANDES<\/title>\n<meta name=\"robots\" content=\"index, follow, max-snippet:-1, max-image-preview:large, max-video-preview:-1\" \/>\n<link rel=\"canonical\" href=\"https:\/\/investiga.uandes.cl\/en\/uandes-contributes-to-diagnosis-on-doctoral-training-and-link-with-industry\/\" \/>\n<meta property=\"og:locale\" content=\"en_US\" \/>\n<meta property=\"og:type\" content=\"article\" \/>\n<meta property=\"og:title\" content=\"Uandes aporta a diagn\u00f3stico sobre formaci\u00f3n doctoral y v\u00ednculo con la industria - Investiga UANDES\" \/>\n<meta property=\"og:description\" content=\"La Universidad de los Andes particip\u00f3 en la elaboraci\u00f3n del libro editado por el Centro Interuniversitario de Desarrollo (CINDA) que aborda el estado actual de los doctorados en Chile y propone enfoques para alinearlos con la industria nacional.\" \/>\n<meta property=\"og:url\" content=\"https:\/\/investiga.uandes.cl\/en\/uandes-contributes-to-diagnosis-on-doctoral-training-and-link-with-industry\/\" \/>\n<meta property=\"og:site_name\" content=\"Investiga UANDES\" \/>\n<meta property=\"article:published_time\" content=\"2026-02-06T05:32:10+00:00\" \/>\n<meta property=\"article:modified_time\" content=\"2026-04-23T16:42:41+00:00\" \/>\n<meta property=\"og:image\" content=\"https:\/\/investiga.uandes.cl\/wp-content\/uploads\/2026\/02\/MG_5412-scaled-e1770355897463.jpg\" \/>\n\t<meta property=\"og:image:width\" content=\"1545\" \/>\n\t<meta property=\"og:image:height\" content=\"870\" \/>\n\t<meta property=\"og:image:type\" content=\"image\/jpeg\" \/>\n<meta name=\"author\" content=\"Universidad de los Andes\" \/>\n<meta name=\"twitter:card\" content=\"summary_large_image\" \/>\n<meta name=\"twitter:label1\" content=\"Written by\" \/>\n\t<meta name=\"twitter:data1\" content=\"Universidad de los Andes\" \/>\n\t<meta name=\"twitter:label2\" content=\"Est. reading time\" \/>\n\t<meta name=\"twitter:data2\" content=\"2 minutes\" \/>\n<script type=\"application\/ld+json\" class=\"yoast-schema-graph\">{\"@context\":\"https:\/\/schema.org\",\"@graph\":[{\"@type\":\"Article\",\"@id\":\"https:\/\/investiga.uandes.cl\/uandes-aporta-a-diagnostico-sobre-formacion-doctoral-y-vinculo-con-la-industria\/#article\",\"isPartOf\":{\"@id\":\"https:\/\/investiga.uandes.cl\/uandes-aporta-a-diagnostico-sobre-formacion-doctoral-y-vinculo-con-la-industria\/\"},\"author\":{\"name\":\"Universidad de los Andes\",\"@id\":\"https:\/\/investiga.uandes.cl\/#\/schema\/person\/98e4042261f6d20b73b4e8cae8ff4495\"},\"headline\":\"Uandes aporta a diagn\u00f3stico sobre formaci\u00f3n doctoral y v\u00ednculo con la industria\",\"datePublished\":\"2026-02-06T05:32:10+00:00\",\"dateModified\":\"2026-04-23T16:42:41+00:00\",\"mainEntityOfPage\":{\"@id\":\"https:\/\/investiga.uandes.cl\/uandes-aporta-a-diagnostico-sobre-formacion-doctoral-y-vinculo-con-la-industria\/\"},\"wordCount\":439,\"publisher\":{\"@id\":\"https:\/\/investiga.uandes.cl\/#organization\"},\"image\":{\"@id\":\"https:\/\/investiga.uandes.cl\/uandes-aporta-a-diagnostico-sobre-formacion-doctoral-y-vinculo-con-la-industria\/#primaryimage\"},\"thumbnailUrl\":\"https:\/\/investiga.uandes.cl\/wp-content\/uploads\/2026\/02\/MG_5412-scaled-e1770355897463.jpg\",\"articleSection\":[\"Ciencia y Tecnolog\u00eda\",\"Econom\u00eda\",\"Investigaci\u00f3n\",\"Pensamiento y Sociedad\"],\"inLanguage\":\"en-US\"},{\"@type\":\"WebPage\",\"@id\":\"https:\/\/investiga.uandes.cl\/uandes-aporta-a-diagnostico-sobre-formacion-doctoral-y-vinculo-con-la-industria\/\",\"url\":\"https:\/\/investiga.uandes.cl\/uandes-aporta-a-diagnostico-sobre-formacion-doctoral-y-vinculo-con-la-industria\/\",\"name\":\"Uandes aporta a diagn\u00f3stico sobre formaci\u00f3n doctoral y v\u00ednculo con la industria - Investiga UANDES\",\"isPartOf\":{\"@id\":\"https:\/\/investiga.uandes.cl\/#website\"},\"primaryImageOfPage\":{\"@id\":\"https:\/\/investiga.uandes.cl\/uandes-aporta-a-diagnostico-sobre-formacion-doctoral-y-vinculo-con-la-industria\/#primaryimage\"},\"image\":{\"@id\":\"https:\/\/investiga.uandes.cl\/uandes-aporta-a-diagnostico-sobre-formacion-doctoral-y-vinculo-con-la-industria\/#primaryimage\"},\"thumbnailUrl\":\"https:\/\/investiga.uandes.cl\/wp-content\/uploads\/2026\/02\/MG_5412-scaled-e1770355897463.jpg\",\"datePublished\":\"2026-02-06T05:32:10+00:00\",\"dateModified\":\"2026-04-23T16:42:41+00:00\",\"breadcrumb\":{\"@id\":\"https:\/\/investiga.uandes.cl\/uandes-aporta-a-diagnostico-sobre-formacion-doctoral-y-vinculo-con-la-industria\/#breadcrumb\"},\"inLanguage\":\"en-US\",\"potentialAction\":[{\"@type\":\"ReadAction\",\"target\":[\"https:\/\/investiga.uandes.cl\/uandes-aporta-a-diagnostico-sobre-formacion-doctoral-y-vinculo-con-la-industria\/\"]}]},{\"@type\":\"ImageObject\",\"inLanguage\":\"en-US\",\"@id\":\"https:\/\/investiga.uandes.cl\/uandes-aporta-a-diagnostico-sobre-formacion-doctoral-y-vinculo-con-la-industria\/#primaryimage\",\"url\":\"https:\/\/investiga.uandes.cl\/wp-content\/uploads\/2026\/02\/MG_5412-scaled-e1770355897463.jpg\",\"contentUrl\":\"https:\/\/investiga.uandes.cl\/wp-content\/uploads\/2026\/02\/MG_5412-scaled-e1770355897463.jpg\",\"width\":1545,\"height\":870},{\"@type\":\"BreadcrumbList\",\"@id\":\"https:\/\/investiga.uandes.cl\/uandes-aporta-a-diagnostico-sobre-formacion-doctoral-y-vinculo-con-la-industria\/#breadcrumb\",\"itemListElement\":[{\"@type\":\"ListItem\",\"position\":1,\"name\":\"Portada\",\"item\":\"https:\/\/investiga.uandes.cl\/\"},{\"@type\":\"ListItem\",\"position\":2,\"name\":\"Uandes aporta a diagn\u00f3stico sobre formaci\u00f3n doctoral y v\u00ednculo con la industria\"}]},{\"@type\":\"WebSite\",\"@id\":\"https:\/\/investiga.uandes.cl\/#website\",\"url\":\"https:\/\/investiga.uandes.cl\/\",\"name\":\"Investiga UANDES\",\"description\":\"Investigaci\u00f3n, Universidad de los Andes\",\"publisher\":{\"@id\":\"https:\/\/investiga.uandes.cl\/#organization\"},\"potentialAction\":[{\"@type\":\"SearchAction\",\"target\":{\"@type\":\"EntryPoint\",\"urlTemplate\":\"https:\/\/investiga.uandes.cl\/?s={search_term_string}\"},\"query-input\":{\"@type\":\"PropertyValueSpecification\",\"valueRequired\":true,\"valueName\":\"search_term_string\"}}],\"inLanguage\":\"en-US\"},{\"@type\":\"Organization\",\"@id\":\"https:\/\/investiga.uandes.cl\/#organization\",\"name\":\"Investiga UANDES\",\"url\":\"https:\/\/investiga.uandes.cl\/\",\"logo\":{\"@type\":\"ImageObject\",\"inLanguage\":\"en-US\",\"@id\":\"https:\/\/investiga.uandes.cl\/#\/schema\/logo\/image\/\",\"url\":\"https:\/\/investiga.uandes.cl\/wp-content\/uploads\/2025\/03\/investiga_uandes.jpg\",\"contentUrl\":\"https:\/\/investiga.uandes.cl\/wp-content\/uploads\/2025\/03\/investiga_uandes.jpg\",\"width\":2000,\"height\":771,\"caption\":\"Investiga UANDES\"},\"image\":{\"@id\":\"https:\/\/investiga.uandes.cl\/#\/schema\/logo\/image\/\"}},{\"@type\":\"Person\",\"@id\":\"https:\/\/investiga.uandes.cl\/#\/schema\/person\/98e4042261f6d20b73b4e8cae8ff4495\",\"name\":\"Universidad de los Andes\",\"sameAs\":[\"https:\/\/test.uandes.cl\"],\"url\":\"https:\/\/investiga.uandes.cl\/en\/author\/admin\/\"}]}<\/script>\n<!-- \/ Yoast SEO plugin. -->","yoast_head_json":{"title":"Uandes aporta a diagn\u00f3stico sobre formaci\u00f3n doctoral y v\u00ednculo con la industria - Investiga UANDES","robots":{"index":"index","follow":"follow","max-snippet":"max-snippet:-1","max-image-preview":"max-image-preview:large","max-video-preview":"max-video-preview:-1"},"canonical":"https:\/\/investiga.uandes.cl\/en\/uandes-contributes-to-diagnosis-on-doctoral-training-and-link-with-industry\/","og_locale":"en_US","og_type":"article","og_title":"Uandes aporta a diagn\u00f3stico sobre formaci\u00f3n doctoral y v\u00ednculo con la industria - Investiga UANDES","og_description":"La Universidad de los Andes particip\u00f3 en la elaboraci\u00f3n del libro editado por el Centro Interuniversitario de Desarrollo (CINDA) que aborda el estado actual de los doctorados en Chile y propone enfoques para alinearlos con la industria nacional.","og_url":"https:\/\/investiga.uandes.cl\/en\/uandes-contributes-to-diagnosis-on-doctoral-training-and-link-with-industry\/","og_site_name":"Investiga UANDES","article_published_time":"2026-02-06T05:32:10+00:00","article_modified_time":"2026-04-23T16:42:41+00:00","og_image":[{"width":1545,"height":870,"url":"https:\/\/investiga.uandes.cl\/wp-content\/uploads\/2026\/02\/MG_5412-scaled-e1770355897463.jpg","type":"image\/jpeg"}],"author":"Universidad de los Andes","twitter_card":"summary_large_image","twitter_misc":{"Written by":"Universidad de los Andes","Est. reading time":"2 minutes"},"schema":{"@context":"https:\/\/schema.org","@graph":[{"@type":"Article","@id":"https:\/\/investiga.uandes.cl\/uandes-aporta-a-diagnostico-sobre-formacion-doctoral-y-vinculo-con-la-industria\/#article","isPartOf":{"@id":"https:\/\/investiga.uandes.cl\/uandes-aporta-a-diagnostico-sobre-formacion-doctoral-y-vinculo-con-la-industria\/"},"author":{"name":"Universidad de los Andes","@id":"https:\/\/investiga.uandes.cl\/#\/schema\/person\/98e4042261f6d20b73b4e8cae8ff4495"},"headline":"Uandes aporta a diagn\u00f3stico sobre formaci\u00f3n doctoral y v\u00ednculo con la industria","datePublished":"2026-02-06T05:32:10+00:00","dateModified":"2026-04-23T16:42:41+00:00","mainEntityOfPage":{"@id":"https:\/\/investiga.uandes.cl\/uandes-aporta-a-diagnostico-sobre-formacion-doctoral-y-vinculo-con-la-industria\/"},"wordCount":439,"publisher":{"@id":"https:\/\/investiga.uandes.cl\/#organization"},"image":{"@id":"https:\/\/investiga.uandes.cl\/uandes-aporta-a-diagnostico-sobre-formacion-doctoral-y-vinculo-con-la-industria\/#primaryimage"},"thumbnailUrl":"https:\/\/investiga.uandes.cl\/wp-content\/uploads\/2026\/02\/MG_5412-scaled-e1770355897463.jpg","articleSection":["Ciencia y Tecnolog\u00eda","Econom\u00eda","Investigaci\u00f3n","Pensamiento y Sociedad"],"inLanguage":"en-US"},{"@type":"WebPage","@id":"https:\/\/investiga.uandes.cl\/uandes-aporta-a-diagnostico-sobre-formacion-doctoral-y-vinculo-con-la-industria\/","url":"https:\/\/investiga.uandes.cl\/uandes-aporta-a-diagnostico-sobre-formacion-doctoral-y-vinculo-con-la-industria\/","name":"Uandes aporta a diagn\u00f3stico sobre formaci\u00f3n doctoral y v\u00ednculo con la industria - Investiga UANDES","isPartOf":{"@id":"https:\/\/investiga.uandes.cl\/#website"},"primaryImageOfPage":{"@id":"https:\/\/investiga.uandes.cl\/uandes-aporta-a-diagnostico-sobre-formacion-doctoral-y-vinculo-con-la-industria\/#primaryimage"},"image":{"@id":"https:\/\/investiga.uandes.cl\/uandes-aporta-a-diagnostico-sobre-formacion-doctoral-y-vinculo-con-la-industria\/#primaryimage"},"thumbnailUrl":"https:\/\/investiga.uandes.cl\/wp-content\/uploads\/2026\/02\/MG_5412-scaled-e1770355897463.jpg","datePublished":"2026-02-06T05:32:10+00:00","dateModified":"2026-04-23T16:42:41+00:00","breadcrumb":{"@id":"https:\/\/investiga.uandes.cl\/uandes-aporta-a-diagnostico-sobre-formacion-doctoral-y-vinculo-con-la-industria\/#breadcrumb"},"inLanguage":"en-US","potentialAction":[{"@type":"ReadAction","target":["https:\/\/investiga.uandes.cl\/uandes-aporta-a-diagnostico-sobre-formacion-doctoral-y-vinculo-con-la-industria\/"]}]},{"@type":"ImageObject","inLanguage":"en-US","@id":"https:\/\/investiga.uandes.cl\/uandes-aporta-a-diagnostico-sobre-formacion-doctoral-y-vinculo-con-la-industria\/#primaryimage","url":"https:\/\/investiga.uandes.cl\/wp-content\/uploads\/2026\/02\/MG_5412-scaled-e1770355897463.jpg","contentUrl":"https:\/\/investiga.uandes.cl\/wp-content\/uploads\/2026\/02\/MG_5412-scaled-e1770355897463.jpg","width":1545,"height":870},{"@type":"BreadcrumbList","@id":"https:\/\/investiga.uandes.cl\/uandes-aporta-a-diagnostico-sobre-formacion-doctoral-y-vinculo-con-la-industria\/#breadcrumb","itemListElement":[{"@type":"ListItem","position":1,"name":"Portada","item":"https:\/\/investiga.uandes.cl\/"},{"@type":"ListItem","position":2,"name":"Uandes aporta a diagn\u00f3stico sobre formaci\u00f3n doctoral y v\u00ednculo con la industria"}]},{"@type":"WebSite","@id":"https:\/\/investiga.uandes.cl\/#website","url":"https:\/\/investiga.uandes.cl\/","name":"Investiga UANDES","description":"Investigaci\u00f3n, Universidad de los Andes","publisher":{"@id":"https:\/\/investiga.uandes.cl\/#organization"},"potentialAction":[{"@type":"SearchAction","target":{"@type":"EntryPoint","urlTemplate":"https:\/\/investiga.uandes.cl\/?s={search_term_string}"},"query-input":{"@type":"PropertyValueSpecification","valueRequired":true,"valueName":"search_term_string"}}],"inLanguage":"en-US"},{"@type":"Organization","@id":"https:\/\/investiga.uandes.cl\/#organization","name":"Investiga UANDES","url":"https:\/\/investiga.uandes.cl\/","logo":{"@type":"ImageObject","inLanguage":"en-US","@id":"https:\/\/investiga.uandes.cl\/#\/schema\/logo\/image\/","url":"https:\/\/investiga.uandes.cl\/wp-content\/uploads\/2025\/03\/investiga_uandes.jpg","contentUrl":"https:\/\/investiga.uandes.cl\/wp-content\/uploads\/2025\/03\/investiga_uandes.jpg","width":2000,"height":771,"caption":"Investiga UANDES"},"image":{"@id":"https:\/\/investiga.uandes.cl\/#\/schema\/logo\/image\/"}},{"@type":"Person","@id":"https:\/\/investiga.uandes.cl\/#\/schema\/person\/98e4042261f6d20b73b4e8cae8ff4495","name":"Universidad de los Andes","sameAs":["https:\/\/test.uandes.cl"],"url":"https:\/\/investiga.uandes.cl\/en\/author\/admin\/"}]}},"_links":{"self":[{"href":"https:\/\/investiga.uandes.cl\/en\/wp-json\/wp\/v2\/posts\/7377","targetHints":{"allow":["GET"]}}],"collection":[{"href":"https:\/\/investiga.uandes.cl\/en\/wp-json\/wp\/v2\/posts"}],"about":[{"href":"https:\/\/investiga.uandes.cl\/en\/wp-json\/wp\/v2\/types\/post"}],"author":[{"embeddable":true,"href":"https:\/\/investiga.uandes.cl\/en\/wp-json\/wp\/v2\/users\/1"}],"replies":[{"embeddable":true,"href":"https:\/\/investiga.uandes.cl\/en\/wp-json\/wp\/v2\/comments?post=7377"}],"version-history":[{"count":13,"href":"https:\/\/investiga.uandes.cl\/en\/wp-json\/wp\/v2\/posts\/7377\/revisions"}],"predecessor-version":[{"id":7547,"href":"https:\/\/investiga.uandes.cl\/en\/wp-json\/wp\/v2\/posts\/7377\/revisions\/7547"}],"wp:featuredmedia":[{"embeddable":true,"href":"https:\/\/investiga.uandes.cl\/en\/wp-json\/wp\/v2\/media\/7379"}],"wp:attachment":[{"href":"https:\/\/investiga.uandes.cl\/en\/wp-json\/wp\/v2\/media?parent=7377"}],"wp:term":[{"taxonomy":"category","embeddable":true,"href":"https:\/\/investiga.uandes.cl\/en\/wp-json\/wp\/v2\/categories?post=7377"},{"taxonomy":"post_tag","embeddable":true,"href":"https:\/\/investiga.uandes.cl\/en\/wp-json\/wp\/v2\/tags?post=7377"}],"curies":[{"name":"wp","href":"https:\/\/api.w.org\/{rel}","templated":true}]}}