{"id":7336,"date":"2026-02-05T19:31:39","date_gmt":"2026-02-05T22:31:39","guid":{"rendered":"https:\/\/investiga.uandes.cl\/?p=7336"},"modified":"2026-03-13T16:48:13","modified_gmt":"2026-03-13T19:48:13","slug":"research-analyzed-how-the-press-coverage-of-the-social-outburst-was-framed","status":"publish","type":"post","link":"https:\/\/investiga.uandes.cl\/en\/research-analyzed-how-the-press-coverage-of-the-social-outburst-was-framed\/","title":{"rendered":"Research Analyzed How the Press Coverage of the Social Outburst Was Framed"},"content":{"rendered":"<p><\/p>\n\n\n\n<p>The project, entitled <em><strong>\u00bf<a href=\"https:\/\/investigadores.uandes.cl\/en\/projects\/c%C3%B3mo-se-inform%C3%B3-el-estallido-social-en-chile-encuadres-de-la-pren\/\" target=\"_blank\" rel=\"noreferrer noopener\">\"How the Social Outbreak Was Reported in Chile?: Framing of the Written Press, Broadcast Television, and News Web Portals and Their Influence on Media Pluralism\"<\/a><\/strong><\/em> (<a href=\"https:\/\/s3.amazonaws.com\/documentos.anid.cl\/iniciacion\/2023\/fallo\/Nomina-proyectos-seleccionados-para-adjudicacio\u0301n-Iniciacion-2023.pdf\">Fondecyt N\u00b0 11230755<\/a>), developed by researcher and faculty member at the <a href=\"https:\/\/investigadores.uandes.cl\/en\/organisations\/facultad-de-comunicaci%C3%B3n\/\" target=\"_blank\" rel=\"noreferrer noopener\">School of Communication<\/a> <a href=\"https:\/\/investigadores.uandes.cl\/en\/persons\/francisco-javier-tagle-montt\/\" target=\"_blank\" rel=\"noreferrer noopener\">Francisco Tagle<\/a> , examined more than 10,000 news items published between October 18 and November 15, 2019, across television, web portals, radio, and print media, with the aim of identifying the narrative patterns used by the media during the first weeks of the social crisis.<\/p>\n\n\n\n<p>The research is based on <strong>framing theory or <em>framing<\/em> ,<\/strong>which argues that the media do not reproduce reality in a neutral way, but rather select, prioritize, and organize information, functioning as a \"window\" through which the public understands events. From this perspective, the work critically engages with the <strong>protest paradigm<\/strong>and notes a tendency to privilege episodes of violence over the causes and demands underlying the mobilizations.<\/p>\n\n\n\n<p>The project was developed in two methodological stages \u2014 inductive and deductive \u2014 and applied five classic journalistic frames: <strong>attribution of responsibility, conflict, consequences, human interest, and morality.<\/strong><\/p>\n\n\n\n<p>Among the main findings, <strong>the Social Outbreak was mostly presented as a conflict<\/strong>between opposing actors defined in terms of winners and losers. In the digital sphere, conservative-oriented portals tended to reinforce this framing, while progressive media more frequently approached the phenomenon from the perspective of attribution of responsibility.<\/p>\n\n\n\n<p>Another notable finding is that <strong>the coverage responded more to an informative logic typical of catastrophe or natural disaster reporting than to a deliberate strategy to render social demands invisible.<\/strong>In this context, the media privileged urgency, damage, the pace of breaking news, and the emotional weight of events over the systematic explanation of social grievances. In television, narrative resources characteristic of this type of coverage \u2014 such as image fragmentation \u2014 were also observed.<\/p>\n\n\n\n<p>Tagle explained that the emphasis on episodes of violence is not necessarily the result of an editorial intent to highlight them, but rather reflects their status as newsworthy events. The study also questions one of the central assumptions of the protest paradigm by showing that, during this period, coverage was mainly based on unofficial sources.<\/p>\n\n\n\n<p>The project's results have been presented at international academic conferences, such as the IAMCR conference in France (2023) and Singapore (2025), as well as at the national INCOM meetings held in 2023, 2024, and 2025.<\/p>\n\n\n\n<blockquote class=\"instagram-media\" data-instgrm-permalink=\"https:\/\/www.instagram.com\/p\/DTQKkL4EaN2\/?utm_source=ig_embed&amp;utm_campaign=loading\" data-instgrm-version=\"14\" style=\" background:#FFF; border:0; border-radius:3px; box-shadow:0 0 1px 0 rgba(0,0,0,0.5),0 1px 10px 0 rgba(0,0,0,0.15); margin: 1px; max-width:540px; min-width:326px; padding:0; width:99.375%; width:-webkit-calc(100% - 2px); width:calc(100% - 2px);\"><div style=\"padding:16px;\"> <a href=\"https:\/\/www.instagram.com\/p\/DTQKkL4EaN2\/?utm_source=ig_embed&amp;utm_campaign=loading\" style=\" background:#FFFFFF; line-height:0; padding:0 0; text-align:center; text-decoration:none; width:100%;\" target=\"_blank\"> <div style=\" display: flex; flex-direction: row; align-items: center;\"> <div style=\"background-color: #F4F4F4; border-radius: 50%; flex-grow: 0; height: 40px; margin-right: 14px; width: 40px;\"><\/div> <div style=\"display: flex; flex-direction: column; flex-grow: 1; justify-content: center;\"> <div style=\" background-color: #F4F4F4; border-radius: 4px; flex-grow: 0; height: 14px; margin-bottom: 6px; width: 100px;\"><\/div> <div style=\" background-color: #F4F4F4; border-radius: 4px; flex-grow: 0; height: 14px; width: 60px;\"><\/div><\/div><\/div><div style=\"padding: 19% 0;\"><\/div> <div style=\"display:block; height:50px; margin:0 auto 12px; width:50px;\"><svg width=\"50px\" height=\"50px\" viewbox=\"0 0 60 60\" version=\"1.1\" xmlns=\"https:\/\/www.w3.org\/2000\/svg\" xmlns:xlink=\"https:\/\/www.w3.org\/1999\/xlink\"><g stroke=\"none\" stroke-width=\"1\" fill=\"none\" fill-rule=\"evenodd\"><g transform=\"translate(-511.000000, -20.000000)\" fill=\"#000000\"><g><path d=\"M556.869,30.41 C554.814,30.41 553.148,32.076 553.148,34.131 C553.148,36.186 554.814,37.852 556.869,37.852 C558.924,37.852 560.59,36.186 560.59,34.131 C560.59,32.076 558.924,30.41 556.869,30.41 M541,60.657 C535.114,60.657 530.342,55.887 530.342,50 C530.342,44.114 535.114,39.342 541,39.342 C546.887,39.342 551.658,44.114 551.658,50 C551.658,55.887 546.887,60.657 541,60.657 M541,33.886 C532.1,33.886 524.886,41.1 524.886,50 C524.886,58.899 532.1,66.113 541,66.113 C549.9,66.113 557.115,58.899 557.115,50 C557.115,41.1 549.9,33.886 541,33.886 M565.378,62.101 C565.244,65.022 564.756,66.606 564.346,67.663 C563.803,69.06 563.154,70.057 562.106,71.106 C561.058,72.155 560.06,72.803 558.662,73.347 C557.607,73.757 556.021,74.244 553.102,74.378 C549.944,74.521 548.997,74.552 541,74.552 C533.003,74.552 532.056,74.521 528.898,74.378 C525.979,74.244 524.393,73.757 523.338,73.347 C521.94,72.803 520.942,72.155 519.894,71.106 C518.846,70.057 518.197,69.06 517.654,67.663 C517.244,66.606 516.755,65.022 516.623,62.101 C516.479,58.943 516.448,57.996 516.448,50 C516.448,42.003 516.479,41.056 516.623,37.899 C516.755,34.978 517.244,33.391 517.654,32.338 C518.197,30.938 518.846,29.942 519.894,28.894 C520.942,27.846 521.94,27.196 523.338,26.654 C524.393,26.244 525.979,25.756 528.898,25.623 C532.057,25.479 533.004,25.448 541,25.448 C548.997,25.448 549.943,25.479 553.102,25.623 C556.021,25.756 557.607,26.244 558.662,26.654 C560.06,27.196 561.058,27.846 562.106,28.894 C563.154,29.942 563.803,30.938 564.346,32.338 C564.756,33.391 565.244,34.978 565.378,37.899 C565.522,41.056 565.552,42.003 565.552,50 C565.552,57.996 565.522,58.943 565.378,62.101 M570.82,37.631 C570.674,34.438 570.167,32.258 569.425,30.349 C568.659,28.377 567.633,26.702 565.965,25.035 C564.297,23.368 562.623,22.342 560.652,21.575 C558.743,20.834 556.562,20.326 553.369,20.18 C550.169,20.033 549.148,20 541,20 C532.853,20 531.831,20.033 528.631,20.18 C525.438,20.326 523.257,20.834 521.349,21.575 C519.376,22.342 517.703,23.368 516.035,25.035 C514.368,26.702 513.342,28.377 512.574,30.349 C511.834,32.258 511.326,34.438 511.181,37.631 C511.035,40.831 511,41.851 511,50 C511,58.147 511.035,59.17 511.181,62.369 C511.326,65.562 511.834,67.743 512.574,69.651 C513.342,71.625 514.368,73.296 516.035,74.965 C517.703,76.634 519.376,77.658 521.349,78.425 C523.257,79.167 525.438,79.673 528.631,79.82 C531.831,79.965 532.853,80.001 541,80.001 C549.148,80.001 550.169,79.965 553.369,79.82 C556.562,79.673 558.743,79.167 560.652,78.425 C562.623,77.658 564.297,76.634 565.965,74.965 C567.633,73.296 568.659,71.625 569.425,69.651 C570.167,67.743 570.674,65.562 570.82,62.369 C570.966,59.17 571,58.147 571,50 C571,41.851 570.966,40.831 570.82,37.631\"><\/path><\/g><\/g><\/g><\/svg><\/div><div style=\"padding-top: 8px;\"> <div style=\" color:#3897f0; font-family:Arial,sans-serif; font-size:14px; font-style:normal; font-weight:550; line-height:18px;\">View this post on Instagram<\/div><\/div><div style=\"padding: 12.5% 0;\"><\/div> <div style=\"display: flex; flex-direction: row; margin-bottom: 14px; align-items: center;\"><div> <div style=\"background-color: #F4F4F4; border-radius: 50%; height: 12.5px; width: 12.5px; transform: translateX(0px) translateY(7px);\"><\/div> <div style=\"background-color: #F4F4F4; height: 12.5px; transform: rotate(-45deg) translateX(3px) translateY(1px); width: 12.5px; flex-grow: 0; margin-right: 14px; margin-left: 2px;\"><\/div> <div style=\"background-color: #F4F4F4; border-radius: 50%; height: 12.5px; width: 12.5px; transform: translateX(9px) translateY(-18px);\"><\/div><\/div><div style=\"margin-left: 8px;\"> <div style=\" background-color: #F4F4F4; border-radius: 50%; flex-grow: 0; height: 20px; width: 20px;\"><\/div> <div style=\" width: 0; height: 0; border-top: 2px solid transparent; border-left: 6px solid #f4f4f4; border-bottom: 2px solid transparent; transform: translateX(16px) translateY(-4px) rotate(30deg)\"><\/div><\/div><div style=\"margin-left: auto;\"> <div style=\" width: 0px; border-top: 8px solid #F4F4F4; border-right: 8px solid transparent; transform: translateY(16px);\"><\/div> <div style=\" background-color: #F4F4F4; flex-grow: 0; height: 12px; width: 16px; transform: translateY(-4px);\"><\/div> <div style=\" width: 0; height: 0; border-top: 8px solid #F4F4F4; border-left: 8px solid transparent; transform: translateY(-4px) translateX(8px);\"><\/div><\/div><\/div> <div style=\"display: flex; flex-direction: column; flex-grow: 1; justify-content: center; margin-bottom: 24px;\"> <div style=\" background-color: #F4F4F4; border-radius: 4px; flex-grow: 0; height: 14px; margin-bottom: 6px; width: 224px;\"><\/div> <div style=\" background-color: #F4F4F4; border-radius: 4px; flex-grow: 0; height: 14px; width: 144px;\"><\/div><\/div><\/a><p style=\" color:#c9c8cd; font-family:Arial,sans-serif; font-size:14px; line-height:17px; margin-bottom:0; margin-top:8px; overflow:hidden; padding:8px 0 7px; text-align:center; text-overflow:ellipsis; white-space:nowrap;\"><a href=\"https:\/\/www.instagram.com\/p\/DTQKkL4EaN2\/?utm_source=ig_embed&amp;utm_campaign=loading\" style=\" color:#c9c8cd; font-family:Arial,sans-serif; font-size:14px; font-style:normal; font-weight:normal; line-height:17px; text-decoration:none;\" target=\"_blank\">A post shared by Facultad de Comunicaci\u00f3n UANDES (@fcom_uandes).<\/a><\/p><\/div><\/blockquote>\n<script async src=\"\/\/www.instagram.com\/embed.js\"><\/script>","protected":false},"excerpt":{"rendered":"<p>The way in which the media narrated the social outburst defined public understanding of one of the most complex social and political episodes in the country's recent history, according to a study on the journalistic coverage of these events.<\/p>","protected":false},"author":8,"featured_media":7337,"comment_status":"closed","ping_status":"closed","sticky":false,"template":"","format":"standard","meta":{"inline_featured_image":false,"footnotes":""},"categories":[1,4],"tags":[],"class_list":["post-7336","post","type-post","status-publish","format-standard","has-post-thumbnail","hentry","category-investigacion","category-pensamiento"],"yoast_head":"<!-- This site is optimized with the Yoast SEO plugin v24.7 - https:\/\/yoast.com\/wordpress\/plugins\/seo\/ -->\n<title>Investigaci\u00f3n analiz\u00f3 c\u00f3mo se encuadr\u00f3 la cobertura de prensa del estallido social - Investiga UANDES<\/title>\n<meta name=\"robots\" content=\"index, follow, max-snippet:-1, max-image-preview:large, max-video-preview:-1\" \/>\n<link rel=\"canonical\" href=\"https:\/\/investiga.uandes.cl\/en\/research-analyzed-how-the-press-coverage-of-the-social-outburst-was-framed\/\" \/>\n<meta property=\"og:locale\" content=\"en_US\" \/>\n<meta property=\"og:type\" content=\"article\" \/>\n<meta property=\"og:title\" content=\"Investigaci\u00f3n analiz\u00f3 c\u00f3mo se encuadr\u00f3 la cobertura de prensa del estallido social - Investiga UANDES\" \/>\n<meta property=\"og:description\" content=\"La forma en que los medios narraron el estallido social defini\u00f3 la comprensi\u00f3n p\u00fablica de uno de los episodios sociales y pol\u00edticos m\u00e1s complejos de la historia reciente del pa\u00eds, seg\u00fan una investigaci\u00f3n sobre la cobertura period\u00edstica de esos acontecimientos.\" \/>\n<meta property=\"og:url\" content=\"https:\/\/investiga.uandes.cl\/en\/research-analyzed-how-the-press-coverage-of-the-social-outburst-was-framed\/\" \/>\n<meta property=\"og:site_name\" content=\"Investiga UANDES\" \/>\n<meta property=\"article:published_time\" content=\"2026-02-05T22:31:39+00:00\" \/>\n<meta property=\"article:modified_time\" content=\"2026-03-13T19:48:13+00:00\" \/>\n<meta property=\"og:image\" content=\"https:\/\/investiga.uandes.cl\/wp-content\/uploads\/2026\/02\/MG_0081-scaled-e1770330677811.jpg\" \/>\n\t<meta property=\"og:image:width\" content=\"2560\" \/>\n\t<meta property=\"og:image:height\" content=\"1442\" \/>\n\t<meta property=\"og:image:type\" content=\"image\/jpeg\" \/>\n<meta name=\"author\" content=\"B\u00e1rbara Olave\" \/>\n<meta name=\"twitter:card\" content=\"summary_large_image\" \/>\n<meta name=\"twitter:label1\" content=\"Written by\" \/>\n\t<meta name=\"twitter:data1\" content=\"B\u00e1rbara Olave\" \/>\n\t<meta name=\"twitter:label2\" content=\"Est. reading time\" \/>\n\t<meta name=\"twitter:data2\" content=\"3 minutes\" \/>\n<script type=\"application\/ld+json\" class=\"yoast-schema-graph\">{\"@context\":\"https:\/\/schema.org\",\"@graph\":[{\"@type\":\"Article\",\"@id\":\"https:\/\/investiga.uandes.cl\/investigacion-analizo-como-se-encuadro-la-cobertura-de-prensa-del-estallido-social\/#article\",\"isPartOf\":{\"@id\":\"https:\/\/investiga.uandes.cl\/investigacion-analizo-como-se-encuadro-la-cobertura-de-prensa-del-estallido-social\/\"},\"author\":{\"name\":\"B\u00e1rbara Olave\",\"@id\":\"https:\/\/investiga.uandes.cl\/#\/schema\/person\/e2b51ffa4164ddc3d88af9b677b1b2b5\"},\"headline\":\"Investigaci\u00f3n analiz\u00f3 c\u00f3mo se encuadr\u00f3 la cobertura de prensa del estallido social\",\"datePublished\":\"2026-02-05T22:31:39+00:00\",\"dateModified\":\"2026-03-13T19:48:13+00:00\",\"mainEntityOfPage\":{\"@id\":\"https:\/\/investiga.uandes.cl\/investigacion-analizo-como-se-encuadro-la-cobertura-de-prensa-del-estallido-social\/\"},\"wordCount\":478,\"publisher\":{\"@id\":\"https:\/\/investiga.uandes.cl\/#organization\"},\"image\":{\"@id\":\"https:\/\/investiga.uandes.cl\/investigacion-analizo-como-se-encuadro-la-cobertura-de-prensa-del-estallido-social\/#primaryimage\"},\"thumbnailUrl\":\"https:\/\/investiga.uandes.cl\/wp-content\/uploads\/2026\/02\/MG_0081-scaled-e1770330677811.jpg\",\"articleSection\":[\"Investigaci\u00f3n\",\"Pensamiento y Sociedad\"],\"inLanguage\":\"en-US\"},{\"@type\":\"WebPage\",\"@id\":\"https:\/\/investiga.uandes.cl\/investigacion-analizo-como-se-encuadro-la-cobertura-de-prensa-del-estallido-social\/\",\"url\":\"https:\/\/investiga.uandes.cl\/investigacion-analizo-como-se-encuadro-la-cobertura-de-prensa-del-estallido-social\/\",\"name\":\"Investigaci\u00f3n analiz\u00f3 c\u00f3mo se encuadr\u00f3 la cobertura de prensa del estallido social - Investiga UANDES\",\"isPartOf\":{\"@id\":\"https:\/\/investiga.uandes.cl\/#website\"},\"primaryImageOfPage\":{\"@id\":\"https:\/\/investiga.uandes.cl\/investigacion-analizo-como-se-encuadro-la-cobertura-de-prensa-del-estallido-social\/#primaryimage\"},\"image\":{\"@id\":\"https:\/\/investiga.uandes.cl\/investigacion-analizo-como-se-encuadro-la-cobertura-de-prensa-del-estallido-social\/#primaryimage\"},\"thumbnailUrl\":\"https:\/\/investiga.uandes.cl\/wp-content\/uploads\/2026\/02\/MG_0081-scaled-e1770330677811.jpg\",\"datePublished\":\"2026-02-05T22:31:39+00:00\",\"dateModified\":\"2026-03-13T19:48:13+00:00\",\"breadcrumb\":{\"@id\":\"https:\/\/investiga.uandes.cl\/investigacion-analizo-como-se-encuadro-la-cobertura-de-prensa-del-estallido-social\/#breadcrumb\"},\"inLanguage\":\"en-US\",\"potentialAction\":[{\"@type\":\"ReadAction\",\"target\":[\"https:\/\/investiga.uandes.cl\/investigacion-analizo-como-se-encuadro-la-cobertura-de-prensa-del-estallido-social\/\"]}]},{\"@type\":\"ImageObject\",\"inLanguage\":\"en-US\",\"@id\":\"https:\/\/investiga.uandes.cl\/investigacion-analizo-como-se-encuadro-la-cobertura-de-prensa-del-estallido-social\/#primaryimage\",\"url\":\"https:\/\/investiga.uandes.cl\/wp-content\/uploads\/2026\/02\/MG_0081-scaled-e1770330677811.jpg\",\"contentUrl\":\"https:\/\/investiga.uandes.cl\/wp-content\/uploads\/2026\/02\/MG_0081-scaled-e1770330677811.jpg\",\"width\":2560,\"height\":1442},{\"@type\":\"BreadcrumbList\",\"@id\":\"https:\/\/investiga.uandes.cl\/investigacion-analizo-como-se-encuadro-la-cobertura-de-prensa-del-estallido-social\/#breadcrumb\",\"itemListElement\":[{\"@type\":\"ListItem\",\"position\":1,\"name\":\"Portada\",\"item\":\"https:\/\/investiga.uandes.cl\/\"},{\"@type\":\"ListItem\",\"position\":2,\"name\":\"Investigaci\u00f3n analiz\u00f3 c\u00f3mo se encuadr\u00f3 la cobertura de prensa del estallido social\"}]},{\"@type\":\"WebSite\",\"@id\":\"https:\/\/investiga.uandes.cl\/#website\",\"url\":\"https:\/\/investiga.uandes.cl\/\",\"name\":\"Investiga UANDES\",\"description\":\"Investigaci\u00f3n, Universidad de los Andes\",\"publisher\":{\"@id\":\"https:\/\/investiga.uandes.cl\/#organization\"},\"potentialAction\":[{\"@type\":\"SearchAction\",\"target\":{\"@type\":\"EntryPoint\",\"urlTemplate\":\"https:\/\/investiga.uandes.cl\/?s={search_term_string}\"},\"query-input\":{\"@type\":\"PropertyValueSpecification\",\"valueRequired\":true,\"valueName\":\"search_term_string\"}}],\"inLanguage\":\"en-US\"},{\"@type\":\"Organization\",\"@id\":\"https:\/\/investiga.uandes.cl\/#organization\",\"name\":\"Investiga UANDES\",\"url\":\"https:\/\/investiga.uandes.cl\/\",\"logo\":{\"@type\":\"ImageObject\",\"inLanguage\":\"en-US\",\"@id\":\"https:\/\/investiga.uandes.cl\/#\/schema\/logo\/image\/\",\"url\":\"https:\/\/investiga.uandes.cl\/wp-content\/uploads\/2025\/03\/investiga_uandes.jpg\",\"contentUrl\":\"https:\/\/investiga.uandes.cl\/wp-content\/uploads\/2025\/03\/investiga_uandes.jpg\",\"width\":2000,\"height\":771,\"caption\":\"Investiga UANDES\"},\"image\":{\"@id\":\"https:\/\/investiga.uandes.cl\/#\/schema\/logo\/image\/\"}},{\"@type\":\"Person\",\"@id\":\"https:\/\/investiga.uandes.cl\/#\/schema\/person\/e2b51ffa4164ddc3d88af9b677b1b2b5\",\"name\":\"B\u00e1rbara Olave\",\"url\":\"https:\/\/investiga.uandes.cl\/en\/author\/bolave\/\"}]}<\/script>\n<!-- \/ Yoast SEO plugin. -->","yoast_head_json":{"title":"Investigaci\u00f3n analiz\u00f3 c\u00f3mo se encuadr\u00f3 la cobertura de prensa del estallido social - Investiga UANDES","robots":{"index":"index","follow":"follow","max-snippet":"max-snippet:-1","max-image-preview":"max-image-preview:large","max-video-preview":"max-video-preview:-1"},"canonical":"https:\/\/investiga.uandes.cl\/en\/research-analyzed-how-the-press-coverage-of-the-social-outburst-was-framed\/","og_locale":"en_US","og_type":"article","og_title":"Investigaci\u00f3n analiz\u00f3 c\u00f3mo se encuadr\u00f3 la cobertura de prensa del estallido social - Investiga UANDES","og_description":"La forma en que los medios narraron el estallido social defini\u00f3 la comprensi\u00f3n p\u00fablica de uno de los episodios sociales y pol\u00edticos m\u00e1s complejos de la historia reciente del pa\u00eds, seg\u00fan una investigaci\u00f3n sobre la cobertura period\u00edstica de esos acontecimientos.","og_url":"https:\/\/investiga.uandes.cl\/en\/research-analyzed-how-the-press-coverage-of-the-social-outburst-was-framed\/","og_site_name":"Investiga UANDES","article_published_time":"2026-02-05T22:31:39+00:00","article_modified_time":"2026-03-13T19:48:13+00:00","og_image":[{"width":2560,"height":1442,"url":"https:\/\/investiga.uandes.cl\/wp-content\/uploads\/2026\/02\/MG_0081-scaled-e1770330677811.jpg","type":"image\/jpeg"}],"author":"B\u00e1rbara Olave","twitter_card":"summary_large_image","twitter_misc":{"Written by":"B\u00e1rbara Olave","Est. reading time":"3 minutes"},"schema":{"@context":"https:\/\/schema.org","@graph":[{"@type":"Article","@id":"https:\/\/investiga.uandes.cl\/investigacion-analizo-como-se-encuadro-la-cobertura-de-prensa-del-estallido-social\/#article","isPartOf":{"@id":"https:\/\/investiga.uandes.cl\/investigacion-analizo-como-se-encuadro-la-cobertura-de-prensa-del-estallido-social\/"},"author":{"name":"B\u00e1rbara Olave","@id":"https:\/\/investiga.uandes.cl\/#\/schema\/person\/e2b51ffa4164ddc3d88af9b677b1b2b5"},"headline":"Investigaci\u00f3n analiz\u00f3 c\u00f3mo se encuadr\u00f3 la cobertura de prensa del estallido social","datePublished":"2026-02-05T22:31:39+00:00","dateModified":"2026-03-13T19:48:13+00:00","mainEntityOfPage":{"@id":"https:\/\/investiga.uandes.cl\/investigacion-analizo-como-se-encuadro-la-cobertura-de-prensa-del-estallido-social\/"},"wordCount":478,"publisher":{"@id":"https:\/\/investiga.uandes.cl\/#organization"},"image":{"@id":"https:\/\/investiga.uandes.cl\/investigacion-analizo-como-se-encuadro-la-cobertura-de-prensa-del-estallido-social\/#primaryimage"},"thumbnailUrl":"https:\/\/investiga.uandes.cl\/wp-content\/uploads\/2026\/02\/MG_0081-scaled-e1770330677811.jpg","articleSection":["Investigaci\u00f3n","Pensamiento y Sociedad"],"inLanguage":"en-US"},{"@type":"WebPage","@id":"https:\/\/investiga.uandes.cl\/investigacion-analizo-como-se-encuadro-la-cobertura-de-prensa-del-estallido-social\/","url":"https:\/\/investiga.uandes.cl\/investigacion-analizo-como-se-encuadro-la-cobertura-de-prensa-del-estallido-social\/","name":"Investigaci\u00f3n analiz\u00f3 c\u00f3mo se encuadr\u00f3 la cobertura de prensa del estallido social - Investiga UANDES","isPartOf":{"@id":"https:\/\/investiga.uandes.cl\/#website"},"primaryImageOfPage":{"@id":"https:\/\/investiga.uandes.cl\/investigacion-analizo-como-se-encuadro-la-cobertura-de-prensa-del-estallido-social\/#primaryimage"},"image":{"@id":"https:\/\/investiga.uandes.cl\/investigacion-analizo-como-se-encuadro-la-cobertura-de-prensa-del-estallido-social\/#primaryimage"},"thumbnailUrl":"https:\/\/investiga.uandes.cl\/wp-content\/uploads\/2026\/02\/MG_0081-scaled-e1770330677811.jpg","datePublished":"2026-02-05T22:31:39+00:00","dateModified":"2026-03-13T19:48:13+00:00","breadcrumb":{"@id":"https:\/\/investiga.uandes.cl\/investigacion-analizo-como-se-encuadro-la-cobertura-de-prensa-del-estallido-social\/#breadcrumb"},"inLanguage":"en-US","potentialAction":[{"@type":"ReadAction","target":["https:\/\/investiga.uandes.cl\/investigacion-analizo-como-se-encuadro-la-cobertura-de-prensa-del-estallido-social\/"]}]},{"@type":"ImageObject","inLanguage":"en-US","@id":"https:\/\/investiga.uandes.cl\/investigacion-analizo-como-se-encuadro-la-cobertura-de-prensa-del-estallido-social\/#primaryimage","url":"https:\/\/investiga.uandes.cl\/wp-content\/uploads\/2026\/02\/MG_0081-scaled-e1770330677811.jpg","contentUrl":"https:\/\/investiga.uandes.cl\/wp-content\/uploads\/2026\/02\/MG_0081-scaled-e1770330677811.jpg","width":2560,"height":1442},{"@type":"BreadcrumbList","@id":"https:\/\/investiga.uandes.cl\/investigacion-analizo-como-se-encuadro-la-cobertura-de-prensa-del-estallido-social\/#breadcrumb","itemListElement":[{"@type":"ListItem","position":1,"name":"Portada","item":"https:\/\/investiga.uandes.cl\/"},{"@type":"ListItem","position":2,"name":"Investigaci\u00f3n analiz\u00f3 c\u00f3mo se encuadr\u00f3 la cobertura de prensa del estallido social"}]},{"@type":"WebSite","@id":"https:\/\/investiga.uandes.cl\/#website","url":"https:\/\/investiga.uandes.cl\/","name":"Investiga UANDES","description":"Investigaci\u00f3n, Universidad de los Andes","publisher":{"@id":"https:\/\/investiga.uandes.cl\/#organization"},"potentialAction":[{"@type":"SearchAction","target":{"@type":"EntryPoint","urlTemplate":"https:\/\/investiga.uandes.cl\/?s={search_term_string}"},"query-input":{"@type":"PropertyValueSpecification","valueRequired":true,"valueName":"search_term_string"}}],"inLanguage":"en-US"},{"@type":"Organization","@id":"https:\/\/investiga.uandes.cl\/#organization","name":"Investiga UANDES","url":"https:\/\/investiga.uandes.cl\/","logo":{"@type":"ImageObject","inLanguage":"en-US","@id":"https:\/\/investiga.uandes.cl\/#\/schema\/logo\/image\/","url":"https:\/\/investiga.uandes.cl\/wp-content\/uploads\/2025\/03\/investiga_uandes.jpg","contentUrl":"https:\/\/investiga.uandes.cl\/wp-content\/uploads\/2025\/03\/investiga_uandes.jpg","width":2000,"height":771,"caption":"Investiga UANDES"},"image":{"@id":"https:\/\/investiga.uandes.cl\/#\/schema\/logo\/image\/"}},{"@type":"Person","@id":"https:\/\/investiga.uandes.cl\/#\/schema\/person\/e2b51ffa4164ddc3d88af9b677b1b2b5","name":"B\u00e1rbara Olave","url":"https:\/\/investiga.uandes.cl\/en\/author\/bolave\/"}]}},"_links":{"self":[{"href":"https:\/\/investiga.uandes.cl\/en\/wp-json\/wp\/v2\/posts\/7336","targetHints":{"allow":["GET"]}}],"collection":[{"href":"https:\/\/investiga.uandes.cl\/en\/wp-json\/wp\/v2\/posts"}],"about":[{"href":"https:\/\/investiga.uandes.cl\/en\/wp-json\/wp\/v2\/types\/post"}],"author":[{"embeddable":true,"href":"https:\/\/investiga.uandes.cl\/en\/wp-json\/wp\/v2\/users\/8"}],"replies":[{"embeddable":true,"href":"https:\/\/investiga.uandes.cl\/en\/wp-json\/wp\/v2\/comments?post=7336"}],"version-history":[{"count":5,"href":"https:\/\/investiga.uandes.cl\/en\/wp-json\/wp\/v2\/posts\/7336\/revisions"}],"predecessor-version":[{"id":7537,"href":"https:\/\/investiga.uandes.cl\/en\/wp-json\/wp\/v2\/posts\/7336\/revisions\/7537"}],"wp:featuredmedia":[{"embeddable":true,"href":"https:\/\/investiga.uandes.cl\/en\/wp-json\/wp\/v2\/media\/7337"}],"wp:attachment":[{"href":"https:\/\/investiga.uandes.cl\/en\/wp-json\/wp\/v2\/media?parent=7336"}],"wp:term":[{"taxonomy":"category","embeddable":true,"href":"https:\/\/investiga.uandes.cl\/en\/wp-json\/wp\/v2\/categories?post=7336"},{"taxonomy":"post_tag","embeddable":true,"href":"https:\/\/investiga.uandes.cl\/en\/wp-json\/wp\/v2\/tags?post=7336"}],"curies":[{"name":"wp","href":"https:\/\/api.w.org\/{rel}","templated":true}]}}