{"id":7293,"date":"2026-02-05T16:35:20","date_gmt":"2026-02-05T19:35:20","guid":{"rendered":"https:\/\/investiga.uandes.cl\/?p=7293"},"modified":"2026-03-17T22:20:30","modified_gmt":"2026-03-18T01:20:30","slug":"derecho-uandes-leads-fondecyt-awards-for-new-legal-research","status":"publish","type":"post","link":"https:\/\/investiga.uandes.cl\/en\/derecho-uandes-leads-fondecyt-awards-for-new-legal-research\/","title":{"rendered":"UANDES School of Law Leads the Way in Obtaining Fondecyt Funding for New Research"},"content":{"rendered":"<p>The <a href=\"https:\/\/investigadores.uandes.cl\/es\/organisations\/facultad-de-derecho\/\" target=\"_blank\" rel=\"noreferrer noopener\">School of Law<\/a> obtained five funded projects in the <a href=\"https:\/\/anid.cl\/concursos\/concurso-de-proyectos-fondecyt-regular-2026\/\" target=\"_blank\" rel=\"noreferrer noopener\">Fondecyt Regular 2026 Competition<\/a>, contributing significantly to the <strong><a href=\"https:\/\/investiga.uandes.cl\/en\/fondecyt-regular-2026-biomedicine-and-law-consolidate-awards-from-uandes\/\" target=\"_blank\" rel=\"noreferrer noopener\">institutional total of 21 selected initiatives<\/a><\/strong>.<\/p>\n\n\n\n<p>According to the results published by the <a href=\"https:\/\/anid.cl\/\" target=\"_blank\" rel=\"noreferrer noopener\">National Agency for Research and Development (ANID)<\/a> on January 23, 2026, UANDES achieved an <strong>award rate of 32.3%<\/strong>, with 21 projects selected out of a total of 65 applications, a performance consistent with the historical average of the national Fondecyt system.<\/p>\n\n\n\n<p>In a context marked by a <strong>sustained increase in applications and greater competition among institutions,<\/strong>the results reflect the <a href=\"https:\/\/investiga.uandes.cl\/en\/fondecyt-regular-2026-biomedicine-and-law-consolidate-awards-from-uandes\/\">positioning of UANDES in strategic areas such as Biomedicine and Law<\/a>and the steady strengthening of academic research.<\/p>\n\n\n\n<h3 class=\"wp-block-heading\">School of Law Projects Funded<\/h3>\n\n\n\n<p>The initiatives submitted by academics from the <a href=\"https:\/\/investigadores.uandes.cl\/en\/organisations\/facultad-de-derecho\/\" target=\"_blank\" rel=\"noreferrer noopener\">School of Law<\/a> address central issues of <strong>public, private, labor, and criminal law,<\/strong>with a direct impact on <strong>institutions, the protection of rights, and economic development<\/strong>.<\/p>\n\n\n\n<p><strong><a href=\"https:\/\/investigadores.uandes.cl\/en\/persons\/rosa-in%C3%A9s-fernanda-g%C3%B3mez-gonz%C3%A1lez\/publications\/\" target=\"_blank\" rel=\"noreferrer noopener\">Rosa Fernanda G\u00f3mez<\/a><\/strong> leads the project <em>\"Dogmatic reconstruction of the sanctioning power of the Administration in Chile: foundations, principles, and balances,\"<\/em>which proposes a <strong>comprehensive analysis of administrative sanctioning law<\/strong>. The research seeks to overcome existing regulatory gaps and reduce the current dependence on criminal law categories, advancing toward a discipline with its own identity that reconciles the effectiveness of the Administration with the protection of fundamental rights. The co-investigator is Professor Daniela Rivera Bravo from Pontificia Universidad Cat\u00f3lica de Chile.<\/p>\n\n\n\n<p>For his part, Professor <strong><a href=\"https:\/\/investigadores.uandes.cl\/en\/persons\/pablo-manterola-dom%C3%ADnguez\/publications\/\" target=\"_blank\" rel=\"noreferrer noopener\">Pablo Manterola<\/a><\/strong> was awarded the project <em>\"Contributions in Professional Companies.\"<\/em>The research critically examines the legal framework governing contributions in this type of company, analyzing the <strong>tension between the traditional concept of share capital and contemporary forms of investment,<\/strong> such as direct labor, reputation, or <em>know-how<\/em>, with the aim of proposing a conceptual reconstruction that better reflects the economic and organizational reality of professional companies. This initiative involves the participation as co-investigator of professor <strong><a href=\"https:\/\/investigadores.uandes.cl\/en\/persons\/manuel-antonio-bernet-p%C3%A1ez\/publications\/\">Manuel Bernet<\/a><\/strong>.<\/p>\n\n\n\n<p>Professor <a href=\"https:\/\/investigadores.uandes.cl\/en\/persons\/alejandro-c%C3%A9sar-romero-seguel\/publications\/\" target=\"_blank\" rel=\"noreferrer noopener\"><strong>Alejandro Romero<\/strong> <\/a>heads the project <em>\"Arbitral partition of property as an obstacle to access to justice,\"<\/em>which examines the <strong>limitations of the current arbitral partition regime for small co-ownerships and highly fragmented estates.<\/strong>The study aims to design more cost-effective and expeditious mechanisms, incorporating simplified procedures with judicial supervision to facilitate the liquidation of jointly held assets and improve effective access to justice.<\/p>\n\n\n\n<p>In the area of labor law, <strong><a href=\"https:\/\/investigadores.uandes.cl\/es\/persons\/alfredo-sierra-herrero\/\" target=\"_blank\" rel=\"noreferrer noopener\">Alfredo Sierra<\/a><\/strong> leads the research <em>\"The Economic and Financial Participation of Workers in the Firm: Its Manifestations in Remuneration.<\/em>\" The project <strong>analyzes different forms of participation in corporate results<\/strong> \u2014 such as bonuses, incentive payments, profit sharing, and stock compensation plans \u2014 aiming to contribute to the theoretical and practical development of labor law and to propose models that strengthen the motivation and commitment of workers<\/p>\n\n\n\n<p>Finally, Professor <strong><a href=\"https:\/\/investigadores.uandes.cl\/en\/persons\/gonzalo-patricio-garc%C3%ADa-palominos\/publications\/\" target=\"_blank\" rel=\"noreferrer noopener\">Gonzalo Garc\u00eda Palominos<\/a><\/strong> obtained funding for the project <em>\"Criminal Liability of Natural and Legal Persons in the Context of Corporate Groups: The Criminal Liability of Dominant Entities.<\/em>\" The research addresses the <strong>complex problem of criminal responsibility in corporate structures composed of multiple companies,<\/strong>where decisions and their execution are distributed across different levels and entities of the group.<\/p>\n\n\n\n<p>The study will analyze whether the current criteria of criminal law \u2014 both in its general provisions and in the areas of economic crimes and the criminal liability of legal persons \u2014 provide an adequate response to this phenomenon. Dr. Diva Serra (Universidad de Concepci\u00f3n) and Professor Dr. Lautaro Contreras (Universidad de Chile) participate as co-investigators.<\/p>\n\n\n<div class=\"wp-block-image\">\n<figure class=\"aligncenter size-large\"><img loading=\"lazy\" decoding=\"async\" width=\"1024\" height=\"584\" src=\"https:\/\/investiga.uandes.cl\/wp-content\/uploads\/2026\/02\/Diseno-sin-titulo-12-1024x584.webp\" alt=\"\" class=\"wp-image-7295\" srcset=\"https:\/\/investiga.uandes.cl\/wp-content\/uploads\/2026\/02\/Diseno-sin-titulo-12-1024x584.webp 1024w, https:\/\/investiga.uandes.cl\/wp-content\/uploads\/2026\/02\/Diseno-sin-titulo-12-300x171.webp 300w, https:\/\/investiga.uandes.cl\/wp-content\/uploads\/2026\/02\/Diseno-sin-titulo-12-768x438.webp 768w, https:\/\/investiga.uandes.cl\/wp-content\/uploads\/2026\/02\/Diseno-sin-titulo-12-1536x876.webp 1536w, https:\/\/investiga.uandes.cl\/wp-content\/uploads\/2026\/02\/Diseno-sin-titulo-12-18x10.webp 18w, https:\/\/investiga.uandes.cl\/wp-content\/uploads\/2026\/02\/Diseno-sin-titulo-12-1x1.webp 1w, https:\/\/investiga.uandes.cl\/wp-content\/uploads\/2026\/02\/Diseno-sin-titulo-12.webp 1875w\" sizes=\"auto, (max-width: 1024px) 100vw, 1024px\" \/><figcaption class=\"wp-element-caption\">From left to right: Rosa Fernanda G\u00f3mez, Alfredo Sierra, Alejandro Romero, Pablo Manterola and Gonzalo Garc\u00eda Palominos. <\/figcaption><\/figure>\n<\/div>","protected":false},"excerpt":{"rendered":"<p>The selected initiatives address issues related to public, private, labor, and criminal law, with an impact on the functioning of institutions, the protection of workers' rights, and investment and economic development.<\/p>","protected":false},"author":8,"featured_media":7516,"comment_status":"closed","ping_status":"closed","sticky":false,"template":"","format":"standard","meta":{"inline_featured_image":false,"footnotes":""},"categories":[1,4],"tags":[],"class_list":["post-7293","post","type-post","status-publish","format-standard","has-post-thumbnail","hentry","category-investigacion","category-pensamiento"],"yoast_head":"<!-- This site is optimized with the Yoast SEO plugin v24.7 - https:\/\/yoast.com\/wordpress\/plugins\/seo\/ -->\n<title>Derecho Uandes lidera obtenci\u00f3n de Fondecyt para nuevas investigaciones - Investiga UANDES<\/title>\n<meta name=\"robots\" content=\"index, follow, max-snippet:-1, max-image-preview:large, max-video-preview:-1\" \/>\n<link rel=\"canonical\" href=\"https:\/\/investiga.uandes.cl\/en\/derecho-uandes-leads-fondecyt-awards-for-new-legal-research\/\" \/>\n<meta property=\"og:locale\" content=\"en_US\" \/>\n<meta property=\"og:type\" content=\"article\" \/>\n<meta property=\"og:title\" content=\"Derecho Uandes lidera obtenci\u00f3n de Fondecyt para nuevas investigaciones - Investiga UANDES\" \/>\n<meta property=\"og:description\" content=\"Las iniciativas seleccionadas abordan problem\u00e1ticas relativas al derecho p\u00fablico, privado, laboral y penal, con impacto en el funcionamiento de las instituciones, la protecci\u00f3n de los derechos de los trabajadores, la inversi\u00f3n y el desarrollo econ\u00f3mico.\" \/>\n<meta property=\"og:url\" content=\"https:\/\/investiga.uandes.cl\/en\/derecho-uandes-leads-fondecyt-awards-for-new-legal-research\/\" \/>\n<meta property=\"og:site_name\" content=\"Investiga UANDES\" \/>\n<meta property=\"article:published_time\" content=\"2026-02-05T19:35:20+00:00\" \/>\n<meta property=\"article:modified_time\" content=\"2026-03-18T01:20:30+00:00\" \/>\n<meta property=\"og:image\" content=\"https:\/\/investiga.uandes.cl\/wp-content\/uploads\/2026\/02\/MG_8110-scaled-e1770395428654.jpg\" \/>\n\t<meta property=\"og:image:width\" content=\"2125\" \/>\n\t<meta property=\"og:image:height\" content=\"1195\" \/>\n\t<meta property=\"og:image:type\" content=\"image\/jpeg\" \/>\n<meta name=\"author\" content=\"B\u00e1rbara Olave\" \/>\n<meta name=\"twitter:card\" content=\"summary_large_image\" \/>\n<meta name=\"twitter:label1\" content=\"Written by\" \/>\n\t<meta name=\"twitter:data1\" content=\"B\u00e1rbara Olave\" \/>\n\t<meta name=\"twitter:label2\" content=\"Est. reading time\" \/>\n\t<meta name=\"twitter:data2\" content=\"4 minutes\" \/>\n<script type=\"application\/ld+json\" class=\"yoast-schema-graph\">{\"@context\":\"https:\/\/schema.org\",\"@graph\":[{\"@type\":\"Article\",\"@id\":\"https:\/\/investiga.uandes.cl\/derecho-uandes-lidera-adjudicaciones-fondecyt-para-nuevas-investigaciones-juridicas\/#article\",\"isPartOf\":{\"@id\":\"https:\/\/investiga.uandes.cl\/derecho-uandes-lidera-adjudicaciones-fondecyt-para-nuevas-investigaciones-juridicas\/\"},\"author\":{\"name\":\"B\u00e1rbara Olave\",\"@id\":\"https:\/\/investiga.uandes.cl\/#\/schema\/person\/e2b51ffa4164ddc3d88af9b677b1b2b5\"},\"headline\":\"Derecho Uandes lidera obtenci\u00f3n de Fondecyt para nuevas investigaciones\",\"datePublished\":\"2026-02-05T19:35:20+00:00\",\"dateModified\":\"2026-03-18T01:20:30+00:00\",\"mainEntityOfPage\":{\"@id\":\"https:\/\/investiga.uandes.cl\/derecho-uandes-lidera-adjudicaciones-fondecyt-para-nuevas-investigaciones-juridicas\/\"},\"wordCount\":689,\"publisher\":{\"@id\":\"https:\/\/investiga.uandes.cl\/#organization\"},\"image\":{\"@id\":\"https:\/\/investiga.uandes.cl\/derecho-uandes-lidera-adjudicaciones-fondecyt-para-nuevas-investigaciones-juridicas\/#primaryimage\"},\"thumbnailUrl\":\"https:\/\/investiga.uandes.cl\/wp-content\/uploads\/2026\/02\/MG_8110-scaled-e1770395428654.jpg\",\"articleSection\":[\"Investigaci\u00f3n\",\"Pensamiento y Sociedad\"],\"inLanguage\":\"en-US\"},{\"@type\":\"WebPage\",\"@id\":\"https:\/\/investiga.uandes.cl\/derecho-uandes-lidera-adjudicaciones-fondecyt-para-nuevas-investigaciones-juridicas\/\",\"url\":\"https:\/\/investiga.uandes.cl\/derecho-uandes-lidera-adjudicaciones-fondecyt-para-nuevas-investigaciones-juridicas\/\",\"name\":\"Derecho Uandes lidera obtenci\u00f3n de Fondecyt para nuevas investigaciones - Investiga UANDES\",\"isPartOf\":{\"@id\":\"https:\/\/investiga.uandes.cl\/#website\"},\"primaryImageOfPage\":{\"@id\":\"https:\/\/investiga.uandes.cl\/derecho-uandes-lidera-adjudicaciones-fondecyt-para-nuevas-investigaciones-juridicas\/#primaryimage\"},\"image\":{\"@id\":\"https:\/\/investiga.uandes.cl\/derecho-uandes-lidera-adjudicaciones-fondecyt-para-nuevas-investigaciones-juridicas\/#primaryimage\"},\"thumbnailUrl\":\"https:\/\/investiga.uandes.cl\/wp-content\/uploads\/2026\/02\/MG_8110-scaled-e1770395428654.jpg\",\"datePublished\":\"2026-02-05T19:35:20+00:00\",\"dateModified\":\"2026-03-18T01:20:30+00:00\",\"breadcrumb\":{\"@id\":\"https:\/\/investiga.uandes.cl\/derecho-uandes-lidera-adjudicaciones-fondecyt-para-nuevas-investigaciones-juridicas\/#breadcrumb\"},\"inLanguage\":\"en-US\",\"potentialAction\":[{\"@type\":\"ReadAction\",\"target\":[\"https:\/\/investiga.uandes.cl\/derecho-uandes-lidera-adjudicaciones-fondecyt-para-nuevas-investigaciones-juridicas\/\"]}]},{\"@type\":\"ImageObject\",\"inLanguage\":\"en-US\",\"@id\":\"https:\/\/investiga.uandes.cl\/derecho-uandes-lidera-adjudicaciones-fondecyt-para-nuevas-investigaciones-juridicas\/#primaryimage\",\"url\":\"https:\/\/investiga.uandes.cl\/wp-content\/uploads\/2026\/02\/MG_8110-scaled-e1770395428654.jpg\",\"contentUrl\":\"https:\/\/investiga.uandes.cl\/wp-content\/uploads\/2026\/02\/MG_8110-scaled-e1770395428654.jpg\",\"width\":2125,\"height\":1195},{\"@type\":\"BreadcrumbList\",\"@id\":\"https:\/\/investiga.uandes.cl\/derecho-uandes-lidera-adjudicaciones-fondecyt-para-nuevas-investigaciones-juridicas\/#breadcrumb\",\"itemListElement\":[{\"@type\":\"ListItem\",\"position\":1,\"name\":\"Portada\",\"item\":\"https:\/\/investiga.uandes.cl\/\"},{\"@type\":\"ListItem\",\"position\":2,\"name\":\"Derecho Uandes lidera obtenci\u00f3n de Fondecyt para nuevas investigaciones\"}]},{\"@type\":\"WebSite\",\"@id\":\"https:\/\/investiga.uandes.cl\/#website\",\"url\":\"https:\/\/investiga.uandes.cl\/\",\"name\":\"Investiga UANDES\",\"description\":\"Investigaci\u00f3n, Universidad de los Andes\",\"publisher\":{\"@id\":\"https:\/\/investiga.uandes.cl\/#organization\"},\"potentialAction\":[{\"@type\":\"SearchAction\",\"target\":{\"@type\":\"EntryPoint\",\"urlTemplate\":\"https:\/\/investiga.uandes.cl\/?s={search_term_string}\"},\"query-input\":{\"@type\":\"PropertyValueSpecification\",\"valueRequired\":true,\"valueName\":\"search_term_string\"}}],\"inLanguage\":\"en-US\"},{\"@type\":\"Organization\",\"@id\":\"https:\/\/investiga.uandes.cl\/#organization\",\"name\":\"Investiga UANDES\",\"url\":\"https:\/\/investiga.uandes.cl\/\",\"logo\":{\"@type\":\"ImageObject\",\"inLanguage\":\"en-US\",\"@id\":\"https:\/\/investiga.uandes.cl\/#\/schema\/logo\/image\/\",\"url\":\"https:\/\/investiga.uandes.cl\/wp-content\/uploads\/2025\/03\/investiga_uandes.jpg\",\"contentUrl\":\"https:\/\/investiga.uandes.cl\/wp-content\/uploads\/2025\/03\/investiga_uandes.jpg\",\"width\":2000,\"height\":771,\"caption\":\"Investiga UANDES\"},\"image\":{\"@id\":\"https:\/\/investiga.uandes.cl\/#\/schema\/logo\/image\/\"}},{\"@type\":\"Person\",\"@id\":\"https:\/\/investiga.uandes.cl\/#\/schema\/person\/e2b51ffa4164ddc3d88af9b677b1b2b5\",\"name\":\"B\u00e1rbara Olave\",\"url\":\"https:\/\/investiga.uandes.cl\/en\/author\/bolave\/\"}]}<\/script>\n<!-- \/ Yoast SEO plugin. -->","yoast_head_json":{"title":"Derecho Uandes lidera obtenci\u00f3n de Fondecyt para nuevas investigaciones - Investiga UANDES","robots":{"index":"index","follow":"follow","max-snippet":"max-snippet:-1","max-image-preview":"max-image-preview:large","max-video-preview":"max-video-preview:-1"},"canonical":"https:\/\/investiga.uandes.cl\/en\/derecho-uandes-leads-fondecyt-awards-for-new-legal-research\/","og_locale":"en_US","og_type":"article","og_title":"Derecho Uandes lidera obtenci\u00f3n de Fondecyt para nuevas investigaciones - Investiga UANDES","og_description":"Las iniciativas seleccionadas abordan problem\u00e1ticas relativas al derecho p\u00fablico, privado, laboral y penal, con impacto en el funcionamiento de las instituciones, la protecci\u00f3n de los derechos de los trabajadores, la inversi\u00f3n y el desarrollo econ\u00f3mico.","og_url":"https:\/\/investiga.uandes.cl\/en\/derecho-uandes-leads-fondecyt-awards-for-new-legal-research\/","og_site_name":"Investiga UANDES","article_published_time":"2026-02-05T19:35:20+00:00","article_modified_time":"2026-03-18T01:20:30+00:00","og_image":[{"width":2125,"height":1195,"url":"https:\/\/investiga.uandes.cl\/wp-content\/uploads\/2026\/02\/MG_8110-scaled-e1770395428654.jpg","type":"image\/jpeg"}],"author":"B\u00e1rbara Olave","twitter_card":"summary_large_image","twitter_misc":{"Written by":"B\u00e1rbara Olave","Est. reading time":"4 minutes"},"schema":{"@context":"https:\/\/schema.org","@graph":[{"@type":"Article","@id":"https:\/\/investiga.uandes.cl\/derecho-uandes-lidera-adjudicaciones-fondecyt-para-nuevas-investigaciones-juridicas\/#article","isPartOf":{"@id":"https:\/\/investiga.uandes.cl\/derecho-uandes-lidera-adjudicaciones-fondecyt-para-nuevas-investigaciones-juridicas\/"},"author":{"name":"B\u00e1rbara Olave","@id":"https:\/\/investiga.uandes.cl\/#\/schema\/person\/e2b51ffa4164ddc3d88af9b677b1b2b5"},"headline":"Derecho Uandes lidera obtenci\u00f3n de Fondecyt para nuevas investigaciones","datePublished":"2026-02-05T19:35:20+00:00","dateModified":"2026-03-18T01:20:30+00:00","mainEntityOfPage":{"@id":"https:\/\/investiga.uandes.cl\/derecho-uandes-lidera-adjudicaciones-fondecyt-para-nuevas-investigaciones-juridicas\/"},"wordCount":689,"publisher":{"@id":"https:\/\/investiga.uandes.cl\/#organization"},"image":{"@id":"https:\/\/investiga.uandes.cl\/derecho-uandes-lidera-adjudicaciones-fondecyt-para-nuevas-investigaciones-juridicas\/#primaryimage"},"thumbnailUrl":"https:\/\/investiga.uandes.cl\/wp-content\/uploads\/2026\/02\/MG_8110-scaled-e1770395428654.jpg","articleSection":["Investigaci\u00f3n","Pensamiento y Sociedad"],"inLanguage":"en-US"},{"@type":"WebPage","@id":"https:\/\/investiga.uandes.cl\/derecho-uandes-lidera-adjudicaciones-fondecyt-para-nuevas-investigaciones-juridicas\/","url":"https:\/\/investiga.uandes.cl\/derecho-uandes-lidera-adjudicaciones-fondecyt-para-nuevas-investigaciones-juridicas\/","name":"Derecho Uandes lidera obtenci\u00f3n de Fondecyt para nuevas investigaciones - Investiga UANDES","isPartOf":{"@id":"https:\/\/investiga.uandes.cl\/#website"},"primaryImageOfPage":{"@id":"https:\/\/investiga.uandes.cl\/derecho-uandes-lidera-adjudicaciones-fondecyt-para-nuevas-investigaciones-juridicas\/#primaryimage"},"image":{"@id":"https:\/\/investiga.uandes.cl\/derecho-uandes-lidera-adjudicaciones-fondecyt-para-nuevas-investigaciones-juridicas\/#primaryimage"},"thumbnailUrl":"https:\/\/investiga.uandes.cl\/wp-content\/uploads\/2026\/02\/MG_8110-scaled-e1770395428654.jpg","datePublished":"2026-02-05T19:35:20+00:00","dateModified":"2026-03-18T01:20:30+00:00","breadcrumb":{"@id":"https:\/\/investiga.uandes.cl\/derecho-uandes-lidera-adjudicaciones-fondecyt-para-nuevas-investigaciones-juridicas\/#breadcrumb"},"inLanguage":"en-US","potentialAction":[{"@type":"ReadAction","target":["https:\/\/investiga.uandes.cl\/derecho-uandes-lidera-adjudicaciones-fondecyt-para-nuevas-investigaciones-juridicas\/"]}]},{"@type":"ImageObject","inLanguage":"en-US","@id":"https:\/\/investiga.uandes.cl\/derecho-uandes-lidera-adjudicaciones-fondecyt-para-nuevas-investigaciones-juridicas\/#primaryimage","url":"https:\/\/investiga.uandes.cl\/wp-content\/uploads\/2026\/02\/MG_8110-scaled-e1770395428654.jpg","contentUrl":"https:\/\/investiga.uandes.cl\/wp-content\/uploads\/2026\/02\/MG_8110-scaled-e1770395428654.jpg","width":2125,"height":1195},{"@type":"BreadcrumbList","@id":"https:\/\/investiga.uandes.cl\/derecho-uandes-lidera-adjudicaciones-fondecyt-para-nuevas-investigaciones-juridicas\/#breadcrumb","itemListElement":[{"@type":"ListItem","position":1,"name":"Portada","item":"https:\/\/investiga.uandes.cl\/"},{"@type":"ListItem","position":2,"name":"Derecho Uandes lidera obtenci\u00f3n de Fondecyt para nuevas investigaciones"}]},{"@type":"WebSite","@id":"https:\/\/investiga.uandes.cl\/#website","url":"https:\/\/investiga.uandes.cl\/","name":"Investiga UANDES","description":"Investigaci\u00f3n, Universidad de los Andes","publisher":{"@id":"https:\/\/investiga.uandes.cl\/#organization"},"potentialAction":[{"@type":"SearchAction","target":{"@type":"EntryPoint","urlTemplate":"https:\/\/investiga.uandes.cl\/?s={search_term_string}"},"query-input":{"@type":"PropertyValueSpecification","valueRequired":true,"valueName":"search_term_string"}}],"inLanguage":"en-US"},{"@type":"Organization","@id":"https:\/\/investiga.uandes.cl\/#organization","name":"Investiga UANDES","url":"https:\/\/investiga.uandes.cl\/","logo":{"@type":"ImageObject","inLanguage":"en-US","@id":"https:\/\/investiga.uandes.cl\/#\/schema\/logo\/image\/","url":"https:\/\/investiga.uandes.cl\/wp-content\/uploads\/2025\/03\/investiga_uandes.jpg","contentUrl":"https:\/\/investiga.uandes.cl\/wp-content\/uploads\/2025\/03\/investiga_uandes.jpg","width":2000,"height":771,"caption":"Investiga UANDES"},"image":{"@id":"https:\/\/investiga.uandes.cl\/#\/schema\/logo\/image\/"}},{"@type":"Person","@id":"https:\/\/investiga.uandes.cl\/#\/schema\/person\/e2b51ffa4164ddc3d88af9b677b1b2b5","name":"B\u00e1rbara Olave","url":"https:\/\/investiga.uandes.cl\/en\/author\/bolave\/"}]}},"_links":{"self":[{"href":"https:\/\/investiga.uandes.cl\/en\/wp-json\/wp\/v2\/posts\/7293","targetHints":{"allow":["GET"]}}],"collection":[{"href":"https:\/\/investiga.uandes.cl\/en\/wp-json\/wp\/v2\/posts"}],"about":[{"href":"https:\/\/investiga.uandes.cl\/en\/wp-json\/wp\/v2\/types\/post"}],"author":[{"embeddable":true,"href":"https:\/\/investiga.uandes.cl\/en\/wp-json\/wp\/v2\/users\/8"}],"replies":[{"embeddable":true,"href":"https:\/\/investiga.uandes.cl\/en\/wp-json\/wp\/v2\/comments?post=7293"}],"version-history":[{"count":6,"href":"https:\/\/investiga.uandes.cl\/en\/wp-json\/wp\/v2\/posts\/7293\/revisions"}],"predecessor-version":[{"id":7513,"href":"https:\/\/investiga.uandes.cl\/en\/wp-json\/wp\/v2\/posts\/7293\/revisions\/7513"}],"wp:featuredmedia":[{"embeddable":true,"href":"https:\/\/investiga.uandes.cl\/en\/wp-json\/wp\/v2\/media\/7516"}],"wp:attachment":[{"href":"https:\/\/investiga.uandes.cl\/en\/wp-json\/wp\/v2\/media?parent=7293"}],"wp:term":[{"taxonomy":"category","embeddable":true,"href":"https:\/\/investiga.uandes.cl\/en\/wp-json\/wp\/v2\/categories?post=7293"},{"taxonomy":"post_tag","embeddable":true,"href":"https:\/\/investiga.uandes.cl\/en\/wp-json\/wp\/v2\/tags?post=7293"}],"curies":[{"name":"wp","href":"https:\/\/api.w.org\/{rel}","templated":true}]}}