{"id":7240,"date":"2026-02-05T13:53:03","date_gmt":"2026-02-05T16:53:03","guid":{"rendered":"https:\/\/investiga.uandes.cl\/?p=7240"},"modified":"2026-03-17T11:42:50","modified_gmt":"2026-03-17T14:42:50","slug":"making-a-meaningful-impact-uandes-researchers-bring-academia-and-congress-together","status":"publish","type":"post","link":"https:\/\/investiga.uandes.cl\/en\/making-a-meaningful-impact-uandes-researchers-bring-academia-and-congress-together\/","title":{"rendered":"Making a Meaningful Impact: UANDES Researchers Unite Academia and Congress"},"content":{"rendered":"<p>Through the initiative <a href=\"https:\/\/vincula.cl\/\" target=\"_blank\" rel=\"noreferrer noopener\">Vincula<\/a>, the platform that fosters two-way collaboration between the academic world and the Legislature, Universidad de los Andes has played an active role in recent parliamentary discussions on family law and the protection of children and adolescents.<\/p>\n\n\n\n<p>Vincula is a platform that seeks to bridge the gap between those who produce research and those who need it to make evidence-based decisions in Congress.<\/p>\n\n\n\n<p>One of these milestones was the presentation by academic <a href=\"https:\/\/investigadores.uandes.cl\/en\/persons\/mar-del-rosario-guridi-rivano\/\" target=\"_blank\" rel=\"noreferrer noopener\">Mar del Rosario Guridi<\/a>, Ph.D., a professor at the School of Law, before the <a href=\"https:\/\/www.senado.cl\/actividad-legislativa\/comisiones\/1126\/22303\" target=\"_blank\" rel=\"noreferrer noopener\">Senate Committee on Women and Gender Equity<\/a> , in the context of the bill that seeks to <strong>prevent a parent in debt from opposing the departure of his or her children from the country.<\/strong><\/p>\n\n\n\n<p>The academic addressed the legal implications of the bill, answering questions made during the Committee debate, which were channeled through the legislative team of <a href=\"https:\/\/www.senado.cl\/senadoras-y-senadores\/listado-de-senadoras-y-senadores\/carmen-gloria-aravena-acuna-sen\">Senator Carmen Gloria Aravena<\/a>, reinforcing the value of academic research in the processing of legal initiatives with high social impact.<\/p>\n\n\n\n<p>This participation adds to another recent instance of collaboration between Universidad de los Andes and the Senate facilitated through Vincula.<\/p>\n\n\n\n<p>In early December 2025, legislative advisor Claudio Pimentel, on behalf of Senator Aravena, requested academic support for the analysis of the bill regulating the provision of childcare services, such as daycare centers and after-school programs, which is currently in its second constitutional stage. The request was referred to Professor <a href=\"https:\/\/investigadores.uandes.cl\/en\/persons\/rodrigo-andr%C3%A9s-guerra-espinosa\/\">Rodrigo Guerra, a faculty member at the School of Law<\/a>.<\/p>\n\n\n\n<p>Professor Guerra then prepared a technical legal report presented to the Senate Committee, focusing on two key aspects of the bill: the constitutionality of the disqualifications from employment associated with alternative sentencing, particularly regarding the presumption of innocence and due process, and the proportionality and duration of such disqualifications.<\/p>\n\n\n\n<p><strong>In his analysis, he proposed limiting these sanctions to the period of conditional suspension and that they cease automatically upon definitive dismissal, so as not to hinder social reintegration.<\/strong><\/p>\n\n\n\n<p>The report submitted by the researcher was key to the bill's approval in general, as well as serving as a basis for the future drafting of amendments during the committee-stage discussion.<\/p>\n\n\n\n<p>Both cases reflect the concrete impact of Vincula, an initiative that seeks to strengthen legislative decision-making through evidence, technical analysis, and academic expertise.<\/p>\n\n\n\n<p>For <strong>Universidad de los Andes Office of the Vice Rector for Research<\/strong>, the participation of its academics in this platform is strategic, as it allows the university to extend its work beyond the classroom, contributing directly to the development of public policies and the improvement of legislation on issues of significant public concern, thereby integrating academic research effectively.<\/p>\n\n\n\n<p><strong>Universidad de los Andes has been actively participating in Vincula since 2022, contributing consistently to the consolidation of this national network, following an invitation from Pontificia Universidad Cat\u00f3lica de Chile.<\/strong><\/p>\n\n\n\n<p>During this period, UANDES has contributed more than 6,600 publications to the Vincula platform, has designated academic ambassadors across various disciplines, and has hosted one of the network's keynote lectures, held in 2024.<\/p>\n\n\n\n<p>That same year, UANDES signed a formal collaboration agreement, strengthening its institutional commitment to knowledge mobilization for the public sector. As part of this, <a href=\"https:\/\/investigadores.uandes.cl\/en\/persons\/claudia-isabel-brizuela-cordero\/\">Claudia Brizuela, Director of Research and Doctoral Programs at UANDES<\/a> , was appointed to the <a href=\"https:\/\/www.uandes.cl\/noticias\/uandes-consolida-su-presencia-en-red-vincula-tras-nombramiento-de-claudia-brizuela-en-el-comite-directivo\/.\" target=\"_blank\" rel=\"noreferrer noopener\">Vincula Steering Committee<\/a>.<\/p>\n\n\n\n<p>On January 21, 2025, the first meeting of the UANDES Vincula Operating Committee was held, formally launching a new stage of institutional work linking research and the legislative process.<\/p>\n\n\n\n<p>\"The year 2025 marked a turning point for Universidad de los Andes in Vincula: not only did we exceed the goal of 100 registered academics, but we also consolidated an internal governance model for knowledge management oriented toward public advocacy. The challenge for 2026 is to move from registration to the active practice of legislative engagement, transforming this critical mass into effective advocacy. Our goal is for the knowledge generated at UANDES to be a relevant and reliable input for decision-making in Congress,\" Brizuela stated.<\/p>\n\n\n\n<blockquote class=\"wp-block-quote is-layout-flow wp-block-quote-is-layout-flow\">\n<p>\"This work is part of the strengthening of UANDES's public research role and the consolidation of Vincula as a key tool for connecting academic knowledge with public policies,\" concluded Brizuela.<\/p>\n<\/blockquote>\n\n\n\n<figure class=\"wp-block-embed is-type-video is-provider-youtube wp-block-embed-youtube wp-embed-aspect-16-9 wp-has-aspect-ratio\"><div class=\"wp-block-embed__wrapper\">\n<iframe loading=\"lazy\" title=\"Committee on Women and Gender Equity - January 19, 2026\" width=\"1140\" height=\"641\" src=\"https:\/\/www.youtube.com\/embed\/dFlOy3N35nU?start=3230&#038;feature=oembed\" frameborder=\"0\" allow=\"accelerometer; autoplay; clipboard-write; encrypted-media; gyroscope; picture-in-picture; web-share\" referrerpolicy=\"strict-origin-when-cross-origin\" allowfullscreen><\/iframe>\n<\/div><\/figure>\n\n\n\n<figure class=\"wp-block-embed is-type-video is-provider-youtube wp-block-embed-youtube wp-embed-aspect-16-9 wp-has-aspect-ratio\"><div class=\"wp-block-embed__wrapper\">\n<iframe loading=\"lazy\" title=\"Family, Children and Adolescents Commission - December 16, 2025\" width=\"1140\" height=\"641\" src=\"https:\/\/www.youtube.com\/embed\/scMN_x-VtuQ?feature=oembed\" frameborder=\"0\" allow=\"accelerometer; autoplay; clipboard-write; encrypted-media; gyroscope; picture-in-picture; web-share\" referrerpolicy=\"strict-origin-when-cross-origin\" allowfullscreen><\/iframe>\n<\/div><\/figure>","protected":false},"excerpt":{"rendered":"<p>With the objective of serving as a meeting place for researchers, academics, and members of Congress to promote the development of evidence-based legislation, Vincula has become a successful example of UANDES's evidence culture in public policy.<\/p>","protected":false},"author":1,"featured_media":7244,"comment_status":"closed","ping_status":"closed","sticky":false,"template":"","format":"standard","meta":{"inline_featured_image":false,"footnotes":""},"categories":[1,4],"tags":[],"class_list":["post-7240","post","type-post","status-publish","format-standard","has-post-thumbnail","hentry","category-investigacion","category-pensamiento"],"yoast_head":"<!-- This site is optimized with the Yoast SEO plugin v24.7 - https:\/\/yoast.com\/wordpress\/plugins\/seo\/ -->\n<title>Impactar con sentido: investigadores Uandes unen la academia y el Congreso - Investiga UANDES<\/title>\n<meta name=\"robots\" content=\"index, follow, max-snippet:-1, max-image-preview:large, max-video-preview:-1\" \/>\n<link rel=\"canonical\" href=\"https:\/\/investiga.uandes.cl\/en\/making-a-meaningful-impact-uandes-researchers-bring-academia-and-congress-together\/\" \/>\n<meta property=\"og:locale\" content=\"en_US\" \/>\n<meta property=\"og:type\" content=\"article\" \/>\n<meta property=\"og:title\" content=\"Impactar con sentido: investigadores Uandes unen la academia y el Congreso - Investiga UANDES\" \/>\n<meta property=\"og:description\" content=\"Con el objetivo de ser un espacio de encuentro entre investigadores, acad\u00e9micos y miembros del Congreso para promover la generaci\u00f3n de leyes basadas en evidencia e investigaci\u00f3n, Vincula se ha convertido en un ejemplo de \u00e9xito de la cultura de la evidencia Uandes en las pol\u00edticas p\u00fablicas.\" \/>\n<meta property=\"og:url\" content=\"https:\/\/investiga.uandes.cl\/en\/making-a-meaningful-impact-uandes-researchers-bring-academia-and-congress-together\/\" \/>\n<meta property=\"og:site_name\" content=\"Investiga UANDES\" \/>\n<meta property=\"article:published_time\" content=\"2026-02-05T16:53:03+00:00\" \/>\n<meta property=\"article:modified_time\" content=\"2026-03-17T14:42:50+00:00\" \/>\n<meta property=\"og:image\" content=\"https:\/\/investiga.uandes.cl\/wp-content\/uploads\/2026\/02\/Imagen2-scaled.jpg\" \/>\n\t<meta property=\"og:image:width\" content=\"2560\" \/>\n\t<meta property=\"og:image:height\" content=\"1443\" \/>\n\t<meta property=\"og:image:type\" content=\"image\/jpeg\" \/>\n<meta name=\"author\" content=\"Universidad de los Andes\" \/>\n<meta name=\"twitter:card\" content=\"summary_large_image\" \/>\n<meta name=\"twitter:label1\" content=\"Written by\" \/>\n\t<meta name=\"twitter:data1\" content=\"Universidad de los Andes\" \/>\n\t<meta name=\"twitter:label2\" content=\"Est. reading time\" \/>\n\t<meta name=\"twitter:data2\" content=\"4 minutes\" \/>\n<script type=\"application\/ld+json\" class=\"yoast-schema-graph\">{\"@context\":\"https:\/\/schema.org\",\"@graph\":[{\"@type\":\"Article\",\"@id\":\"https:\/\/investiga.uandes.cl\/impactar-con-sentido-investigadores-uandes-unen-la-academia-y-el-congreso\/#article\",\"isPartOf\":{\"@id\":\"https:\/\/investiga.uandes.cl\/impactar-con-sentido-investigadores-uandes-unen-la-academia-y-el-congreso\/\"},\"author\":{\"name\":\"Universidad de los Andes\",\"@id\":\"https:\/\/investiga.uandes.cl\/#\/schema\/person\/98e4042261f6d20b73b4e8cae8ff4495\"},\"headline\":\"Impactar con sentido: investigadores Uandes unen la academia y el Congreso\",\"datePublished\":\"2026-02-05T16:53:03+00:00\",\"dateModified\":\"2026-03-17T14:42:50+00:00\",\"mainEntityOfPage\":{\"@id\":\"https:\/\/investiga.uandes.cl\/impactar-con-sentido-investigadores-uandes-unen-la-academia-y-el-congreso\/\"},\"wordCount\":866,\"publisher\":{\"@id\":\"https:\/\/investiga.uandes.cl\/#organization\"},\"image\":{\"@id\":\"https:\/\/investiga.uandes.cl\/impactar-con-sentido-investigadores-uandes-unen-la-academia-y-el-congreso\/#primaryimage\"},\"thumbnailUrl\":\"https:\/\/investiga.uandes.cl\/wp-content\/uploads\/2026\/02\/Imagen2-scaled.jpg\",\"articleSection\":[\"Investigaci\u00f3n\",\"Pensamiento y Sociedad\"],\"inLanguage\":\"en-US\"},{\"@type\":\"WebPage\",\"@id\":\"https:\/\/investiga.uandes.cl\/impactar-con-sentido-investigadores-uandes-unen-la-academia-y-el-congreso\/\",\"url\":\"https:\/\/investiga.uandes.cl\/impactar-con-sentido-investigadores-uandes-unen-la-academia-y-el-congreso\/\",\"name\":\"Impactar con sentido: investigadores Uandes unen la academia y el Congreso - Investiga UANDES\",\"isPartOf\":{\"@id\":\"https:\/\/investiga.uandes.cl\/#website\"},\"primaryImageOfPage\":{\"@id\":\"https:\/\/investiga.uandes.cl\/impactar-con-sentido-investigadores-uandes-unen-la-academia-y-el-congreso\/#primaryimage\"},\"image\":{\"@id\":\"https:\/\/investiga.uandes.cl\/impactar-con-sentido-investigadores-uandes-unen-la-academia-y-el-congreso\/#primaryimage\"},\"thumbnailUrl\":\"https:\/\/investiga.uandes.cl\/wp-content\/uploads\/2026\/02\/Imagen2-scaled.jpg\",\"datePublished\":\"2026-02-05T16:53:03+00:00\",\"dateModified\":\"2026-03-17T14:42:50+00:00\",\"breadcrumb\":{\"@id\":\"https:\/\/investiga.uandes.cl\/impactar-con-sentido-investigadores-uandes-unen-la-academia-y-el-congreso\/#breadcrumb\"},\"inLanguage\":\"en-US\",\"potentialAction\":[{\"@type\":\"ReadAction\",\"target\":[\"https:\/\/investiga.uandes.cl\/impactar-con-sentido-investigadores-uandes-unen-la-academia-y-el-congreso\/\"]}]},{\"@type\":\"ImageObject\",\"inLanguage\":\"en-US\",\"@id\":\"https:\/\/investiga.uandes.cl\/impactar-con-sentido-investigadores-uandes-unen-la-academia-y-el-congreso\/#primaryimage\",\"url\":\"https:\/\/investiga.uandes.cl\/wp-content\/uploads\/2026\/02\/Imagen2-scaled.jpg\",\"contentUrl\":\"https:\/\/investiga.uandes.cl\/wp-content\/uploads\/2026\/02\/Imagen2-scaled.jpg\",\"width\":2560,\"height\":1443},{\"@type\":\"BreadcrumbList\",\"@id\":\"https:\/\/investiga.uandes.cl\/impactar-con-sentido-investigadores-uandes-unen-la-academia-y-el-congreso\/#breadcrumb\",\"itemListElement\":[{\"@type\":\"ListItem\",\"position\":1,\"name\":\"Portada\",\"item\":\"https:\/\/investiga.uandes.cl\/\"},{\"@type\":\"ListItem\",\"position\":2,\"name\":\"Impactar con sentido: investigadores Uandes unen la academia y el Congreso\"}]},{\"@type\":\"WebSite\",\"@id\":\"https:\/\/investiga.uandes.cl\/#website\",\"url\":\"https:\/\/investiga.uandes.cl\/\",\"name\":\"Investiga UANDES\",\"description\":\"Investigaci\u00f3n, Universidad de los Andes\",\"publisher\":{\"@id\":\"https:\/\/investiga.uandes.cl\/#organization\"},\"potentialAction\":[{\"@type\":\"SearchAction\",\"target\":{\"@type\":\"EntryPoint\",\"urlTemplate\":\"https:\/\/investiga.uandes.cl\/?s={search_term_string}\"},\"query-input\":{\"@type\":\"PropertyValueSpecification\",\"valueRequired\":true,\"valueName\":\"search_term_string\"}}],\"inLanguage\":\"en-US\"},{\"@type\":\"Organization\",\"@id\":\"https:\/\/investiga.uandes.cl\/#organization\",\"name\":\"Investiga UANDES\",\"url\":\"https:\/\/investiga.uandes.cl\/\",\"logo\":{\"@type\":\"ImageObject\",\"inLanguage\":\"en-US\",\"@id\":\"https:\/\/investiga.uandes.cl\/#\/schema\/logo\/image\/\",\"url\":\"https:\/\/investiga.uandes.cl\/wp-content\/uploads\/2025\/03\/investiga_uandes.jpg\",\"contentUrl\":\"https:\/\/investiga.uandes.cl\/wp-content\/uploads\/2025\/03\/investiga_uandes.jpg\",\"width\":2000,\"height\":771,\"caption\":\"Investiga UANDES\"},\"image\":{\"@id\":\"https:\/\/investiga.uandes.cl\/#\/schema\/logo\/image\/\"}},{\"@type\":\"Person\",\"@id\":\"https:\/\/investiga.uandes.cl\/#\/schema\/person\/98e4042261f6d20b73b4e8cae8ff4495\",\"name\":\"Universidad de los Andes\",\"sameAs\":[\"https:\/\/test.uandes.cl\"],\"url\":\"https:\/\/investiga.uandes.cl\/en\/author\/admin\/\"}]}<\/script>\n<!-- \/ Yoast SEO plugin. -->","yoast_head_json":{"title":"Impactar con sentido: investigadores Uandes unen la academia y el Congreso - Investiga UANDES","robots":{"index":"index","follow":"follow","max-snippet":"max-snippet:-1","max-image-preview":"max-image-preview:large","max-video-preview":"max-video-preview:-1"},"canonical":"https:\/\/investiga.uandes.cl\/en\/making-a-meaningful-impact-uandes-researchers-bring-academia-and-congress-together\/","og_locale":"en_US","og_type":"article","og_title":"Impactar con sentido: investigadores Uandes unen la academia y el Congreso - Investiga UANDES","og_description":"Con el objetivo de ser un espacio de encuentro entre investigadores, acad\u00e9micos y miembros del Congreso para promover la generaci\u00f3n de leyes basadas en evidencia e investigaci\u00f3n, Vincula se ha convertido en un ejemplo de \u00e9xito de la cultura de la evidencia Uandes en las pol\u00edticas p\u00fablicas.","og_url":"https:\/\/investiga.uandes.cl\/en\/making-a-meaningful-impact-uandes-researchers-bring-academia-and-congress-together\/","og_site_name":"Investiga UANDES","article_published_time":"2026-02-05T16:53:03+00:00","article_modified_time":"2026-03-17T14:42:50+00:00","og_image":[{"width":2560,"height":1443,"url":"https:\/\/investiga.uandes.cl\/wp-content\/uploads\/2026\/02\/Imagen2-scaled.jpg","type":"image\/jpeg"}],"author":"Universidad de los Andes","twitter_card":"summary_large_image","twitter_misc":{"Written by":"Universidad de los Andes","Est. reading time":"4 minutes"},"schema":{"@context":"https:\/\/schema.org","@graph":[{"@type":"Article","@id":"https:\/\/investiga.uandes.cl\/impactar-con-sentido-investigadores-uandes-unen-la-academia-y-el-congreso\/#article","isPartOf":{"@id":"https:\/\/investiga.uandes.cl\/impactar-con-sentido-investigadores-uandes-unen-la-academia-y-el-congreso\/"},"author":{"name":"Universidad de los Andes","@id":"https:\/\/investiga.uandes.cl\/#\/schema\/person\/98e4042261f6d20b73b4e8cae8ff4495"},"headline":"Impactar con sentido: investigadores Uandes unen la academia y el Congreso","datePublished":"2026-02-05T16:53:03+00:00","dateModified":"2026-03-17T14:42:50+00:00","mainEntityOfPage":{"@id":"https:\/\/investiga.uandes.cl\/impactar-con-sentido-investigadores-uandes-unen-la-academia-y-el-congreso\/"},"wordCount":866,"publisher":{"@id":"https:\/\/investiga.uandes.cl\/#organization"},"image":{"@id":"https:\/\/investiga.uandes.cl\/impactar-con-sentido-investigadores-uandes-unen-la-academia-y-el-congreso\/#primaryimage"},"thumbnailUrl":"https:\/\/investiga.uandes.cl\/wp-content\/uploads\/2026\/02\/Imagen2-scaled.jpg","articleSection":["Investigaci\u00f3n","Pensamiento y Sociedad"],"inLanguage":"en-US"},{"@type":"WebPage","@id":"https:\/\/investiga.uandes.cl\/impactar-con-sentido-investigadores-uandes-unen-la-academia-y-el-congreso\/","url":"https:\/\/investiga.uandes.cl\/impactar-con-sentido-investigadores-uandes-unen-la-academia-y-el-congreso\/","name":"Impactar con sentido: investigadores Uandes unen la academia y el Congreso - Investiga UANDES","isPartOf":{"@id":"https:\/\/investiga.uandes.cl\/#website"},"primaryImageOfPage":{"@id":"https:\/\/investiga.uandes.cl\/impactar-con-sentido-investigadores-uandes-unen-la-academia-y-el-congreso\/#primaryimage"},"image":{"@id":"https:\/\/investiga.uandes.cl\/impactar-con-sentido-investigadores-uandes-unen-la-academia-y-el-congreso\/#primaryimage"},"thumbnailUrl":"https:\/\/investiga.uandes.cl\/wp-content\/uploads\/2026\/02\/Imagen2-scaled.jpg","datePublished":"2026-02-05T16:53:03+00:00","dateModified":"2026-03-17T14:42:50+00:00","breadcrumb":{"@id":"https:\/\/investiga.uandes.cl\/impactar-con-sentido-investigadores-uandes-unen-la-academia-y-el-congreso\/#breadcrumb"},"inLanguage":"en-US","potentialAction":[{"@type":"ReadAction","target":["https:\/\/investiga.uandes.cl\/impactar-con-sentido-investigadores-uandes-unen-la-academia-y-el-congreso\/"]}]},{"@type":"ImageObject","inLanguage":"en-US","@id":"https:\/\/investiga.uandes.cl\/impactar-con-sentido-investigadores-uandes-unen-la-academia-y-el-congreso\/#primaryimage","url":"https:\/\/investiga.uandes.cl\/wp-content\/uploads\/2026\/02\/Imagen2-scaled.jpg","contentUrl":"https:\/\/investiga.uandes.cl\/wp-content\/uploads\/2026\/02\/Imagen2-scaled.jpg","width":2560,"height":1443},{"@type":"BreadcrumbList","@id":"https:\/\/investiga.uandes.cl\/impactar-con-sentido-investigadores-uandes-unen-la-academia-y-el-congreso\/#breadcrumb","itemListElement":[{"@type":"ListItem","position":1,"name":"Portada","item":"https:\/\/investiga.uandes.cl\/"},{"@type":"ListItem","position":2,"name":"Impactar con sentido: investigadores Uandes unen la academia y el Congreso"}]},{"@type":"WebSite","@id":"https:\/\/investiga.uandes.cl\/#website","url":"https:\/\/investiga.uandes.cl\/","name":"Investiga UANDES","description":"Investigaci\u00f3n, Universidad de los Andes","publisher":{"@id":"https:\/\/investiga.uandes.cl\/#organization"},"potentialAction":[{"@type":"SearchAction","target":{"@type":"EntryPoint","urlTemplate":"https:\/\/investiga.uandes.cl\/?s={search_term_string}"},"query-input":{"@type":"PropertyValueSpecification","valueRequired":true,"valueName":"search_term_string"}}],"inLanguage":"en-US"},{"@type":"Organization","@id":"https:\/\/investiga.uandes.cl\/#organization","name":"Investiga UANDES","url":"https:\/\/investiga.uandes.cl\/","logo":{"@type":"ImageObject","inLanguage":"en-US","@id":"https:\/\/investiga.uandes.cl\/#\/schema\/logo\/image\/","url":"https:\/\/investiga.uandes.cl\/wp-content\/uploads\/2025\/03\/investiga_uandes.jpg","contentUrl":"https:\/\/investiga.uandes.cl\/wp-content\/uploads\/2025\/03\/investiga_uandes.jpg","width":2000,"height":771,"caption":"Investiga UANDES"},"image":{"@id":"https:\/\/investiga.uandes.cl\/#\/schema\/logo\/image\/"}},{"@type":"Person","@id":"https:\/\/investiga.uandes.cl\/#\/schema\/person\/98e4042261f6d20b73b4e8cae8ff4495","name":"Universidad de los Andes","sameAs":["https:\/\/test.uandes.cl"],"url":"https:\/\/investiga.uandes.cl\/en\/author\/admin\/"}]}},"_links":{"self":[{"href":"https:\/\/investiga.uandes.cl\/en\/wp-json\/wp\/v2\/posts\/7240","targetHints":{"allow":["GET"]}}],"collection":[{"href":"https:\/\/investiga.uandes.cl\/en\/wp-json\/wp\/v2\/posts"}],"about":[{"href":"https:\/\/investiga.uandes.cl\/en\/wp-json\/wp\/v2\/types\/post"}],"author":[{"embeddable":true,"href":"https:\/\/investiga.uandes.cl\/en\/wp-json\/wp\/v2\/users\/1"}],"replies":[{"embeddable":true,"href":"https:\/\/investiga.uandes.cl\/en\/wp-json\/wp\/v2\/comments?post=7240"}],"version-history":[{"count":13,"href":"https:\/\/investiga.uandes.cl\/en\/wp-json\/wp\/v2\/posts\/7240\/revisions"}],"predecessor-version":[{"id":7600,"href":"https:\/\/investiga.uandes.cl\/en\/wp-json\/wp\/v2\/posts\/7240\/revisions\/7600"}],"wp:featuredmedia":[{"embeddable":true,"href":"https:\/\/investiga.uandes.cl\/en\/wp-json\/wp\/v2\/media\/7244"}],"wp:attachment":[{"href":"https:\/\/investiga.uandes.cl\/en\/wp-json\/wp\/v2\/media?parent=7240"}],"wp:term":[{"taxonomy":"category","embeddable":true,"href":"https:\/\/investiga.uandes.cl\/en\/wp-json\/wp\/v2\/categories?post=7240"},{"taxonomy":"post_tag","embeddable":true,"href":"https:\/\/investiga.uandes.cl\/en\/wp-json\/wp\/v2\/tags?post=7240"}],"curies":[{"name":"wp","href":"https:\/\/api.w.org\/{rel}","templated":true}]}}