{"id":7196,"date":"2026-02-03T16:41:51","date_gmt":"2026-02-03T19:41:51","guid":{"rendered":"https:\/\/investiga.uandes.cl\/?p=7196"},"modified":"2026-04-23T13:43:54","modified_gmt":"2026-04-23T16:43:54","slug":"research-council-presents-progress-and-strategic-challenges-for-2026","status":"publish","type":"post","link":"https:\/\/investiga.uandes.cl\/en\/research-council-presents-progress-and-strategic-challenges-for-2026\/","title":{"rendered":"Research Council Presented Progress and Strategic Challenges for 2026"},"content":{"rendered":"<p>On January 19, the <a href=\"https:\/\/www.uandes.cl\/investigacion-e-innovacion\/investigacion-y-doctorado\/quienes-somos\/#consejo\">UANDES Research Council<\/a> shared with <strong>Rector Jos\u00e9 Antonio Guzm\u00e1n<\/strong> an assessment of the work carried out during 2025 and the main strategic challenges for the period ahead.<\/p>\n\n\n\n<p>Those present included the <a href=\"https:\/\/investigadores.uandes.cl\/en\/persons\/javier-ignacio-enrione\/\" target=\"_blank\" rel=\"noreferrer noopener\">Vice Rector for Research, Javier Enrione<\/a>; the <a href=\"https:\/\/investigadores.uandes.cl\/en\/persons\/claudia-isabel-brizuela-cordero\/\" target=\"_blank\" rel=\"noreferrer noopener\">Director of Research and Doctoral Studies, Claudia Brizuela<\/a>; the <a href=\"https:\/\/www.uandes.cl\/personas\/daniela-bonacic\/\" target=\"_blank\" rel=\"noreferrer noopener\">Deputy Director of Research, Daniela Bonacic<\/a>; and Council members <a href=\"https:\/\/investigadores.uandes.cl\/en\/persons\/luis-federico-batiz\/\" target=\"_blank\" rel=\"noreferrer noopener\">Federico Batiz<\/a> (director of the <a href=\"https:\/\/investigadores.uandes.cl\/en\/organisations\/centro-de-investigaci%C3%B3n-e-innovaci%C3%B3n-biom%C3%A9dica\/\" target=\"_blank\" rel=\"noreferrer noopener\">CIIB<\/a>), <a href=\"https:\/\/investigadores.uandes.cl\/en\/persons\/felipe-ignacio-scott-contador\/\/\">Felipe Scott<\/a>, <a href=\"https:\/\/investigadores.uandes.cl\/en\/persons\/rosa-guadalupe-gonz%C3%A1lez-ram%C3%ADrez\/\" target=\"_blank\" rel=\"noreferrer noopener\">Rosa Gonz\u00e1lez<\/a> (<a href=\"https:\/\/investigadores.uandes.cl\/en\/organisations\/facultad-de-ingenier%C3%ADa-y-ciencias-aplicadas\/\" target=\"_blank\" rel=\"noreferrer noopener\">School of Engineering and Applied Sciences<\/a>, joining the Council), <a href=\"https:\/\/investigadores.uandes.cl\/en\/persons\/ana-elisa-pereira-goncalves\/\" target=\"_blank\" rel=\"noreferrer noopener\">Ana Elisa Pereira<\/a> (<a href=\"https:\/\/investigadores.uandes.cl\/en\/organisations\/facultad-de-ciencias-econ%C3%B3micas-y-empresariales\/\" target=\"_blank\" rel=\"noreferrer noopener\">School of Economics and Business Administration<\/a>), <a href=\"https:\/\/investigadores.uandes.cl\/en\/persons\/jos%C3%A9-antonio-gim%C3%A9nez-salinas\/\" target=\"_blank\" rel=\"noreferrer noopener\">Jos\u00e9 Antonio Gim\u00e9nez<\/a> (<a href=\"https:\/\/investigadores.uandes.cl\/en\/organisations\/facultad-de-filosof%C3%ADa-y-humanidades\/\" target=\"_blank\" rel=\"noreferrer noopener\">Institute of Philosophy<\/a>) and <a href=\"https:\/\/investigadores.uandes.cl\/en\/persons\/joaqu%C3%ADn-zuleta-carrandi\/\" target=\"_blank\" rel=\"noreferrer noopener\">Joaqu\u00edn Zuleta<\/a> (<a href=\"https:\/\/investigadores.uandes.cl\/en\/organisations\/instituto-de-historia\/\">Institute of <\/a><a href=\"https:\/\/investigadores.uandes.cl\/en\/organisations\/instituto-de-historia\/\" target=\"_blank\" rel=\"noreferrer noopener\">L<\/a><a href=\"https:\/\/investigadores.uandes.cl\/en\/organisations\/instituto-de-historia\/\">iterature<\/a>).<\/p>\n\n\n\n<p>The meeting was held as part of the process of <a href=\"https:\/\/www.uandes.cl\/universidad\/nosotros\/informacion-institucional\/plan-de-desarrollo-institucional\/pei\/\" target=\"_blank\" rel=\"noreferrer noopener\">Institutional Strategic Planning (PEI)<\/a> and addressed, as cross-cutting issues, the <strong>alignment with teaching and the need to preserve the educational identity of Universidad de los Andes.<\/strong><\/p>\n\n\n\n<h3 class=\"wp-block-heading\">\"Delicate Balance\" and Guidelines with Flexibility<\/h3>\n\n\n\n<p>At the beginning of the meeting, the Rector stressed the need to maintain the \"delicate balance\" between research and student training, emphasizing that <strong>teaching must remain at the center of decisions and that people are the foundation of academic development<\/strong>.<\/p>\n\n\n\n<blockquote class=\"wp-block-quote is-layout-flow wp-block-quote-is-layout-flow\">\n<p>\"This year the Council has a special challenge: to help define a research strategy for the University's PEI,\" he noted, regarding the importance of defining stable directions without losing the capacity for innovation.<\/p>\n<\/blockquote>\n\n\n\n<p>Guzm\u00e1n also stressed the need for flexibility to innovate within stable guidelines, citing a reflection inspired by Cardinal John Henry Newman: <strong>\"Rivers are strong when they have solid walls on the sides. Clear guidelines give us direction and strength.\"<\/strong>.<\/p>\n\n\n\n<h3 class=\"wp-block-heading\">Key Role of the Council: From Operational to Strategic<\/h3>\n\n\n\n<p>During 2025, the Research Council played an advisory role to the Office of the Vice-Rector for Research, with a deliberate shift toward structural and forward-looking issues. In her presentation of the annual review, Claudia Brizuela explained that the Council transitioned from a more operational agenda to strategic conversations: \"This year we wanted to reorient the Council's work: to move from the more operational to a more strategic perspective, with a focus on sustainability, talent, and relevant excellence with future projection,\" she said.<\/p>\n\n\n\n<p>Topics addressed included criteria for excellence and productivity by discipline, funding sustainability, strengthening internationalization, review of incentives in the Humanities, and the design, implementation, and evaluation of the <a href=\"https:\/\/investiga.uandes.cl\/en\/strengthening-research-excellence-consolidated-talents-come-to-enhance-scientific-production-at-uandes\/\" target=\"_blank\" rel=\"noreferrer noopener\">Strengthening Program for Research Excellence<\/a>.<\/p>\n\n\n\n<p>One of the central themes of the work was the recognition of disciplinary differences and the need to develop differentiated frameworks that maintain high quality standards while respecting the logic of each field of knowledge.<\/p>\n\n\n\n<p>In this context, the Rector reinforced the need to consider <a href=\"https:\/\/investiga.uandes.cl\/en\/from-artificial-intelligence-to-human-dignity-contemporary-grand-challenges-marked-doctoral-theses-2025\/\" target=\"_blank\" rel=\"noreferrer noopener\">the impact of emerging phenomena, such as artificial intelligence as applied to research<\/a>and their normative, ethical, and methodological implications.<\/p>\n\n\n\n<h3 class=\"wp-block-heading\">Financing, Excellence, and Long-Term Vision<\/h3>\n\n\n\n<p>Another priority addressed by the Council in 2025 was the <strong>structural crisis in research funding<\/strong>, marked by the stagnation of the public budget and high dependence on competitive funds such as <a href=\"https:\/\/www.uandes.cl\/noticias\/conoce-los-resultados-de-la-convocatoria-fondecyt-2026-iniciacion-y-postdoctorado\/\">Fondecyt<\/a>. The analysis led to the conclusion that this situation is not cyclical, but rather <strong>requires a long-term institutional strategy<\/strong>, with the objective of strengthening internal capabilities, improving competitiveness, and diversifying funding sources.<\/p>\n\n\n\n<p>The Vice Rector for Research, Javier Enrione, engaged with this reflection from a strategic perspective, emphasizing the need for institutional funding criteria consistent with Universidad de los Andes\u2019s identity.<\/p>\n\n\n\n<p>Enrione also invited the Council to envision the development of research over a medium and long-term horizon. \"The Council must ask itself how it envisions the University in 5 or 10 years' time,\" he said, also reflecting on the model of research centers and collaboration among researchers.<\/p>\n\n\n\n<h3 class=\"wp-block-heading\">Strengthening and Incentive Programs in the Humanities<\/h3>\n\n\n\n<p>The 2025 report also monitored and evaluated the <a href=\"https:\/\/investiga.uandes.cl\/en\/strengthening-research-excellence-consolidated-talents-come-to-enhance-scientific-production-at-uandes\/\">Strengthening Program for Research Excellence<\/a>, whose first implementation yielded key lessons. Among them: the <strong>importance of better strategic alignment between academic units and researchers,<\/strong>and the need to incorporate institutional and colaborative criteria in the selection of projects.<\/p>\n\n\n\n<p>In parallel, the Council reviewed the <strong>incentive structures in the Humanities<\/strong>, proposing to recognize the book as a central product of excellence, without overlooking the importance of publication in high-impact journals. Given its strategic and budgetary significance, this proposal was submitted to the Rector's Office.<\/p>\n\n\n\n<p>During the meeting, Council members also shared reflections on the work carried out and future challenges, highlighting the value of interdisciplinary dialogue.<\/p>\n\n\n\n<p>From the humanities, Joaqu\u00edn Zuleta highlighted the breadth of perspectives on excellence, stressing that the Council has sought to make disciplinary specificity compatible with institutional objectives.<\/p>\n\n\n\n<p>Felipe Scott, who will be succeeded on the Council by Rosa Gonz\u00e1lez, addressed the sustainability of the system, noting that \"it is worth questioning who could survive with sustainable funding that does not depend on public resources. Identifying talent and building groups or centers is key, but it is not easy.\"<\/p>\n\n\n\n<p>The meeting closed by reaffirming that the development of research at Universidad de los Andes must be <strong>oriented toward the search for truth, contributing to strengthen the formation of students, projecting academic talent, and building, with institutional purpose, a university of excellence with a view to the future.<\/strong>.<\/p>","protected":false},"excerpt":{"rendered":"<p>The meeting reaffirmed that the development of UANDES research should be oriented toward the search for truth, the training of students, and the projection of academic talent in a university of excellence with a view to the future.<\/p>","protected":false},"author":1,"featured_media":7201,"comment_status":"closed","ping_status":"closed","sticky":false,"template":"","format":"standard","meta":{"inline_featured_image":false,"footnotes":""},"categories":[2,1],"tags":[27],"class_list":["post-7196","post","type-post","status-publish","format-standard","has-post-thumbnail","hentry","category-ciencia","category-investigacion","tag-nuestros-investigadores"],"yoast_head":"<!-- This site is optimized with the Yoast SEO plugin v24.7 - https:\/\/yoast.com\/wordpress\/plugins\/seo\/ -->\n<title>Consejo de Investigaci\u00f3n present\u00f3 los avances y desaf\u00edos estrat\u00e9gicos para 2026 - Investiga UANDES<\/title>\n<meta name=\"robots\" content=\"index, follow, max-snippet:-1, max-image-preview:large, max-video-preview:-1\" \/>\n<link rel=\"canonical\" href=\"https:\/\/investiga.uandes.cl\/en\/research-council-presents-progress-and-strategic-challenges-for-2026\/\" \/>\n<meta property=\"og:locale\" content=\"en_US\" \/>\n<meta property=\"og:type\" content=\"article\" \/>\n<meta property=\"og:title\" content=\"Consejo de Investigaci\u00f3n present\u00f3 los avances y desaf\u00edos estrat\u00e9gicos para 2026 - Investiga UANDES\" \/>\n<meta property=\"og:description\" content=\"En el encuentro se reafirm\u00f3 que el desarrollo de la investigaci\u00f3n Uandes debe estar orientada a la b\u00fasqueda de la verdad, la formaci\u00f3n de estudiantes y la proyecci\u00f3n del talento acad\u00e9mico en una universidad de excelencia con mirada de futuro.\" \/>\n<meta property=\"og:url\" content=\"https:\/\/investiga.uandes.cl\/en\/research-council-presents-progress-and-strategic-challenges-for-2026\/\" \/>\n<meta property=\"og:site_name\" content=\"Investiga UANDES\" \/>\n<meta property=\"article:published_time\" content=\"2026-02-03T19:41:51+00:00\" \/>\n<meta property=\"article:modified_time\" content=\"2026-04-23T16:43:54+00:00\" \/>\n<meta property=\"og:image\" content=\"https:\/\/investiga.uandes.cl\/wp-content\/uploads\/2026\/02\/MG_3114-scaled-e1769106445962-2048x1153-1.webp\" \/>\n\t<meta property=\"og:image:width\" content=\"2048\" \/>\n\t<meta property=\"og:image:height\" content=\"1153\" \/>\n\t<meta property=\"og:image:type\" content=\"image\/webp\" \/>\n<meta name=\"author\" content=\"Universidad de los Andes\" \/>\n<meta name=\"twitter:card\" content=\"summary_large_image\" \/>\n<meta name=\"twitter:label1\" content=\"Written by\" \/>\n\t<meta name=\"twitter:data1\" content=\"Universidad de los Andes\" \/>\n\t<meta name=\"twitter:label2\" content=\"Est. reading time\" \/>\n\t<meta name=\"twitter:data2\" content=\"5 minutes\" \/>\n<script type=\"application\/ld+json\" class=\"yoast-schema-graph\">{\"@context\":\"https:\/\/schema.org\",\"@graph\":[{\"@type\":\"Article\",\"@id\":\"https:\/\/investiga.uandes.cl\/consejo-de-investigacion-presento-los-avances-y-desafios-estrategicos-para-2026\/#article\",\"isPartOf\":{\"@id\":\"https:\/\/investiga.uandes.cl\/consejo-de-investigacion-presento-los-avances-y-desafios-estrategicos-para-2026\/\"},\"author\":{\"name\":\"Universidad de los Andes\",\"@id\":\"https:\/\/investiga.uandes.cl\/#\/schema\/person\/98e4042261f6d20b73b4e8cae8ff4495\"},\"headline\":\"Consejo de Investigaci\u00f3n present\u00f3 los avances y desaf\u00edos estrat\u00e9gicos para 2026\",\"datePublished\":\"2026-02-03T19:41:51+00:00\",\"dateModified\":\"2026-04-23T16:43:54+00:00\",\"mainEntityOfPage\":{\"@id\":\"https:\/\/investiga.uandes.cl\/consejo-de-investigacion-presento-los-avances-y-desafios-estrategicos-para-2026\/\"},\"wordCount\":982,\"publisher\":{\"@id\":\"https:\/\/investiga.uandes.cl\/#organization\"},\"image\":{\"@id\":\"https:\/\/investiga.uandes.cl\/consejo-de-investigacion-presento-los-avances-y-desafios-estrategicos-para-2026\/#primaryimage\"},\"thumbnailUrl\":\"https:\/\/investiga.uandes.cl\/wp-content\/uploads\/2026\/02\/MG_3114-scaled-e1769106445962-2048x1153-1.webp\",\"keywords\":[\"Nuestros Investigadores\"],\"articleSection\":[\"Ciencia y Tecnolog\u00eda\",\"Investigaci\u00f3n\"],\"inLanguage\":\"en-US\"},{\"@type\":\"WebPage\",\"@id\":\"https:\/\/investiga.uandes.cl\/consejo-de-investigacion-presento-los-avances-y-desafios-estrategicos-para-2026\/\",\"url\":\"https:\/\/investiga.uandes.cl\/consejo-de-investigacion-presento-los-avances-y-desafios-estrategicos-para-2026\/\",\"name\":\"Consejo de Investigaci\u00f3n present\u00f3 los avances y desaf\u00edos estrat\u00e9gicos para 2026 - Investiga UANDES\",\"isPartOf\":{\"@id\":\"https:\/\/investiga.uandes.cl\/#website\"},\"primaryImageOfPage\":{\"@id\":\"https:\/\/investiga.uandes.cl\/consejo-de-investigacion-presento-los-avances-y-desafios-estrategicos-para-2026\/#primaryimage\"},\"image\":{\"@id\":\"https:\/\/investiga.uandes.cl\/consejo-de-investigacion-presento-los-avances-y-desafios-estrategicos-para-2026\/#primaryimage\"},\"thumbnailUrl\":\"https:\/\/investiga.uandes.cl\/wp-content\/uploads\/2026\/02\/MG_3114-scaled-e1769106445962-2048x1153-1.webp\",\"datePublished\":\"2026-02-03T19:41:51+00:00\",\"dateModified\":\"2026-04-23T16:43:54+00:00\",\"breadcrumb\":{\"@id\":\"https:\/\/investiga.uandes.cl\/consejo-de-investigacion-presento-los-avances-y-desafios-estrategicos-para-2026\/#breadcrumb\"},\"inLanguage\":\"en-US\",\"potentialAction\":[{\"@type\":\"ReadAction\",\"target\":[\"https:\/\/investiga.uandes.cl\/consejo-de-investigacion-presento-los-avances-y-desafios-estrategicos-para-2026\/\"]}]},{\"@type\":\"ImageObject\",\"inLanguage\":\"en-US\",\"@id\":\"https:\/\/investiga.uandes.cl\/consejo-de-investigacion-presento-los-avances-y-desafios-estrategicos-para-2026\/#primaryimage\",\"url\":\"https:\/\/investiga.uandes.cl\/wp-content\/uploads\/2026\/02\/MG_3114-scaled-e1769106445962-2048x1153-1.webp\",\"contentUrl\":\"https:\/\/investiga.uandes.cl\/wp-content\/uploads\/2026\/02\/MG_3114-scaled-e1769106445962-2048x1153-1.webp\",\"width\":2048,\"height\":1153},{\"@type\":\"BreadcrumbList\",\"@id\":\"https:\/\/investiga.uandes.cl\/consejo-de-investigacion-presento-los-avances-y-desafios-estrategicos-para-2026\/#breadcrumb\",\"itemListElement\":[{\"@type\":\"ListItem\",\"position\":1,\"name\":\"Portada\",\"item\":\"https:\/\/investiga.uandes.cl\/\"},{\"@type\":\"ListItem\",\"position\":2,\"name\":\"Consejo de Investigaci\u00f3n present\u00f3 los avances y desaf\u00edos estrat\u00e9gicos para 2026\"}]},{\"@type\":\"WebSite\",\"@id\":\"https:\/\/investiga.uandes.cl\/#website\",\"url\":\"https:\/\/investiga.uandes.cl\/\",\"name\":\"Investiga UANDES\",\"description\":\"Investigaci\u00f3n, Universidad de los Andes\",\"publisher\":{\"@id\":\"https:\/\/investiga.uandes.cl\/#organization\"},\"potentialAction\":[{\"@type\":\"SearchAction\",\"target\":{\"@type\":\"EntryPoint\",\"urlTemplate\":\"https:\/\/investiga.uandes.cl\/?s={search_term_string}\"},\"query-input\":{\"@type\":\"PropertyValueSpecification\",\"valueRequired\":true,\"valueName\":\"search_term_string\"}}],\"inLanguage\":\"en-US\"},{\"@type\":\"Organization\",\"@id\":\"https:\/\/investiga.uandes.cl\/#organization\",\"name\":\"Investiga UANDES\",\"url\":\"https:\/\/investiga.uandes.cl\/\",\"logo\":{\"@type\":\"ImageObject\",\"inLanguage\":\"en-US\",\"@id\":\"https:\/\/investiga.uandes.cl\/#\/schema\/logo\/image\/\",\"url\":\"https:\/\/investiga.uandes.cl\/wp-content\/uploads\/2025\/03\/investiga_uandes.jpg\",\"contentUrl\":\"https:\/\/investiga.uandes.cl\/wp-content\/uploads\/2025\/03\/investiga_uandes.jpg\",\"width\":2000,\"height\":771,\"caption\":\"Investiga UANDES\"},\"image\":{\"@id\":\"https:\/\/investiga.uandes.cl\/#\/schema\/logo\/image\/\"}},{\"@type\":\"Person\",\"@id\":\"https:\/\/investiga.uandes.cl\/#\/schema\/person\/98e4042261f6d20b73b4e8cae8ff4495\",\"name\":\"Universidad de los Andes\",\"sameAs\":[\"https:\/\/test.uandes.cl\"],\"url\":\"https:\/\/investiga.uandes.cl\/en\/author\/admin\/\"}]}<\/script>\n<!-- \/ Yoast SEO plugin. -->","yoast_head_json":{"title":"Consejo de Investigaci\u00f3n present\u00f3 los avances y desaf\u00edos estrat\u00e9gicos para 2026 - Investiga UANDES","robots":{"index":"index","follow":"follow","max-snippet":"max-snippet:-1","max-image-preview":"max-image-preview:large","max-video-preview":"max-video-preview:-1"},"canonical":"https:\/\/investiga.uandes.cl\/en\/research-council-presents-progress-and-strategic-challenges-for-2026\/","og_locale":"en_US","og_type":"article","og_title":"Consejo de Investigaci\u00f3n present\u00f3 los avances y desaf\u00edos estrat\u00e9gicos para 2026 - Investiga UANDES","og_description":"En el encuentro se reafirm\u00f3 que el desarrollo de la investigaci\u00f3n Uandes debe estar orientada a la b\u00fasqueda de la verdad, la formaci\u00f3n de estudiantes y la proyecci\u00f3n del talento acad\u00e9mico en una universidad de excelencia con mirada de futuro.","og_url":"https:\/\/investiga.uandes.cl\/en\/research-council-presents-progress-and-strategic-challenges-for-2026\/","og_site_name":"Investiga UANDES","article_published_time":"2026-02-03T19:41:51+00:00","article_modified_time":"2026-04-23T16:43:54+00:00","og_image":[{"width":2048,"height":1153,"url":"https:\/\/investiga.uandes.cl\/wp-content\/uploads\/2026\/02\/MG_3114-scaled-e1769106445962-2048x1153-1.webp","type":"image\/webp"}],"author":"Universidad de los Andes","twitter_card":"summary_large_image","twitter_misc":{"Written by":"Universidad de los Andes","Est. reading time":"5 minutes"},"schema":{"@context":"https:\/\/schema.org","@graph":[{"@type":"Article","@id":"https:\/\/investiga.uandes.cl\/consejo-de-investigacion-presento-los-avances-y-desafios-estrategicos-para-2026\/#article","isPartOf":{"@id":"https:\/\/investiga.uandes.cl\/consejo-de-investigacion-presento-los-avances-y-desafios-estrategicos-para-2026\/"},"author":{"name":"Universidad de los Andes","@id":"https:\/\/investiga.uandes.cl\/#\/schema\/person\/98e4042261f6d20b73b4e8cae8ff4495"},"headline":"Consejo de Investigaci\u00f3n present\u00f3 los avances y desaf\u00edos estrat\u00e9gicos para 2026","datePublished":"2026-02-03T19:41:51+00:00","dateModified":"2026-04-23T16:43:54+00:00","mainEntityOfPage":{"@id":"https:\/\/investiga.uandes.cl\/consejo-de-investigacion-presento-los-avances-y-desafios-estrategicos-para-2026\/"},"wordCount":982,"publisher":{"@id":"https:\/\/investiga.uandes.cl\/#organization"},"image":{"@id":"https:\/\/investiga.uandes.cl\/consejo-de-investigacion-presento-los-avances-y-desafios-estrategicos-para-2026\/#primaryimage"},"thumbnailUrl":"https:\/\/investiga.uandes.cl\/wp-content\/uploads\/2026\/02\/MG_3114-scaled-e1769106445962-2048x1153-1.webp","keywords":["Nuestros Investigadores"],"articleSection":["Ciencia y Tecnolog\u00eda","Investigaci\u00f3n"],"inLanguage":"en-US"},{"@type":"WebPage","@id":"https:\/\/investiga.uandes.cl\/consejo-de-investigacion-presento-los-avances-y-desafios-estrategicos-para-2026\/","url":"https:\/\/investiga.uandes.cl\/consejo-de-investigacion-presento-los-avances-y-desafios-estrategicos-para-2026\/","name":"Consejo de Investigaci\u00f3n present\u00f3 los avances y desaf\u00edos estrat\u00e9gicos para 2026 - Investiga UANDES","isPartOf":{"@id":"https:\/\/investiga.uandes.cl\/#website"},"primaryImageOfPage":{"@id":"https:\/\/investiga.uandes.cl\/consejo-de-investigacion-presento-los-avances-y-desafios-estrategicos-para-2026\/#primaryimage"},"image":{"@id":"https:\/\/investiga.uandes.cl\/consejo-de-investigacion-presento-los-avances-y-desafios-estrategicos-para-2026\/#primaryimage"},"thumbnailUrl":"https:\/\/investiga.uandes.cl\/wp-content\/uploads\/2026\/02\/MG_3114-scaled-e1769106445962-2048x1153-1.webp","datePublished":"2026-02-03T19:41:51+00:00","dateModified":"2026-04-23T16:43:54+00:00","breadcrumb":{"@id":"https:\/\/investiga.uandes.cl\/consejo-de-investigacion-presento-los-avances-y-desafios-estrategicos-para-2026\/#breadcrumb"},"inLanguage":"en-US","potentialAction":[{"@type":"ReadAction","target":["https:\/\/investiga.uandes.cl\/consejo-de-investigacion-presento-los-avances-y-desafios-estrategicos-para-2026\/"]}]},{"@type":"ImageObject","inLanguage":"en-US","@id":"https:\/\/investiga.uandes.cl\/consejo-de-investigacion-presento-los-avances-y-desafios-estrategicos-para-2026\/#primaryimage","url":"https:\/\/investiga.uandes.cl\/wp-content\/uploads\/2026\/02\/MG_3114-scaled-e1769106445962-2048x1153-1.webp","contentUrl":"https:\/\/investiga.uandes.cl\/wp-content\/uploads\/2026\/02\/MG_3114-scaled-e1769106445962-2048x1153-1.webp","width":2048,"height":1153},{"@type":"BreadcrumbList","@id":"https:\/\/investiga.uandes.cl\/consejo-de-investigacion-presento-los-avances-y-desafios-estrategicos-para-2026\/#breadcrumb","itemListElement":[{"@type":"ListItem","position":1,"name":"Portada","item":"https:\/\/investiga.uandes.cl\/"},{"@type":"ListItem","position":2,"name":"Consejo de Investigaci\u00f3n present\u00f3 los avances y desaf\u00edos estrat\u00e9gicos para 2026"}]},{"@type":"WebSite","@id":"https:\/\/investiga.uandes.cl\/#website","url":"https:\/\/investiga.uandes.cl\/","name":"Investiga UANDES","description":"Investigaci\u00f3n, Universidad de los Andes","publisher":{"@id":"https:\/\/investiga.uandes.cl\/#organization"},"potentialAction":[{"@type":"SearchAction","target":{"@type":"EntryPoint","urlTemplate":"https:\/\/investiga.uandes.cl\/?s={search_term_string}"},"query-input":{"@type":"PropertyValueSpecification","valueRequired":true,"valueName":"search_term_string"}}],"inLanguage":"en-US"},{"@type":"Organization","@id":"https:\/\/investiga.uandes.cl\/#organization","name":"Investiga UANDES","url":"https:\/\/investiga.uandes.cl\/","logo":{"@type":"ImageObject","inLanguage":"en-US","@id":"https:\/\/investiga.uandes.cl\/#\/schema\/logo\/image\/","url":"https:\/\/investiga.uandes.cl\/wp-content\/uploads\/2025\/03\/investiga_uandes.jpg","contentUrl":"https:\/\/investiga.uandes.cl\/wp-content\/uploads\/2025\/03\/investiga_uandes.jpg","width":2000,"height":771,"caption":"Investiga UANDES"},"image":{"@id":"https:\/\/investiga.uandes.cl\/#\/schema\/logo\/image\/"}},{"@type":"Person","@id":"https:\/\/investiga.uandes.cl\/#\/schema\/person\/98e4042261f6d20b73b4e8cae8ff4495","name":"Universidad de los Andes","sameAs":["https:\/\/test.uandes.cl"],"url":"https:\/\/investiga.uandes.cl\/en\/author\/admin\/"}]}},"_links":{"self":[{"href":"https:\/\/investiga.uandes.cl\/en\/wp-json\/wp\/v2\/posts\/7196","targetHints":{"allow":["GET"]}}],"collection":[{"href":"https:\/\/investiga.uandes.cl\/en\/wp-json\/wp\/v2\/posts"}],"about":[{"href":"https:\/\/investiga.uandes.cl\/en\/wp-json\/wp\/v2\/types\/post"}],"author":[{"embeddable":true,"href":"https:\/\/investiga.uandes.cl\/en\/wp-json\/wp\/v2\/users\/1"}],"replies":[{"embeddable":true,"href":"https:\/\/investiga.uandes.cl\/en\/wp-json\/wp\/v2\/comments?post=7196"}],"version-history":[{"count":11,"href":"https:\/\/investiga.uandes.cl\/en\/wp-json\/wp\/v2\/posts\/7196\/revisions"}],"predecessor-version":[{"id":7701,"href":"https:\/\/investiga.uandes.cl\/en\/wp-json\/wp\/v2\/posts\/7196\/revisions\/7701"}],"wp:featuredmedia":[{"embeddable":true,"href":"https:\/\/investiga.uandes.cl\/en\/wp-json\/wp\/v2\/media\/7201"}],"wp:attachment":[{"href":"https:\/\/investiga.uandes.cl\/en\/wp-json\/wp\/v2\/media?parent=7196"}],"wp:term":[{"taxonomy":"category","embeddable":true,"href":"https:\/\/investiga.uandes.cl\/en\/wp-json\/wp\/v2\/categories?post=7196"},{"taxonomy":"post_tag","embeddable":true,"href":"https:\/\/investiga.uandes.cl\/en\/wp-json\/wp\/v2\/tags?post=7196"}],"curies":[{"name":"wp","href":"https:\/\/api.w.org\/{rel}","templated":true}]}}