{"id":7181,"date":"2026-02-03T16:03:35","date_gmt":"2026-02-03T19:03:35","guid":{"rendered":"https:\/\/investiga.uandes.cl\/?p=7181"},"modified":"2026-04-24T15:45:15","modified_gmt":"2026-04-24T18:45:15","slug":"strengthening-research-excellence-consolidated-talents-come-to-enhance-scientific-production-at-uandes","status":"publish","type":"post","link":"https:\/\/investiga.uandes.cl\/en\/strengthening-research-excellence-consolidated-talents-come-to-enhance-scientific-production-at-uandes\/","title":{"rendered":"UANDES Boosts Research with the Arrival of New  Professors to Strengthen the Generation of High-Impact Knowledge"},"content":{"rendered":"<p>The New <strong>Research Excellence Program<\/strong> de la Universidad financiar\u00e1 hasta 30 profesores investigadores con doctorado con una subvenci\u00f3n anual, para integrarse como profesores a la comunidad acad\u00e9mica Uandes, potenciando la colaboraci\u00f3n en proyectos de investigaci\u00f3n. Tras el primer a\u00f1o, esta iniciativa permiti\u00f3&nbsp;fortalecer las \u00e1reas de la <a href=\"https:\/\/investigadores.uandes.cl\/en\/organisations\/facultad-de-derecho\/\">School of Law<\/a>, <a href=\"https:\/\/investigadores.uandes.cl\/en\/organisations\/kinesiolog%C3%ADa\/\">School of Kinesiology<\/a>, <a href=\"https:\/\/investigadores.uandes.cl\/en\/organisations\/facultad-de-medicina\/\">School of Medicine<\/a>, <a href=\"https:\/\/investigadores.uandes.cl\/en\/organisations\/facultad-de-odontolog%C3%ADa\/\">School of Dentistry<\/a> , and <a href=\"https:\/\/investigadores.uandes.cl\/en\/organisations\/facultad-de-enfermer%C3%ADa-y-obstetricia\/\">School of Nursing and Midwifery<\/a>.<\/p>\n\n\n\n<p>The program funds the hiring of a researcher to carry out their work under the auspices of the academic unit that submitted the application; their duties include <strong>developing a research agenda, publishing, and securing project funding.<\/strong> The objective is to <strong>increase scientific output and strengthen Universidad de los Andes's research excellence,<\/strong> through the incorporation of experienced research professors who will contribute to the advanced training of graduate students, develop new areas of research, promote interdisciplinarity, and strengthen the acquisition of external funding.<\/p>\n\n\n\n<figure class=\"wp-block-embed is-type-video is-provider-youtube wp-block-embed-youtube wp-embed-aspect-16-9 wp-has-aspect-ratio\"><div class=\"wp-block-embed__wrapper\">\n<iframe loading=\"lazy\" title=\"Research at Uandes | Experience in the Research Strengthening Program\" width=\"1140\" height=\"641\" src=\"https:\/\/www.youtube.com\/embed\/fqShbaSh6xk?feature=oembed\" frameborder=\"0\" allow=\"accelerometer; autoplay; clipboard-write; encrypted-media; gyroscope; picture-in-picture; web-share\" referrerpolicy=\"strict-origin-when-cross-origin\" allowfullscreen><\/iframe>\n<\/div><\/figure>\n\n\n\n<figure class=\"wp-block-image size-full\"><img loading=\"lazy\" decoding=\"async\" width=\"1\" height=\"1\" src=\"https:\/\/investiga.uandes.cl\/wp-content\/uploads\/2026\/02\/image.gif\" alt=\"\" class=\"wp-image-7576\"\/><\/figure>\n\n\n\n<blockquote class=\"wp-block-quote is-layout-flow wp-block-quote-is-layout-flow\">\n<p class=\"has-text-align-center has-medium-font-size\">\"We believe that, through this program, it will be possible to generate a significant impact on the development of research at UANDES, fostering greater national and international visibility in this field and the transfer of knowledge with a concrete impact on society. The first call allowed us to incorporate research professors with an active research trajectory, who have contributed to strengthening the research priorities of our schools,\" says <a href=\"https:\/\/investigadores.uandes.cl\/en\/persons\/javier-ignacio-enrione\/\">Javier Enrione, Vice Rector for Research<\/a>.&nbsp;<\/p>\n<\/blockquote>\n\n\n\n<p><a href=\"https:\/\/investigadores.uandes.cl\/\">UANDES has 256 research professors<\/a>, 526 annual publications, and 98 active <a href=\"https:\/\/anid.cl\/proyectos-de-investigacion\/fondecyt-regular\/\">Fondecyt<\/a> projects \u2014 figures that reflect sustained growth. However, UANDES seeks to continue growing through the gradual incorporation of new researchers with established careers in various research areas, in order to strengthen research excellence across different fields of knowledge.<\/p>\n\n\n\n<p>The program envisions the gradual incorporation of researchers, starting with four new research professors during the first two years, followed by six annual additions in 2027 and 2028, and five in 2029 and 2030, completing the total of 30, depending on the compatibility of the candidate with the development plan of each school.<\/p>\n\n\n\n<p style=\"font-size:20px\"><strong>How and When to Apply?<\/strong><\/p>\n\n\n\n<p>La convocatoria para el a\u00f1o 2026 estar\u00e1 abierta hasta el 30 de mayo para todas las unidades acad\u00e9micas interesadas en impulsar su capacidad investigativa y atraer talento de alto nivel.<\/p>\n\n\n\n<p>\"In this new call, the competition allows the incorporation of both early-career researchers and more established research professors, contributing to enriching and strengthening the academic mission of each school,\" said the Vice Rector for Research.<\/p>\n\n\n\n<ul class=\"wp-block-list\">\n<li><strong>Objective:<\/strong> Incorporate experienced research professors to strengthen academic units.<\/li>\n\n\n\n<li><strong>Implementation:<\/strong> Initiated in 2024, it funds the hiring of researchers who develop research agendas, publish, and secure project funding.<\/li>\n\n\n\n<li><strong>Early results:<\/strong> Schools such as Law, Medicine (Kinesiology), Dentistry, and Nursing and Midwifery have already benefited.<\/li>\n\n\n\n<li><strong>Impact:<\/strong> Seeks to enhance the quality and impact of research within the <a href=\"https:\/\/www.uandes.cl\/noticias\/programa-de-fortalecimiento-en-investigacion-de-excelencia-primeros-academicos-beneficiados-fortalecen-areas-prioritarias-para-la-uandes\/\" target=\"_blank\" rel=\"noreferrer noopener\">UANDES<\/a>.&nbsp;<a href=\"https:\/\/investiga.uandes.cl\/en\/category\/research\/#:~:text=Nuevos%20investigadores%20llegan%20a%20fortalecer%20la%20producci%C3%B3n%20cient%C3%ADfica%20de%20excelencia%20en%20la%20Uandes.&amp;text=La%20Vicerrector%C3%ADa%20de%20Investigaci%C3%B3n%20y%20la%20Direcci%C3%B3n,permitir%C3%A1%20la%20llegada%20de%2030%20nuevos%20acad%C3%A9micos.\" target=\"_blank\" rel=\"noreferrer noopener\"><\/a><\/li>\n<\/ul>\n\n\n\n<figure class=\"wp-block-embed is-type-video is-provider-youtube wp-block-embed-youtube wp-embed-aspect-16-9 wp-has-aspect-ratio\"><div class=\"wp-block-embed__wrapper\">\n<iframe loading=\"lazy\" title=\"Strengthening Program in Research of Excellence Uandes\" width=\"1140\" height=\"641\" src=\"https:\/\/www.youtube.com\/embed\/9OH8b_vXGXM?feature=oembed\" frameborder=\"0\" allow=\"accelerometer; autoplay; clipboard-write; encrypted-media; gyroscope; picture-in-picture; web-share\" referrerpolicy=\"strict-origin-when-cross-origin\" allowfullscreen><\/iframe>\n<\/div><\/figure>\n\n\n\n<figure class=\"wp-block-embed is-type-video is-provider-youtube wp-block-embed-youtube wp-embed-aspect-16-9 wp-has-aspect-ratio\"><div class=\"wp-block-embed__wrapper\">\n<iframe loading=\"lazy\" title=\"Research at Uandes | How the Strengthening Program promotes health research\" width=\"1140\" height=\"641\" src=\"https:\/\/www.youtube.com\/embed\/vGqv8Dgu-cg?feature=oembed\" frameborder=\"0\" allow=\"accelerometer; autoplay; clipboard-write; encrypted-media; gyroscope; picture-in-picture; web-share\" referrerpolicy=\"strict-origin-when-cross-origin\" allowfullscreen><\/iframe>\n<\/div><\/figure>","protected":false},"excerpt":{"rendered":"<p>The Office of the Vice Rector for Research and the Directorate of Research and Doctoral Studies launched the Research Excellence Strengthening Program, which will bring 30 new research professors.<\/p>","protected":false},"author":1,"featured_media":7635,"comment_status":"closed","ping_status":"closed","sticky":false,"template":"","format":"standard","meta":{"inline_featured_image":false,"footnotes":""},"categories":[2,1,28],"tags":[20,27],"class_list":["post-7181","post","type-post","status-publish","format-standard","has-post-thumbnail","hentry","category-ciencia","category-investigacion","category-nuevos-proyectos","tag-20","tag-nuestros-investigadores"],"yoast_head":"<!-- This site is optimized with the Yoast SEO plugin v24.7 - https:\/\/yoast.com\/wordpress\/plugins\/seo\/ -->\n<title>La universidad impulsa la investigaci\u00f3n con la llegada de nuevos profesores para fortalecer la generaci\u00f3n de conocimiento con impacto - Investiga UANDES<\/title>\n<meta name=\"robots\" content=\"index, follow, max-snippet:-1, max-image-preview:large, max-video-preview:-1\" \/>\n<link rel=\"canonical\" href=\"https:\/\/investiga.uandes.cl\/en\/strengthening-research-excellence-consolidated-talents-come-to-enhance-scientific-production-at-uandes\/\" \/>\n<meta property=\"og:locale\" content=\"en_US\" \/>\n<meta property=\"og:type\" content=\"article\" \/>\n<meta property=\"og:title\" content=\"La universidad impulsa la investigaci\u00f3n con la llegada de nuevos profesores para fortalecer la generaci\u00f3n de conocimiento con impacto - Investiga UANDES\" \/>\n<meta property=\"og:description\" content=\"La Vicerrector\u00eda de Investigaci\u00f3n y la Direcci\u00f3n de Investigaci\u00f3n y Doctorado pusieron en marcha el Programa de Fortalecimiento en Investigaci\u00f3n de Excelencia, que permitir\u00e1 la llegada de 30 nuevos acad\u00e9micos.\" \/>\n<meta property=\"og:url\" content=\"https:\/\/investiga.uandes.cl\/en\/strengthening-research-excellence-consolidated-talents-come-to-enhance-scientific-production-at-uandes\/\" \/>\n<meta property=\"og:site_name\" content=\"Investiga UANDES\" \/>\n<meta property=\"article:published_time\" content=\"2026-02-03T19:03:35+00:00\" \/>\n<meta property=\"article:modified_time\" content=\"2026-04-24T18:45:15+00:00\" \/>\n<meta property=\"og:image\" content=\"https:\/\/investiga.uandes.cl\/wp-content\/uploads\/2026\/02\/WhatsApp-Image-2026-04-15-at-16.29.31.jpeg\" \/>\n\t<meta property=\"og:image:width\" content=\"2560\" \/>\n\t<meta property=\"og:image:height\" content=\"1706\" \/>\n\t<meta property=\"og:image:type\" content=\"image\/jpeg\" \/>\n<meta name=\"author\" content=\"Universidad de los Andes\" \/>\n<meta name=\"twitter:card\" content=\"summary_large_image\" \/>\n<meta name=\"twitter:label1\" content=\"Written by\" \/>\n\t<meta name=\"twitter:data1\" content=\"Universidad de los Andes\" \/>\n\t<meta name=\"twitter:label2\" content=\"Est. reading time\" \/>\n\t<meta name=\"twitter:data2\" content=\"3 minutes\" \/>\n<script type=\"application\/ld+json\" class=\"yoast-schema-graph\">{\"@context\":\"https:\/\/schema.org\",\"@graph\":[{\"@type\":\"Article\",\"@id\":\"https:\/\/investiga.uandes.cl\/fortalecimiento-de-investigacion-de-excelencia-talentos-consolidados-llegan-a-potenciar-produccion-cientifica-en-la-uandes\/#article\",\"isPartOf\":{\"@id\":\"https:\/\/investiga.uandes.cl\/fortalecimiento-de-investigacion-de-excelencia-talentos-consolidados-llegan-a-potenciar-produccion-cientifica-en-la-uandes\/\"},\"author\":{\"name\":\"Universidad de los Andes\",\"@id\":\"https:\/\/investiga.uandes.cl\/#\/schema\/person\/98e4042261f6d20b73b4e8cae8ff4495\"},\"headline\":\"La universidad impulsa la investigaci\u00f3n con la llegada de nuevos profesores para fortalecer la generaci\u00f3n de conocimiento con impacto\",\"datePublished\":\"2026-02-03T19:03:35+00:00\",\"dateModified\":\"2026-04-24T18:45:15+00:00\",\"mainEntityOfPage\":{\"@id\":\"https:\/\/investiga.uandes.cl\/fortalecimiento-de-investigacion-de-excelencia-talentos-consolidados-llegan-a-potenciar-produccion-cientifica-en-la-uandes\/\"},\"wordCount\":570,\"publisher\":{\"@id\":\"https:\/\/investiga.uandes.cl\/#organization\"},\"image\":{\"@id\":\"https:\/\/investiga.uandes.cl\/fortalecimiento-de-investigacion-de-excelencia-talentos-consolidados-llegan-a-potenciar-produccion-cientifica-en-la-uandes\/#primaryimage\"},\"thumbnailUrl\":\"https:\/\/investiga.uandes.cl\/wp-content\/uploads\/2026\/02\/WhatsApp-Image-2026-04-15-at-16.29.31.jpeg\",\"keywords\":[\"1\",\"Nuestros Investigadores\"],\"articleSection\":[\"Ciencia y Tecnolog\u00eda\",\"Investigaci\u00f3n\",\"Nuevos Proyectos\"],\"inLanguage\":\"en-US\"},{\"@type\":\"WebPage\",\"@id\":\"https:\/\/investiga.uandes.cl\/fortalecimiento-de-investigacion-de-excelencia-talentos-consolidados-llegan-a-potenciar-produccion-cientifica-en-la-uandes\/\",\"url\":\"https:\/\/investiga.uandes.cl\/fortalecimiento-de-investigacion-de-excelencia-talentos-consolidados-llegan-a-potenciar-produccion-cientifica-en-la-uandes\/\",\"name\":\"La universidad impulsa la investigaci\u00f3n con la llegada de nuevos profesores para fortalecer la generaci\u00f3n de conocimiento con impacto - Investiga UANDES\",\"isPartOf\":{\"@id\":\"https:\/\/investiga.uandes.cl\/#website\"},\"primaryImageOfPage\":{\"@id\":\"https:\/\/investiga.uandes.cl\/fortalecimiento-de-investigacion-de-excelencia-talentos-consolidados-llegan-a-potenciar-produccion-cientifica-en-la-uandes\/#primaryimage\"},\"image\":{\"@id\":\"https:\/\/investiga.uandes.cl\/fortalecimiento-de-investigacion-de-excelencia-talentos-consolidados-llegan-a-potenciar-produccion-cientifica-en-la-uandes\/#primaryimage\"},\"thumbnailUrl\":\"https:\/\/investiga.uandes.cl\/wp-content\/uploads\/2026\/02\/WhatsApp-Image-2026-04-15-at-16.29.31.jpeg\",\"datePublished\":\"2026-02-03T19:03:35+00:00\",\"dateModified\":\"2026-04-24T18:45:15+00:00\",\"breadcrumb\":{\"@id\":\"https:\/\/investiga.uandes.cl\/fortalecimiento-de-investigacion-de-excelencia-talentos-consolidados-llegan-a-potenciar-produccion-cientifica-en-la-uandes\/#breadcrumb\"},\"inLanguage\":\"en-US\",\"potentialAction\":[{\"@type\":\"ReadAction\",\"target\":[\"https:\/\/investiga.uandes.cl\/fortalecimiento-de-investigacion-de-excelencia-talentos-consolidados-llegan-a-potenciar-produccion-cientifica-en-la-uandes\/\"]}]},{\"@type\":\"ImageObject\",\"inLanguage\":\"en-US\",\"@id\":\"https:\/\/investiga.uandes.cl\/fortalecimiento-de-investigacion-de-excelencia-talentos-consolidados-llegan-a-potenciar-produccion-cientifica-en-la-uandes\/#primaryimage\",\"url\":\"https:\/\/investiga.uandes.cl\/wp-content\/uploads\/2026\/02\/WhatsApp-Image-2026-04-15-at-16.29.31.jpeg\",\"contentUrl\":\"https:\/\/investiga.uandes.cl\/wp-content\/uploads\/2026\/02\/WhatsApp-Image-2026-04-15-at-16.29.31.jpeg\",\"width\":2560,\"height\":1706},{\"@type\":\"BreadcrumbList\",\"@id\":\"https:\/\/investiga.uandes.cl\/fortalecimiento-de-investigacion-de-excelencia-talentos-consolidados-llegan-a-potenciar-produccion-cientifica-en-la-uandes\/#breadcrumb\",\"itemListElement\":[{\"@type\":\"ListItem\",\"position\":1,\"name\":\"Portada\",\"item\":\"https:\/\/investiga.uandes.cl\/\"},{\"@type\":\"ListItem\",\"position\":2,\"name\":\"La universidad impulsa la investigaci\u00f3n con la llegada de nuevos profesores para fortalecer la generaci\u00f3n de conocimiento con impacto\"}]},{\"@type\":\"WebSite\",\"@id\":\"https:\/\/investiga.uandes.cl\/#website\",\"url\":\"https:\/\/investiga.uandes.cl\/\",\"name\":\"Investiga UANDES\",\"description\":\"Investigaci\u00f3n, Universidad de los Andes\",\"publisher\":{\"@id\":\"https:\/\/investiga.uandes.cl\/#organization\"},\"potentialAction\":[{\"@type\":\"SearchAction\",\"target\":{\"@type\":\"EntryPoint\",\"urlTemplate\":\"https:\/\/investiga.uandes.cl\/?s={search_term_string}\"},\"query-input\":{\"@type\":\"PropertyValueSpecification\",\"valueRequired\":true,\"valueName\":\"search_term_string\"}}],\"inLanguage\":\"en-US\"},{\"@type\":\"Organization\",\"@id\":\"https:\/\/investiga.uandes.cl\/#organization\",\"name\":\"Investiga UANDES\",\"url\":\"https:\/\/investiga.uandes.cl\/\",\"logo\":{\"@type\":\"ImageObject\",\"inLanguage\":\"en-US\",\"@id\":\"https:\/\/investiga.uandes.cl\/#\/schema\/logo\/image\/\",\"url\":\"https:\/\/investiga.uandes.cl\/wp-content\/uploads\/2025\/03\/investiga_uandes.jpg\",\"contentUrl\":\"https:\/\/investiga.uandes.cl\/wp-content\/uploads\/2025\/03\/investiga_uandes.jpg\",\"width\":2000,\"height\":771,\"caption\":\"Investiga UANDES\"},\"image\":{\"@id\":\"https:\/\/investiga.uandes.cl\/#\/schema\/logo\/image\/\"}},{\"@type\":\"Person\",\"@id\":\"https:\/\/investiga.uandes.cl\/#\/schema\/person\/98e4042261f6d20b73b4e8cae8ff4495\",\"name\":\"Universidad de los Andes\",\"sameAs\":[\"https:\/\/test.uandes.cl\"],\"url\":\"https:\/\/investiga.uandes.cl\/en\/author\/admin\/\"}]}<\/script>\n<!-- \/ Yoast SEO plugin. -->","yoast_head_json":{"title":"La universidad impulsa la investigaci\u00f3n con la llegada de nuevos profesores para fortalecer la generaci\u00f3n de conocimiento con impacto - Investiga UANDES","robots":{"index":"index","follow":"follow","max-snippet":"max-snippet:-1","max-image-preview":"max-image-preview:large","max-video-preview":"max-video-preview:-1"},"canonical":"https:\/\/investiga.uandes.cl\/en\/strengthening-research-excellence-consolidated-talents-come-to-enhance-scientific-production-at-uandes\/","og_locale":"en_US","og_type":"article","og_title":"La universidad impulsa la investigaci\u00f3n con la llegada de nuevos profesores para fortalecer la generaci\u00f3n de conocimiento con impacto - Investiga UANDES","og_description":"La Vicerrector\u00eda de Investigaci\u00f3n y la Direcci\u00f3n de Investigaci\u00f3n y Doctorado pusieron en marcha el Programa de Fortalecimiento en Investigaci\u00f3n de Excelencia, que permitir\u00e1 la llegada de 30 nuevos acad\u00e9micos.","og_url":"https:\/\/investiga.uandes.cl\/en\/strengthening-research-excellence-consolidated-talents-come-to-enhance-scientific-production-at-uandes\/","og_site_name":"Investiga UANDES","article_published_time":"2026-02-03T19:03:35+00:00","article_modified_time":"2026-04-24T18:45:15+00:00","og_image":[{"width":2560,"height":1706,"url":"https:\/\/investiga.uandes.cl\/wp-content\/uploads\/2026\/02\/WhatsApp-Image-2026-04-15-at-16.29.31.jpeg","type":"image\/jpeg"}],"author":"Universidad de los Andes","twitter_card":"summary_large_image","twitter_misc":{"Written by":"Universidad de los Andes","Est. reading time":"3 minutes"},"schema":{"@context":"https:\/\/schema.org","@graph":[{"@type":"Article","@id":"https:\/\/investiga.uandes.cl\/fortalecimiento-de-investigacion-de-excelencia-talentos-consolidados-llegan-a-potenciar-produccion-cientifica-en-la-uandes\/#article","isPartOf":{"@id":"https:\/\/investiga.uandes.cl\/fortalecimiento-de-investigacion-de-excelencia-talentos-consolidados-llegan-a-potenciar-produccion-cientifica-en-la-uandes\/"},"author":{"name":"Universidad de los Andes","@id":"https:\/\/investiga.uandes.cl\/#\/schema\/person\/98e4042261f6d20b73b4e8cae8ff4495"},"headline":"La universidad impulsa la investigaci\u00f3n con la llegada de nuevos profesores para fortalecer la generaci\u00f3n de conocimiento con impacto","datePublished":"2026-02-03T19:03:35+00:00","dateModified":"2026-04-24T18:45:15+00:00","mainEntityOfPage":{"@id":"https:\/\/investiga.uandes.cl\/fortalecimiento-de-investigacion-de-excelencia-talentos-consolidados-llegan-a-potenciar-produccion-cientifica-en-la-uandes\/"},"wordCount":570,"publisher":{"@id":"https:\/\/investiga.uandes.cl\/#organization"},"image":{"@id":"https:\/\/investiga.uandes.cl\/fortalecimiento-de-investigacion-de-excelencia-talentos-consolidados-llegan-a-potenciar-produccion-cientifica-en-la-uandes\/#primaryimage"},"thumbnailUrl":"https:\/\/investiga.uandes.cl\/wp-content\/uploads\/2026\/02\/WhatsApp-Image-2026-04-15-at-16.29.31.jpeg","keywords":["1","Nuestros Investigadores"],"articleSection":["Ciencia y Tecnolog\u00eda","Investigaci\u00f3n","Nuevos Proyectos"],"inLanguage":"en-US"},{"@type":"WebPage","@id":"https:\/\/investiga.uandes.cl\/fortalecimiento-de-investigacion-de-excelencia-talentos-consolidados-llegan-a-potenciar-produccion-cientifica-en-la-uandes\/","url":"https:\/\/investiga.uandes.cl\/fortalecimiento-de-investigacion-de-excelencia-talentos-consolidados-llegan-a-potenciar-produccion-cientifica-en-la-uandes\/","name":"La universidad impulsa la investigaci\u00f3n con la llegada de nuevos profesores para fortalecer la generaci\u00f3n de conocimiento con impacto - Investiga UANDES","isPartOf":{"@id":"https:\/\/investiga.uandes.cl\/#website"},"primaryImageOfPage":{"@id":"https:\/\/investiga.uandes.cl\/fortalecimiento-de-investigacion-de-excelencia-talentos-consolidados-llegan-a-potenciar-produccion-cientifica-en-la-uandes\/#primaryimage"},"image":{"@id":"https:\/\/investiga.uandes.cl\/fortalecimiento-de-investigacion-de-excelencia-talentos-consolidados-llegan-a-potenciar-produccion-cientifica-en-la-uandes\/#primaryimage"},"thumbnailUrl":"https:\/\/investiga.uandes.cl\/wp-content\/uploads\/2026\/02\/WhatsApp-Image-2026-04-15-at-16.29.31.jpeg","datePublished":"2026-02-03T19:03:35+00:00","dateModified":"2026-04-24T18:45:15+00:00","breadcrumb":{"@id":"https:\/\/investiga.uandes.cl\/fortalecimiento-de-investigacion-de-excelencia-talentos-consolidados-llegan-a-potenciar-produccion-cientifica-en-la-uandes\/#breadcrumb"},"inLanguage":"en-US","potentialAction":[{"@type":"ReadAction","target":["https:\/\/investiga.uandes.cl\/fortalecimiento-de-investigacion-de-excelencia-talentos-consolidados-llegan-a-potenciar-produccion-cientifica-en-la-uandes\/"]}]},{"@type":"ImageObject","inLanguage":"en-US","@id":"https:\/\/investiga.uandes.cl\/fortalecimiento-de-investigacion-de-excelencia-talentos-consolidados-llegan-a-potenciar-produccion-cientifica-en-la-uandes\/#primaryimage","url":"https:\/\/investiga.uandes.cl\/wp-content\/uploads\/2026\/02\/WhatsApp-Image-2026-04-15-at-16.29.31.jpeg","contentUrl":"https:\/\/investiga.uandes.cl\/wp-content\/uploads\/2026\/02\/WhatsApp-Image-2026-04-15-at-16.29.31.jpeg","width":2560,"height":1706},{"@type":"BreadcrumbList","@id":"https:\/\/investiga.uandes.cl\/fortalecimiento-de-investigacion-de-excelencia-talentos-consolidados-llegan-a-potenciar-produccion-cientifica-en-la-uandes\/#breadcrumb","itemListElement":[{"@type":"ListItem","position":1,"name":"Portada","item":"https:\/\/investiga.uandes.cl\/"},{"@type":"ListItem","position":2,"name":"La universidad impulsa la investigaci\u00f3n con la llegada de nuevos profesores para fortalecer la generaci\u00f3n de conocimiento con impacto"}]},{"@type":"WebSite","@id":"https:\/\/investiga.uandes.cl\/#website","url":"https:\/\/investiga.uandes.cl\/","name":"Investiga UANDES","description":"Investigaci\u00f3n, Universidad de los Andes","publisher":{"@id":"https:\/\/investiga.uandes.cl\/#organization"},"potentialAction":[{"@type":"SearchAction","target":{"@type":"EntryPoint","urlTemplate":"https:\/\/investiga.uandes.cl\/?s={search_term_string}"},"query-input":{"@type":"PropertyValueSpecification","valueRequired":true,"valueName":"search_term_string"}}],"inLanguage":"en-US"},{"@type":"Organization","@id":"https:\/\/investiga.uandes.cl\/#organization","name":"Investiga UANDES","url":"https:\/\/investiga.uandes.cl\/","logo":{"@type":"ImageObject","inLanguage":"en-US","@id":"https:\/\/investiga.uandes.cl\/#\/schema\/logo\/image\/","url":"https:\/\/investiga.uandes.cl\/wp-content\/uploads\/2025\/03\/investiga_uandes.jpg","contentUrl":"https:\/\/investiga.uandes.cl\/wp-content\/uploads\/2025\/03\/investiga_uandes.jpg","width":2000,"height":771,"caption":"Investiga UANDES"},"image":{"@id":"https:\/\/investiga.uandes.cl\/#\/schema\/logo\/image\/"}},{"@type":"Person","@id":"https:\/\/investiga.uandes.cl\/#\/schema\/person\/98e4042261f6d20b73b4e8cae8ff4495","name":"Universidad de los Andes","sameAs":["https:\/\/test.uandes.cl"],"url":"https:\/\/investiga.uandes.cl\/en\/author\/admin\/"}]}},"_links":{"self":[{"href":"https:\/\/investiga.uandes.cl\/en\/wp-json\/wp\/v2\/posts\/7181","targetHints":{"allow":["GET"]}}],"collection":[{"href":"https:\/\/investiga.uandes.cl\/en\/wp-json\/wp\/v2\/posts"}],"about":[{"href":"https:\/\/investiga.uandes.cl\/en\/wp-json\/wp\/v2\/types\/post"}],"author":[{"embeddable":true,"href":"https:\/\/investiga.uandes.cl\/en\/wp-json\/wp\/v2\/users\/1"}],"replies":[{"embeddable":true,"href":"https:\/\/investiga.uandes.cl\/en\/wp-json\/wp\/v2\/comments?post=7181"}],"version-history":[{"count":26,"href":"https:\/\/investiga.uandes.cl\/en\/wp-json\/wp\/v2\/posts\/7181\/revisions"}],"predecessor-version":[{"id":7703,"href":"https:\/\/investiga.uandes.cl\/en\/wp-json\/wp\/v2\/posts\/7181\/revisions\/7703"}],"wp:featuredmedia":[{"embeddable":true,"href":"https:\/\/investiga.uandes.cl\/en\/wp-json\/wp\/v2\/media\/7635"}],"wp:attachment":[{"href":"https:\/\/investiga.uandes.cl\/en\/wp-json\/wp\/v2\/media?parent=7181"}],"wp:term":[{"taxonomy":"category","embeddable":true,"href":"https:\/\/investiga.uandes.cl\/en\/wp-json\/wp\/v2\/categories?post=7181"},{"taxonomy":"post_tag","embeddable":true,"href":"https:\/\/investiga.uandes.cl\/en\/wp-json\/wp\/v2\/tags?post=7181"}],"curies":[{"name":"wp","href":"https:\/\/api.w.org\/{rel}","templated":true}]}}