{"id":6815,"date":"2025-11-05T15:46:32","date_gmt":"2025-11-05T18:46:32","guid":{"rendered":"https:\/\/investiga.uandes.cl\/?p=6815"},"modified":"2026-02-12T22:08:09","modified_gmt":"2026-02-13T01:08:09","slug":"research-on-human-capital-and-immigration-aims-to-find-impact-on-business-competitiveness","status":"publish","type":"post","link":"https:\/\/investiga.uandes.cl\/en\/research-on-human-capital-and-immigration-aims-to-find-impact-on-business-competitiveness\/","title":{"rendered":"Research on Human Capital, Immigration, and Its Impact on Business Competitiveness"},"content":{"rendered":"<p><a href=\"https:\/\/investigadores.uandes.cl\/es\/persons\/francisco-javier-morales-flores\/\" target=\"_blank\" rel=\"noreferrer noopener\"><strong>Francisco Morales<\/strong><\/a>, a researcher and faculty member at the<strong><a href=\"https:\/\/www.uandes.cl\/universidad\/facultades\/ciencias-economicas-y-empresariales\/\"> School of Economics and Business Administration<\/a><\/strong> investigates how organizations shape and deploy their human capital to sustain a competitive advantage over time. His main interest is to unravel the mechanisms through which talent and organizational integration decisions affect the ability of firms to compete and thrive, using empirical contexts as diverse as high-performance European soccer clubs and administrative data from firms in the Chilean economy.<\/p>\n\n\n\n<p>He is currently developing two main lines of research. The first, focused on human capital strategies and immigration, analyzes how the incorporation of immigrant workers impacts organizational performance. <\/p>\n\n\n\n<p>In a study published in <em>Management Science<\/em>entitled <em>\"Does Employing Skilled Immigrants Enhance Competitive Performance?\"<\/em> and conducted together with Britta Glennon, Seth Carnahan, and Exequiel Hern\u00e1ndez, it was shown that <strong>European clubs that hire skilled immigrants improve their performance, not only because of the individual skills they bring, but also because their presence diversifies and broadens strategic possibilities.<\/strong><\/p>\n\n\n\n<p>Along the same lines, the <em>working paper<\/em> <em>\"The Unique Blend: Immigrant Talent Combinations and their Impact on Organizational Performance,<\/em>\" with the same co-authors, explores how unique combinations of national origins make organizations less predictable and therefore more successful. For its part, the paper <em>\"The Impact of Immigration on Firms' Human Capital Strategy,<\/em>\" developed in conjunction with <strong><a href=\"https:\/\/www.uandes.cl\/personas\/sofia-flechtner-salas\/\" target=\"_blank\" rel=\"noreferrer noopener\">Sof\u00eda Flechtner<\/a><\/strong>, Britta Glennon, and Exequiel Hern\u00e1ndez, <strong>studies the Chilean case, showing how companies adapt their hiring practices, rotation, promotions, and job assignments to changes in the availability of immigrant labor. Overall, this line seeks to show how immigration, a global phenomenon in constant transformation, redefines the strategic decisions of organizations and their competitiveness.<\/strong><\/p>\n\n\n\n<p>Morales' second line of research, focused on the integration of resources and organizational design, is developed in the <em>working paper<\/em> <em>\"Tight versus loose: Resource integration and organizational performance.<\/em>\" The study was produced with Seth Carnahan and Exequiel Hern\u00e1ndez. It <strong>analyzes how the degree of interdependence and coordination among employees and units affects performance and the ability of organizations to absorb positive or negative shocks. Although the analysis is done in the context of high performance sport, its implications are relevant for any type of organization seeking to design more resilient and competitive structures.<\/strong><\/p>\n\n\n\n<p>The impact of this research agenda extends to different levels. For the business world, it provides concrete guidance on how the composition and diversity of talent, as well as the degree of integration of resources, can affect the resilience and predictability of an organization. For the design of public policies, the findings on immigration offer evidence to promote labor integration measures that strengthen economic competitiveness, to the point that one of its articles was cited in a U.S. Senate committee. In the academic sphere, the works contribute to enriching the theory of <em>Strategic Management,<\/em>regarding human capital and organizational design.<\/p>\n\n\n\n<p>The origin of this line of work was supported by a <strong>Fondecyt Initiation grant.<\/strong>This research, which has already been completed, made it possible to collect data, analyze it, and present the advances at international conferences in the United States, fostering academic collaboration and the dissemination of the results. Academics participating in this research include Britta Glennon, from The Wharton School of the University of Pennsylvania; Seth Carnahan, from Washington University in St. Louis; Exequiel Hern\u00e1ndez, also from Wharton; and Sof\u00eda Flechtner, from Universidad de los Andes, Chile.<\/p>\n\n\n\n<p>The scholar explains that his interest stemmed from a central question in <em>Strategic Management,<\/em>: \"What are the real sources of sustainable competitive advantage?\".<strong> \"Human capital is one of the most critical resources companies have. I'm interested in understanding how they make strategic decisions about this resource\u2014whether it's integrating immigrant talent or designing the way their employees collaborate\u2014and how those decisions translate into results,\"<\/strong>he says. His projection is to continue building a coherent body of knowledge on the strategic management of human capital and organizational design in an increasingly globalized and competitive world.<\/p>\n\n\n\n<p><strong>If you want to listen to the podcast with this interview,<\/strong> <strong><a href=\"https:\/\/open.spotify.com\/episode\/4Y8QNtKkEKwkv5LblTlxX9\">CLICK HERE.<\/a><\/strong><\/p>\n\n\n\n<p><\/p>","protected":false},"excerpt":{"rendered":"<p>Francisco Morales, a professor at the School of Business and Economics, says that he seeks to show how immigration redefines the strategic decisions of organizations and their competitiveness.<\/p>","protected":false},"author":3,"featured_media":6958,"comment_status":"closed","ping_status":"closed","sticky":false,"template":"","format":"standard","meta":{"inline_featured_image":false,"footnotes":""},"categories":[5,1,4],"tags":[63],"class_list":["post-6815","post","type-post","status-publish","format-standard","has-post-thumbnail","hentry","category-economia","category-investigacion","category-pensamiento","tag-63"],"yoast_head":"<!-- This site is optimized with the Yoast SEO plugin v24.7 - https:\/\/yoast.com\/wordpress\/plugins\/seo\/ -->\n<title>Investigaci\u00f3n sobre el capital humano, inmigraci\u00f3n y su impacto en la competitividad empresarial - Investiga UANDES<\/title>\n<meta name=\"robots\" content=\"index, follow, max-snippet:-1, max-image-preview:large, max-video-preview:-1\" \/>\n<link rel=\"canonical\" href=\"https:\/\/investiga.uandes.cl\/en\/research-on-human-capital-and-immigration-aims-to-find-impact-on-business-competitiveness\/\" \/>\n<meta property=\"og:locale\" content=\"en_US\" \/>\n<meta property=\"og:type\" content=\"article\" \/>\n<meta property=\"og:title\" content=\"Investigaci\u00f3n sobre el capital humano, inmigraci\u00f3n y su impacto en la competitividad empresarial - Investiga UANDES\" \/>\n<meta property=\"og:description\" content=\"Francisco Morales, docente de la Facultad de Ciencias Econ\u00f3micas y Empresariales, afirma que busca evidenciar c\u00f3mo la inmigraci\u00f3n redefine las decisiones estrat\u00e9gicas de las organizaciones y su competitividad.\" \/>\n<meta property=\"og:url\" content=\"https:\/\/investiga.uandes.cl\/en\/research-on-human-capital-and-immigration-aims-to-find-impact-on-business-competitiveness\/\" \/>\n<meta property=\"og:site_name\" content=\"Investiga UANDES\" \/>\n<meta property=\"article:published_time\" content=\"2025-11-05T18:46:32+00:00\" \/>\n<meta property=\"article:modified_time\" content=\"2026-02-13T01:08:09+00:00\" \/>\n<meta property=\"og:image\" content=\"https:\/\/investiga.uandes.cl\/wp-content\/uploads\/2025\/11\/Captura-de-pantalla-2025-12-01-a-las-10.15.14-p.m-1024x574.png\" \/>\n\t<meta property=\"og:image:width\" content=\"1024\" \/>\n\t<meta property=\"og:image:height\" content=\"574\" \/>\n\t<meta property=\"og:image:type\" content=\"image\/png\" \/>\n<meta name=\"author\" content=\"Marisol Grisanti\" \/>\n<meta name=\"twitter:card\" content=\"summary_large_image\" \/>\n<meta name=\"twitter:label1\" content=\"Written by\" \/>\n\t<meta name=\"twitter:data1\" content=\"Marisol Grisanti\" \/>\n\t<meta name=\"twitter:label2\" content=\"Est. reading time\" \/>\n\t<meta name=\"twitter:data2\" content=\"4 minutes\" \/>\n<script type=\"application\/ld+json\" class=\"yoast-schema-graph\">{\"@context\":\"https:\/\/schema.org\",\"@graph\":[{\"@type\":\"Article\",\"@id\":\"https:\/\/investiga.uandes.cl\/investigacion-sobre-el-capital-humano-e-inmigracion-busca-encontrar-impacto-en-la-competitividad-empresarial\/#article\",\"isPartOf\":{\"@id\":\"https:\/\/investiga.uandes.cl\/investigacion-sobre-el-capital-humano-e-inmigracion-busca-encontrar-impacto-en-la-competitividad-empresarial\/\"},\"author\":{\"name\":\"Marisol Grisanti\",\"@id\":\"https:\/\/investiga.uandes.cl\/#\/schema\/person\/a6d3757d4cdc75cceb38c3560655edc3\"},\"headline\":\"Investigaci\u00f3n sobre el capital humano, inmigraci\u00f3n y su impacto en la competitividad empresarial\",\"datePublished\":\"2025-11-05T18:46:32+00:00\",\"dateModified\":\"2026-02-13T01:08:09+00:00\",\"mainEntityOfPage\":{\"@id\":\"https:\/\/investiga.uandes.cl\/investigacion-sobre-el-capital-humano-e-inmigracion-busca-encontrar-impacto-en-la-competitividad-empresarial\/\"},\"wordCount\":799,\"publisher\":{\"@id\":\"https:\/\/investiga.uandes.cl\/#organization\"},\"image\":{\"@id\":\"https:\/\/investiga.uandes.cl\/investigacion-sobre-el-capital-humano-e-inmigracion-busca-encontrar-impacto-en-la-competitividad-empresarial\/#primaryimage\"},\"thumbnailUrl\":\"https:\/\/investiga.uandes.cl\/wp-content\/uploads\/2025\/11\/Captura-de-pantalla-2025-12-01-a-las-10.15.14-p.m.png\",\"keywords\":[\"209\"],\"articleSection\":[\"Econom\u00eda\",\"Investigaci\u00f3n\",\"Pensamiento y Sociedad\"],\"inLanguage\":\"en-US\"},{\"@type\":\"WebPage\",\"@id\":\"https:\/\/investiga.uandes.cl\/investigacion-sobre-el-capital-humano-e-inmigracion-busca-encontrar-impacto-en-la-competitividad-empresarial\/\",\"url\":\"https:\/\/investiga.uandes.cl\/investigacion-sobre-el-capital-humano-e-inmigracion-busca-encontrar-impacto-en-la-competitividad-empresarial\/\",\"name\":\"Investigaci\u00f3n sobre el capital humano, inmigraci\u00f3n y su impacto en la competitividad empresarial - Investiga UANDES\",\"isPartOf\":{\"@id\":\"https:\/\/investiga.uandes.cl\/#website\"},\"primaryImageOfPage\":{\"@id\":\"https:\/\/investiga.uandes.cl\/investigacion-sobre-el-capital-humano-e-inmigracion-busca-encontrar-impacto-en-la-competitividad-empresarial\/#primaryimage\"},\"image\":{\"@id\":\"https:\/\/investiga.uandes.cl\/investigacion-sobre-el-capital-humano-e-inmigracion-busca-encontrar-impacto-en-la-competitividad-empresarial\/#primaryimage\"},\"thumbnailUrl\":\"https:\/\/investiga.uandes.cl\/wp-content\/uploads\/2025\/11\/Captura-de-pantalla-2025-12-01-a-las-10.15.14-p.m.png\",\"datePublished\":\"2025-11-05T18:46:32+00:00\",\"dateModified\":\"2026-02-13T01:08:09+00:00\",\"breadcrumb\":{\"@id\":\"https:\/\/investiga.uandes.cl\/investigacion-sobre-el-capital-humano-e-inmigracion-busca-encontrar-impacto-en-la-competitividad-empresarial\/#breadcrumb\"},\"inLanguage\":\"en-US\",\"potentialAction\":[{\"@type\":\"ReadAction\",\"target\":[\"https:\/\/investiga.uandes.cl\/investigacion-sobre-el-capital-humano-e-inmigracion-busca-encontrar-impacto-en-la-competitividad-empresarial\/\"]}]},{\"@type\":\"ImageObject\",\"inLanguage\":\"en-US\",\"@id\":\"https:\/\/investiga.uandes.cl\/investigacion-sobre-el-capital-humano-e-inmigracion-busca-encontrar-impacto-en-la-competitividad-empresarial\/#primaryimage\",\"url\":\"https:\/\/investiga.uandes.cl\/wp-content\/uploads\/2025\/11\/Captura-de-pantalla-2025-12-01-a-las-10.15.14-p.m.png\",\"contentUrl\":\"https:\/\/investiga.uandes.cl\/wp-content\/uploads\/2025\/11\/Captura-de-pantalla-2025-12-01-a-las-10.15.14-p.m.png\",\"width\":2002,\"height\":1122},{\"@type\":\"BreadcrumbList\",\"@id\":\"https:\/\/investiga.uandes.cl\/investigacion-sobre-el-capital-humano-e-inmigracion-busca-encontrar-impacto-en-la-competitividad-empresarial\/#breadcrumb\",\"itemListElement\":[{\"@type\":\"ListItem\",\"position\":1,\"name\":\"Portada\",\"item\":\"https:\/\/investiga.uandes.cl\/\"},{\"@type\":\"ListItem\",\"position\":2,\"name\":\"Investigaci\u00f3n sobre el capital humano, inmigraci\u00f3n y su impacto en la competitividad empresarial\"}]},{\"@type\":\"WebSite\",\"@id\":\"https:\/\/investiga.uandes.cl\/#website\",\"url\":\"https:\/\/investiga.uandes.cl\/\",\"name\":\"Investiga UANDES\",\"description\":\"Investigaci\u00f3n, Universidad de los Andes\",\"publisher\":{\"@id\":\"https:\/\/investiga.uandes.cl\/#organization\"},\"potentialAction\":[{\"@type\":\"SearchAction\",\"target\":{\"@type\":\"EntryPoint\",\"urlTemplate\":\"https:\/\/investiga.uandes.cl\/?s={search_term_string}\"},\"query-input\":{\"@type\":\"PropertyValueSpecification\",\"valueRequired\":true,\"valueName\":\"search_term_string\"}}],\"inLanguage\":\"en-US\"},{\"@type\":\"Organization\",\"@id\":\"https:\/\/investiga.uandes.cl\/#organization\",\"name\":\"Investiga UANDES\",\"url\":\"https:\/\/investiga.uandes.cl\/\",\"logo\":{\"@type\":\"ImageObject\",\"inLanguage\":\"en-US\",\"@id\":\"https:\/\/investiga.uandes.cl\/#\/schema\/logo\/image\/\",\"url\":\"https:\/\/investiga.uandes.cl\/wp-content\/uploads\/2025\/03\/investiga_uandes.jpg\",\"contentUrl\":\"https:\/\/investiga.uandes.cl\/wp-content\/uploads\/2025\/03\/investiga_uandes.jpg\",\"width\":2000,\"height\":771,\"caption\":\"Investiga UANDES\"},\"image\":{\"@id\":\"https:\/\/investiga.uandes.cl\/#\/schema\/logo\/image\/\"}},{\"@type\":\"Person\",\"@id\":\"https:\/\/investiga.uandes.cl\/#\/schema\/person\/a6d3757d4cdc75cceb38c3560655edc3\",\"name\":\"Marisol Grisanti\",\"url\":\"https:\/\/investiga.uandes.cl\/en\/author\/mgrisanti\/\"}]}<\/script>\n<!-- \/ Yoast SEO plugin. -->","yoast_head_json":{"title":"Investigaci\u00f3n sobre el capital humano, inmigraci\u00f3n y su impacto en la competitividad empresarial - Investiga UANDES","robots":{"index":"index","follow":"follow","max-snippet":"max-snippet:-1","max-image-preview":"max-image-preview:large","max-video-preview":"max-video-preview:-1"},"canonical":"https:\/\/investiga.uandes.cl\/en\/research-on-human-capital-and-immigration-aims-to-find-impact-on-business-competitiveness\/","og_locale":"en_US","og_type":"article","og_title":"Investigaci\u00f3n sobre el capital humano, inmigraci\u00f3n y su impacto en la competitividad empresarial - Investiga UANDES","og_description":"Francisco Morales, docente de la Facultad de Ciencias Econ\u00f3micas y Empresariales, afirma que busca evidenciar c\u00f3mo la inmigraci\u00f3n redefine las decisiones estrat\u00e9gicas de las organizaciones y su competitividad.","og_url":"https:\/\/investiga.uandes.cl\/en\/research-on-human-capital-and-immigration-aims-to-find-impact-on-business-competitiveness\/","og_site_name":"Investiga UANDES","article_published_time":"2025-11-05T18:46:32+00:00","article_modified_time":"2026-02-13T01:08:09+00:00","og_image":[{"width":1024,"height":574,"url":"https:\/\/investiga.uandes.cl\/wp-content\/uploads\/2025\/11\/Captura-de-pantalla-2025-12-01-a-las-10.15.14-p.m-1024x574.png","type":"image\/png"}],"author":"Marisol Grisanti","twitter_card":"summary_large_image","twitter_misc":{"Written by":"Marisol Grisanti","Est. reading time":"4 minutes"},"schema":{"@context":"https:\/\/schema.org","@graph":[{"@type":"Article","@id":"https:\/\/investiga.uandes.cl\/investigacion-sobre-el-capital-humano-e-inmigracion-busca-encontrar-impacto-en-la-competitividad-empresarial\/#article","isPartOf":{"@id":"https:\/\/investiga.uandes.cl\/investigacion-sobre-el-capital-humano-e-inmigracion-busca-encontrar-impacto-en-la-competitividad-empresarial\/"},"author":{"name":"Marisol Grisanti","@id":"https:\/\/investiga.uandes.cl\/#\/schema\/person\/a6d3757d4cdc75cceb38c3560655edc3"},"headline":"Investigaci\u00f3n sobre el capital humano, inmigraci\u00f3n y su impacto en la competitividad empresarial","datePublished":"2025-11-05T18:46:32+00:00","dateModified":"2026-02-13T01:08:09+00:00","mainEntityOfPage":{"@id":"https:\/\/investiga.uandes.cl\/investigacion-sobre-el-capital-humano-e-inmigracion-busca-encontrar-impacto-en-la-competitividad-empresarial\/"},"wordCount":799,"publisher":{"@id":"https:\/\/investiga.uandes.cl\/#organization"},"image":{"@id":"https:\/\/investiga.uandes.cl\/investigacion-sobre-el-capital-humano-e-inmigracion-busca-encontrar-impacto-en-la-competitividad-empresarial\/#primaryimage"},"thumbnailUrl":"https:\/\/investiga.uandes.cl\/wp-content\/uploads\/2025\/11\/Captura-de-pantalla-2025-12-01-a-las-10.15.14-p.m.png","keywords":["209"],"articleSection":["Econom\u00eda","Investigaci\u00f3n","Pensamiento y Sociedad"],"inLanguage":"en-US"},{"@type":"WebPage","@id":"https:\/\/investiga.uandes.cl\/investigacion-sobre-el-capital-humano-e-inmigracion-busca-encontrar-impacto-en-la-competitividad-empresarial\/","url":"https:\/\/investiga.uandes.cl\/investigacion-sobre-el-capital-humano-e-inmigracion-busca-encontrar-impacto-en-la-competitividad-empresarial\/","name":"Investigaci\u00f3n sobre el capital humano, inmigraci\u00f3n y su impacto en la competitividad empresarial - Investiga UANDES","isPartOf":{"@id":"https:\/\/investiga.uandes.cl\/#website"},"primaryImageOfPage":{"@id":"https:\/\/investiga.uandes.cl\/investigacion-sobre-el-capital-humano-e-inmigracion-busca-encontrar-impacto-en-la-competitividad-empresarial\/#primaryimage"},"image":{"@id":"https:\/\/investiga.uandes.cl\/investigacion-sobre-el-capital-humano-e-inmigracion-busca-encontrar-impacto-en-la-competitividad-empresarial\/#primaryimage"},"thumbnailUrl":"https:\/\/investiga.uandes.cl\/wp-content\/uploads\/2025\/11\/Captura-de-pantalla-2025-12-01-a-las-10.15.14-p.m.png","datePublished":"2025-11-05T18:46:32+00:00","dateModified":"2026-02-13T01:08:09+00:00","breadcrumb":{"@id":"https:\/\/investiga.uandes.cl\/investigacion-sobre-el-capital-humano-e-inmigracion-busca-encontrar-impacto-en-la-competitividad-empresarial\/#breadcrumb"},"inLanguage":"en-US","potentialAction":[{"@type":"ReadAction","target":["https:\/\/investiga.uandes.cl\/investigacion-sobre-el-capital-humano-e-inmigracion-busca-encontrar-impacto-en-la-competitividad-empresarial\/"]}]},{"@type":"ImageObject","inLanguage":"en-US","@id":"https:\/\/investiga.uandes.cl\/investigacion-sobre-el-capital-humano-e-inmigracion-busca-encontrar-impacto-en-la-competitividad-empresarial\/#primaryimage","url":"https:\/\/investiga.uandes.cl\/wp-content\/uploads\/2025\/11\/Captura-de-pantalla-2025-12-01-a-las-10.15.14-p.m.png","contentUrl":"https:\/\/investiga.uandes.cl\/wp-content\/uploads\/2025\/11\/Captura-de-pantalla-2025-12-01-a-las-10.15.14-p.m.png","width":2002,"height":1122},{"@type":"BreadcrumbList","@id":"https:\/\/investiga.uandes.cl\/investigacion-sobre-el-capital-humano-e-inmigracion-busca-encontrar-impacto-en-la-competitividad-empresarial\/#breadcrumb","itemListElement":[{"@type":"ListItem","position":1,"name":"Portada","item":"https:\/\/investiga.uandes.cl\/"},{"@type":"ListItem","position":2,"name":"Investigaci\u00f3n sobre el capital humano, inmigraci\u00f3n y su impacto en la competitividad empresarial"}]},{"@type":"WebSite","@id":"https:\/\/investiga.uandes.cl\/#website","url":"https:\/\/investiga.uandes.cl\/","name":"Investiga UANDES","description":"Investigaci\u00f3n, Universidad de los Andes","publisher":{"@id":"https:\/\/investiga.uandes.cl\/#organization"},"potentialAction":[{"@type":"SearchAction","target":{"@type":"EntryPoint","urlTemplate":"https:\/\/investiga.uandes.cl\/?s={search_term_string}"},"query-input":{"@type":"PropertyValueSpecification","valueRequired":true,"valueName":"search_term_string"}}],"inLanguage":"en-US"},{"@type":"Organization","@id":"https:\/\/investiga.uandes.cl\/#organization","name":"Investiga UANDES","url":"https:\/\/investiga.uandes.cl\/","logo":{"@type":"ImageObject","inLanguage":"en-US","@id":"https:\/\/investiga.uandes.cl\/#\/schema\/logo\/image\/","url":"https:\/\/investiga.uandes.cl\/wp-content\/uploads\/2025\/03\/investiga_uandes.jpg","contentUrl":"https:\/\/investiga.uandes.cl\/wp-content\/uploads\/2025\/03\/investiga_uandes.jpg","width":2000,"height":771,"caption":"Investiga UANDES"},"image":{"@id":"https:\/\/investiga.uandes.cl\/#\/schema\/logo\/image\/"}},{"@type":"Person","@id":"https:\/\/investiga.uandes.cl\/#\/schema\/person\/a6d3757d4cdc75cceb38c3560655edc3","name":"Marisol Grisanti","url":"https:\/\/investiga.uandes.cl\/en\/author\/mgrisanti\/"}]}},"_links":{"self":[{"href":"https:\/\/investiga.uandes.cl\/en\/wp-json\/wp\/v2\/posts\/6815","targetHints":{"allow":["GET"]}}],"collection":[{"href":"https:\/\/investiga.uandes.cl\/en\/wp-json\/wp\/v2\/posts"}],"about":[{"href":"https:\/\/investiga.uandes.cl\/en\/wp-json\/wp\/v2\/types\/post"}],"author":[{"embeddable":true,"href":"https:\/\/investiga.uandes.cl\/en\/wp-json\/wp\/v2\/users\/3"}],"replies":[{"embeddable":true,"href":"https:\/\/investiga.uandes.cl\/en\/wp-json\/wp\/v2\/comments?post=6815"}],"version-history":[{"count":7,"href":"https:\/\/investiga.uandes.cl\/en\/wp-json\/wp\/v2\/posts\/6815\/revisions"}],"predecessor-version":[{"id":7558,"href":"https:\/\/investiga.uandes.cl\/en\/wp-json\/wp\/v2\/posts\/6815\/revisions\/7558"}],"wp:featuredmedia":[{"embeddable":true,"href":"https:\/\/investiga.uandes.cl\/en\/wp-json\/wp\/v2\/media\/6958"}],"wp:attachment":[{"href":"https:\/\/investiga.uandes.cl\/en\/wp-json\/wp\/v2\/media?parent=6815"}],"wp:term":[{"taxonomy":"category","embeddable":true,"href":"https:\/\/investiga.uandes.cl\/en\/wp-json\/wp\/v2\/categories?post=6815"},{"taxonomy":"post_tag","embeddable":true,"href":"https:\/\/investiga.uandes.cl\/en\/wp-json\/wp\/v2\/tags?post=6815"}],"curies":[{"name":"wp","href":"https:\/\/api.w.org\/{rel}","templated":true}]}}