{"id":6787,"date":"2025-11-25T18:21:56","date_gmt":"2025-11-25T21:21:56","guid":{"rendered":"https:\/\/investiga.uandes.cl\/?p=6787"},"modified":"2025-12-03T11:12:12","modified_gmt":"2025-12-03T14:12:12","slug":"uandes-participates-in-ambitious-international-study-to-improve-diagnosis-of-gynecological-disorders","status":"publish","type":"post","link":"https:\/\/investiga.uandes.cl\/en\/uandes-participates-in-ambitious-international-study-to-improve-diagnosis-of-gynecological-disorders\/","title":{"rendered":"Researchers Develop Biomarkers in Study for the Detection of Gynecological Problems"},"content":{"rendered":"<p>The&nbsp;<a href=\"http:\/\/www.uandes.cl\/\">Universidad de los Andes<\/a>&nbsp;was awarded an ambitious international project financed by&nbsp;<a href=\"https:\/\/wellcomeleap.org\/\"><em>Wellcome Leap<\/em><\/a>, a U.S.-based nonprofit organization focused on advancing global health. The initiative, in wich&nbsp;<a href=\"https:\/\/wellcomeleap.org\/the-missed-vital-sign\/\">researchers from different universities around the world are participating,<\/a>was selected within the framework of the call for proposals for \"&nbsp;<a href=\"https:\/\/wellcomeleap.org\/the-missed-vital-sign\/\"><em>The Missed Vital Sign.<\/em><\/a>\" The aim is to improve global equity in menstrual health.<\/p>\n\n\n\n<p>The project, led by <a href=\"https:\/\/investigadores.uandes.cl\/es\/persons\/sebasti%C3%A1n-illanes\/\" target=\"_blank\" rel=\"noreferrer noopener\"><strong>Sebastian Illanes<\/strong><\/a>&nbsp;as principal investigator and <a href=\"https:\/\/investigadores.uandes.cl\/es\/persons\/lara-j-monteiro\/\" target=\"_blank\" rel=\"noreferrer noopener\"><strong>Lara Monteiro<\/strong><\/a>&nbsp;as co-principal investigator\u2014both of whom belong to the Laboratory of Reproductive Biology of the<strong>&nbsp;<a href=\"https:\/\/www.uandes.cl\/vinculacion-con-el-medio\/centros\/ciib\/\">Center for Biomedical Research and Innovation (CiiB)<\/a><\/strong>&nbsp;at the&nbsp;<a href=\"https:\/\/www.uandes.cl\/universidad\/facultades\/medicina\/\">UANDES School of Medicine<\/a>\u2014aims is to identify biomarkers in menstrual fluid and develop a scalable diagnostic tool for the early detection of heavy menstrual bleeding, a condition that significantly affects women's quality of life and is one of the main causes of iron deficiency anemia.<\/p>\n\n\n\n<p>The main objective is to develop a high-precision diagnostic tool that allows for the early identification of women with this condition and to redefine ranges of normal menstrual volume in order to establish more precise and specific thresholds for each population to guide better clinical evaluation.<\/p>\n\n\n\n<p>\"The study involves the collection of menstrual fluid and blood samples from more than 300 women from five different ethnic groups and will apply multi-omics technologies (proteomics, transcriptomics, genomics, and microbiome). In addition, artificial intelligence and machine learning will be used to create predictive algorithms, and a low-cost, easy-to-use prototype will be validated, such as an app or portable device, designed for contexts without access to specialists,\" says Monteiro.<\/p>\n\n\n\n<p>The expected impact is significant. The aim is to reduce the diagnosis time\u2014which currently can take up to five years\u2014&nbsp;<strong>improve the quality of life of patients through earlier and more personalized treatment and decrease the prevalence of iron-deficiency anemia.<\/strong>The study will also generate robust scientific evidence in historically underrepresented populations, advancing towards greater equity in women's health globally. The study will also generate robust scientific evidence in historically underrepresented populations, advancing towards greater equity in women's health globally.<\/p>\n\n\n\n<p>Finally, the collection of samples in Chile will be carried out at&nbsp;<a href=\"http:\/\/www.clinicauandes.cl\/\">Universidad de los Andes Clinic<\/a>. The project has the institutional support of the Vice Rector's Office for Research, reflecting the commitment of UANDES to biomedical research of excellence and social impact.<\/p>\n\n\n\n<p><a href=\"https:\/\/www.elmostrador.cl\/noticias\/opinion\/2023\/07\/29\/por-una-politica-de-investigacion-en-salud-femenina\/\"><strong>Check here for an opinion column by the researchers highlighting the importance of this research.<\/strong><\/a><\/p>\n\n\n\n<p><\/p>","protected":false},"excerpt":{"rendered":"<p>Researchers seek to develop an accessible and accurate diagnostic tool for the early detection of heavy menstrual bleeding, an under-diagnosed condition that affects the quality of life of millions of women worldwide.<\/p>","protected":false},"author":4,"featured_media":6788,"comment_status":"closed","ping_status":"closed","sticky":false,"template":"","format":"standard","meta":{"inline_featured_image":false,"footnotes":""},"categories":[2,1,3],"tags":[60],"class_list":["post-6787","post","type-post","status-publish","format-standard","has-post-thumbnail","hentry","category-ciencia","category-investigacion","category-salud","tag-60"],"yoast_head":"<!-- This site is optimized with the Yoast SEO plugin v24.7 - https:\/\/yoast.com\/wordpress\/plugins\/seo\/ -->\n<title>Investigadores desarrollan biomarcadores en estudio para la detecci\u00f3n de problemas ginecol\u00f3gicos - Investiga UANDES<\/title>\n<meta name=\"robots\" content=\"index, follow, max-snippet:-1, max-image-preview:large, max-video-preview:-1\" \/>\n<link rel=\"canonical\" href=\"https:\/\/investiga.uandes.cl\/en\/uandes-participates-in-ambitious-international-study-to-improve-diagnosis-of-gynecological-disorders\/\" \/>\n<meta property=\"og:locale\" content=\"en_US\" \/>\n<meta property=\"og:type\" content=\"article\" \/>\n<meta property=\"og:title\" content=\"Investigadores desarrollan biomarcadores en estudio para la detecci\u00f3n de problemas ginecol\u00f3gicos - Investiga UANDES\" \/>\n<meta property=\"og:description\" content=\"Los investigadores buscan desarrollar una herramienta diagn\u00f3stica accesible y precisa para detectar de forma temprana el sangrado menstrual abundante, una condici\u00f3n subdiagnosticada que afecta la calidad de vida de millones de mujeres en el mundo.\" \/>\n<meta property=\"og:url\" content=\"https:\/\/investiga.uandes.cl\/en\/uandes-participates-in-ambitious-international-study-to-improve-diagnosis-of-gynecological-disorders\/\" \/>\n<meta property=\"og:site_name\" content=\"Investiga UANDES\" \/>\n<meta property=\"article:published_time\" content=\"2025-11-25T21:21:56+00:00\" \/>\n<meta property=\"article:modified_time\" content=\"2025-12-03T14:12:12+00:00\" \/>\n<meta property=\"og:image\" content=\"https:\/\/investiga.uandes.cl\/wp-content\/uploads\/2025\/11\/image-5-1.png\" \/>\n\t<meta property=\"og:image:width\" content=\"2048\" \/>\n\t<meta property=\"og:image:height\" content=\"1366\" \/>\n\t<meta property=\"og:image:type\" content=\"image\/png\" \/>\n<meta name=\"author\" content=\"Lucas Bizzarri\" \/>\n<meta name=\"twitter:card\" content=\"summary_large_image\" \/>\n<meta name=\"twitter:label1\" content=\"Written by\" \/>\n\t<meta name=\"twitter:data1\" content=\"Lucas Bizzarri\" \/>\n\t<meta name=\"twitter:label2\" content=\"Est. reading time\" \/>\n\t<meta name=\"twitter:data2\" content=\"3 minutes\" \/>\n<script type=\"application\/ld+json\" class=\"yoast-schema-graph\">{\"@context\":\"https:\/\/schema.org\",\"@graph\":[{\"@type\":\"Article\",\"@id\":\"https:\/\/investiga.uandes.cl\/uandes-participa-en-ambicioso-estudio-internacional-para-mejorar-diagnostico-de-trastornos-ginecologicos\/#article\",\"isPartOf\":{\"@id\":\"https:\/\/investiga.uandes.cl\/uandes-participa-en-ambicioso-estudio-internacional-para-mejorar-diagnostico-de-trastornos-ginecologicos\/\"},\"author\":{\"name\":\"Lucas Bizzarri\",\"@id\":\"https:\/\/investiga.uandes.cl\/#\/schema\/person\/6c8d7a572eb7c1d6fd4b60c06f45f489\"},\"headline\":\"Investigadores desarrollan biomarcadores en estudio para la detecci\u00f3n de problemas ginecol\u00f3gicos\",\"datePublished\":\"2025-11-25T21:21:56+00:00\",\"dateModified\":\"2025-12-03T14:12:12+00:00\",\"mainEntityOfPage\":{\"@id\":\"https:\/\/investiga.uandes.cl\/uandes-participa-en-ambicioso-estudio-internacional-para-mejorar-diagnostico-de-trastornos-ginecologicos\/\"},\"wordCount\":505,\"publisher\":{\"@id\":\"https:\/\/investiga.uandes.cl\/#organization\"},\"image\":{\"@id\":\"https:\/\/investiga.uandes.cl\/uandes-participa-en-ambicioso-estudio-internacional-para-mejorar-diagnostico-de-trastornos-ginecologicos\/#primaryimage\"},\"thumbnailUrl\":\"https:\/\/investiga.uandes.cl\/wp-content\/uploads\/2025\/11\/image-5-1.png\",\"keywords\":[\"206\"],\"articleSection\":[\"Ciencia y Tecnolog\u00eda\",\"Investigaci\u00f3n\",\"Salud\"],\"inLanguage\":\"en-US\"},{\"@type\":\"WebPage\",\"@id\":\"https:\/\/investiga.uandes.cl\/uandes-participa-en-ambicioso-estudio-internacional-para-mejorar-diagnostico-de-trastornos-ginecologicos\/\",\"url\":\"https:\/\/investiga.uandes.cl\/uandes-participa-en-ambicioso-estudio-internacional-para-mejorar-diagnostico-de-trastornos-ginecologicos\/\",\"name\":\"Investigadores desarrollan biomarcadores en estudio para la detecci\u00f3n de problemas ginecol\u00f3gicos - Investiga UANDES\",\"isPartOf\":{\"@id\":\"https:\/\/investiga.uandes.cl\/#website\"},\"primaryImageOfPage\":{\"@id\":\"https:\/\/investiga.uandes.cl\/uandes-participa-en-ambicioso-estudio-internacional-para-mejorar-diagnostico-de-trastornos-ginecologicos\/#primaryimage\"},\"image\":{\"@id\":\"https:\/\/investiga.uandes.cl\/uandes-participa-en-ambicioso-estudio-internacional-para-mejorar-diagnostico-de-trastornos-ginecologicos\/#primaryimage\"},\"thumbnailUrl\":\"https:\/\/investiga.uandes.cl\/wp-content\/uploads\/2025\/11\/image-5-1.png\",\"datePublished\":\"2025-11-25T21:21:56+00:00\",\"dateModified\":\"2025-12-03T14:12:12+00:00\",\"breadcrumb\":{\"@id\":\"https:\/\/investiga.uandes.cl\/uandes-participa-en-ambicioso-estudio-internacional-para-mejorar-diagnostico-de-trastornos-ginecologicos\/#breadcrumb\"},\"inLanguage\":\"en-US\",\"potentialAction\":[{\"@type\":\"ReadAction\",\"target\":[\"https:\/\/investiga.uandes.cl\/uandes-participa-en-ambicioso-estudio-internacional-para-mejorar-diagnostico-de-trastornos-ginecologicos\/\"]}]},{\"@type\":\"ImageObject\",\"inLanguage\":\"en-US\",\"@id\":\"https:\/\/investiga.uandes.cl\/uandes-participa-en-ambicioso-estudio-internacional-para-mejorar-diagnostico-de-trastornos-ginecologicos\/#primaryimage\",\"url\":\"https:\/\/investiga.uandes.cl\/wp-content\/uploads\/2025\/11\/image-5-1.png\",\"contentUrl\":\"https:\/\/investiga.uandes.cl\/wp-content\/uploads\/2025\/11\/image-5-1.png\",\"width\":2048,\"height\":1366},{\"@type\":\"BreadcrumbList\",\"@id\":\"https:\/\/investiga.uandes.cl\/uandes-participa-en-ambicioso-estudio-internacional-para-mejorar-diagnostico-de-trastornos-ginecologicos\/#breadcrumb\",\"itemListElement\":[{\"@type\":\"ListItem\",\"position\":1,\"name\":\"Portada\",\"item\":\"https:\/\/investiga.uandes.cl\/\"},{\"@type\":\"ListItem\",\"position\":2,\"name\":\"Investigadores desarrollan biomarcadores en estudio para la detecci\u00f3n de problemas ginecol\u00f3gicos\"}]},{\"@type\":\"WebSite\",\"@id\":\"https:\/\/investiga.uandes.cl\/#website\",\"url\":\"https:\/\/investiga.uandes.cl\/\",\"name\":\"Investiga UANDES\",\"description\":\"Investigaci\u00f3n, Universidad de los Andes\",\"publisher\":{\"@id\":\"https:\/\/investiga.uandes.cl\/#organization\"},\"potentialAction\":[{\"@type\":\"SearchAction\",\"target\":{\"@type\":\"EntryPoint\",\"urlTemplate\":\"https:\/\/investiga.uandes.cl\/?s={search_term_string}\"},\"query-input\":{\"@type\":\"PropertyValueSpecification\",\"valueRequired\":true,\"valueName\":\"search_term_string\"}}],\"inLanguage\":\"en-US\"},{\"@type\":\"Organization\",\"@id\":\"https:\/\/investiga.uandes.cl\/#organization\",\"name\":\"Investiga UANDES\",\"url\":\"https:\/\/investiga.uandes.cl\/\",\"logo\":{\"@type\":\"ImageObject\",\"inLanguage\":\"en-US\",\"@id\":\"https:\/\/investiga.uandes.cl\/#\/schema\/logo\/image\/\",\"url\":\"https:\/\/investiga.uandes.cl\/wp-content\/uploads\/2025\/03\/investiga_uandes.jpg\",\"contentUrl\":\"https:\/\/investiga.uandes.cl\/wp-content\/uploads\/2025\/03\/investiga_uandes.jpg\",\"width\":2000,\"height\":771,\"caption\":\"Investiga UANDES\"},\"image\":{\"@id\":\"https:\/\/investiga.uandes.cl\/#\/schema\/logo\/image\/\"}},{\"@type\":\"Person\",\"@id\":\"https:\/\/investiga.uandes.cl\/#\/schema\/person\/6c8d7a572eb7c1d6fd4b60c06f45f489\",\"name\":\"Lucas Bizzarri\",\"url\":\"https:\/\/investiga.uandes.cl\/en\/author\/lbizzarri\/\"}]}<\/script>\n<!-- \/ Yoast SEO plugin. -->","yoast_head_json":{"title":"Investigadores desarrollan biomarcadores en estudio para la detecci\u00f3n de problemas ginecol\u00f3gicos - Investiga UANDES","robots":{"index":"index","follow":"follow","max-snippet":"max-snippet:-1","max-image-preview":"max-image-preview:large","max-video-preview":"max-video-preview:-1"},"canonical":"https:\/\/investiga.uandes.cl\/en\/uandes-participates-in-ambitious-international-study-to-improve-diagnosis-of-gynecological-disorders\/","og_locale":"en_US","og_type":"article","og_title":"Investigadores desarrollan biomarcadores en estudio para la detecci\u00f3n de problemas ginecol\u00f3gicos - Investiga UANDES","og_description":"Los investigadores buscan desarrollar una herramienta diagn\u00f3stica accesible y precisa para detectar de forma temprana el sangrado menstrual abundante, una condici\u00f3n subdiagnosticada que afecta la calidad de vida de millones de mujeres en el mundo.","og_url":"https:\/\/investiga.uandes.cl\/en\/uandes-participates-in-ambitious-international-study-to-improve-diagnosis-of-gynecological-disorders\/","og_site_name":"Investiga UANDES","article_published_time":"2025-11-25T21:21:56+00:00","article_modified_time":"2025-12-03T14:12:12+00:00","og_image":[{"width":2048,"height":1366,"url":"https:\/\/investiga.uandes.cl\/wp-content\/uploads\/2025\/11\/image-5-1.png","type":"image\/png"}],"author":"Lucas Bizzarri","twitter_card":"summary_large_image","twitter_misc":{"Written by":"Lucas Bizzarri","Est. reading time":"3 minutes"},"schema":{"@context":"https:\/\/schema.org","@graph":[{"@type":"Article","@id":"https:\/\/investiga.uandes.cl\/uandes-participa-en-ambicioso-estudio-internacional-para-mejorar-diagnostico-de-trastornos-ginecologicos\/#article","isPartOf":{"@id":"https:\/\/investiga.uandes.cl\/uandes-participa-en-ambicioso-estudio-internacional-para-mejorar-diagnostico-de-trastornos-ginecologicos\/"},"author":{"name":"Lucas Bizzarri","@id":"https:\/\/investiga.uandes.cl\/#\/schema\/person\/6c8d7a572eb7c1d6fd4b60c06f45f489"},"headline":"Investigadores desarrollan biomarcadores en estudio para la detecci\u00f3n de problemas ginecol\u00f3gicos","datePublished":"2025-11-25T21:21:56+00:00","dateModified":"2025-12-03T14:12:12+00:00","mainEntityOfPage":{"@id":"https:\/\/investiga.uandes.cl\/uandes-participa-en-ambicioso-estudio-internacional-para-mejorar-diagnostico-de-trastornos-ginecologicos\/"},"wordCount":505,"publisher":{"@id":"https:\/\/investiga.uandes.cl\/#organization"},"image":{"@id":"https:\/\/investiga.uandes.cl\/uandes-participa-en-ambicioso-estudio-internacional-para-mejorar-diagnostico-de-trastornos-ginecologicos\/#primaryimage"},"thumbnailUrl":"https:\/\/investiga.uandes.cl\/wp-content\/uploads\/2025\/11\/image-5-1.png","keywords":["206"],"articleSection":["Ciencia y Tecnolog\u00eda","Investigaci\u00f3n","Salud"],"inLanguage":"en-US"},{"@type":"WebPage","@id":"https:\/\/investiga.uandes.cl\/uandes-participa-en-ambicioso-estudio-internacional-para-mejorar-diagnostico-de-trastornos-ginecologicos\/","url":"https:\/\/investiga.uandes.cl\/uandes-participa-en-ambicioso-estudio-internacional-para-mejorar-diagnostico-de-trastornos-ginecologicos\/","name":"Investigadores desarrollan biomarcadores en estudio para la detecci\u00f3n de problemas ginecol\u00f3gicos - Investiga UANDES","isPartOf":{"@id":"https:\/\/investiga.uandes.cl\/#website"},"primaryImageOfPage":{"@id":"https:\/\/investiga.uandes.cl\/uandes-participa-en-ambicioso-estudio-internacional-para-mejorar-diagnostico-de-trastornos-ginecologicos\/#primaryimage"},"image":{"@id":"https:\/\/investiga.uandes.cl\/uandes-participa-en-ambicioso-estudio-internacional-para-mejorar-diagnostico-de-trastornos-ginecologicos\/#primaryimage"},"thumbnailUrl":"https:\/\/investiga.uandes.cl\/wp-content\/uploads\/2025\/11\/image-5-1.png","datePublished":"2025-11-25T21:21:56+00:00","dateModified":"2025-12-03T14:12:12+00:00","breadcrumb":{"@id":"https:\/\/investiga.uandes.cl\/uandes-participa-en-ambicioso-estudio-internacional-para-mejorar-diagnostico-de-trastornos-ginecologicos\/#breadcrumb"},"inLanguage":"en-US","potentialAction":[{"@type":"ReadAction","target":["https:\/\/investiga.uandes.cl\/uandes-participa-en-ambicioso-estudio-internacional-para-mejorar-diagnostico-de-trastornos-ginecologicos\/"]}]},{"@type":"ImageObject","inLanguage":"en-US","@id":"https:\/\/investiga.uandes.cl\/uandes-participa-en-ambicioso-estudio-internacional-para-mejorar-diagnostico-de-trastornos-ginecologicos\/#primaryimage","url":"https:\/\/investiga.uandes.cl\/wp-content\/uploads\/2025\/11\/image-5-1.png","contentUrl":"https:\/\/investiga.uandes.cl\/wp-content\/uploads\/2025\/11\/image-5-1.png","width":2048,"height":1366},{"@type":"BreadcrumbList","@id":"https:\/\/investiga.uandes.cl\/uandes-participa-en-ambicioso-estudio-internacional-para-mejorar-diagnostico-de-trastornos-ginecologicos\/#breadcrumb","itemListElement":[{"@type":"ListItem","position":1,"name":"Portada","item":"https:\/\/investiga.uandes.cl\/"},{"@type":"ListItem","position":2,"name":"Investigadores desarrollan biomarcadores en estudio para la detecci\u00f3n de problemas ginecol\u00f3gicos"}]},{"@type":"WebSite","@id":"https:\/\/investiga.uandes.cl\/#website","url":"https:\/\/investiga.uandes.cl\/","name":"Investiga UANDES","description":"Investigaci\u00f3n, Universidad de los Andes","publisher":{"@id":"https:\/\/investiga.uandes.cl\/#organization"},"potentialAction":[{"@type":"SearchAction","target":{"@type":"EntryPoint","urlTemplate":"https:\/\/investiga.uandes.cl\/?s={search_term_string}"},"query-input":{"@type":"PropertyValueSpecification","valueRequired":true,"valueName":"search_term_string"}}],"inLanguage":"en-US"},{"@type":"Organization","@id":"https:\/\/investiga.uandes.cl\/#organization","name":"Investiga UANDES","url":"https:\/\/investiga.uandes.cl\/","logo":{"@type":"ImageObject","inLanguage":"en-US","@id":"https:\/\/investiga.uandes.cl\/#\/schema\/logo\/image\/","url":"https:\/\/investiga.uandes.cl\/wp-content\/uploads\/2025\/03\/investiga_uandes.jpg","contentUrl":"https:\/\/investiga.uandes.cl\/wp-content\/uploads\/2025\/03\/investiga_uandes.jpg","width":2000,"height":771,"caption":"Investiga UANDES"},"image":{"@id":"https:\/\/investiga.uandes.cl\/#\/schema\/logo\/image\/"}},{"@type":"Person","@id":"https:\/\/investiga.uandes.cl\/#\/schema\/person\/6c8d7a572eb7c1d6fd4b60c06f45f489","name":"Lucas Bizzarri","url":"https:\/\/investiga.uandes.cl\/en\/author\/lbizzarri\/"}]}},"_links":{"self":[{"href":"https:\/\/investiga.uandes.cl\/en\/wp-json\/wp\/v2\/posts\/6787","targetHints":{"allow":["GET"]}}],"collection":[{"href":"https:\/\/investiga.uandes.cl\/en\/wp-json\/wp\/v2\/posts"}],"about":[{"href":"https:\/\/investiga.uandes.cl\/en\/wp-json\/wp\/v2\/types\/post"}],"author":[{"embeddable":true,"href":"https:\/\/investiga.uandes.cl\/en\/wp-json\/wp\/v2\/users\/4"}],"replies":[{"embeddable":true,"href":"https:\/\/investiga.uandes.cl\/en\/wp-json\/wp\/v2\/comments?post=6787"}],"version-history":[{"count":9,"href":"https:\/\/investiga.uandes.cl\/en\/wp-json\/wp\/v2\/posts\/6787\/revisions"}],"predecessor-version":[{"id":7138,"href":"https:\/\/investiga.uandes.cl\/en\/wp-json\/wp\/v2\/posts\/6787\/revisions\/7138"}],"wp:featuredmedia":[{"embeddable":true,"href":"https:\/\/investiga.uandes.cl\/en\/wp-json\/wp\/v2\/media\/6788"}],"wp:attachment":[{"href":"https:\/\/investiga.uandes.cl\/en\/wp-json\/wp\/v2\/media?parent=6787"}],"wp:term":[{"taxonomy":"category","embeddable":true,"href":"https:\/\/investiga.uandes.cl\/en\/wp-json\/wp\/v2\/categories?post=6787"},{"taxonomy":"post_tag","embeddable":true,"href":"https:\/\/investiga.uandes.cl\/en\/wp-json\/wp\/v2\/tags?post=6787"}],"curies":[{"name":"wp","href":"https:\/\/api.w.org\/{rel}","templated":true}]}}