{"id":6687,"date":"2025-11-29T17:45:03","date_gmt":"2025-11-29T20:45:03","guid":{"rendered":"https:\/\/investiga.uandes.cl\/?p=6687"},"modified":"2025-12-03T11:54:45","modified_gmt":"2025-12-03T14:54:45","slug":"uandes-ufro-alliance-pioneering-research-will-measure-impact-of-climate-change-and-fires-on-companies","status":"publish","type":"post","link":"https:\/\/investiga.uandes.cl\/en\/uandes-ufro-alliance-pioneering-research-will-measure-impact-of-climate-change-and-fires-on-companies\/","title":{"rendered":"Pioneering Research to Measure Impact of Climate Change and Fires on Businesses"},"content":{"rendered":"<p>In a global context where climate change has intensified the frequency and severity of forest fires,  research led by the academic from the&nbsp;<strong><a href=\"https:\/\/www.uandes.cl\/facultad-ingenieria\/\">School of Engineering and Applied Sciences<\/a><\/strong>&nbsp;of UANDES,<strong> <a href=\"https:\/\/investigadores.uandes.cl\/en\/persons\/javier-andr%C3%A9s-mella-barahona\/\" target=\"_blank\" rel=\"noreferrer noopener\">Javier Mella<\/a><\/strong>, seeks to understand how these extreme events have a financial impact on agricultural companies. The study, still under development, proposes an innovative approach by analyzing the effects of fires on the financial markets and accounting indicators of these companies. \"The topic we chose is very relevant, especially for Chile, which is a country highly exposed to forest fires. The financial and accounting markets and indicators allow us to have a concrete way to measure their economic impact. It is an area that has been practically ignored in the specialized literature, which reinforces the importance of our research,\" explains Mella.<\/p>\n\n\n\n<p>The project seeks to establish the relationship between climate change, forest fires, and the financial performance of the agricultural sector in different regions of the world. So far, there are only partial antecedents of this link in some specific industries in the United States, so the professor aims to expand this evidence with a global approach, including the Chilean case.<\/p>\n\n\n\n<p>The initiative is developed in collaboration with <strong><a href=\"https:\/\/investigadores.uandes.cl\/en\/persons\/andr%C3%A9s-garc%C3%ADa-echalar\/\" target=\"_blank\" rel=\"noreferrer noopener\">Andr\u00e9s Garc\u00eda<\/a><\/strong>, also from the&nbsp;<strong><a href=\"https:\/\/www.uandes.cl\/facultad-ingenieria\/\">School of Engineering and Applied Sciences of UANDES<\/a><\/strong>&nbsp;, and with academics Valeska Geldres and Marcelo Garrido&nbsp;<strong>(Universidad de La Frontera, UFRO)<\/strong>&nbsp;and Edinson Cornejo&nbsp;<strong>(Universidad Mayor).<\/strong>&nbsp;This alliance was key to winning the II UANDES-UFRO Associative Interdisciplinary Research Competition, which aims to foster the academic relationship between researchers and promote the study of topics such as the climate crisis.&nbsp;<strong>\"This fund has allowed us to add capacities, resume collaborations, and finance expenses associated with research. In addition, it promotes interdisciplinarity and strengthens the quality of the work team,\"<\/strong>Mella points out.<\/p>\n\n\n\n<p>The project will not only contribute to filling a gap in the scientific literature but could also be a relevant input for public policies and business strategies in the face of the economic challenges of climate change.<\/p>\n\n\n<div class=\"wp-block-image\">\n<figure class=\"aligncenter size-large\"><a href=\"https:\/\/portalinnova.cl\/incendios-forestales-experto-detalla-impacto-economico-en-la-region-de-valparaiso\/\"><img loading=\"lazy\" decoding=\"async\" width=\"1024\" height=\"350\" src=\"https:\/\/investiga.uandes.cl\/wp-content\/uploads\/2025\/11\/Captura-de-pantalla_20251203_114929-1024x350.png\" alt=\"\" class=\"wp-image-7147\" srcset=\"https:\/\/investiga.uandes.cl\/wp-content\/uploads\/2025\/11\/Captura-de-pantalla_20251203_114929-1024x350.png 1024w, https:\/\/investiga.uandes.cl\/wp-content\/uploads\/2025\/11\/Captura-de-pantalla_20251203_114929-300x103.png 300w, https:\/\/investiga.uandes.cl\/wp-content\/uploads\/2025\/11\/Captura-de-pantalla_20251203_114929-768x263.png 768w, https:\/\/investiga.uandes.cl\/wp-content\/uploads\/2025\/11\/Captura-de-pantalla_20251203_114929-18x6.png 18w, https:\/\/investiga.uandes.cl\/wp-content\/uploads\/2025\/11\/Captura-de-pantalla_20251203_114929-1x1.png 1w, https:\/\/investiga.uandes.cl\/wp-content\/uploads\/2025\/11\/Captura-de-pantalla_20251203_114929.png 1102w\" sizes=\"auto, (max-width: 1024px) 100vw, 1024px\" \/><\/a><\/figure>\n<\/div>\n\n\n<p><\/p>","protected":false},"excerpt":{"rendered":"<p>Javier Mella, an academic from the School of Engineering and Applied Sciences, was awarded the II UANDES-UFRO Interdisciplinary Associative Research Contest to measure how large-scale tree burning affects the economic performance of agricultural companies.<\/p>","protected":false},"author":3,"featured_media":6967,"comment_status":"closed","ping_status":"closed","sticky":false,"template":"","format":"standard","meta":{"inline_featured_image":false,"footnotes":""},"categories":[5,14,1],"tags":[],"class_list":["post-6687","post","type-post","status-publish","format-standard","has-post-thumbnail","hentry","category-economia","category-innovacion","category-investigacion"],"yoast_head":"<!-- This site is optimized with the Yoast SEO plugin v24.7 - https:\/\/yoast.com\/wordpress\/plugins\/seo\/ -->\n<title>Investigaci\u00f3n pionera medir\u00e1 impacto del cambio clim\u00e1tico y los incendios en las empresas - Investiga UANDES<\/title>\n<meta name=\"robots\" content=\"index, follow, max-snippet:-1, max-image-preview:large, max-video-preview:-1\" \/>\n<link rel=\"canonical\" href=\"https:\/\/investiga.uandes.cl\/en\/uandes-ufro-alliance-pioneering-research-will-measure-impact-of-climate-change-and-fires-on-companies\/\" \/>\n<meta property=\"og:locale\" content=\"en_US\" \/>\n<meta property=\"og:type\" content=\"article\" \/>\n<meta property=\"og:title\" content=\"Investigaci\u00f3n pionera medir\u00e1 impacto del cambio clim\u00e1tico y los incendios en las empresas - Investiga UANDES\" \/>\n<meta property=\"og:description\" content=\"Javier Mella, acad\u00e9mico de la Facultad de Ingenier\u00eda y Ciencias Aplicadas, se adjudic\u00f3 el II Concurso de Investigaci\u00f3n Interdisciplinaria Asociativa UANDES-UFRO para medir c\u00f3mo las quemas de \u00e1rboles en grandes extensiones afectan el desempe\u00f1o econ\u00f3mico de compa\u00f1\u00edas del agro.\" \/>\n<meta property=\"og:url\" content=\"https:\/\/investiga.uandes.cl\/en\/uandes-ufro-alliance-pioneering-research-will-measure-impact-of-climate-change-and-fires-on-companies\/\" \/>\n<meta property=\"og:site_name\" content=\"Investiga UANDES\" \/>\n<meta property=\"article:published_time\" content=\"2025-11-29T20:45:03+00:00\" \/>\n<meta property=\"article:modified_time\" content=\"2025-12-03T14:54:45+00:00\" \/>\n<meta property=\"og:image\" content=\"https:\/\/investiga.uandes.cl\/wp-content\/uploads\/2025\/11\/shutterstock_1810018291-scaled.jpg\" \/>\n\t<meta property=\"og:image:width\" content=\"2560\" \/>\n\t<meta property=\"og:image:height\" content=\"1707\" \/>\n\t<meta property=\"og:image:type\" content=\"image\/jpeg\" \/>\n<meta name=\"author\" content=\"Marisol Grisanti\" \/>\n<meta name=\"twitter:card\" content=\"summary_large_image\" \/>\n<meta name=\"twitter:label1\" content=\"Written by\" \/>\n\t<meta name=\"twitter:data1\" content=\"Marisol Grisanti\" \/>\n\t<meta name=\"twitter:label2\" content=\"Est. reading time\" \/>\n\t<meta name=\"twitter:data2\" content=\"2 minutes\" \/>\n<script type=\"application\/ld+json\" class=\"yoast-schema-graph\">{\"@context\":\"https:\/\/schema.org\",\"@graph\":[{\"@type\":\"Article\",\"@id\":\"https:\/\/investiga.uandes.cl\/alianza-uandes-ufro-investigacion-pionera-medira-impacto-del-cambio-climatico-y-los-incendios-en-las-empresas\/#article\",\"isPartOf\":{\"@id\":\"https:\/\/investiga.uandes.cl\/alianza-uandes-ufro-investigacion-pionera-medira-impacto-del-cambio-climatico-y-los-incendios-en-las-empresas\/\"},\"author\":{\"name\":\"Marisol Grisanti\",\"@id\":\"https:\/\/investiga.uandes.cl\/#\/schema\/person\/a6d3757d4cdc75cceb38c3560655edc3\"},\"headline\":\"Investigaci\u00f3n pionera medir\u00e1 impacto del cambio clim\u00e1tico y los incendios en las empresas\",\"datePublished\":\"2025-11-29T20:45:03+00:00\",\"dateModified\":\"2025-12-03T14:54:45+00:00\",\"mainEntityOfPage\":{\"@id\":\"https:\/\/investiga.uandes.cl\/alianza-uandes-ufro-investigacion-pionera-medira-impacto-del-cambio-climatico-y-los-incendios-en-las-empresas\/\"},\"wordCount\":400,\"publisher\":{\"@id\":\"https:\/\/investiga.uandes.cl\/#organization\"},\"image\":{\"@id\":\"https:\/\/investiga.uandes.cl\/alianza-uandes-ufro-investigacion-pionera-medira-impacto-del-cambio-climatico-y-los-incendios-en-las-empresas\/#primaryimage\"},\"thumbnailUrl\":\"https:\/\/investiga.uandes.cl\/wp-content\/uploads\/2025\/11\/shutterstock_1810018291-scaled.jpg\",\"articleSection\":[\"Econom\u00eda\",\"Innovaci\u00f3n\",\"Investigaci\u00f3n\"],\"inLanguage\":\"en-US\"},{\"@type\":\"WebPage\",\"@id\":\"https:\/\/investiga.uandes.cl\/alianza-uandes-ufro-investigacion-pionera-medira-impacto-del-cambio-climatico-y-los-incendios-en-las-empresas\/\",\"url\":\"https:\/\/investiga.uandes.cl\/alianza-uandes-ufro-investigacion-pionera-medira-impacto-del-cambio-climatico-y-los-incendios-en-las-empresas\/\",\"name\":\"Investigaci\u00f3n pionera medir\u00e1 impacto del cambio clim\u00e1tico y los incendios en las empresas - Investiga UANDES\",\"isPartOf\":{\"@id\":\"https:\/\/investiga.uandes.cl\/#website\"},\"primaryImageOfPage\":{\"@id\":\"https:\/\/investiga.uandes.cl\/alianza-uandes-ufro-investigacion-pionera-medira-impacto-del-cambio-climatico-y-los-incendios-en-las-empresas\/#primaryimage\"},\"image\":{\"@id\":\"https:\/\/investiga.uandes.cl\/alianza-uandes-ufro-investigacion-pionera-medira-impacto-del-cambio-climatico-y-los-incendios-en-las-empresas\/#primaryimage\"},\"thumbnailUrl\":\"https:\/\/investiga.uandes.cl\/wp-content\/uploads\/2025\/11\/shutterstock_1810018291-scaled.jpg\",\"datePublished\":\"2025-11-29T20:45:03+00:00\",\"dateModified\":\"2025-12-03T14:54:45+00:00\",\"breadcrumb\":{\"@id\":\"https:\/\/investiga.uandes.cl\/alianza-uandes-ufro-investigacion-pionera-medira-impacto-del-cambio-climatico-y-los-incendios-en-las-empresas\/#breadcrumb\"},\"inLanguage\":\"en-US\",\"potentialAction\":[{\"@type\":\"ReadAction\",\"target\":[\"https:\/\/investiga.uandes.cl\/alianza-uandes-ufro-investigacion-pionera-medira-impacto-del-cambio-climatico-y-los-incendios-en-las-empresas\/\"]}]},{\"@type\":\"ImageObject\",\"inLanguage\":\"en-US\",\"@id\":\"https:\/\/investiga.uandes.cl\/alianza-uandes-ufro-investigacion-pionera-medira-impacto-del-cambio-climatico-y-los-incendios-en-las-empresas\/#primaryimage\",\"url\":\"https:\/\/investiga.uandes.cl\/wp-content\/uploads\/2025\/11\/shutterstock_1810018291-scaled.jpg\",\"contentUrl\":\"https:\/\/investiga.uandes.cl\/wp-content\/uploads\/2025\/11\/shutterstock_1810018291-scaled.jpg\",\"width\":2560,\"height\":1707},{\"@type\":\"BreadcrumbList\",\"@id\":\"https:\/\/investiga.uandes.cl\/alianza-uandes-ufro-investigacion-pionera-medira-impacto-del-cambio-climatico-y-los-incendios-en-las-empresas\/#breadcrumb\",\"itemListElement\":[{\"@type\":\"ListItem\",\"position\":1,\"name\":\"Portada\",\"item\":\"https:\/\/investiga.uandes.cl\/\"},{\"@type\":\"ListItem\",\"position\":2,\"name\":\"Investigaci\u00f3n pionera medir\u00e1 impacto del cambio clim\u00e1tico y los incendios en las empresas\"}]},{\"@type\":\"WebSite\",\"@id\":\"https:\/\/investiga.uandes.cl\/#website\",\"url\":\"https:\/\/investiga.uandes.cl\/\",\"name\":\"Investiga UANDES\",\"description\":\"Investigaci\u00f3n, Universidad de los Andes\",\"publisher\":{\"@id\":\"https:\/\/investiga.uandes.cl\/#organization\"},\"potentialAction\":[{\"@type\":\"SearchAction\",\"target\":{\"@type\":\"EntryPoint\",\"urlTemplate\":\"https:\/\/investiga.uandes.cl\/?s={search_term_string}\"},\"query-input\":{\"@type\":\"PropertyValueSpecification\",\"valueRequired\":true,\"valueName\":\"search_term_string\"}}],\"inLanguage\":\"en-US\"},{\"@type\":\"Organization\",\"@id\":\"https:\/\/investiga.uandes.cl\/#organization\",\"name\":\"Investiga UANDES\",\"url\":\"https:\/\/investiga.uandes.cl\/\",\"logo\":{\"@type\":\"ImageObject\",\"inLanguage\":\"en-US\",\"@id\":\"https:\/\/investiga.uandes.cl\/#\/schema\/logo\/image\/\",\"url\":\"https:\/\/investiga.uandes.cl\/wp-content\/uploads\/2025\/03\/investiga_uandes.jpg\",\"contentUrl\":\"https:\/\/investiga.uandes.cl\/wp-content\/uploads\/2025\/03\/investiga_uandes.jpg\",\"width\":2000,\"height\":771,\"caption\":\"Investiga UANDES\"},\"image\":{\"@id\":\"https:\/\/investiga.uandes.cl\/#\/schema\/logo\/image\/\"}},{\"@type\":\"Person\",\"@id\":\"https:\/\/investiga.uandes.cl\/#\/schema\/person\/a6d3757d4cdc75cceb38c3560655edc3\",\"name\":\"Marisol Grisanti\",\"url\":\"https:\/\/investiga.uandes.cl\/en\/author\/mgrisanti\/\"}]}<\/script>\n<!-- \/ Yoast SEO plugin. -->","yoast_head_json":{"title":"Investigaci\u00f3n pionera medir\u00e1 impacto del cambio clim\u00e1tico y los incendios en las empresas - Investiga UANDES","robots":{"index":"index","follow":"follow","max-snippet":"max-snippet:-1","max-image-preview":"max-image-preview:large","max-video-preview":"max-video-preview:-1"},"canonical":"https:\/\/investiga.uandes.cl\/en\/uandes-ufro-alliance-pioneering-research-will-measure-impact-of-climate-change-and-fires-on-companies\/","og_locale":"en_US","og_type":"article","og_title":"Investigaci\u00f3n pionera medir\u00e1 impacto del cambio clim\u00e1tico y los incendios en las empresas - Investiga UANDES","og_description":"Javier Mella, acad\u00e9mico de la Facultad de Ingenier\u00eda y Ciencias Aplicadas, se adjudic\u00f3 el II Concurso de Investigaci\u00f3n Interdisciplinaria Asociativa UANDES-UFRO para medir c\u00f3mo las quemas de \u00e1rboles en grandes extensiones afectan el desempe\u00f1o econ\u00f3mico de compa\u00f1\u00edas del agro.","og_url":"https:\/\/investiga.uandes.cl\/en\/uandes-ufro-alliance-pioneering-research-will-measure-impact-of-climate-change-and-fires-on-companies\/","og_site_name":"Investiga UANDES","article_published_time":"2025-11-29T20:45:03+00:00","article_modified_time":"2025-12-03T14:54:45+00:00","og_image":[{"width":2560,"height":1707,"url":"https:\/\/investiga.uandes.cl\/wp-content\/uploads\/2025\/11\/shutterstock_1810018291-scaled.jpg","type":"image\/jpeg"}],"author":"Marisol Grisanti","twitter_card":"summary_large_image","twitter_misc":{"Written by":"Marisol Grisanti","Est. reading time":"2 minutes"},"schema":{"@context":"https:\/\/schema.org","@graph":[{"@type":"Article","@id":"https:\/\/investiga.uandes.cl\/alianza-uandes-ufro-investigacion-pionera-medira-impacto-del-cambio-climatico-y-los-incendios-en-las-empresas\/#article","isPartOf":{"@id":"https:\/\/investiga.uandes.cl\/alianza-uandes-ufro-investigacion-pionera-medira-impacto-del-cambio-climatico-y-los-incendios-en-las-empresas\/"},"author":{"name":"Marisol Grisanti","@id":"https:\/\/investiga.uandes.cl\/#\/schema\/person\/a6d3757d4cdc75cceb38c3560655edc3"},"headline":"Investigaci\u00f3n pionera medir\u00e1 impacto del cambio clim\u00e1tico y los incendios en las empresas","datePublished":"2025-11-29T20:45:03+00:00","dateModified":"2025-12-03T14:54:45+00:00","mainEntityOfPage":{"@id":"https:\/\/investiga.uandes.cl\/alianza-uandes-ufro-investigacion-pionera-medira-impacto-del-cambio-climatico-y-los-incendios-en-las-empresas\/"},"wordCount":400,"publisher":{"@id":"https:\/\/investiga.uandes.cl\/#organization"},"image":{"@id":"https:\/\/investiga.uandes.cl\/alianza-uandes-ufro-investigacion-pionera-medira-impacto-del-cambio-climatico-y-los-incendios-en-las-empresas\/#primaryimage"},"thumbnailUrl":"https:\/\/investiga.uandes.cl\/wp-content\/uploads\/2025\/11\/shutterstock_1810018291-scaled.jpg","articleSection":["Econom\u00eda","Innovaci\u00f3n","Investigaci\u00f3n"],"inLanguage":"en-US"},{"@type":"WebPage","@id":"https:\/\/investiga.uandes.cl\/alianza-uandes-ufro-investigacion-pionera-medira-impacto-del-cambio-climatico-y-los-incendios-en-las-empresas\/","url":"https:\/\/investiga.uandes.cl\/alianza-uandes-ufro-investigacion-pionera-medira-impacto-del-cambio-climatico-y-los-incendios-en-las-empresas\/","name":"Investigaci\u00f3n pionera medir\u00e1 impacto del cambio clim\u00e1tico y los incendios en las empresas - Investiga UANDES","isPartOf":{"@id":"https:\/\/investiga.uandes.cl\/#website"},"primaryImageOfPage":{"@id":"https:\/\/investiga.uandes.cl\/alianza-uandes-ufro-investigacion-pionera-medira-impacto-del-cambio-climatico-y-los-incendios-en-las-empresas\/#primaryimage"},"image":{"@id":"https:\/\/investiga.uandes.cl\/alianza-uandes-ufro-investigacion-pionera-medira-impacto-del-cambio-climatico-y-los-incendios-en-las-empresas\/#primaryimage"},"thumbnailUrl":"https:\/\/investiga.uandes.cl\/wp-content\/uploads\/2025\/11\/shutterstock_1810018291-scaled.jpg","datePublished":"2025-11-29T20:45:03+00:00","dateModified":"2025-12-03T14:54:45+00:00","breadcrumb":{"@id":"https:\/\/investiga.uandes.cl\/alianza-uandes-ufro-investigacion-pionera-medira-impacto-del-cambio-climatico-y-los-incendios-en-las-empresas\/#breadcrumb"},"inLanguage":"en-US","potentialAction":[{"@type":"ReadAction","target":["https:\/\/investiga.uandes.cl\/alianza-uandes-ufro-investigacion-pionera-medira-impacto-del-cambio-climatico-y-los-incendios-en-las-empresas\/"]}]},{"@type":"ImageObject","inLanguage":"en-US","@id":"https:\/\/investiga.uandes.cl\/alianza-uandes-ufro-investigacion-pionera-medira-impacto-del-cambio-climatico-y-los-incendios-en-las-empresas\/#primaryimage","url":"https:\/\/investiga.uandes.cl\/wp-content\/uploads\/2025\/11\/shutterstock_1810018291-scaled.jpg","contentUrl":"https:\/\/investiga.uandes.cl\/wp-content\/uploads\/2025\/11\/shutterstock_1810018291-scaled.jpg","width":2560,"height":1707},{"@type":"BreadcrumbList","@id":"https:\/\/investiga.uandes.cl\/alianza-uandes-ufro-investigacion-pionera-medira-impacto-del-cambio-climatico-y-los-incendios-en-las-empresas\/#breadcrumb","itemListElement":[{"@type":"ListItem","position":1,"name":"Portada","item":"https:\/\/investiga.uandes.cl\/"},{"@type":"ListItem","position":2,"name":"Investigaci\u00f3n pionera medir\u00e1 impacto del cambio clim\u00e1tico y los incendios en las empresas"}]},{"@type":"WebSite","@id":"https:\/\/investiga.uandes.cl\/#website","url":"https:\/\/investiga.uandes.cl\/","name":"Investiga UANDES","description":"Investigaci\u00f3n, Universidad de los Andes","publisher":{"@id":"https:\/\/investiga.uandes.cl\/#organization"},"potentialAction":[{"@type":"SearchAction","target":{"@type":"EntryPoint","urlTemplate":"https:\/\/investiga.uandes.cl\/?s={search_term_string}"},"query-input":{"@type":"PropertyValueSpecification","valueRequired":true,"valueName":"search_term_string"}}],"inLanguage":"en-US"},{"@type":"Organization","@id":"https:\/\/investiga.uandes.cl\/#organization","name":"Investiga UANDES","url":"https:\/\/investiga.uandes.cl\/","logo":{"@type":"ImageObject","inLanguage":"en-US","@id":"https:\/\/investiga.uandes.cl\/#\/schema\/logo\/image\/","url":"https:\/\/investiga.uandes.cl\/wp-content\/uploads\/2025\/03\/investiga_uandes.jpg","contentUrl":"https:\/\/investiga.uandes.cl\/wp-content\/uploads\/2025\/03\/investiga_uandes.jpg","width":2000,"height":771,"caption":"Investiga UANDES"},"image":{"@id":"https:\/\/investiga.uandes.cl\/#\/schema\/logo\/image\/"}},{"@type":"Person","@id":"https:\/\/investiga.uandes.cl\/#\/schema\/person\/a6d3757d4cdc75cceb38c3560655edc3","name":"Marisol Grisanti","url":"https:\/\/investiga.uandes.cl\/en\/author\/mgrisanti\/"}]}},"_links":{"self":[{"href":"https:\/\/investiga.uandes.cl\/en\/wp-json\/wp\/v2\/posts\/6687","targetHints":{"allow":["GET"]}}],"collection":[{"href":"https:\/\/investiga.uandes.cl\/en\/wp-json\/wp\/v2\/posts"}],"about":[{"href":"https:\/\/investiga.uandes.cl\/en\/wp-json\/wp\/v2\/types\/post"}],"author":[{"embeddable":true,"href":"https:\/\/investiga.uandes.cl\/en\/wp-json\/wp\/v2\/users\/3"}],"replies":[{"embeddable":true,"href":"https:\/\/investiga.uandes.cl\/en\/wp-json\/wp\/v2\/comments?post=6687"}],"version-history":[{"count":7,"href":"https:\/\/investiga.uandes.cl\/en\/wp-json\/wp\/v2\/posts\/6687\/revisions"}],"predecessor-version":[{"id":7150,"href":"https:\/\/investiga.uandes.cl\/en\/wp-json\/wp\/v2\/posts\/6687\/revisions\/7150"}],"wp:featuredmedia":[{"embeddable":true,"href":"https:\/\/investiga.uandes.cl\/en\/wp-json\/wp\/v2\/media\/6967"}],"wp:attachment":[{"href":"https:\/\/investiga.uandes.cl\/en\/wp-json\/wp\/v2\/media?parent=6687"}],"wp:term":[{"taxonomy":"category","embeddable":true,"href":"https:\/\/investiga.uandes.cl\/en\/wp-json\/wp\/v2\/categories?post=6687"},{"taxonomy":"post_tag","embeddable":true,"href":"https:\/\/investiga.uandes.cl\/en\/wp-json\/wp\/v2\/tags?post=6687"}],"curies":[{"name":"wp","href":"https:\/\/api.w.org\/{rel}","templated":true}]}}