{"id":6678,"date":"2025-11-25T17:26:47","date_gmt":"2025-11-25T20:26:47","guid":{"rendered":"https:\/\/investiga.uandes.cl\/?p=6678"},"modified":"2025-12-03T12:11:01","modified_gmt":"2025-12-03T15:11:01","slug":"international-research-seeks-to-raise-ethical-standards-and-virtue-in-companies","status":"publish","type":"post","link":"https:\/\/investiga.uandes.cl\/en\/international-research-seeks-to-raise-ethical-standards-and-virtue-in-companies\/","title":{"rendered":"How to Raise Ethical Standards in Companies"},"content":{"rendered":"<p>The academic from the&nbsp;<a href=\"https:\/\/www.uandes.cl\/tag\/facultad-de-ciencias-economicas-y-empresariales\/\">School of Economics and Business Administration<\/a>&nbsp;<a href=\"https:\/\/investigadores.uandes.cl\/es\/persons\/javier-ignacio-pinto-garay\/\" target=\"_blank\" rel=\"noreferrer noopener\"><strong>Javier Pinto<\/strong><\/a> , researches business and professional ethics, with an emphasis on virtue ethics. Currently the professor is finalizing two projects related to this topic; the first is a book on justice and business, which will be published soon by an international publishing house. The second is a collective volume edited by Pinto, a publication that offers a review of the most relevant theories on work, especially in the twentieth century, with the participation of professors from&nbsp;<strong><a href=\"https:\/\/www.unav.edu\/inicio\">Universidad de Navarra&nbsp;<\/a><\/strong>(Spain) and&nbsp;<strong><a href=\"https:\/\/es.pusc.it\/\">Pontifical University of the Holy Cross<\/a><\/strong>&nbsp;(Italy), among others.<\/p>\n\n\n\n<p>Pinto's interest in this area stems from<strong>&nbsp;the conviction that virtue ethics offers a valuable framework for reflecting on business. In particular, it seeks to understand the nature of work within the organization and the normative principles that should guide the way people's work is organized.<\/strong><\/p>\n\n\n\n<p>With this motivation&nbsp;<strong>he has developed content for teaching business and professional ethics.<\/strong>. \"Currently there is a gap in the preparation of new and better university professors in this area, especially in professional ethics, a key topic in the education of future professionals and leaders,\" explains the academic from the&nbsp;<strong><a href=\"https:\/\/www.uandes.cl\/tag\/facultad-de-ciencias-economicas-y-empresariales\/\">School of Economics and Business Administration.<\/a><\/strong><\/p>\n\n\n\n<p>Today, Pinto works with Germ\u00e1n Scalzo from&nbsp;<strong><a href=\"https:\/\/www.unav.edu\/inicio\">Universidad de Navarra<\/a><\/strong>and with a group of business ethics professors from Mendoza College of Business at&nbsp;<strong><a href=\"https:\/\/www.nd.edu\/\">University of Notre Dame<\/a><\/strong>(United States), particularly with Greg Robson and John Sikorski.<\/p>\n\n\n\n<p>With this team, he is developing a research track on virtues, work, and business. Currently, they already have a&nbsp;<em>working paper<\/em>&nbsp;and plan to add other studies on virtues such as humility, trust, and care. To this end, they are preparing a research seminar for the end of the year, the progress of which will be published on the group's website:&nbsp;<a href=\"http:\/\/dignityethics.com\/\">dignityethics.com<\/a>.<\/p>\n\n\n\n<p>In addition, Pinto and his collaborators are working on the preliminary stage of a project that seeks to create an encyclopedia of good and bad business and professional practices in order to compile experiences, systematize learning, and offer references that will help to raise ethical standards in companies and professions.<\/p>\n\n\n\n<p>If you want to listen to this podcast interview,&nbsp;<strong><a href=\"https:\/\/open.spotify.com\/episode\/77blN1R37dLprtSbOqQFIS\">click here.<\/a><\/strong><\/p>\n\n\n\n<p><a href=\"https:\/\/ellibero.cl\/actualidad\/dialogos-para-repensar-la-empresa-la-economia-y-la-sociedad-desde-la-etica\/\"><strong>Check HERE for a press release related to this research.<\/strong><\/a><\/p>\n\n\n\n<p><\/p>","protected":false},"excerpt":{"rendered":"<p>Javier Pinto, a professor at the School of Economics and Business Administration, is preparing the publication of two books and is leading international initiatives that seek to deepen the role of virtues and good practices within companies.<\/p>","protected":false},"author":3,"featured_media":7115,"comment_status":"closed","ping_status":"closed","sticky":false,"template":"","format":"standard","meta":{"inline_featured_image":false,"footnotes":""},"categories":[5,1,4],"tags":[76],"class_list":["post-6678","post","type-post","status-publish","format-standard","has-post-thumbnail","hentry","category-economia","category-investigacion","category-pensamiento","tag-76"],"yoast_head":"<!-- This site is optimized with the Yoast SEO plugin v24.7 - https:\/\/yoast.com\/wordpress\/plugins\/seo\/ -->\n<title>C\u00f3mo elevar los est\u00e1ndares \u00e9ticos en las empresas - Investiga UANDES<\/title>\n<meta name=\"robots\" content=\"index, follow, max-snippet:-1, max-image-preview:large, max-video-preview:-1\" \/>\n<link rel=\"canonical\" href=\"https:\/\/investiga.uandes.cl\/en\/international-research-seeks-to-raise-ethical-standards-and-virtue-in-companies\/\" \/>\n<meta property=\"og:locale\" content=\"en_US\" \/>\n<meta property=\"og:type\" content=\"article\" \/>\n<meta property=\"og:title\" content=\"C\u00f3mo elevar los est\u00e1ndares \u00e9ticos en las empresas - Investiga UANDES\" \/>\n<meta property=\"og:description\" content=\"Javier Pinto, profesor de la Facultad de Ciencias Econ\u00f3micas y Empresariales, prepara la publicaci\u00f3n de dos libros y lidera iniciativas internacionales que buscan profundizar en el rol de las virtudes y las buenas pr\u00e1cticas dentro de la empresa.\" \/>\n<meta property=\"og:url\" content=\"https:\/\/investiga.uandes.cl\/en\/international-research-seeks-to-raise-ethical-standards-and-virtue-in-companies\/\" \/>\n<meta property=\"og:site_name\" content=\"Investiga UANDES\" \/>\n<meta property=\"article:published_time\" content=\"2025-11-25T20:26:47+00:00\" \/>\n<meta property=\"article:modified_time\" content=\"2025-12-03T15:11:01+00:00\" \/>\n<meta property=\"og:image\" content=\"https:\/\/investiga.uandes.cl\/wp-content\/uploads\/2025\/11\/javier-pinto.jpg\" \/>\n\t<meta property=\"og:image:width\" content=\"2000\" \/>\n\t<meta property=\"og:image:height\" content=\"1333\" \/>\n\t<meta property=\"og:image:type\" content=\"image\/jpeg\" \/>\n<meta name=\"author\" content=\"Marisol Grisanti\" \/>\n<meta name=\"twitter:card\" content=\"summary_large_image\" \/>\n<meta name=\"twitter:label1\" content=\"Written by\" \/>\n\t<meta name=\"twitter:data1\" content=\"Marisol Grisanti\" \/>\n\t<meta name=\"twitter:label2\" content=\"Est. reading time\" \/>\n\t<meta name=\"twitter:data2\" content=\"3 minutes\" \/>\n<script type=\"application\/ld+json\" class=\"yoast-schema-graph\">{\"@context\":\"https:\/\/schema.org\",\"@graph\":[{\"@type\":\"Article\",\"@id\":\"https:\/\/investiga.uandes.cl\/investigacion-internacional-busca-elevar-los-estandares-eticos-y-la-virtud-en-las-empresas\/#article\",\"isPartOf\":{\"@id\":\"https:\/\/investiga.uandes.cl\/investigacion-internacional-busca-elevar-los-estandares-eticos-y-la-virtud-en-las-empresas\/\"},\"author\":{\"name\":\"Marisol Grisanti\",\"@id\":\"https:\/\/investiga.uandes.cl\/#\/schema\/person\/a6d3757d4cdc75cceb38c3560655edc3\"},\"headline\":\"C\u00f3mo elevar los est\u00e1ndares \u00e9ticos en las empresas\",\"datePublished\":\"2025-11-25T20:26:47+00:00\",\"dateModified\":\"2025-12-03T15:11:01+00:00\",\"mainEntityOfPage\":{\"@id\":\"https:\/\/investiga.uandes.cl\/investigacion-internacional-busca-elevar-los-estandares-eticos-y-la-virtud-en-las-empresas\/\"},\"wordCount\":452,\"publisher\":{\"@id\":\"https:\/\/investiga.uandes.cl\/#organization\"},\"image\":{\"@id\":\"https:\/\/investiga.uandes.cl\/investigacion-internacional-busca-elevar-los-estandares-eticos-y-la-virtud-en-las-empresas\/#primaryimage\"},\"thumbnailUrl\":\"https:\/\/investiga.uandes.cl\/wp-content\/uploads\/2025\/11\/javier-pinto.jpg\",\"keywords\":[\"218\"],\"articleSection\":[\"Econom\u00eda\",\"Investigaci\u00f3n\",\"Pensamiento y Sociedad\"],\"inLanguage\":\"en-US\"},{\"@type\":\"WebPage\",\"@id\":\"https:\/\/investiga.uandes.cl\/investigacion-internacional-busca-elevar-los-estandares-eticos-y-la-virtud-en-las-empresas\/\",\"url\":\"https:\/\/investiga.uandes.cl\/investigacion-internacional-busca-elevar-los-estandares-eticos-y-la-virtud-en-las-empresas\/\",\"name\":\"C\u00f3mo elevar los est\u00e1ndares \u00e9ticos en las empresas - Investiga UANDES\",\"isPartOf\":{\"@id\":\"https:\/\/investiga.uandes.cl\/#website\"},\"primaryImageOfPage\":{\"@id\":\"https:\/\/investiga.uandes.cl\/investigacion-internacional-busca-elevar-los-estandares-eticos-y-la-virtud-en-las-empresas\/#primaryimage\"},\"image\":{\"@id\":\"https:\/\/investiga.uandes.cl\/investigacion-internacional-busca-elevar-los-estandares-eticos-y-la-virtud-en-las-empresas\/#primaryimage\"},\"thumbnailUrl\":\"https:\/\/investiga.uandes.cl\/wp-content\/uploads\/2025\/11\/javier-pinto.jpg\",\"datePublished\":\"2025-11-25T20:26:47+00:00\",\"dateModified\":\"2025-12-03T15:11:01+00:00\",\"breadcrumb\":{\"@id\":\"https:\/\/investiga.uandes.cl\/investigacion-internacional-busca-elevar-los-estandares-eticos-y-la-virtud-en-las-empresas\/#breadcrumb\"},\"inLanguage\":\"en-US\",\"potentialAction\":[{\"@type\":\"ReadAction\",\"target\":[\"https:\/\/investiga.uandes.cl\/investigacion-internacional-busca-elevar-los-estandares-eticos-y-la-virtud-en-las-empresas\/\"]}]},{\"@type\":\"ImageObject\",\"inLanguage\":\"en-US\",\"@id\":\"https:\/\/investiga.uandes.cl\/investigacion-internacional-busca-elevar-los-estandares-eticos-y-la-virtud-en-las-empresas\/#primaryimage\",\"url\":\"https:\/\/investiga.uandes.cl\/wp-content\/uploads\/2025\/11\/javier-pinto.jpg\",\"contentUrl\":\"https:\/\/investiga.uandes.cl\/wp-content\/uploads\/2025\/11\/javier-pinto.jpg\",\"width\":2000,\"height\":1333},{\"@type\":\"BreadcrumbList\",\"@id\":\"https:\/\/investiga.uandes.cl\/investigacion-internacional-busca-elevar-los-estandares-eticos-y-la-virtud-en-las-empresas\/#breadcrumb\",\"itemListElement\":[{\"@type\":\"ListItem\",\"position\":1,\"name\":\"Portada\",\"item\":\"https:\/\/investiga.uandes.cl\/\"},{\"@type\":\"ListItem\",\"position\":2,\"name\":\"C\u00f3mo elevar los est\u00e1ndares \u00e9ticos en las empresas\"}]},{\"@type\":\"WebSite\",\"@id\":\"https:\/\/investiga.uandes.cl\/#website\",\"url\":\"https:\/\/investiga.uandes.cl\/\",\"name\":\"Investiga UANDES\",\"description\":\"Investigaci\u00f3n, Universidad de los Andes\",\"publisher\":{\"@id\":\"https:\/\/investiga.uandes.cl\/#organization\"},\"potentialAction\":[{\"@type\":\"SearchAction\",\"target\":{\"@type\":\"EntryPoint\",\"urlTemplate\":\"https:\/\/investiga.uandes.cl\/?s={search_term_string}\"},\"query-input\":{\"@type\":\"PropertyValueSpecification\",\"valueRequired\":true,\"valueName\":\"search_term_string\"}}],\"inLanguage\":\"en-US\"},{\"@type\":\"Organization\",\"@id\":\"https:\/\/investiga.uandes.cl\/#organization\",\"name\":\"Investiga UANDES\",\"url\":\"https:\/\/investiga.uandes.cl\/\",\"logo\":{\"@type\":\"ImageObject\",\"inLanguage\":\"en-US\",\"@id\":\"https:\/\/investiga.uandes.cl\/#\/schema\/logo\/image\/\",\"url\":\"https:\/\/investiga.uandes.cl\/wp-content\/uploads\/2025\/03\/investiga_uandes.jpg\",\"contentUrl\":\"https:\/\/investiga.uandes.cl\/wp-content\/uploads\/2025\/03\/investiga_uandes.jpg\",\"width\":2000,\"height\":771,\"caption\":\"Investiga UANDES\"},\"image\":{\"@id\":\"https:\/\/investiga.uandes.cl\/#\/schema\/logo\/image\/\"}},{\"@type\":\"Person\",\"@id\":\"https:\/\/investiga.uandes.cl\/#\/schema\/person\/a6d3757d4cdc75cceb38c3560655edc3\",\"name\":\"Marisol Grisanti\",\"url\":\"https:\/\/investiga.uandes.cl\/en\/author\/mgrisanti\/\"}]}<\/script>\n<!-- \/ Yoast SEO plugin. -->","yoast_head_json":{"title":"C\u00f3mo elevar los est\u00e1ndares \u00e9ticos en las empresas - Investiga UANDES","robots":{"index":"index","follow":"follow","max-snippet":"max-snippet:-1","max-image-preview":"max-image-preview:large","max-video-preview":"max-video-preview:-1"},"canonical":"https:\/\/investiga.uandes.cl\/en\/international-research-seeks-to-raise-ethical-standards-and-virtue-in-companies\/","og_locale":"en_US","og_type":"article","og_title":"C\u00f3mo elevar los est\u00e1ndares \u00e9ticos en las empresas - Investiga UANDES","og_description":"Javier Pinto, profesor de la Facultad de Ciencias Econ\u00f3micas y Empresariales, prepara la publicaci\u00f3n de dos libros y lidera iniciativas internacionales que buscan profundizar en el rol de las virtudes y las buenas pr\u00e1cticas dentro de la empresa.","og_url":"https:\/\/investiga.uandes.cl\/en\/international-research-seeks-to-raise-ethical-standards-and-virtue-in-companies\/","og_site_name":"Investiga UANDES","article_published_time":"2025-11-25T20:26:47+00:00","article_modified_time":"2025-12-03T15:11:01+00:00","og_image":[{"width":2000,"height":1333,"url":"https:\/\/investiga.uandes.cl\/wp-content\/uploads\/2025\/11\/javier-pinto.jpg","type":"image\/jpeg"}],"author":"Marisol Grisanti","twitter_card":"summary_large_image","twitter_misc":{"Written by":"Marisol Grisanti","Est. reading time":"3 minutes"},"schema":{"@context":"https:\/\/schema.org","@graph":[{"@type":"Article","@id":"https:\/\/investiga.uandes.cl\/investigacion-internacional-busca-elevar-los-estandares-eticos-y-la-virtud-en-las-empresas\/#article","isPartOf":{"@id":"https:\/\/investiga.uandes.cl\/investigacion-internacional-busca-elevar-los-estandares-eticos-y-la-virtud-en-las-empresas\/"},"author":{"name":"Marisol Grisanti","@id":"https:\/\/investiga.uandes.cl\/#\/schema\/person\/a6d3757d4cdc75cceb38c3560655edc3"},"headline":"C\u00f3mo elevar los est\u00e1ndares \u00e9ticos en las empresas","datePublished":"2025-11-25T20:26:47+00:00","dateModified":"2025-12-03T15:11:01+00:00","mainEntityOfPage":{"@id":"https:\/\/investiga.uandes.cl\/investigacion-internacional-busca-elevar-los-estandares-eticos-y-la-virtud-en-las-empresas\/"},"wordCount":452,"publisher":{"@id":"https:\/\/investiga.uandes.cl\/#organization"},"image":{"@id":"https:\/\/investiga.uandes.cl\/investigacion-internacional-busca-elevar-los-estandares-eticos-y-la-virtud-en-las-empresas\/#primaryimage"},"thumbnailUrl":"https:\/\/investiga.uandes.cl\/wp-content\/uploads\/2025\/11\/javier-pinto.jpg","keywords":["218"],"articleSection":["Econom\u00eda","Investigaci\u00f3n","Pensamiento y Sociedad"],"inLanguage":"en-US"},{"@type":"WebPage","@id":"https:\/\/investiga.uandes.cl\/investigacion-internacional-busca-elevar-los-estandares-eticos-y-la-virtud-en-las-empresas\/","url":"https:\/\/investiga.uandes.cl\/investigacion-internacional-busca-elevar-los-estandares-eticos-y-la-virtud-en-las-empresas\/","name":"C\u00f3mo elevar los est\u00e1ndares \u00e9ticos en las empresas - Investiga UANDES","isPartOf":{"@id":"https:\/\/investiga.uandes.cl\/#website"},"primaryImageOfPage":{"@id":"https:\/\/investiga.uandes.cl\/investigacion-internacional-busca-elevar-los-estandares-eticos-y-la-virtud-en-las-empresas\/#primaryimage"},"image":{"@id":"https:\/\/investiga.uandes.cl\/investigacion-internacional-busca-elevar-los-estandares-eticos-y-la-virtud-en-las-empresas\/#primaryimage"},"thumbnailUrl":"https:\/\/investiga.uandes.cl\/wp-content\/uploads\/2025\/11\/javier-pinto.jpg","datePublished":"2025-11-25T20:26:47+00:00","dateModified":"2025-12-03T15:11:01+00:00","breadcrumb":{"@id":"https:\/\/investiga.uandes.cl\/investigacion-internacional-busca-elevar-los-estandares-eticos-y-la-virtud-en-las-empresas\/#breadcrumb"},"inLanguage":"en-US","potentialAction":[{"@type":"ReadAction","target":["https:\/\/investiga.uandes.cl\/investigacion-internacional-busca-elevar-los-estandares-eticos-y-la-virtud-en-las-empresas\/"]}]},{"@type":"ImageObject","inLanguage":"en-US","@id":"https:\/\/investiga.uandes.cl\/investigacion-internacional-busca-elevar-los-estandares-eticos-y-la-virtud-en-las-empresas\/#primaryimage","url":"https:\/\/investiga.uandes.cl\/wp-content\/uploads\/2025\/11\/javier-pinto.jpg","contentUrl":"https:\/\/investiga.uandes.cl\/wp-content\/uploads\/2025\/11\/javier-pinto.jpg","width":2000,"height":1333},{"@type":"BreadcrumbList","@id":"https:\/\/investiga.uandes.cl\/investigacion-internacional-busca-elevar-los-estandares-eticos-y-la-virtud-en-las-empresas\/#breadcrumb","itemListElement":[{"@type":"ListItem","position":1,"name":"Portada","item":"https:\/\/investiga.uandes.cl\/"},{"@type":"ListItem","position":2,"name":"C\u00f3mo elevar los est\u00e1ndares \u00e9ticos en las empresas"}]},{"@type":"WebSite","@id":"https:\/\/investiga.uandes.cl\/#website","url":"https:\/\/investiga.uandes.cl\/","name":"Investiga UANDES","description":"Investigaci\u00f3n, Universidad de los Andes","publisher":{"@id":"https:\/\/investiga.uandes.cl\/#organization"},"potentialAction":[{"@type":"SearchAction","target":{"@type":"EntryPoint","urlTemplate":"https:\/\/investiga.uandes.cl\/?s={search_term_string}"},"query-input":{"@type":"PropertyValueSpecification","valueRequired":true,"valueName":"search_term_string"}}],"inLanguage":"en-US"},{"@type":"Organization","@id":"https:\/\/investiga.uandes.cl\/#organization","name":"Investiga UANDES","url":"https:\/\/investiga.uandes.cl\/","logo":{"@type":"ImageObject","inLanguage":"en-US","@id":"https:\/\/investiga.uandes.cl\/#\/schema\/logo\/image\/","url":"https:\/\/investiga.uandes.cl\/wp-content\/uploads\/2025\/03\/investiga_uandes.jpg","contentUrl":"https:\/\/investiga.uandes.cl\/wp-content\/uploads\/2025\/03\/investiga_uandes.jpg","width":2000,"height":771,"caption":"Investiga UANDES"},"image":{"@id":"https:\/\/investiga.uandes.cl\/#\/schema\/logo\/image\/"}},{"@type":"Person","@id":"https:\/\/investiga.uandes.cl\/#\/schema\/person\/a6d3757d4cdc75cceb38c3560655edc3","name":"Marisol Grisanti","url":"https:\/\/investiga.uandes.cl\/en\/author\/mgrisanti\/"}]}},"_links":{"self":[{"href":"https:\/\/investiga.uandes.cl\/en\/wp-json\/wp\/v2\/posts\/6678","targetHints":{"allow":["GET"]}}],"collection":[{"href":"https:\/\/investiga.uandes.cl\/en\/wp-json\/wp\/v2\/posts"}],"about":[{"href":"https:\/\/investiga.uandes.cl\/en\/wp-json\/wp\/v2\/types\/post"}],"author":[{"embeddable":true,"href":"https:\/\/investiga.uandes.cl\/en\/wp-json\/wp\/v2\/users\/3"}],"replies":[{"embeddable":true,"href":"https:\/\/investiga.uandes.cl\/en\/wp-json\/wp\/v2\/comments?post=6678"}],"version-history":[{"count":8,"href":"https:\/\/investiga.uandes.cl\/en\/wp-json\/wp\/v2\/posts\/6678\/revisions"}],"predecessor-version":[{"id":7151,"href":"https:\/\/investiga.uandes.cl\/en\/wp-json\/wp\/v2\/posts\/6678\/revisions\/7151"}],"wp:featuredmedia":[{"embeddable":true,"href":"https:\/\/investiga.uandes.cl\/en\/wp-json\/wp\/v2\/media\/7115"}],"wp:attachment":[{"href":"https:\/\/investiga.uandes.cl\/en\/wp-json\/wp\/v2\/media?parent=6678"}],"wp:term":[{"taxonomy":"category","embeddable":true,"href":"https:\/\/investiga.uandes.cl\/en\/wp-json\/wp\/v2\/categories?post=6678"},{"taxonomy":"post_tag","embeddable":true,"href":"https:\/\/investiga.uandes.cl\/en\/wp-json\/wp\/v2\/tags?post=6678"}],"curies":[{"name":"wp","href":"https:\/\/api.w.org\/{rel}","templated":true}]}}