{"id":6675,"date":"2025-11-04T17:25:58","date_gmt":"2025-11-04T20:25:58","guid":{"rendered":"https:\/\/investiga.uandes.cl\/?p=6675"},"modified":"2025-12-02T16:28:08","modified_gmt":"2025-12-02T19:28:08","slug":"researcher-participates-in-validation-of-test-to-detect-anxiety-and-depression-in-youths","status":"publish","type":"post","link":"https:\/\/investiga.uandes.cl\/en\/researcher-participates-in-validation-of-test-to-detect-anxiety-and-depression-in-youths\/","title":{"rendered":"Researcher confirms validity of U.S. anxiety test for Chilean adolescents in vulnerable situations"},"content":{"rendered":"<p><a href=\"https:\/\/investigadores.uandes.cl\/es\/persons\/jorge-eduardo-gaete-olivares\" target=\"_blank\" rel=\"noreferrer noopener\"><strong>and Jorge Gaete<\/strong><\/a>, an academic from the School of Education, participated as a researcher in a study that validated the\u00a0<a href=\"https:\/\/www.sciencedirect.com\/science\/article\/pii\/S2212144725000651\"><strong>Avoidance and Fusion Questionnaire for Youth (AFQ-Y8)<\/strong><\/a>for the first time in Chile in adolescents from socioeconomically disadvantaged backgrounds. This work provides a new reliable tool for the early detection of mental health difficulties in this population.<\/p>\n\n\n\n<p>The research, published in the&nbsp;<a href=\"https:\/\/www.sciencedirect.com\/journal\/journal-of-contextual-behavioral-science\/about\/insights\"><strong>Journal of Contextual Behavioral Science<\/strong>&nbsp;<\/a>(Q1, IF 3.0), analyzed 297 students from public schools in Valdivia, aged 13 to 17, to determine whether this eight-question instrument adequately measures psychological inflexibility, a key factor in the development of symptoms of anxiety, depression, and emotional regulation problems during adolescence.<\/p>\n\n\n\n<p>Among the main findings, the study proved that the AFQ-Y8 presents a clear single-factor structure, measuring a single construct of psychological inflexibility. In addition, it showed high reliability and internal consistency. Its validity was confirmed by positive associations with depressive symptoms and emotional suppression, and negative associations with mindfulness capacity. No significant relationships were observed with the cognitive reappraisal strategy. Likewise, the questionnaire functioned equally well in men and women, allowing for comparisons between sexes.<\/p>\n\n\n\n<p>The results confirm that the AFQ-Y8 is a brief, reliable, and valid instrument for assessing psychological inflexibility in Chilean adolescents from vulnerable contexts. Its application may facilitate research, early detection, and the implementation of educational or mental health programs. Continued evaluation of its properties in more diverse populations and through longitudinal studies is recommended to understand its behavior over time.<\/p>","protected":false},"excerpt":{"rendered":"<p>The research analyzed 297 students from public schools in Valdivia, aged 13 to 17, to determine whether this instrument adequately measures psychological inflexibility, a key factor in the development of symptoms of anxiety, depression, and emotional regulation problems.<\/p>","protected":false},"author":8,"featured_media":6676,"comment_status":"closed","ping_status":"closed","sticky":false,"template":"","format":"standard","meta":{"inline_featured_image":false,"footnotes":""},"categories":[1,4,3],"tags":[67],"class_list":["post-6675","post","type-post","status-publish","format-standard","has-post-thumbnail","hentry","category-investigacion","category-pensamiento","category-salud","tag-67"],"yoast_head":"<!-- This site is optimized with the Yoast SEO plugin v24.7 - https:\/\/yoast.com\/wordpress\/plugins\/seo\/ -->\n<title>Investigador confirma validez de test de ansiedad de EE.UU. para adolescentes chilenos en contextos vulnerables - Investiga UANDES<\/title>\n<meta name=\"robots\" content=\"index, follow, max-snippet:-1, max-image-preview:large, max-video-preview:-1\" \/>\n<link rel=\"canonical\" href=\"https:\/\/investiga.uandes.cl\/en\/researcher-participates-in-validation-of-test-to-detect-anxiety-and-depression-in-youths\/\" \/>\n<meta property=\"og:locale\" content=\"en_US\" \/>\n<meta property=\"og:type\" content=\"article\" \/>\n<meta property=\"og:title\" content=\"Investigador confirma validez de test de ansiedad de EE.UU. para adolescentes chilenos en contextos vulnerables - Investiga UANDES\" \/>\n<meta property=\"og:description\" content=\"La investigaci\u00f3n analiz\u00f3 a 297 estudiantes de colegios p\u00fablicos de Valdivia, entre 13 y 17 a\u00f1os, para determinar si este instrumento mide de forma adecuada la inflexibilidad psicol\u00f3gica, factor clave en la aparici\u00f3n de s\u00edntomas de ansiedad, depresi\u00f3n y problemas de regulaci\u00f3n emocional.\" \/>\n<meta property=\"og:url\" content=\"https:\/\/investiga.uandes.cl\/en\/researcher-participates-in-validation-of-test-to-detect-anxiety-and-depression-in-youths\/\" \/>\n<meta property=\"og:site_name\" content=\"Investiga UANDES\" \/>\n<meta property=\"article:published_time\" content=\"2025-11-04T20:25:58+00:00\" \/>\n<meta property=\"article:modified_time\" content=\"2025-12-02T19:28:08+00:00\" \/>\n<meta property=\"og:image\" content=\"https:\/\/investiga.uandes.cl\/wp-content\/uploads\/2025\/11\/image-14.png\" \/>\n\t<meta property=\"og:image:width\" content=\"1280\" \/>\n\t<meta property=\"og:image:height\" content=\"720\" \/>\n\t<meta property=\"og:image:type\" content=\"image\/png\" \/>\n<meta name=\"author\" content=\"B\u00e1rbara Olave\" \/>\n<meta name=\"twitter:card\" content=\"summary_large_image\" \/>\n<meta name=\"twitter:label1\" content=\"Written by\" \/>\n\t<meta name=\"twitter:data1\" content=\"B\u00e1rbara Olave\" \/>\n\t<meta name=\"twitter:label2\" content=\"Est. reading time\" \/>\n\t<meta name=\"twitter:data2\" content=\"2 minutes\" \/>\n<script type=\"application\/ld+json\" class=\"yoast-schema-graph\">{\"@context\":\"https:\/\/schema.org\",\"@graph\":[{\"@type\":\"Article\",\"@id\":\"https:\/\/investiga.uandes.cl\/investigador-participa-en-validacion-de-test-para-detectar-ansiedad-y-depresion-en-jovenes\/#article\",\"isPartOf\":{\"@id\":\"https:\/\/investiga.uandes.cl\/investigador-participa-en-validacion-de-test-para-detectar-ansiedad-y-depresion-en-jovenes\/\"},\"author\":{\"name\":\"B\u00e1rbara Olave\",\"@id\":\"https:\/\/investiga.uandes.cl\/#\/schema\/person\/e2b51ffa4164ddc3d88af9b677b1b2b5\"},\"headline\":\"Investigador confirma validez de test de ansiedad de EE.UU. para adolescentes chilenos en contextos vulnerables\",\"datePublished\":\"2025-11-04T20:25:58+00:00\",\"dateModified\":\"2025-12-02T19:28:08+00:00\",\"mainEntityOfPage\":{\"@id\":\"https:\/\/investiga.uandes.cl\/investigador-participa-en-validacion-de-test-para-detectar-ansiedad-y-depresion-en-jovenes\/\"},\"wordCount\":308,\"publisher\":{\"@id\":\"https:\/\/investiga.uandes.cl\/#organization\"},\"image\":{\"@id\":\"https:\/\/investiga.uandes.cl\/investigador-participa-en-validacion-de-test-para-detectar-ansiedad-y-depresion-en-jovenes\/#primaryimage\"},\"thumbnailUrl\":\"https:\/\/investiga.uandes.cl\/wp-content\/uploads\/2025\/11\/image-14.png\",\"keywords\":[\"213\"],\"articleSection\":[\"Investigaci\u00f3n\",\"Pensamiento y Sociedad\",\"Salud\"],\"inLanguage\":\"en-US\"},{\"@type\":\"WebPage\",\"@id\":\"https:\/\/investiga.uandes.cl\/investigador-participa-en-validacion-de-test-para-detectar-ansiedad-y-depresion-en-jovenes\/\",\"url\":\"https:\/\/investiga.uandes.cl\/investigador-participa-en-validacion-de-test-para-detectar-ansiedad-y-depresion-en-jovenes\/\",\"name\":\"Investigador confirma validez de test de ansiedad de EE.UU. para adolescentes chilenos en contextos vulnerables - Investiga UANDES\",\"isPartOf\":{\"@id\":\"https:\/\/investiga.uandes.cl\/#website\"},\"primaryImageOfPage\":{\"@id\":\"https:\/\/investiga.uandes.cl\/investigador-participa-en-validacion-de-test-para-detectar-ansiedad-y-depresion-en-jovenes\/#primaryimage\"},\"image\":{\"@id\":\"https:\/\/investiga.uandes.cl\/investigador-participa-en-validacion-de-test-para-detectar-ansiedad-y-depresion-en-jovenes\/#primaryimage\"},\"thumbnailUrl\":\"https:\/\/investiga.uandes.cl\/wp-content\/uploads\/2025\/11\/image-14.png\",\"datePublished\":\"2025-11-04T20:25:58+00:00\",\"dateModified\":\"2025-12-02T19:28:08+00:00\",\"breadcrumb\":{\"@id\":\"https:\/\/investiga.uandes.cl\/investigador-participa-en-validacion-de-test-para-detectar-ansiedad-y-depresion-en-jovenes\/#breadcrumb\"},\"inLanguage\":\"en-US\",\"potentialAction\":[{\"@type\":\"ReadAction\",\"target\":[\"https:\/\/investiga.uandes.cl\/investigador-participa-en-validacion-de-test-para-detectar-ansiedad-y-depresion-en-jovenes\/\"]}]},{\"@type\":\"ImageObject\",\"inLanguage\":\"en-US\",\"@id\":\"https:\/\/investiga.uandes.cl\/investigador-participa-en-validacion-de-test-para-detectar-ansiedad-y-depresion-en-jovenes\/#primaryimage\",\"url\":\"https:\/\/investiga.uandes.cl\/wp-content\/uploads\/2025\/11\/image-14.png\",\"contentUrl\":\"https:\/\/investiga.uandes.cl\/wp-content\/uploads\/2025\/11\/image-14.png\",\"width\":1280,\"height\":720},{\"@type\":\"BreadcrumbList\",\"@id\":\"https:\/\/investiga.uandes.cl\/investigador-participa-en-validacion-de-test-para-detectar-ansiedad-y-depresion-en-jovenes\/#breadcrumb\",\"itemListElement\":[{\"@type\":\"ListItem\",\"position\":1,\"name\":\"Portada\",\"item\":\"https:\/\/investiga.uandes.cl\/\"},{\"@type\":\"ListItem\",\"position\":2,\"name\":\"Investigador confirma validez de test de ansiedad de EE.UU. para adolescentes chilenos en contextos vulnerables\"}]},{\"@type\":\"WebSite\",\"@id\":\"https:\/\/investiga.uandes.cl\/#website\",\"url\":\"https:\/\/investiga.uandes.cl\/\",\"name\":\"Investiga UANDES\",\"description\":\"Investigaci\u00f3n, Universidad de los Andes\",\"publisher\":{\"@id\":\"https:\/\/investiga.uandes.cl\/#organization\"},\"potentialAction\":[{\"@type\":\"SearchAction\",\"target\":{\"@type\":\"EntryPoint\",\"urlTemplate\":\"https:\/\/investiga.uandes.cl\/?s={search_term_string}\"},\"query-input\":{\"@type\":\"PropertyValueSpecification\",\"valueRequired\":true,\"valueName\":\"search_term_string\"}}],\"inLanguage\":\"en-US\"},{\"@type\":\"Organization\",\"@id\":\"https:\/\/investiga.uandes.cl\/#organization\",\"name\":\"Investiga UANDES\",\"url\":\"https:\/\/investiga.uandes.cl\/\",\"logo\":{\"@type\":\"ImageObject\",\"inLanguage\":\"en-US\",\"@id\":\"https:\/\/investiga.uandes.cl\/#\/schema\/logo\/image\/\",\"url\":\"https:\/\/investiga.uandes.cl\/wp-content\/uploads\/2025\/03\/investiga_uandes.jpg\",\"contentUrl\":\"https:\/\/investiga.uandes.cl\/wp-content\/uploads\/2025\/03\/investiga_uandes.jpg\",\"width\":2000,\"height\":771,\"caption\":\"Investiga UANDES\"},\"image\":{\"@id\":\"https:\/\/investiga.uandes.cl\/#\/schema\/logo\/image\/\"}},{\"@type\":\"Person\",\"@id\":\"https:\/\/investiga.uandes.cl\/#\/schema\/person\/e2b51ffa4164ddc3d88af9b677b1b2b5\",\"name\":\"B\u00e1rbara Olave\",\"url\":\"https:\/\/investiga.uandes.cl\/en\/author\/bolave\/\"}]}<\/script>\n<!-- \/ Yoast SEO plugin. -->","yoast_head_json":{"title":"Investigador confirma validez de test de ansiedad de EE.UU. para adolescentes chilenos en contextos vulnerables - Investiga UANDES","robots":{"index":"index","follow":"follow","max-snippet":"max-snippet:-1","max-image-preview":"max-image-preview:large","max-video-preview":"max-video-preview:-1"},"canonical":"https:\/\/investiga.uandes.cl\/en\/researcher-participates-in-validation-of-test-to-detect-anxiety-and-depression-in-youths\/","og_locale":"en_US","og_type":"article","og_title":"Investigador confirma validez de test de ansiedad de EE.UU. para adolescentes chilenos en contextos vulnerables - Investiga UANDES","og_description":"La investigaci\u00f3n analiz\u00f3 a 297 estudiantes de colegios p\u00fablicos de Valdivia, entre 13 y 17 a\u00f1os, para determinar si este instrumento mide de forma adecuada la inflexibilidad psicol\u00f3gica, factor clave en la aparici\u00f3n de s\u00edntomas de ansiedad, depresi\u00f3n y problemas de regulaci\u00f3n emocional.","og_url":"https:\/\/investiga.uandes.cl\/en\/researcher-participates-in-validation-of-test-to-detect-anxiety-and-depression-in-youths\/","og_site_name":"Investiga UANDES","article_published_time":"2025-11-04T20:25:58+00:00","article_modified_time":"2025-12-02T19:28:08+00:00","og_image":[{"width":1280,"height":720,"url":"https:\/\/investiga.uandes.cl\/wp-content\/uploads\/2025\/11\/image-14.png","type":"image\/png"}],"author":"B\u00e1rbara Olave","twitter_card":"summary_large_image","twitter_misc":{"Written by":"B\u00e1rbara Olave","Est. reading time":"2 minutes"},"schema":{"@context":"https:\/\/schema.org","@graph":[{"@type":"Article","@id":"https:\/\/investiga.uandes.cl\/investigador-participa-en-validacion-de-test-para-detectar-ansiedad-y-depresion-en-jovenes\/#article","isPartOf":{"@id":"https:\/\/investiga.uandes.cl\/investigador-participa-en-validacion-de-test-para-detectar-ansiedad-y-depresion-en-jovenes\/"},"author":{"name":"B\u00e1rbara Olave","@id":"https:\/\/investiga.uandes.cl\/#\/schema\/person\/e2b51ffa4164ddc3d88af9b677b1b2b5"},"headline":"Investigador confirma validez de test de ansiedad de EE.UU. para adolescentes chilenos en contextos vulnerables","datePublished":"2025-11-04T20:25:58+00:00","dateModified":"2025-12-02T19:28:08+00:00","mainEntityOfPage":{"@id":"https:\/\/investiga.uandes.cl\/investigador-participa-en-validacion-de-test-para-detectar-ansiedad-y-depresion-en-jovenes\/"},"wordCount":308,"publisher":{"@id":"https:\/\/investiga.uandes.cl\/#organization"},"image":{"@id":"https:\/\/investiga.uandes.cl\/investigador-participa-en-validacion-de-test-para-detectar-ansiedad-y-depresion-en-jovenes\/#primaryimage"},"thumbnailUrl":"https:\/\/investiga.uandes.cl\/wp-content\/uploads\/2025\/11\/image-14.png","keywords":["213"],"articleSection":["Investigaci\u00f3n","Pensamiento y Sociedad","Salud"],"inLanguage":"en-US"},{"@type":"WebPage","@id":"https:\/\/investiga.uandes.cl\/investigador-participa-en-validacion-de-test-para-detectar-ansiedad-y-depresion-en-jovenes\/","url":"https:\/\/investiga.uandes.cl\/investigador-participa-en-validacion-de-test-para-detectar-ansiedad-y-depresion-en-jovenes\/","name":"Investigador confirma validez de test de ansiedad de EE.UU. para adolescentes chilenos en contextos vulnerables - Investiga UANDES","isPartOf":{"@id":"https:\/\/investiga.uandes.cl\/#website"},"primaryImageOfPage":{"@id":"https:\/\/investiga.uandes.cl\/investigador-participa-en-validacion-de-test-para-detectar-ansiedad-y-depresion-en-jovenes\/#primaryimage"},"image":{"@id":"https:\/\/investiga.uandes.cl\/investigador-participa-en-validacion-de-test-para-detectar-ansiedad-y-depresion-en-jovenes\/#primaryimage"},"thumbnailUrl":"https:\/\/investiga.uandes.cl\/wp-content\/uploads\/2025\/11\/image-14.png","datePublished":"2025-11-04T20:25:58+00:00","dateModified":"2025-12-02T19:28:08+00:00","breadcrumb":{"@id":"https:\/\/investiga.uandes.cl\/investigador-participa-en-validacion-de-test-para-detectar-ansiedad-y-depresion-en-jovenes\/#breadcrumb"},"inLanguage":"en-US","potentialAction":[{"@type":"ReadAction","target":["https:\/\/investiga.uandes.cl\/investigador-participa-en-validacion-de-test-para-detectar-ansiedad-y-depresion-en-jovenes\/"]}]},{"@type":"ImageObject","inLanguage":"en-US","@id":"https:\/\/investiga.uandes.cl\/investigador-participa-en-validacion-de-test-para-detectar-ansiedad-y-depresion-en-jovenes\/#primaryimage","url":"https:\/\/investiga.uandes.cl\/wp-content\/uploads\/2025\/11\/image-14.png","contentUrl":"https:\/\/investiga.uandes.cl\/wp-content\/uploads\/2025\/11\/image-14.png","width":1280,"height":720},{"@type":"BreadcrumbList","@id":"https:\/\/investiga.uandes.cl\/investigador-participa-en-validacion-de-test-para-detectar-ansiedad-y-depresion-en-jovenes\/#breadcrumb","itemListElement":[{"@type":"ListItem","position":1,"name":"Portada","item":"https:\/\/investiga.uandes.cl\/"},{"@type":"ListItem","position":2,"name":"Investigador confirma validez de test de ansiedad de EE.UU. para adolescentes chilenos en contextos vulnerables"}]},{"@type":"WebSite","@id":"https:\/\/investiga.uandes.cl\/#website","url":"https:\/\/investiga.uandes.cl\/","name":"Investiga UANDES","description":"Investigaci\u00f3n, Universidad de los Andes","publisher":{"@id":"https:\/\/investiga.uandes.cl\/#organization"},"potentialAction":[{"@type":"SearchAction","target":{"@type":"EntryPoint","urlTemplate":"https:\/\/investiga.uandes.cl\/?s={search_term_string}"},"query-input":{"@type":"PropertyValueSpecification","valueRequired":true,"valueName":"search_term_string"}}],"inLanguage":"en-US"},{"@type":"Organization","@id":"https:\/\/investiga.uandes.cl\/#organization","name":"Investiga UANDES","url":"https:\/\/investiga.uandes.cl\/","logo":{"@type":"ImageObject","inLanguage":"en-US","@id":"https:\/\/investiga.uandes.cl\/#\/schema\/logo\/image\/","url":"https:\/\/investiga.uandes.cl\/wp-content\/uploads\/2025\/03\/investiga_uandes.jpg","contentUrl":"https:\/\/investiga.uandes.cl\/wp-content\/uploads\/2025\/03\/investiga_uandes.jpg","width":2000,"height":771,"caption":"Investiga UANDES"},"image":{"@id":"https:\/\/investiga.uandes.cl\/#\/schema\/logo\/image\/"}},{"@type":"Person","@id":"https:\/\/investiga.uandes.cl\/#\/schema\/person\/e2b51ffa4164ddc3d88af9b677b1b2b5","name":"B\u00e1rbara Olave","url":"https:\/\/investiga.uandes.cl\/en\/author\/bolave\/"}]}},"_links":{"self":[{"href":"https:\/\/investiga.uandes.cl\/en\/wp-json\/wp\/v2\/posts\/6675","targetHints":{"allow":["GET"]}}],"collection":[{"href":"https:\/\/investiga.uandes.cl\/en\/wp-json\/wp\/v2\/posts"}],"about":[{"href":"https:\/\/investiga.uandes.cl\/en\/wp-json\/wp\/v2\/types\/post"}],"author":[{"embeddable":true,"href":"https:\/\/investiga.uandes.cl\/en\/wp-json\/wp\/v2\/users\/8"}],"replies":[{"embeddable":true,"href":"https:\/\/investiga.uandes.cl\/en\/wp-json\/wp\/v2\/comments?post=6675"}],"version-history":[{"count":7,"href":"https:\/\/investiga.uandes.cl\/en\/wp-json\/wp\/v2\/posts\/6675\/revisions"}],"predecessor-version":[{"id":7058,"href":"https:\/\/investiga.uandes.cl\/en\/wp-json\/wp\/v2\/posts\/6675\/revisions\/7058"}],"wp:featuredmedia":[{"embeddable":true,"href":"https:\/\/investiga.uandes.cl\/en\/wp-json\/wp\/v2\/media\/6676"}],"wp:attachment":[{"href":"https:\/\/investiga.uandes.cl\/en\/wp-json\/wp\/v2\/media?parent=6675"}],"wp:term":[{"taxonomy":"category","embeddable":true,"href":"https:\/\/investiga.uandes.cl\/en\/wp-json\/wp\/v2\/categories?post=6675"},{"taxonomy":"post_tag","embeddable":true,"href":"https:\/\/investiga.uandes.cl\/en\/wp-json\/wp\/v2\/tags?post=6675"}],"curies":[{"name":"wp","href":"https:\/\/api.w.org\/{rel}","templated":true}]}}