{"id":6666,"date":"2025-11-27T17:37:57","date_gmt":"2025-11-27T20:37:57","guid":{"rendered":"https:\/\/investiga.uandes.cl\/?p=6666"},"modified":"2025-12-02T16:46:12","modified_gmt":"2025-12-02T19:46:12","slug":"academic-is-internationally-recognized-for-his-contribution-to-optical-communications","status":"publish","type":"post","link":"https:\/\/investiga.uandes.cl\/en\/academic-is-internationally-recognized-for-his-contribution-to-optical-communications\/","title":{"rendered":"Academic Internationally Recognized for His Contribution to Optical Communications"},"content":{"rendered":"<p><a href=\"https:\/\/investigadores.uandes.cl\/es\/persons\/jaime-anguita-garcia\/\" target=\"_blank\" rel=\"noreferrer noopener\"><strong>Jaime Anguita<\/strong><\/a>, a researcher and faculty member at the\u00a0<strong><a href=\"https:\/\/www.uandes.cl\/universidad\/facultades\/facultad-ingenieria\/\">School of Engineering and Applied Sciences of Universidad de los Andes<\/a><\/strong>\u00a0, and associate researcher at the<strong><a href=\"https:\/\/www.miroptics.cl\/\">\u00a0Millennium Institute for Research in Optics (MIRO)<\/a><\/strong>,\u00a0<strong>was recognized as a Senior Member\u00a0<\/strong>at the\u00a0<strong><a href=\"https:\/\/spie.org\/\">International Society of Optics and Photonics (SPIE)<\/a><\/strong>. This category highlights the trajectory of leaders in research and technology transfer.<\/p>\n\n\n\n<p>The appointment was made official during the last edition of the&nbsp;<strong><a href=\"https:\/\/spie.org\/\">SPIE Optics + Photonics<\/a><\/strong>, held in San Diego, USA, where Anguita also served as Chair of the conference \"Laser Communication and Propagation over the Atmosphere and the Oceans.\"<\/p>\n\n\n\n<p>\"I am very happy and thankful for this recognition, as I was nominated by two fellows of&nbsp;<strong><a href=\"https:\/\/spie.org\/\">SPIE<\/a><\/strong>. For me it represents significant support for the work we develop in Chile and, at the same time, an opportunity to give more visibility to the research in Optics and Photonics at&nbsp;<strong><a href=\"https:\/\/www.uandes.cl\/\">Universidad de los Andes<\/a><\/strong>&nbsp;and the&nbsp;<strong><a href=\"https:\/\/www.miroptics.cl\/\">MIRO Institute<\/a><\/strong>,\" the researcher pointed out.<\/p>\n\n\n\n<p>Anguita has been part of the&nbsp;<strong><a href=\"https:\/\/spie.org\/\">SPIE&nbsp;<\/a><\/strong>community for more than 15 years and has dedicated his career to the study of free space optical communications, an area in which he has set up laboratories and experimental facilities at&nbsp;<a href=\"https:\/\/www.uandes.cl\/\">UANDES<\/a>, positioning Chile at the technological frontier. His main lines of work include laser propagation in the atmosphere; adaptive optics; optical vortices; optical channel statistics and free-space quantum communication, among others.<\/p>\n\n\n<div class=\"wp-block-image\">\n<figure class=\"aligncenter\"><img decoding=\"async\" src=\"https:\/\/www.uandes.cl\/wp-content\/uploads\/2025\/09\/WhatsApp-Image-2025-08-07-at-18.16.39-600x449-1.jpeg\" alt=\"\" class=\"wp-image-309410\"\/><\/figure>\n<\/div>\n\n\n<p><strong><a href=\"https:\/\/spie.org\/\">SPIE&nbsp;<\/a><\/strong>was founded in 1995, has more than 25,000 members worldwide, and is one of the most influential scientific organizations in the field of optics and photonics. Each year, it honors those who have contributed significantly to the advancement of knowledge and technological development in this field.&nbsp;<strong><a href=\"https:\/\/spie.org\/\">\"SPIE<\/a><\/strong>&nbsp;is probably the world's most important scientific society in optics, photonics, and their industrial applications. It functions as a compass of the state of the art and technological trends; it is where you learn what science will be explored in the next space missions, directly from its researchers,\" said Anguita.<\/p>\n\n\n\n<p><strong>\"The appointment gives me the support to propose actions to strengthen the training of new generations of professionals in this field, which is key for Chile to advance in research and technological development at a global level,\"<\/strong>he concluded.<\/p>","protected":false},"excerpt":{"rendered":"<p>The academic from the School of Engineering and Applied Sciences and associate researcher of the Millennium Institute for Research in Optics (MIRO) received the award during the international congress SPIE Optics + Photonics, held in San Diego, USA.<\/p>","protected":false},"author":3,"featured_media":6667,"comment_status":"closed","ping_status":"closed","sticky":false,"template":"","format":"standard","meta":{"inline_featured_image":false,"footnotes":""},"categories":[2,14,1],"tags":[83],"class_list":["post-6666","post","type-post","status-publish","format-standard","has-post-thumbnail","hentry","category-ciencia","category-innovacion","category-investigacion","tag-83"],"yoast_head":"<!-- This site is optimized with the Yoast SEO plugin v24.7 - https:\/\/yoast.com\/wordpress\/plugins\/seo\/ -->\n<title>Acad\u00e9mico es reconocido internacionalmente por su aporte a las comunicaciones \u00f3pticas - Investiga UANDES<\/title>\n<meta name=\"robots\" content=\"index, follow, max-snippet:-1, max-image-preview:large, max-video-preview:-1\" \/>\n<link rel=\"canonical\" href=\"https:\/\/investiga.uandes.cl\/en\/academic-is-internationally-recognized-for-his-contribution-to-optical-communications\/\" \/>\n<meta property=\"og:locale\" content=\"en_US\" \/>\n<meta property=\"og:type\" content=\"article\" \/>\n<meta property=\"og:title\" content=\"Acad\u00e9mico es reconocido internacionalmente por su aporte a las comunicaciones \u00f3pticas - Investiga UANDES\" \/>\n<meta property=\"og:description\" content=\"El acad\u00e9mico de la Facultad de Ingenier\u00eda y Ciencias Aplicadas e investigador asociado del Instituto Milenio de Investigaci\u00f3n en \u00d3ptica (MIRO) recibi\u00f3 el reconocimiento en el marco del congreso internacional SPIE Optics + Photonics, realizado en San Diego, Estados Unidos.\" \/>\n<meta property=\"og:url\" content=\"https:\/\/investiga.uandes.cl\/en\/academic-is-internationally-recognized-for-his-contribution-to-optical-communications\/\" \/>\n<meta property=\"og:site_name\" content=\"Investiga UANDES\" \/>\n<meta property=\"article:published_time\" content=\"2025-11-27T20:37:57+00:00\" \/>\n<meta property=\"article:modified_time\" content=\"2025-12-02T19:46:12+00:00\" \/>\n<meta property=\"og:image\" content=\"https:\/\/investiga.uandes.cl\/wp-content\/uploads\/2025\/11\/Jaime-Anguita-scaled.jpg\" \/>\n\t<meta property=\"og:image:width\" content=\"2560\" \/>\n\t<meta property=\"og:image:height\" content=\"1707\" \/>\n\t<meta property=\"og:image:type\" content=\"image\/jpeg\" \/>\n<meta name=\"author\" content=\"Marisol Grisanti\" \/>\n<meta name=\"twitter:card\" content=\"summary_large_image\" \/>\n<meta name=\"twitter:label1\" content=\"Written by\" \/>\n\t<meta name=\"twitter:data1\" content=\"Marisol Grisanti\" \/>\n\t<meta name=\"twitter:label2\" content=\"Est. reading time\" \/>\n\t<meta name=\"twitter:data2\" content=\"3 minutes\" \/>\n<script type=\"application\/ld+json\" class=\"yoast-schema-graph\">{\"@context\":\"https:\/\/schema.org\",\"@graph\":[{\"@type\":\"Article\",\"@id\":\"https:\/\/investiga.uandes.cl\/academico-es-reconocido-internacionalmente-por-su-aporte-a-las-comunicaciones-opticas\/#article\",\"isPartOf\":{\"@id\":\"https:\/\/investiga.uandes.cl\/academico-es-reconocido-internacionalmente-por-su-aporte-a-las-comunicaciones-opticas\/\"},\"author\":{\"name\":\"Marisol Grisanti\",\"@id\":\"https:\/\/investiga.uandes.cl\/#\/schema\/person\/a6d3757d4cdc75cceb38c3560655edc3\"},\"headline\":\"Acad\u00e9mico es reconocido internacionalmente por su aporte a las comunicaciones \u00f3pticas\",\"datePublished\":\"2025-11-27T20:37:57+00:00\",\"dateModified\":\"2025-12-02T19:46:12+00:00\",\"mainEntityOfPage\":{\"@id\":\"https:\/\/investiga.uandes.cl\/academico-es-reconocido-internacionalmente-por-su-aporte-a-las-comunicaciones-opticas\/\"},\"wordCount\":441,\"publisher\":{\"@id\":\"https:\/\/investiga.uandes.cl\/#organization\"},\"image\":{\"@id\":\"https:\/\/investiga.uandes.cl\/academico-es-reconocido-internacionalmente-por-su-aporte-a-las-comunicaciones-opticas\/#primaryimage\"},\"thumbnailUrl\":\"https:\/\/investiga.uandes.cl\/wp-content\/uploads\/2025\/11\/Jaime-Anguita-scaled.jpg\",\"keywords\":[\"220\"],\"articleSection\":[\"Ciencia y Tecnolog\u00eda\",\"Innovaci\u00f3n\",\"Investigaci\u00f3n\"],\"inLanguage\":\"en-US\"},{\"@type\":\"WebPage\",\"@id\":\"https:\/\/investiga.uandes.cl\/academico-es-reconocido-internacionalmente-por-su-aporte-a-las-comunicaciones-opticas\/\",\"url\":\"https:\/\/investiga.uandes.cl\/academico-es-reconocido-internacionalmente-por-su-aporte-a-las-comunicaciones-opticas\/\",\"name\":\"Acad\u00e9mico es reconocido internacionalmente por su aporte a las comunicaciones \u00f3pticas - Investiga UANDES\",\"isPartOf\":{\"@id\":\"https:\/\/investiga.uandes.cl\/#website\"},\"primaryImageOfPage\":{\"@id\":\"https:\/\/investiga.uandes.cl\/academico-es-reconocido-internacionalmente-por-su-aporte-a-las-comunicaciones-opticas\/#primaryimage\"},\"image\":{\"@id\":\"https:\/\/investiga.uandes.cl\/academico-es-reconocido-internacionalmente-por-su-aporte-a-las-comunicaciones-opticas\/#primaryimage\"},\"thumbnailUrl\":\"https:\/\/investiga.uandes.cl\/wp-content\/uploads\/2025\/11\/Jaime-Anguita-scaled.jpg\",\"datePublished\":\"2025-11-27T20:37:57+00:00\",\"dateModified\":\"2025-12-02T19:46:12+00:00\",\"breadcrumb\":{\"@id\":\"https:\/\/investiga.uandes.cl\/academico-es-reconocido-internacionalmente-por-su-aporte-a-las-comunicaciones-opticas\/#breadcrumb\"},\"inLanguage\":\"en-US\",\"potentialAction\":[{\"@type\":\"ReadAction\",\"target\":[\"https:\/\/investiga.uandes.cl\/academico-es-reconocido-internacionalmente-por-su-aporte-a-las-comunicaciones-opticas\/\"]}]},{\"@type\":\"ImageObject\",\"inLanguage\":\"en-US\",\"@id\":\"https:\/\/investiga.uandes.cl\/academico-es-reconocido-internacionalmente-por-su-aporte-a-las-comunicaciones-opticas\/#primaryimage\",\"url\":\"https:\/\/investiga.uandes.cl\/wp-content\/uploads\/2025\/11\/Jaime-Anguita-scaled.jpg\",\"contentUrl\":\"https:\/\/investiga.uandes.cl\/wp-content\/uploads\/2025\/11\/Jaime-Anguita-scaled.jpg\",\"width\":2560,\"height\":1707},{\"@type\":\"BreadcrumbList\",\"@id\":\"https:\/\/investiga.uandes.cl\/academico-es-reconocido-internacionalmente-por-su-aporte-a-las-comunicaciones-opticas\/#breadcrumb\",\"itemListElement\":[{\"@type\":\"ListItem\",\"position\":1,\"name\":\"Portada\",\"item\":\"https:\/\/investiga.uandes.cl\/\"},{\"@type\":\"ListItem\",\"position\":2,\"name\":\"Acad\u00e9mico es reconocido internacionalmente por su aporte a las comunicaciones \u00f3pticas\"}]},{\"@type\":\"WebSite\",\"@id\":\"https:\/\/investiga.uandes.cl\/#website\",\"url\":\"https:\/\/investiga.uandes.cl\/\",\"name\":\"Investiga UANDES\",\"description\":\"Investigaci\u00f3n, Universidad de los Andes\",\"publisher\":{\"@id\":\"https:\/\/investiga.uandes.cl\/#organization\"},\"potentialAction\":[{\"@type\":\"SearchAction\",\"target\":{\"@type\":\"EntryPoint\",\"urlTemplate\":\"https:\/\/investiga.uandes.cl\/?s={search_term_string}\"},\"query-input\":{\"@type\":\"PropertyValueSpecification\",\"valueRequired\":true,\"valueName\":\"search_term_string\"}}],\"inLanguage\":\"en-US\"},{\"@type\":\"Organization\",\"@id\":\"https:\/\/investiga.uandes.cl\/#organization\",\"name\":\"Investiga UANDES\",\"url\":\"https:\/\/investiga.uandes.cl\/\",\"logo\":{\"@type\":\"ImageObject\",\"inLanguage\":\"en-US\",\"@id\":\"https:\/\/investiga.uandes.cl\/#\/schema\/logo\/image\/\",\"url\":\"https:\/\/investiga.uandes.cl\/wp-content\/uploads\/2025\/03\/investiga_uandes.jpg\",\"contentUrl\":\"https:\/\/investiga.uandes.cl\/wp-content\/uploads\/2025\/03\/investiga_uandes.jpg\",\"width\":2000,\"height\":771,\"caption\":\"Investiga UANDES\"},\"image\":{\"@id\":\"https:\/\/investiga.uandes.cl\/#\/schema\/logo\/image\/\"}},{\"@type\":\"Person\",\"@id\":\"https:\/\/investiga.uandes.cl\/#\/schema\/person\/a6d3757d4cdc75cceb38c3560655edc3\",\"name\":\"Marisol Grisanti\",\"url\":\"https:\/\/investiga.uandes.cl\/en\/author\/mgrisanti\/\"}]}<\/script>\n<!-- \/ Yoast SEO plugin. -->","yoast_head_json":{"title":"Acad\u00e9mico es reconocido internacionalmente por su aporte a las comunicaciones \u00f3pticas - Investiga UANDES","robots":{"index":"index","follow":"follow","max-snippet":"max-snippet:-1","max-image-preview":"max-image-preview:large","max-video-preview":"max-video-preview:-1"},"canonical":"https:\/\/investiga.uandes.cl\/en\/academic-is-internationally-recognized-for-his-contribution-to-optical-communications\/","og_locale":"en_US","og_type":"article","og_title":"Acad\u00e9mico es reconocido internacionalmente por su aporte a las comunicaciones \u00f3pticas - Investiga UANDES","og_description":"El acad\u00e9mico de la Facultad de Ingenier\u00eda y Ciencias Aplicadas e investigador asociado del Instituto Milenio de Investigaci\u00f3n en \u00d3ptica (MIRO) recibi\u00f3 el reconocimiento en el marco del congreso internacional SPIE Optics + Photonics, realizado en San Diego, Estados Unidos.","og_url":"https:\/\/investiga.uandes.cl\/en\/academic-is-internationally-recognized-for-his-contribution-to-optical-communications\/","og_site_name":"Investiga UANDES","article_published_time":"2025-11-27T20:37:57+00:00","article_modified_time":"2025-12-02T19:46:12+00:00","og_image":[{"width":2560,"height":1707,"url":"https:\/\/investiga.uandes.cl\/wp-content\/uploads\/2025\/11\/Jaime-Anguita-scaled.jpg","type":"image\/jpeg"}],"author":"Marisol Grisanti","twitter_card":"summary_large_image","twitter_misc":{"Written by":"Marisol Grisanti","Est. reading time":"3 minutes"},"schema":{"@context":"https:\/\/schema.org","@graph":[{"@type":"Article","@id":"https:\/\/investiga.uandes.cl\/academico-es-reconocido-internacionalmente-por-su-aporte-a-las-comunicaciones-opticas\/#article","isPartOf":{"@id":"https:\/\/investiga.uandes.cl\/academico-es-reconocido-internacionalmente-por-su-aporte-a-las-comunicaciones-opticas\/"},"author":{"name":"Marisol Grisanti","@id":"https:\/\/investiga.uandes.cl\/#\/schema\/person\/a6d3757d4cdc75cceb38c3560655edc3"},"headline":"Acad\u00e9mico es reconocido internacionalmente por su aporte a las comunicaciones \u00f3pticas","datePublished":"2025-11-27T20:37:57+00:00","dateModified":"2025-12-02T19:46:12+00:00","mainEntityOfPage":{"@id":"https:\/\/investiga.uandes.cl\/academico-es-reconocido-internacionalmente-por-su-aporte-a-las-comunicaciones-opticas\/"},"wordCount":441,"publisher":{"@id":"https:\/\/investiga.uandes.cl\/#organization"},"image":{"@id":"https:\/\/investiga.uandes.cl\/academico-es-reconocido-internacionalmente-por-su-aporte-a-las-comunicaciones-opticas\/#primaryimage"},"thumbnailUrl":"https:\/\/investiga.uandes.cl\/wp-content\/uploads\/2025\/11\/Jaime-Anguita-scaled.jpg","keywords":["220"],"articleSection":["Ciencia y Tecnolog\u00eda","Innovaci\u00f3n","Investigaci\u00f3n"],"inLanguage":"en-US"},{"@type":"WebPage","@id":"https:\/\/investiga.uandes.cl\/academico-es-reconocido-internacionalmente-por-su-aporte-a-las-comunicaciones-opticas\/","url":"https:\/\/investiga.uandes.cl\/academico-es-reconocido-internacionalmente-por-su-aporte-a-las-comunicaciones-opticas\/","name":"Acad\u00e9mico es reconocido internacionalmente por su aporte a las comunicaciones \u00f3pticas - Investiga UANDES","isPartOf":{"@id":"https:\/\/investiga.uandes.cl\/#website"},"primaryImageOfPage":{"@id":"https:\/\/investiga.uandes.cl\/academico-es-reconocido-internacionalmente-por-su-aporte-a-las-comunicaciones-opticas\/#primaryimage"},"image":{"@id":"https:\/\/investiga.uandes.cl\/academico-es-reconocido-internacionalmente-por-su-aporte-a-las-comunicaciones-opticas\/#primaryimage"},"thumbnailUrl":"https:\/\/investiga.uandes.cl\/wp-content\/uploads\/2025\/11\/Jaime-Anguita-scaled.jpg","datePublished":"2025-11-27T20:37:57+00:00","dateModified":"2025-12-02T19:46:12+00:00","breadcrumb":{"@id":"https:\/\/investiga.uandes.cl\/academico-es-reconocido-internacionalmente-por-su-aporte-a-las-comunicaciones-opticas\/#breadcrumb"},"inLanguage":"en-US","potentialAction":[{"@type":"ReadAction","target":["https:\/\/investiga.uandes.cl\/academico-es-reconocido-internacionalmente-por-su-aporte-a-las-comunicaciones-opticas\/"]}]},{"@type":"ImageObject","inLanguage":"en-US","@id":"https:\/\/investiga.uandes.cl\/academico-es-reconocido-internacionalmente-por-su-aporte-a-las-comunicaciones-opticas\/#primaryimage","url":"https:\/\/investiga.uandes.cl\/wp-content\/uploads\/2025\/11\/Jaime-Anguita-scaled.jpg","contentUrl":"https:\/\/investiga.uandes.cl\/wp-content\/uploads\/2025\/11\/Jaime-Anguita-scaled.jpg","width":2560,"height":1707},{"@type":"BreadcrumbList","@id":"https:\/\/investiga.uandes.cl\/academico-es-reconocido-internacionalmente-por-su-aporte-a-las-comunicaciones-opticas\/#breadcrumb","itemListElement":[{"@type":"ListItem","position":1,"name":"Portada","item":"https:\/\/investiga.uandes.cl\/"},{"@type":"ListItem","position":2,"name":"Acad\u00e9mico es reconocido internacionalmente por su aporte a las comunicaciones \u00f3pticas"}]},{"@type":"WebSite","@id":"https:\/\/investiga.uandes.cl\/#website","url":"https:\/\/investiga.uandes.cl\/","name":"Investiga UANDES","description":"Investigaci\u00f3n, Universidad de los Andes","publisher":{"@id":"https:\/\/investiga.uandes.cl\/#organization"},"potentialAction":[{"@type":"SearchAction","target":{"@type":"EntryPoint","urlTemplate":"https:\/\/investiga.uandes.cl\/?s={search_term_string}"},"query-input":{"@type":"PropertyValueSpecification","valueRequired":true,"valueName":"search_term_string"}}],"inLanguage":"en-US"},{"@type":"Organization","@id":"https:\/\/investiga.uandes.cl\/#organization","name":"Investiga UANDES","url":"https:\/\/investiga.uandes.cl\/","logo":{"@type":"ImageObject","inLanguage":"en-US","@id":"https:\/\/investiga.uandes.cl\/#\/schema\/logo\/image\/","url":"https:\/\/investiga.uandes.cl\/wp-content\/uploads\/2025\/03\/investiga_uandes.jpg","contentUrl":"https:\/\/investiga.uandes.cl\/wp-content\/uploads\/2025\/03\/investiga_uandes.jpg","width":2000,"height":771,"caption":"Investiga UANDES"},"image":{"@id":"https:\/\/investiga.uandes.cl\/#\/schema\/logo\/image\/"}},{"@type":"Person","@id":"https:\/\/investiga.uandes.cl\/#\/schema\/person\/a6d3757d4cdc75cceb38c3560655edc3","name":"Marisol Grisanti","url":"https:\/\/investiga.uandes.cl\/en\/author\/mgrisanti\/"}]}},"_links":{"self":[{"href":"https:\/\/investiga.uandes.cl\/en\/wp-json\/wp\/v2\/posts\/6666","targetHints":{"allow":["GET"]}}],"collection":[{"href":"https:\/\/investiga.uandes.cl\/en\/wp-json\/wp\/v2\/posts"}],"about":[{"href":"https:\/\/investiga.uandes.cl\/en\/wp-json\/wp\/v2\/types\/post"}],"author":[{"embeddable":true,"href":"https:\/\/investiga.uandes.cl\/en\/wp-json\/wp\/v2\/users\/3"}],"replies":[{"embeddable":true,"href":"https:\/\/investiga.uandes.cl\/en\/wp-json\/wp\/v2\/comments?post=6666"}],"version-history":[{"count":5,"href":"https:\/\/investiga.uandes.cl\/en\/wp-json\/wp\/v2\/posts\/6666\/revisions"}],"predecessor-version":[{"id":7080,"href":"https:\/\/investiga.uandes.cl\/en\/wp-json\/wp\/v2\/posts\/6666\/revisions\/7080"}],"wp:featuredmedia":[{"embeddable":true,"href":"https:\/\/investiga.uandes.cl\/en\/wp-json\/wp\/v2\/media\/6667"}],"wp:attachment":[{"href":"https:\/\/investiga.uandes.cl\/en\/wp-json\/wp\/v2\/media?parent=6666"}],"wp:term":[{"taxonomy":"category","embeddable":true,"href":"https:\/\/investiga.uandes.cl\/en\/wp-json\/wp\/v2\/categories?post=6666"},{"taxonomy":"post_tag","embeddable":true,"href":"https:\/\/investiga.uandes.cl\/en\/wp-json\/wp\/v2\/tags?post=6666"}],"curies":[{"name":"wp","href":"https:\/\/api.w.org\/{rel}","templated":true}]}}