{"id":6660,"date":"2025-11-27T17:46:27","date_gmt":"2025-11-27T20:46:27","guid":{"rendered":"https:\/\/investiga.uandes.cl\/?p=6660"},"modified":"2025-12-03T11:01:33","modified_gmt":"2025-12-03T14:01:33","slug":"international-study-led-by-uandes-academician-links-dental-health-to-gestational-diabetes","status":"publish","type":"post","link":"https:\/\/investiga.uandes.cl\/en\/international-study-led-by-uandes-academician-links-dental-health-to-gestational-diabetes\/","title":{"rendered":"International study led by academic links dental health to gestational diabetes"},"content":{"rendered":"<p>An interdisciplinary and international team of researchers, led by&nbsp;<strong><a href=\"https:\/\/investigadores.uandes.cl\/es\/persons\/maria-luisa-mizgier\" target=\"_blank\" rel=\"noreferrer noopener\">Maria Luisa Mizgier<\/a><\/strong>&nbsp;, an academic from the School of Dentistry, conducted a study that explores how extracellular vesicles\u2014small particles released by cells and bacteria\u2014present in the gingival crevicular fluid (the liquid found between the gum and the tooth) could be related to periodontitis and gestational diabetes in pregnant women.<\/p>\n\n\n\n<p>\"<strong>The research analyzed the content of these vesicles to better understand how they might contribute to inflammation, glucose regulation, and insulin response,\"<\/strong>explains the researcher, Mar\u00eda Luisa Mizgier.<\/p>\n\n\n\n<p>The objective was to characterize extracellular vesicles in pregnant women with periodontitis and gestational diabetes, compared to healthy pregnant women, by identifying molecules of both human and bacterial origin, in order to elucidate the biological mechanisms that may explain the connection between periodontal health and metabolic alterations in pregnancy.<\/p>\n\n\n\n<p>The findings show that oral health directly influences maternal and metabolic health.<strong>\"This gingival fluid contains signals that connect oral health with glucose control in pregnancy, which opens the door to detecting gestational diabetes risks in a simple and non-invasive way,\"<\/strong>adds Mizgier. As she highlighted, this analysis could facilitate early diagnoses and preventive strategies that integrate oral and systemic health, positioning periodontitis as a risk factor with both maternal and fetal impact.<\/p>\n\n\n\n<p>The study included 104 pregnant women cared for at the San Bernardo Health Center (CESA) and the Clinic of Universidad de los Andes. The research involved the collaboration of researchers in dentistry, medicine, and obstetrics, with the participation of universities in Chile, Spain, the United States, and Singapore.<\/p>\n\n\n\n<figure class=\"wp-block-image size-large\"><img loading=\"lazy\" decoding=\"async\" width=\"1024\" height=\"1024\" src=\"https:\/\/investiga.uandes.cl\/wp-content\/uploads\/2025\/11\/Diseno-sin-titulo-1024x1024.png\" alt=\"\" class=\"wp-image-7134\" srcset=\"https:\/\/investiga.uandes.cl\/wp-content\/uploads\/2025\/11\/Diseno-sin-titulo-1024x1024.png 1024w, https:\/\/investiga.uandes.cl\/wp-content\/uploads\/2025\/11\/Diseno-sin-titulo-300x300.png 300w, https:\/\/investiga.uandes.cl\/wp-content\/uploads\/2025\/11\/Diseno-sin-titulo-150x150.png 150w, https:\/\/investiga.uandes.cl\/wp-content\/uploads\/2025\/11\/Diseno-sin-titulo-768x768.png 768w, https:\/\/investiga.uandes.cl\/wp-content\/uploads\/2025\/11\/Diseno-sin-titulo-1536x1536.png 1536w, https:\/\/investiga.uandes.cl\/wp-content\/uploads\/2025\/11\/Diseno-sin-titulo-12x12.png 12w, https:\/\/investiga.uandes.cl\/wp-content\/uploads\/2025\/11\/Diseno-sin-titulo-70x70.png 70w, https:\/\/investiga.uandes.cl\/wp-content\/uploads\/2025\/11\/Diseno-sin-titulo-215x215.png 215w, https:\/\/investiga.uandes.cl\/wp-content\/uploads\/2025\/11\/Diseno-sin-titulo-370x370.png 370w, https:\/\/investiga.uandes.cl\/wp-content\/uploads\/2025\/11\/Diseno-sin-titulo-1x1.png 1w, https:\/\/investiga.uandes.cl\/wp-content\/uploads\/2025\/11\/Diseno-sin-titulo.png 1800w\" sizes=\"auto, (max-width: 1024px) 100vw, 1024px\" \/><\/figure>","protected":false},"excerpt":{"rendered":"<p>An interdisciplinary and international team of researchers, led by Mar\u00eda Luisa Mizgier, an academic from the School of Dentistry, developed a study that explores how extracellular vesicles -small particles released by cells and bacteria- present in the gingival crevicular fluid, the liquid between the gum and the tooth, could be related to periodontitis and periodontal disease.<\/p>","protected":false},"author":4,"featured_media":6661,"comment_status":"closed","ping_status":"closed","sticky":false,"template":"","format":"standard","meta":{"inline_featured_image":false,"footnotes":""},"categories":[2,1,3],"tags":[77],"class_list":["post-6660","post","type-post","status-publish","format-standard","has-post-thumbnail","hentry","category-ciencia","category-investigacion","category-salud","tag-77"],"yoast_head":"<!-- This site is optimized with the Yoast SEO plugin v24.7 - https:\/\/yoast.com\/wordpress\/plugins\/seo\/ -->\n<title>Estudio internacional liderado por acad\u00e9mica vincula salud dental con diabetes gestacional - Investiga UANDES<\/title>\n<meta name=\"robots\" content=\"index, follow, max-snippet:-1, max-image-preview:large, max-video-preview:-1\" \/>\n<link rel=\"canonical\" href=\"https:\/\/investiga.uandes.cl\/en\/international-study-led-by-uandes-academician-links-dental-health-to-gestational-diabetes\/\" \/>\n<meta property=\"og:locale\" content=\"en_US\" \/>\n<meta property=\"og:type\" content=\"article\" \/>\n<meta property=\"og:title\" content=\"Estudio internacional liderado por acad\u00e9mica vincula salud dental con diabetes gestacional - Investiga UANDES\" \/>\n<meta property=\"og:description\" content=\"Un equipo interdisciplinario e internacional de investigadores, liderado por&nbsp;Mar\u00eda Luisa Mizgier&nbsp;acad\u00e9mica de la Facultad de Odontolog\u00eda, desarroll\u00f3 un estudio que explora c\u00f3mo las ves\u00edculas extracelulares \u2014peque\u00f1as part\u00edculas liberadas por c\u00e9lulas y bacterias\u2014 presentes en el fluido crevicular gingival, el l\u00edquido que se encuentra entre la enc\u00eda y el diente, podr\u00edan relacionarse con la periodontitis y [&hellip;]\" \/>\n<meta property=\"og:url\" content=\"https:\/\/investiga.uandes.cl\/en\/international-study-led-by-uandes-academician-links-dental-health-to-gestational-diabetes\/\" \/>\n<meta property=\"og:site_name\" content=\"Investiga UANDES\" \/>\n<meta property=\"article:published_time\" content=\"2025-11-27T20:46:27+00:00\" \/>\n<meta property=\"article:modified_time\" content=\"2025-12-03T14:01:33+00:00\" \/>\n<meta property=\"og:image\" content=\"https:\/\/investiga.uandes.cl\/wp-content\/uploads\/2025\/11\/image-9-1024x683.png\" \/>\n\t<meta property=\"og:image:width\" content=\"1024\" \/>\n\t<meta property=\"og:image:height\" content=\"683\" \/>\n\t<meta property=\"og:image:type\" content=\"image\/png\" \/>\n<meta name=\"author\" content=\"Lucas Bizzarri\" \/>\n<meta name=\"twitter:card\" content=\"summary_large_image\" \/>\n<meta name=\"twitter:label1\" content=\"Written by\" \/>\n\t<meta name=\"twitter:data1\" content=\"Lucas Bizzarri\" \/>\n\t<meta name=\"twitter:label2\" content=\"Est. reading time\" \/>\n\t<meta name=\"twitter:data2\" content=\"2 minutes\" \/>\n<script type=\"application\/ld+json\" class=\"yoast-schema-graph\">{\"@context\":\"https:\/\/schema.org\",\"@graph\":[{\"@type\":\"Article\",\"@id\":\"https:\/\/investiga.uandes.cl\/estudio-internacional-liderado-por-academica-uandes-vincula-salud-dental-con-diabetes-gestacional\/#article\",\"isPartOf\":{\"@id\":\"https:\/\/investiga.uandes.cl\/estudio-internacional-liderado-por-academica-uandes-vincula-salud-dental-con-diabetes-gestacional\/\"},\"author\":{\"name\":\"Lucas Bizzarri\",\"@id\":\"https:\/\/investiga.uandes.cl\/#\/schema\/person\/6c8d7a572eb7c1d6fd4b60c06f45f489\"},\"headline\":\"Estudio internacional liderado por acad\u00e9mica vincula salud dental con diabetes gestacional\",\"datePublished\":\"2025-11-27T20:46:27+00:00\",\"dateModified\":\"2025-12-03T14:01:33+00:00\",\"mainEntityOfPage\":{\"@id\":\"https:\/\/investiga.uandes.cl\/estudio-internacional-liderado-por-academica-uandes-vincula-salud-dental-con-diabetes-gestacional\/\"},\"wordCount\":337,\"publisher\":{\"@id\":\"https:\/\/investiga.uandes.cl\/#organization\"},\"image\":{\"@id\":\"https:\/\/investiga.uandes.cl\/estudio-internacional-liderado-por-academica-uandes-vincula-salud-dental-con-diabetes-gestacional\/#primaryimage\"},\"thumbnailUrl\":\"https:\/\/investiga.uandes.cl\/wp-content\/uploads\/2025\/11\/image-9.png\",\"keywords\":[\"219\"],\"articleSection\":[\"Ciencia y Tecnolog\u00eda\",\"Investigaci\u00f3n\",\"Salud\"],\"inLanguage\":\"en-US\"},{\"@type\":\"WebPage\",\"@id\":\"https:\/\/investiga.uandes.cl\/estudio-internacional-liderado-por-academica-uandes-vincula-salud-dental-con-diabetes-gestacional\/\",\"url\":\"https:\/\/investiga.uandes.cl\/estudio-internacional-liderado-por-academica-uandes-vincula-salud-dental-con-diabetes-gestacional\/\",\"name\":\"Estudio internacional liderado por acad\u00e9mica vincula salud dental con diabetes gestacional - Investiga UANDES\",\"isPartOf\":{\"@id\":\"https:\/\/investiga.uandes.cl\/#website\"},\"primaryImageOfPage\":{\"@id\":\"https:\/\/investiga.uandes.cl\/estudio-internacional-liderado-por-academica-uandes-vincula-salud-dental-con-diabetes-gestacional\/#primaryimage\"},\"image\":{\"@id\":\"https:\/\/investiga.uandes.cl\/estudio-internacional-liderado-por-academica-uandes-vincula-salud-dental-con-diabetes-gestacional\/#primaryimage\"},\"thumbnailUrl\":\"https:\/\/investiga.uandes.cl\/wp-content\/uploads\/2025\/11\/image-9.png\",\"datePublished\":\"2025-11-27T20:46:27+00:00\",\"dateModified\":\"2025-12-03T14:01:33+00:00\",\"breadcrumb\":{\"@id\":\"https:\/\/investiga.uandes.cl\/estudio-internacional-liderado-por-academica-uandes-vincula-salud-dental-con-diabetes-gestacional\/#breadcrumb\"},\"inLanguage\":\"en-US\",\"potentialAction\":[{\"@type\":\"ReadAction\",\"target\":[\"https:\/\/investiga.uandes.cl\/estudio-internacional-liderado-por-academica-uandes-vincula-salud-dental-con-diabetes-gestacional\/\"]}]},{\"@type\":\"ImageObject\",\"inLanguage\":\"en-US\",\"@id\":\"https:\/\/investiga.uandes.cl\/estudio-internacional-liderado-por-academica-uandes-vincula-salud-dental-con-diabetes-gestacional\/#primaryimage\",\"url\":\"https:\/\/investiga.uandes.cl\/wp-content\/uploads\/2025\/11\/image-9.png\",\"contentUrl\":\"https:\/\/investiga.uandes.cl\/wp-content\/uploads\/2025\/11\/image-9.png\",\"width\":2048,\"height\":1366},{\"@type\":\"BreadcrumbList\",\"@id\":\"https:\/\/investiga.uandes.cl\/estudio-internacional-liderado-por-academica-uandes-vincula-salud-dental-con-diabetes-gestacional\/#breadcrumb\",\"itemListElement\":[{\"@type\":\"ListItem\",\"position\":1,\"name\":\"Portada\",\"item\":\"https:\/\/investiga.uandes.cl\/\"},{\"@type\":\"ListItem\",\"position\":2,\"name\":\"Estudio internacional liderado por acad\u00e9mica vincula salud dental con diabetes gestacional\"}]},{\"@type\":\"WebSite\",\"@id\":\"https:\/\/investiga.uandes.cl\/#website\",\"url\":\"https:\/\/investiga.uandes.cl\/\",\"name\":\"Investiga UANDES\",\"description\":\"Investigaci\u00f3n, Universidad de los Andes\",\"publisher\":{\"@id\":\"https:\/\/investiga.uandes.cl\/#organization\"},\"potentialAction\":[{\"@type\":\"SearchAction\",\"target\":{\"@type\":\"EntryPoint\",\"urlTemplate\":\"https:\/\/investiga.uandes.cl\/?s={search_term_string}\"},\"query-input\":{\"@type\":\"PropertyValueSpecification\",\"valueRequired\":true,\"valueName\":\"search_term_string\"}}],\"inLanguage\":\"en-US\"},{\"@type\":\"Organization\",\"@id\":\"https:\/\/investiga.uandes.cl\/#organization\",\"name\":\"Investiga UANDES\",\"url\":\"https:\/\/investiga.uandes.cl\/\",\"logo\":{\"@type\":\"ImageObject\",\"inLanguage\":\"en-US\",\"@id\":\"https:\/\/investiga.uandes.cl\/#\/schema\/logo\/image\/\",\"url\":\"https:\/\/investiga.uandes.cl\/wp-content\/uploads\/2025\/03\/investiga_uandes.jpg\",\"contentUrl\":\"https:\/\/investiga.uandes.cl\/wp-content\/uploads\/2025\/03\/investiga_uandes.jpg\",\"width\":2000,\"height\":771,\"caption\":\"Investiga UANDES\"},\"image\":{\"@id\":\"https:\/\/investiga.uandes.cl\/#\/schema\/logo\/image\/\"}},{\"@type\":\"Person\",\"@id\":\"https:\/\/investiga.uandes.cl\/#\/schema\/person\/6c8d7a572eb7c1d6fd4b60c06f45f489\",\"name\":\"Lucas Bizzarri\",\"url\":\"https:\/\/investiga.uandes.cl\/en\/author\/lbizzarri\/\"}]}<\/script>\n<!-- \/ Yoast SEO plugin. -->","yoast_head_json":{"title":"Estudio internacional liderado por acad\u00e9mica vincula salud dental con diabetes gestacional - Investiga UANDES","robots":{"index":"index","follow":"follow","max-snippet":"max-snippet:-1","max-image-preview":"max-image-preview:large","max-video-preview":"max-video-preview:-1"},"canonical":"https:\/\/investiga.uandes.cl\/en\/international-study-led-by-uandes-academician-links-dental-health-to-gestational-diabetes\/","og_locale":"en_US","og_type":"article","og_title":"Estudio internacional liderado por acad\u00e9mica vincula salud dental con diabetes gestacional - Investiga UANDES","og_description":"Un equipo interdisciplinario e internacional de investigadores, liderado por&nbsp;Mar\u00eda Luisa Mizgier&nbsp;acad\u00e9mica de la Facultad de Odontolog\u00eda, desarroll\u00f3 un estudio que explora c\u00f3mo las ves\u00edculas extracelulares \u2014peque\u00f1as part\u00edculas liberadas por c\u00e9lulas y bacterias\u2014 presentes en el fluido crevicular gingival, el l\u00edquido que se encuentra entre la enc\u00eda y el diente, podr\u00edan relacionarse con la periodontitis y [&hellip;]","og_url":"https:\/\/investiga.uandes.cl\/en\/international-study-led-by-uandes-academician-links-dental-health-to-gestational-diabetes\/","og_site_name":"Investiga UANDES","article_published_time":"2025-11-27T20:46:27+00:00","article_modified_time":"2025-12-03T14:01:33+00:00","og_image":[{"width":1024,"height":683,"url":"https:\/\/investiga.uandes.cl\/wp-content\/uploads\/2025\/11\/image-9-1024x683.png","type":"image\/png"}],"author":"Lucas Bizzarri","twitter_card":"summary_large_image","twitter_misc":{"Written by":"Lucas Bizzarri","Est. reading time":"2 minutes"},"schema":{"@context":"https:\/\/schema.org","@graph":[{"@type":"Article","@id":"https:\/\/investiga.uandes.cl\/estudio-internacional-liderado-por-academica-uandes-vincula-salud-dental-con-diabetes-gestacional\/#article","isPartOf":{"@id":"https:\/\/investiga.uandes.cl\/estudio-internacional-liderado-por-academica-uandes-vincula-salud-dental-con-diabetes-gestacional\/"},"author":{"name":"Lucas Bizzarri","@id":"https:\/\/investiga.uandes.cl\/#\/schema\/person\/6c8d7a572eb7c1d6fd4b60c06f45f489"},"headline":"Estudio internacional liderado por acad\u00e9mica vincula salud dental con diabetes gestacional","datePublished":"2025-11-27T20:46:27+00:00","dateModified":"2025-12-03T14:01:33+00:00","mainEntityOfPage":{"@id":"https:\/\/investiga.uandes.cl\/estudio-internacional-liderado-por-academica-uandes-vincula-salud-dental-con-diabetes-gestacional\/"},"wordCount":337,"publisher":{"@id":"https:\/\/investiga.uandes.cl\/#organization"},"image":{"@id":"https:\/\/investiga.uandes.cl\/estudio-internacional-liderado-por-academica-uandes-vincula-salud-dental-con-diabetes-gestacional\/#primaryimage"},"thumbnailUrl":"https:\/\/investiga.uandes.cl\/wp-content\/uploads\/2025\/11\/image-9.png","keywords":["219"],"articleSection":["Ciencia y Tecnolog\u00eda","Investigaci\u00f3n","Salud"],"inLanguage":"en-US"},{"@type":"WebPage","@id":"https:\/\/investiga.uandes.cl\/estudio-internacional-liderado-por-academica-uandes-vincula-salud-dental-con-diabetes-gestacional\/","url":"https:\/\/investiga.uandes.cl\/estudio-internacional-liderado-por-academica-uandes-vincula-salud-dental-con-diabetes-gestacional\/","name":"Estudio internacional liderado por acad\u00e9mica vincula salud dental con diabetes gestacional - Investiga UANDES","isPartOf":{"@id":"https:\/\/investiga.uandes.cl\/#website"},"primaryImageOfPage":{"@id":"https:\/\/investiga.uandes.cl\/estudio-internacional-liderado-por-academica-uandes-vincula-salud-dental-con-diabetes-gestacional\/#primaryimage"},"image":{"@id":"https:\/\/investiga.uandes.cl\/estudio-internacional-liderado-por-academica-uandes-vincula-salud-dental-con-diabetes-gestacional\/#primaryimage"},"thumbnailUrl":"https:\/\/investiga.uandes.cl\/wp-content\/uploads\/2025\/11\/image-9.png","datePublished":"2025-11-27T20:46:27+00:00","dateModified":"2025-12-03T14:01:33+00:00","breadcrumb":{"@id":"https:\/\/investiga.uandes.cl\/estudio-internacional-liderado-por-academica-uandes-vincula-salud-dental-con-diabetes-gestacional\/#breadcrumb"},"inLanguage":"en-US","potentialAction":[{"@type":"ReadAction","target":["https:\/\/investiga.uandes.cl\/estudio-internacional-liderado-por-academica-uandes-vincula-salud-dental-con-diabetes-gestacional\/"]}]},{"@type":"ImageObject","inLanguage":"en-US","@id":"https:\/\/investiga.uandes.cl\/estudio-internacional-liderado-por-academica-uandes-vincula-salud-dental-con-diabetes-gestacional\/#primaryimage","url":"https:\/\/investiga.uandes.cl\/wp-content\/uploads\/2025\/11\/image-9.png","contentUrl":"https:\/\/investiga.uandes.cl\/wp-content\/uploads\/2025\/11\/image-9.png","width":2048,"height":1366},{"@type":"BreadcrumbList","@id":"https:\/\/investiga.uandes.cl\/estudio-internacional-liderado-por-academica-uandes-vincula-salud-dental-con-diabetes-gestacional\/#breadcrumb","itemListElement":[{"@type":"ListItem","position":1,"name":"Portada","item":"https:\/\/investiga.uandes.cl\/"},{"@type":"ListItem","position":2,"name":"Estudio internacional liderado por acad\u00e9mica vincula salud dental con diabetes gestacional"}]},{"@type":"WebSite","@id":"https:\/\/investiga.uandes.cl\/#website","url":"https:\/\/investiga.uandes.cl\/","name":"Investiga UANDES","description":"Investigaci\u00f3n, Universidad de los Andes","publisher":{"@id":"https:\/\/investiga.uandes.cl\/#organization"},"potentialAction":[{"@type":"SearchAction","target":{"@type":"EntryPoint","urlTemplate":"https:\/\/investiga.uandes.cl\/?s={search_term_string}"},"query-input":{"@type":"PropertyValueSpecification","valueRequired":true,"valueName":"search_term_string"}}],"inLanguage":"en-US"},{"@type":"Organization","@id":"https:\/\/investiga.uandes.cl\/#organization","name":"Investiga UANDES","url":"https:\/\/investiga.uandes.cl\/","logo":{"@type":"ImageObject","inLanguage":"en-US","@id":"https:\/\/investiga.uandes.cl\/#\/schema\/logo\/image\/","url":"https:\/\/investiga.uandes.cl\/wp-content\/uploads\/2025\/03\/investiga_uandes.jpg","contentUrl":"https:\/\/investiga.uandes.cl\/wp-content\/uploads\/2025\/03\/investiga_uandes.jpg","width":2000,"height":771,"caption":"Investiga UANDES"},"image":{"@id":"https:\/\/investiga.uandes.cl\/#\/schema\/logo\/image\/"}},{"@type":"Person","@id":"https:\/\/investiga.uandes.cl\/#\/schema\/person\/6c8d7a572eb7c1d6fd4b60c06f45f489","name":"Lucas Bizzarri","url":"https:\/\/investiga.uandes.cl\/en\/author\/lbizzarri\/"}]}},"_links":{"self":[{"href":"https:\/\/investiga.uandes.cl\/en\/wp-json\/wp\/v2\/posts\/6660","targetHints":{"allow":["GET"]}}],"collection":[{"href":"https:\/\/investiga.uandes.cl\/en\/wp-json\/wp\/v2\/posts"}],"about":[{"href":"https:\/\/investiga.uandes.cl\/en\/wp-json\/wp\/v2\/types\/post"}],"author":[{"embeddable":true,"href":"https:\/\/investiga.uandes.cl\/en\/wp-json\/wp\/v2\/users\/4"}],"replies":[{"embeddable":true,"href":"https:\/\/investiga.uandes.cl\/en\/wp-json\/wp\/v2\/comments?post=6660"}],"version-history":[{"count":6,"href":"https:\/\/investiga.uandes.cl\/en\/wp-json\/wp\/v2\/posts\/6660\/revisions"}],"predecessor-version":[{"id":7135,"href":"https:\/\/investiga.uandes.cl\/en\/wp-json\/wp\/v2\/posts\/6660\/revisions\/7135"}],"wp:featuredmedia":[{"embeddable":true,"href":"https:\/\/investiga.uandes.cl\/en\/wp-json\/wp\/v2\/media\/6661"}],"wp:attachment":[{"href":"https:\/\/investiga.uandes.cl\/en\/wp-json\/wp\/v2\/media?parent=6660"}],"wp:term":[{"taxonomy":"category","embeddable":true,"href":"https:\/\/investiga.uandes.cl\/en\/wp-json\/wp\/v2\/categories?post=6660"},{"taxonomy":"post_tag","embeddable":true,"href":"https:\/\/investiga.uandes.cl\/en\/wp-json\/wp\/v2\/tags?post=6660"}],"curies":[{"name":"wp","href":"https:\/\/api.w.org\/{rel}","templated":true}]}}