{"id":6629,"date":"2025-11-29T17:28:20","date_gmt":"2025-11-29T20:28:20","guid":{"rendered":"https:\/\/investiga.uandes.cl\/?p=6629"},"modified":"2025-12-03T10:55:20","modified_gmt":"2025-12-03T13:55:20","slug":"family-caregivers-chilean-researcher-receives-international-recognition-for-her-study-on-palliative-care","status":"publish","type":"post","link":"https:\/\/investiga.uandes.cl\/en\/family-caregivers-chilean-researcher-receives-international-recognition-for-her-study-on-palliative-care\/","title":{"rendered":"Recognition for Study on Family Caregivers in Palliative Care"},"content":{"rendered":"<p>Professor&nbsp;<strong><a href=\"https:\/\/investigadores.uandes.cl\/en\/persons\/ximena-farf%C3%A1n\" target=\"_blank\" rel=\"noreferrer noopener\">Ximena Farf\u00e1n<\/a><\/strong>, a researcher at the&nbsp;<strong>School of Nursing and Midwifery at UANDES,<\/strong>was recognized with the&nbsp;<strong>Best Oral Communication Award<\/strong>&nbsp;at the XV International Conference of the Spanish Society of Palliative Care (SECPAL 2025), held on September 26 and 27 in Zaragoza, Spain.<\/p>\n\n\n\n<p>Her work, entitled&nbsp;<em>\"Experience and needs of family caregivers of people with advanced illness at the end of life at home: a qualitative study,<\/em>\" was highlighted for her contribution to the knowledge and understanding of the experiences of those who accompany and care for people with advanced disease, emphasizing the importance of comprehensive support and accompaniment at this stage.<\/p>\n\n\n\n<p>Under the slogan&nbsp;<strong>\"The interdisciplinary team: pillar of Palliative Care,\"<\/strong>the meeting brought together specialists from different countries to share research, experiences, and best practices in the area.<\/p>\n\n\n\n<p>Universidad de los Andes was represented by academics&nbsp;<strong><a href=\"https:\/\/www.uandes.cl\/personas\/paula-jaman-mewes\/\">Paula Jaman<\/a><\/strong>&nbsp;and&nbsp;<strong>Ximena Farf\u00e1n<\/strong>, who presented the research dimension of the&nbsp;<strong><a href=\"https:\/\/www.uandes.cl\/noticias\/proyecto-nena-fortaleciendo-el-cuidado-en-el-final-de-la-vida\/\">NENA Care Manual Project<\/a><\/strong>. The initiative seeks to strengthen the competencies of family caregivers and volunteers, with the participation of <strong><a href=\"https:\/\/www.uandes.cl\/personas\/melissa-zimmermann-vildoso\/\" target=\"_blank\" rel=\"noreferrer noopener\">Melissa Zimmermann<\/a><\/strong> and <strong><a href=\"https:\/\/www.uandes.cl\/personas\/maria-luisa-brahm-montalva\/\" target=\"_blank\" rel=\"noreferrer noopener\">Mar\u00eda Luisa Brahm<\/a><\/strong>, both UANDES Nursing academics.<\/p>\n\n\n\n<p>The recognition obtained by Prof. Farf\u00e1n constitutes an&nbsp;<strong>important achievement for Chilean and Latin American nurses<\/strong>by highlighting the fundamental role of research in strengthening palliative care and human accompaniment at the end of life.<\/p>\n\n\n<div class=\"wp-block-image\">\n<figure class=\"aligncenter size-large\"><img loading=\"lazy\" decoding=\"async\" width=\"449\" height=\"1024\" src=\"https:\/\/investiga.uandes.cl\/wp-content\/uploads\/2025\/11\/Diseno-sin-titulo-1-1-449x1024.jpg\" alt=\"\" class=\"wp-image-7131\" srcset=\"https:\/\/investiga.uandes.cl\/wp-content\/uploads\/2025\/11\/Diseno-sin-titulo-1-1-449x1024.jpg 449w, https:\/\/investiga.uandes.cl\/wp-content\/uploads\/2025\/11\/Diseno-sin-titulo-1-1-132x300.jpg 132w, https:\/\/investiga.uandes.cl\/wp-content\/uploads\/2025\/11\/Diseno-sin-titulo-1-1-5x12.jpg 5w, https:\/\/investiga.uandes.cl\/wp-content\/uploads\/2025\/11\/Diseno-sin-titulo-1-1-1x1.jpg 1w, https:\/\/investiga.uandes.cl\/wp-content\/uploads\/2025\/11\/Diseno-sin-titulo-1-1.jpg 534w\" sizes=\"auto, (max-width: 449px) 100vw, 449px\" \/><\/figure>\n<\/div>","protected":false},"excerpt":{"rendered":"<p>Under the slogan \"The interdisciplinary team: pillar of Palliative Care,\" the meeting brought together specialists from different countries to share research, experiences, and best practices in the area.<\/p>","protected":false},"author":4,"featured_media":6630,"comment_status":"closed","ping_status":"closed","sticky":false,"template":"","format":"standard","meta":{"inline_featured_image":false,"footnotes":""},"categories":[1,29,3],"tags":[84],"class_list":["post-6629","post","type-post","status-publish","format-standard","has-post-thumbnail","hentry","category-investigacion","category-reconocimientos","category-salud","tag-84"],"yoast_head":"<!-- This site is optimized with the Yoast SEO plugin v24.7 - https:\/\/yoast.com\/wordpress\/plugins\/seo\/ -->\n<title>Cuidadores familiares: reconocimiento por estudio sobre cuidados paliativos - Investiga UANDES<\/title>\n<meta name=\"robots\" content=\"index, follow, max-snippet:-1, max-image-preview:large, max-video-preview:-1\" \/>\n<link rel=\"canonical\" href=\"https:\/\/investiga.uandes.cl\/en\/family-caregivers-chilean-researcher-receives-international-recognition-for-her-study-on-palliative-care\/\" \/>\n<meta property=\"og:locale\" content=\"en_US\" \/>\n<meta property=\"og:type\" content=\"article\" \/>\n<meta property=\"og:title\" content=\"Cuidadores familiares: reconocimiento por estudio sobre cuidados paliativos - Investiga UANDES\" \/>\n<meta property=\"og:description\" content=\"Bajo el lema\u00a0\u201cEl equipo interdisciplinar: pilar de los Cuidados Paliativos\u201d, el encuentro reuni\u00f3 a especialistas de distintos pa\u00edses para compartir investigaciones, experiencias y buenas pr\u00e1cticas en el \u00e1rea.\" \/>\n<meta property=\"og:url\" content=\"https:\/\/investiga.uandes.cl\/en\/family-caregivers-chilean-researcher-receives-international-recognition-for-her-study-on-palliative-care\/\" \/>\n<meta property=\"og:site_name\" content=\"Investiga UANDES\" \/>\n<meta property=\"article:published_time\" content=\"2025-11-29T20:28:20+00:00\" \/>\n<meta property=\"article:modified_time\" content=\"2025-12-03T13:55:20+00:00\" \/>\n<meta property=\"og:image\" content=\"https:\/\/investiga.uandes.cl\/wp-content\/uploads\/2025\/10\/image-2-1024x576.png\" \/>\n\t<meta property=\"og:image:width\" content=\"1024\" \/>\n\t<meta property=\"og:image:height\" content=\"576\" \/>\n\t<meta property=\"og:image:type\" content=\"image\/png\" \/>\n<meta name=\"author\" content=\"Lucas Bizzarri\" \/>\n<meta name=\"twitter:card\" content=\"summary_large_image\" \/>\n<meta name=\"twitter:label1\" content=\"Written by\" \/>\n\t<meta name=\"twitter:data1\" content=\"Lucas Bizzarri\" \/>\n\t<meta name=\"twitter:label2\" content=\"Est. reading time\" \/>\n\t<meta name=\"twitter:data2\" content=\"2 minutes\" \/>\n<script type=\"application\/ld+json\" class=\"yoast-schema-graph\">{\"@context\":\"https:\/\/schema.org\",\"@graph\":[{\"@type\":\"Article\",\"@id\":\"https:\/\/investiga.uandes.cl\/cuidadores-familiares-investigadora-chilena-es-reconocida-a-nivel-internacional-por-estudio-sobre-cuidados-paliativos\/#article\",\"isPartOf\":{\"@id\":\"https:\/\/investiga.uandes.cl\/cuidadores-familiares-investigadora-chilena-es-reconocida-a-nivel-internacional-por-estudio-sobre-cuidados-paliativos\/\"},\"author\":{\"name\":\"Lucas Bizzarri\",\"@id\":\"https:\/\/investiga.uandes.cl\/#\/schema\/person\/6c8d7a572eb7c1d6fd4b60c06f45f489\"},\"headline\":\"Cuidadores familiares: reconocimiento por estudio sobre cuidados paliativos\",\"datePublished\":\"2025-11-29T20:28:20+00:00\",\"dateModified\":\"2025-12-03T13:55:20+00:00\",\"mainEntityOfPage\":{\"@id\":\"https:\/\/investiga.uandes.cl\/cuidadores-familiares-investigadora-chilena-es-reconocida-a-nivel-internacional-por-estudio-sobre-cuidados-paliativos\/\"},\"wordCount\":277,\"publisher\":{\"@id\":\"https:\/\/investiga.uandes.cl\/#organization\"},\"image\":{\"@id\":\"https:\/\/investiga.uandes.cl\/cuidadores-familiares-investigadora-chilena-es-reconocida-a-nivel-internacional-por-estudio-sobre-cuidados-paliativos\/#primaryimage\"},\"thumbnailUrl\":\"https:\/\/investiga.uandes.cl\/wp-content\/uploads\/2025\/10\/image-2.png\",\"keywords\":[\"223\"],\"articleSection\":[\"Investigaci\u00f3n\",\"Reconocimientos\",\"Salud\"],\"inLanguage\":\"en-US\"},{\"@type\":\"WebPage\",\"@id\":\"https:\/\/investiga.uandes.cl\/cuidadores-familiares-investigadora-chilena-es-reconocida-a-nivel-internacional-por-estudio-sobre-cuidados-paliativos\/\",\"url\":\"https:\/\/investiga.uandes.cl\/cuidadores-familiares-investigadora-chilena-es-reconocida-a-nivel-internacional-por-estudio-sobre-cuidados-paliativos\/\",\"name\":\"Cuidadores familiares: reconocimiento por estudio sobre cuidados paliativos - Investiga UANDES\",\"isPartOf\":{\"@id\":\"https:\/\/investiga.uandes.cl\/#website\"},\"primaryImageOfPage\":{\"@id\":\"https:\/\/investiga.uandes.cl\/cuidadores-familiares-investigadora-chilena-es-reconocida-a-nivel-internacional-por-estudio-sobre-cuidados-paliativos\/#primaryimage\"},\"image\":{\"@id\":\"https:\/\/investiga.uandes.cl\/cuidadores-familiares-investigadora-chilena-es-reconocida-a-nivel-internacional-por-estudio-sobre-cuidados-paliativos\/#primaryimage\"},\"thumbnailUrl\":\"https:\/\/investiga.uandes.cl\/wp-content\/uploads\/2025\/10\/image-2.png\",\"datePublished\":\"2025-11-29T20:28:20+00:00\",\"dateModified\":\"2025-12-03T13:55:20+00:00\",\"breadcrumb\":{\"@id\":\"https:\/\/investiga.uandes.cl\/cuidadores-familiares-investigadora-chilena-es-reconocida-a-nivel-internacional-por-estudio-sobre-cuidados-paliativos\/#breadcrumb\"},\"inLanguage\":\"en-US\",\"potentialAction\":[{\"@type\":\"ReadAction\",\"target\":[\"https:\/\/investiga.uandes.cl\/cuidadores-familiares-investigadora-chilena-es-reconocida-a-nivel-internacional-por-estudio-sobre-cuidados-paliativos\/\"]}]},{\"@type\":\"ImageObject\",\"inLanguage\":\"en-US\",\"@id\":\"https:\/\/investiga.uandes.cl\/cuidadores-familiares-investigadora-chilena-es-reconocida-a-nivel-internacional-por-estudio-sobre-cuidados-paliativos\/#primaryimage\",\"url\":\"https:\/\/investiga.uandes.cl\/wp-content\/uploads\/2025\/10\/image-2.png\",\"contentUrl\":\"https:\/\/investiga.uandes.cl\/wp-content\/uploads\/2025\/10\/image-2.png\",\"width\":2048,\"height\":1152},{\"@type\":\"BreadcrumbList\",\"@id\":\"https:\/\/investiga.uandes.cl\/cuidadores-familiares-investigadora-chilena-es-reconocida-a-nivel-internacional-por-estudio-sobre-cuidados-paliativos\/#breadcrumb\",\"itemListElement\":[{\"@type\":\"ListItem\",\"position\":1,\"name\":\"Portada\",\"item\":\"https:\/\/investiga.uandes.cl\/\"},{\"@type\":\"ListItem\",\"position\":2,\"name\":\"Cuidadores familiares: reconocimiento por estudio sobre cuidados paliativos\"}]},{\"@type\":\"WebSite\",\"@id\":\"https:\/\/investiga.uandes.cl\/#website\",\"url\":\"https:\/\/investiga.uandes.cl\/\",\"name\":\"Investiga UANDES\",\"description\":\"Investigaci\u00f3n, Universidad de los Andes\",\"publisher\":{\"@id\":\"https:\/\/investiga.uandes.cl\/#organization\"},\"potentialAction\":[{\"@type\":\"SearchAction\",\"target\":{\"@type\":\"EntryPoint\",\"urlTemplate\":\"https:\/\/investiga.uandes.cl\/?s={search_term_string}\"},\"query-input\":{\"@type\":\"PropertyValueSpecification\",\"valueRequired\":true,\"valueName\":\"search_term_string\"}}],\"inLanguage\":\"en-US\"},{\"@type\":\"Organization\",\"@id\":\"https:\/\/investiga.uandes.cl\/#organization\",\"name\":\"Investiga UANDES\",\"url\":\"https:\/\/investiga.uandes.cl\/\",\"logo\":{\"@type\":\"ImageObject\",\"inLanguage\":\"en-US\",\"@id\":\"https:\/\/investiga.uandes.cl\/#\/schema\/logo\/image\/\",\"url\":\"https:\/\/investiga.uandes.cl\/wp-content\/uploads\/2025\/03\/investiga_uandes.jpg\",\"contentUrl\":\"https:\/\/investiga.uandes.cl\/wp-content\/uploads\/2025\/03\/investiga_uandes.jpg\",\"width\":2000,\"height\":771,\"caption\":\"Investiga UANDES\"},\"image\":{\"@id\":\"https:\/\/investiga.uandes.cl\/#\/schema\/logo\/image\/\"}},{\"@type\":\"Person\",\"@id\":\"https:\/\/investiga.uandes.cl\/#\/schema\/person\/6c8d7a572eb7c1d6fd4b60c06f45f489\",\"name\":\"Lucas Bizzarri\",\"url\":\"https:\/\/investiga.uandes.cl\/en\/author\/lbizzarri\/\"}]}<\/script>\n<!-- \/ Yoast SEO plugin. -->","yoast_head_json":{"title":"Cuidadores familiares: reconocimiento por estudio sobre cuidados paliativos - Investiga UANDES","robots":{"index":"index","follow":"follow","max-snippet":"max-snippet:-1","max-image-preview":"max-image-preview:large","max-video-preview":"max-video-preview:-1"},"canonical":"https:\/\/investiga.uandes.cl\/en\/family-caregivers-chilean-researcher-receives-international-recognition-for-her-study-on-palliative-care\/","og_locale":"en_US","og_type":"article","og_title":"Cuidadores familiares: reconocimiento por estudio sobre cuidados paliativos - Investiga UANDES","og_description":"Bajo el lema\u00a0\u201cEl equipo interdisciplinar: pilar de los Cuidados Paliativos\u201d, el encuentro reuni\u00f3 a especialistas de distintos pa\u00edses para compartir investigaciones, experiencias y buenas pr\u00e1cticas en el \u00e1rea.","og_url":"https:\/\/investiga.uandes.cl\/en\/family-caregivers-chilean-researcher-receives-international-recognition-for-her-study-on-palliative-care\/","og_site_name":"Investiga UANDES","article_published_time":"2025-11-29T20:28:20+00:00","article_modified_time":"2025-12-03T13:55:20+00:00","og_image":[{"width":1024,"height":576,"url":"https:\/\/investiga.uandes.cl\/wp-content\/uploads\/2025\/10\/image-2-1024x576.png","type":"image\/png"}],"author":"Lucas Bizzarri","twitter_card":"summary_large_image","twitter_misc":{"Written by":"Lucas Bizzarri","Est. reading time":"2 minutes"},"schema":{"@context":"https:\/\/schema.org","@graph":[{"@type":"Article","@id":"https:\/\/investiga.uandes.cl\/cuidadores-familiares-investigadora-chilena-es-reconocida-a-nivel-internacional-por-estudio-sobre-cuidados-paliativos\/#article","isPartOf":{"@id":"https:\/\/investiga.uandes.cl\/cuidadores-familiares-investigadora-chilena-es-reconocida-a-nivel-internacional-por-estudio-sobre-cuidados-paliativos\/"},"author":{"name":"Lucas Bizzarri","@id":"https:\/\/investiga.uandes.cl\/#\/schema\/person\/6c8d7a572eb7c1d6fd4b60c06f45f489"},"headline":"Cuidadores familiares: reconocimiento por estudio sobre cuidados paliativos","datePublished":"2025-11-29T20:28:20+00:00","dateModified":"2025-12-03T13:55:20+00:00","mainEntityOfPage":{"@id":"https:\/\/investiga.uandes.cl\/cuidadores-familiares-investigadora-chilena-es-reconocida-a-nivel-internacional-por-estudio-sobre-cuidados-paliativos\/"},"wordCount":277,"publisher":{"@id":"https:\/\/investiga.uandes.cl\/#organization"},"image":{"@id":"https:\/\/investiga.uandes.cl\/cuidadores-familiares-investigadora-chilena-es-reconocida-a-nivel-internacional-por-estudio-sobre-cuidados-paliativos\/#primaryimage"},"thumbnailUrl":"https:\/\/investiga.uandes.cl\/wp-content\/uploads\/2025\/10\/image-2.png","keywords":["223"],"articleSection":["Investigaci\u00f3n","Reconocimientos","Salud"],"inLanguage":"en-US"},{"@type":"WebPage","@id":"https:\/\/investiga.uandes.cl\/cuidadores-familiares-investigadora-chilena-es-reconocida-a-nivel-internacional-por-estudio-sobre-cuidados-paliativos\/","url":"https:\/\/investiga.uandes.cl\/cuidadores-familiares-investigadora-chilena-es-reconocida-a-nivel-internacional-por-estudio-sobre-cuidados-paliativos\/","name":"Cuidadores familiares: reconocimiento por estudio sobre cuidados paliativos - Investiga UANDES","isPartOf":{"@id":"https:\/\/investiga.uandes.cl\/#website"},"primaryImageOfPage":{"@id":"https:\/\/investiga.uandes.cl\/cuidadores-familiares-investigadora-chilena-es-reconocida-a-nivel-internacional-por-estudio-sobre-cuidados-paliativos\/#primaryimage"},"image":{"@id":"https:\/\/investiga.uandes.cl\/cuidadores-familiares-investigadora-chilena-es-reconocida-a-nivel-internacional-por-estudio-sobre-cuidados-paliativos\/#primaryimage"},"thumbnailUrl":"https:\/\/investiga.uandes.cl\/wp-content\/uploads\/2025\/10\/image-2.png","datePublished":"2025-11-29T20:28:20+00:00","dateModified":"2025-12-03T13:55:20+00:00","breadcrumb":{"@id":"https:\/\/investiga.uandes.cl\/cuidadores-familiares-investigadora-chilena-es-reconocida-a-nivel-internacional-por-estudio-sobre-cuidados-paliativos\/#breadcrumb"},"inLanguage":"en-US","potentialAction":[{"@type":"ReadAction","target":["https:\/\/investiga.uandes.cl\/cuidadores-familiares-investigadora-chilena-es-reconocida-a-nivel-internacional-por-estudio-sobre-cuidados-paliativos\/"]}]},{"@type":"ImageObject","inLanguage":"en-US","@id":"https:\/\/investiga.uandes.cl\/cuidadores-familiares-investigadora-chilena-es-reconocida-a-nivel-internacional-por-estudio-sobre-cuidados-paliativos\/#primaryimage","url":"https:\/\/investiga.uandes.cl\/wp-content\/uploads\/2025\/10\/image-2.png","contentUrl":"https:\/\/investiga.uandes.cl\/wp-content\/uploads\/2025\/10\/image-2.png","width":2048,"height":1152},{"@type":"BreadcrumbList","@id":"https:\/\/investiga.uandes.cl\/cuidadores-familiares-investigadora-chilena-es-reconocida-a-nivel-internacional-por-estudio-sobre-cuidados-paliativos\/#breadcrumb","itemListElement":[{"@type":"ListItem","position":1,"name":"Portada","item":"https:\/\/investiga.uandes.cl\/"},{"@type":"ListItem","position":2,"name":"Cuidadores familiares: reconocimiento por estudio sobre cuidados paliativos"}]},{"@type":"WebSite","@id":"https:\/\/investiga.uandes.cl\/#website","url":"https:\/\/investiga.uandes.cl\/","name":"Investiga UANDES","description":"Investigaci\u00f3n, Universidad de los Andes","publisher":{"@id":"https:\/\/investiga.uandes.cl\/#organization"},"potentialAction":[{"@type":"SearchAction","target":{"@type":"EntryPoint","urlTemplate":"https:\/\/investiga.uandes.cl\/?s={search_term_string}"},"query-input":{"@type":"PropertyValueSpecification","valueRequired":true,"valueName":"search_term_string"}}],"inLanguage":"en-US"},{"@type":"Organization","@id":"https:\/\/investiga.uandes.cl\/#organization","name":"Investiga UANDES","url":"https:\/\/investiga.uandes.cl\/","logo":{"@type":"ImageObject","inLanguage":"en-US","@id":"https:\/\/investiga.uandes.cl\/#\/schema\/logo\/image\/","url":"https:\/\/investiga.uandes.cl\/wp-content\/uploads\/2025\/03\/investiga_uandes.jpg","contentUrl":"https:\/\/investiga.uandes.cl\/wp-content\/uploads\/2025\/03\/investiga_uandes.jpg","width":2000,"height":771,"caption":"Investiga UANDES"},"image":{"@id":"https:\/\/investiga.uandes.cl\/#\/schema\/logo\/image\/"}},{"@type":"Person","@id":"https:\/\/investiga.uandes.cl\/#\/schema\/person\/6c8d7a572eb7c1d6fd4b60c06f45f489","name":"Lucas Bizzarri","url":"https:\/\/investiga.uandes.cl\/en\/author\/lbizzarri\/"}]}},"_links":{"self":[{"href":"https:\/\/investiga.uandes.cl\/en\/wp-json\/wp\/v2\/posts\/6629","targetHints":{"allow":["GET"]}}],"collection":[{"href":"https:\/\/investiga.uandes.cl\/en\/wp-json\/wp\/v2\/posts"}],"about":[{"href":"https:\/\/investiga.uandes.cl\/en\/wp-json\/wp\/v2\/types\/post"}],"author":[{"embeddable":true,"href":"https:\/\/investiga.uandes.cl\/en\/wp-json\/wp\/v2\/users\/4"}],"replies":[{"embeddable":true,"href":"https:\/\/investiga.uandes.cl\/en\/wp-json\/wp\/v2\/comments?post=6629"}],"version-history":[{"count":7,"href":"https:\/\/investiga.uandes.cl\/en\/wp-json\/wp\/v2\/posts\/6629\/revisions"}],"predecessor-version":[{"id":7132,"href":"https:\/\/investiga.uandes.cl\/en\/wp-json\/wp\/v2\/posts\/6629\/revisions\/7132"}],"wp:featuredmedia":[{"embeddable":true,"href":"https:\/\/investiga.uandes.cl\/en\/wp-json\/wp\/v2\/media\/6630"}],"wp:attachment":[{"href":"https:\/\/investiga.uandes.cl\/en\/wp-json\/wp\/v2\/media?parent=6629"}],"wp:term":[{"taxonomy":"category","embeddable":true,"href":"https:\/\/investiga.uandes.cl\/en\/wp-json\/wp\/v2\/categories?post=6629"},{"taxonomy":"post_tag","embeddable":true,"href":"https:\/\/investiga.uandes.cl\/en\/wp-json\/wp\/v2\/tags?post=6629"}],"curies":[{"name":"wp","href":"https:\/\/api.w.org\/{rel}","templated":true}]}}