{"id":6626,"date":"2025-11-26T17:30:32","date_gmt":"2025-11-26T20:30:32","guid":{"rendered":"https:\/\/investiga.uandes.cl\/?p=6626"},"modified":"2025-12-03T11:06:44","modified_gmt":"2025-12-03T14:06:44","slug":"chilean-is-highlighted-among-researchers-studying-psychotherapy-and-mental-health-in-international-publication","status":"publish","type":"post","link":"https:\/\/investiga.uandes.cl\/en\/chilean-is-highlighted-among-researchers-studying-psychotherapy-and-mental-health-in-international-publication\/","title":{"rendered":"Chilean Researcher Receives International Recognition for Her Work in the Field of Psychotherapy and Mental Health"},"content":{"rendered":"<p>The academic from the School of Psychology at Universidad de los Andes,<strong>&nbsp;<\/strong><a href=\"https:\/\/investigadores.uandes.cl\/es\/persons\/carolina-altimir\/\" target=\"_blank\" rel=\"noreferrer noopener\"><strong>Carolina Altimir,<\/strong>&nbsp;<\/a>participated as an author in the book&nbsp;<em><strong>Qualitative Research in Clinical Psychology and Psychotherapy in Latin America: Creativity for Studying Complex Objects in Context<\/strong><\/em><strong><em>,<\/em><\/strong>&nbsp;a publication that brings together the work of outstanding researchers from different Latin American countries.<\/p>\n\n\n\n<p>\"The text is focused on the study of psychotherapy and mental health from a qualitative perspective but with a distinctive regional perspective, as it presents original works and the creative use of these methods to understand the complex phenomena of psychotherapy, change, therapeutic interaction, and the experience of illness, among others,\" says the academic from UANDES School of Psychology.<\/p>\n\n\n\n<p>In the chapter \"<strong><em>Qualitative Research on Psychotherapeutic Change in Latin America: In Search of Capturing Complexity,<\/em>\"<\/strong>Carolina Altimir addresses the importance of qualitative research in understanding the processes of change that occur during psychotherapy in the Latin American context.<\/p>\n\n\n\n<p>The book launch took place at Universidad Diego Portales, where the master class \"Descriptive-interpretative qualitative psychotherapy research\" was given by<strong>&nbsp;<\/strong>the outstanding researcher Ladislav Timulak, an international reference in qualitative research in psychotherapy.<\/p>\n\n\n\n<p><a href=\"https:\/\/www.facebook.com\/SonarFMChile\/videos\/-en-sonarglobal-conversamos-con-carolina-altimir-acad%C3%A9mica-de-la-universidad-de-\/1379155613640394\/\"><strong>Check here for an interview with Carolina Altimir<\/strong><\/a>.<\/p>\n\n\n\n<p><\/p>","protected":false},"excerpt":{"rendered":"<p>The chapter written by Carolina Altimir addresses the importance of qualitative research to understand the processes of change that occur during psychotherapy in the Latin American context.<\/p>","protected":false},"author":5,"featured_media":6628,"comment_status":"closed","ping_status":"closed","sticky":false,"template":"","format":"standard","meta":{"inline_featured_image":false,"footnotes":""},"categories":[1,4,3],"tags":[],"class_list":["post-6626","post","type-post","status-publish","format-standard","has-post-thumbnail","hentry","category-investigacion","category-pensamiento","category-salud"],"yoast_head":"<!-- This site is optimized with the Yoast SEO plugin v24.7 - https:\/\/yoast.com\/wordpress\/plugins\/seo\/ -->\n<title>Chilena es destacada entre investigadores que estudian la psicoterapia y salud mental en publicaci\u00f3n internacional - Investiga UANDES<\/title>\n<meta name=\"robots\" content=\"index, follow, max-snippet:-1, max-image-preview:large, max-video-preview:-1\" \/>\n<link rel=\"canonical\" href=\"https:\/\/investiga.uandes.cl\/en\/chilean-is-highlighted-among-researchers-studying-psychotherapy-and-mental-health-in-international-publication\/\" \/>\n<meta property=\"og:locale\" content=\"en_US\" \/>\n<meta property=\"og:type\" content=\"article\" \/>\n<meta property=\"og:title\" content=\"Chilena es destacada entre investigadores que estudian la psicoterapia y salud mental en publicaci\u00f3n internacional - Investiga UANDES\" \/>\n<meta property=\"og:description\" content=\"En el cap\u00edtulo redactado por Carolina Altimir se aborda la importancia de la investigaci\u00f3n cualitativa para comprender los procesos de cambio que ocurren durante la psicoterapia en el contexto latinoamericano.\" \/>\n<meta property=\"og:url\" content=\"https:\/\/investiga.uandes.cl\/en\/chilean-is-highlighted-among-researchers-studying-psychotherapy-and-mental-health-in-international-publication\/\" \/>\n<meta property=\"og:site_name\" content=\"Investiga UANDES\" \/>\n<meta property=\"article:published_time\" content=\"2025-11-26T20:30:32+00:00\" \/>\n<meta property=\"article:modified_time\" content=\"2025-12-03T14:06:44+00:00\" \/>\n<meta property=\"og:image\" content=\"https:\/\/investiga.uandes.cl\/wp-content\/uploads\/2025\/10\/MG_3983-scaled-2048x1366-1.jpg\" \/>\n\t<meta property=\"og:image:width\" content=\"2048\" \/>\n\t<meta property=\"og:image:height\" content=\"1366\" \/>\n\t<meta property=\"og:image:type\" content=\"image\/jpeg\" \/>\n<meta name=\"author\" content=\"Florencia Moya\" \/>\n<meta name=\"twitter:card\" content=\"summary_large_image\" \/>\n<meta name=\"twitter:label1\" content=\"Written by\" \/>\n\t<meta name=\"twitter:data1\" content=\"Florencia Moya\" \/>\n\t<meta name=\"twitter:label2\" content=\"Est. reading time\" \/>\n\t<meta name=\"twitter:data2\" content=\"2 minutes\" \/>\n<script type=\"application\/ld+json\" class=\"yoast-schema-graph\">{\"@context\":\"https:\/\/schema.org\",\"@graph\":[{\"@type\":\"Article\",\"@id\":\"https:\/\/investiga.uandes.cl\/chilena-es-destacada-entre-investigadores-que-estudian-la-psicoterapia-y-salud-mental-en-publicacion-internacional\/#article\",\"isPartOf\":{\"@id\":\"https:\/\/investiga.uandes.cl\/chilena-es-destacada-entre-investigadores-que-estudian-la-psicoterapia-y-salud-mental-en-publicacion-internacional\/\"},\"author\":{\"name\":\"Florencia Moya\",\"@id\":\"https:\/\/investiga.uandes.cl\/#\/schema\/person\/ca5788ebe87b5a773bab00ec15521335\"},\"headline\":\"Chilena es destacada entre investigadores que estudian la psicoterapia y salud mental en publicaci\u00f3n internacional\",\"datePublished\":\"2025-11-26T20:30:32+00:00\",\"dateModified\":\"2025-12-03T14:06:44+00:00\",\"mainEntityOfPage\":{\"@id\":\"https:\/\/investiga.uandes.cl\/chilena-es-destacada-entre-investigadores-que-estudian-la-psicoterapia-y-salud-mental-en-publicacion-internacional\/\"},\"wordCount\":252,\"publisher\":{\"@id\":\"https:\/\/investiga.uandes.cl\/#organization\"},\"image\":{\"@id\":\"https:\/\/investiga.uandes.cl\/chilena-es-destacada-entre-investigadores-que-estudian-la-psicoterapia-y-salud-mental-en-publicacion-internacional\/#primaryimage\"},\"thumbnailUrl\":\"https:\/\/investiga.uandes.cl\/wp-content\/uploads\/2025\/10\/MG_3983-scaled-2048x1366-1.jpg\",\"articleSection\":[\"Investigaci\u00f3n\",\"Pensamiento y Sociedad\",\"Salud\"],\"inLanguage\":\"en-US\"},{\"@type\":\"WebPage\",\"@id\":\"https:\/\/investiga.uandes.cl\/chilena-es-destacada-entre-investigadores-que-estudian-la-psicoterapia-y-salud-mental-en-publicacion-internacional\/\",\"url\":\"https:\/\/investiga.uandes.cl\/chilena-es-destacada-entre-investigadores-que-estudian-la-psicoterapia-y-salud-mental-en-publicacion-internacional\/\",\"name\":\"Chilena es destacada entre investigadores que estudian la psicoterapia y salud mental en publicaci\u00f3n internacional - Investiga UANDES\",\"isPartOf\":{\"@id\":\"https:\/\/investiga.uandes.cl\/#website\"},\"primaryImageOfPage\":{\"@id\":\"https:\/\/investiga.uandes.cl\/chilena-es-destacada-entre-investigadores-que-estudian-la-psicoterapia-y-salud-mental-en-publicacion-internacional\/#primaryimage\"},\"image\":{\"@id\":\"https:\/\/investiga.uandes.cl\/chilena-es-destacada-entre-investigadores-que-estudian-la-psicoterapia-y-salud-mental-en-publicacion-internacional\/#primaryimage\"},\"thumbnailUrl\":\"https:\/\/investiga.uandes.cl\/wp-content\/uploads\/2025\/10\/MG_3983-scaled-2048x1366-1.jpg\",\"datePublished\":\"2025-11-26T20:30:32+00:00\",\"dateModified\":\"2025-12-03T14:06:44+00:00\",\"breadcrumb\":{\"@id\":\"https:\/\/investiga.uandes.cl\/chilena-es-destacada-entre-investigadores-que-estudian-la-psicoterapia-y-salud-mental-en-publicacion-internacional\/#breadcrumb\"},\"inLanguage\":\"en-US\",\"potentialAction\":[{\"@type\":\"ReadAction\",\"target\":[\"https:\/\/investiga.uandes.cl\/chilena-es-destacada-entre-investigadores-que-estudian-la-psicoterapia-y-salud-mental-en-publicacion-internacional\/\"]}]},{\"@type\":\"ImageObject\",\"inLanguage\":\"en-US\",\"@id\":\"https:\/\/investiga.uandes.cl\/chilena-es-destacada-entre-investigadores-que-estudian-la-psicoterapia-y-salud-mental-en-publicacion-internacional\/#primaryimage\",\"url\":\"https:\/\/investiga.uandes.cl\/wp-content\/uploads\/2025\/10\/MG_3983-scaled-2048x1366-1.jpg\",\"contentUrl\":\"https:\/\/investiga.uandes.cl\/wp-content\/uploads\/2025\/10\/MG_3983-scaled-2048x1366-1.jpg\",\"width\":2048,\"height\":1366},{\"@type\":\"BreadcrumbList\",\"@id\":\"https:\/\/investiga.uandes.cl\/chilena-es-destacada-entre-investigadores-que-estudian-la-psicoterapia-y-salud-mental-en-publicacion-internacional\/#breadcrumb\",\"itemListElement\":[{\"@type\":\"ListItem\",\"position\":1,\"name\":\"Portada\",\"item\":\"https:\/\/investiga.uandes.cl\/\"},{\"@type\":\"ListItem\",\"position\":2,\"name\":\"Chilena es destacada entre investigadores que estudian la psicoterapia y salud mental en publicaci\u00f3n internacional\"}]},{\"@type\":\"WebSite\",\"@id\":\"https:\/\/investiga.uandes.cl\/#website\",\"url\":\"https:\/\/investiga.uandes.cl\/\",\"name\":\"Investiga UANDES\",\"description\":\"Investigaci\u00f3n, Universidad de los Andes\",\"publisher\":{\"@id\":\"https:\/\/investiga.uandes.cl\/#organization\"},\"potentialAction\":[{\"@type\":\"SearchAction\",\"target\":{\"@type\":\"EntryPoint\",\"urlTemplate\":\"https:\/\/investiga.uandes.cl\/?s={search_term_string}\"},\"query-input\":{\"@type\":\"PropertyValueSpecification\",\"valueRequired\":true,\"valueName\":\"search_term_string\"}}],\"inLanguage\":\"en-US\"},{\"@type\":\"Organization\",\"@id\":\"https:\/\/investiga.uandes.cl\/#organization\",\"name\":\"Investiga UANDES\",\"url\":\"https:\/\/investiga.uandes.cl\/\",\"logo\":{\"@type\":\"ImageObject\",\"inLanguage\":\"en-US\",\"@id\":\"https:\/\/investiga.uandes.cl\/#\/schema\/logo\/image\/\",\"url\":\"https:\/\/investiga.uandes.cl\/wp-content\/uploads\/2025\/03\/investiga_uandes.jpg\",\"contentUrl\":\"https:\/\/investiga.uandes.cl\/wp-content\/uploads\/2025\/03\/investiga_uandes.jpg\",\"width\":2000,\"height\":771,\"caption\":\"Investiga UANDES\"},\"image\":{\"@id\":\"https:\/\/investiga.uandes.cl\/#\/schema\/logo\/image\/\"}},{\"@type\":\"Person\",\"@id\":\"https:\/\/investiga.uandes.cl\/#\/schema\/person\/ca5788ebe87b5a773bab00ec15521335\",\"name\":\"Florencia Moya\",\"url\":\"https:\/\/investiga.uandes.cl\/en\/author\/fmoya\/\"}]}<\/script>\n<!-- \/ Yoast SEO plugin. -->","yoast_head_json":{"title":"Chilena es destacada entre investigadores que estudian la psicoterapia y salud mental en publicaci\u00f3n internacional - Investiga UANDES","robots":{"index":"index","follow":"follow","max-snippet":"max-snippet:-1","max-image-preview":"max-image-preview:large","max-video-preview":"max-video-preview:-1"},"canonical":"https:\/\/investiga.uandes.cl\/en\/chilean-is-highlighted-among-researchers-studying-psychotherapy-and-mental-health-in-international-publication\/","og_locale":"en_US","og_type":"article","og_title":"Chilena es destacada entre investigadores que estudian la psicoterapia y salud mental en publicaci\u00f3n internacional - Investiga UANDES","og_description":"En el cap\u00edtulo redactado por Carolina Altimir se aborda la importancia de la investigaci\u00f3n cualitativa para comprender los procesos de cambio que ocurren durante la psicoterapia en el contexto latinoamericano.","og_url":"https:\/\/investiga.uandes.cl\/en\/chilean-is-highlighted-among-researchers-studying-psychotherapy-and-mental-health-in-international-publication\/","og_site_name":"Investiga UANDES","article_published_time":"2025-11-26T20:30:32+00:00","article_modified_time":"2025-12-03T14:06:44+00:00","og_image":[{"width":2048,"height":1366,"url":"https:\/\/investiga.uandes.cl\/wp-content\/uploads\/2025\/10\/MG_3983-scaled-2048x1366-1.jpg","type":"image\/jpeg"}],"author":"Florencia Moya","twitter_card":"summary_large_image","twitter_misc":{"Written by":"Florencia Moya","Est. reading time":"2 minutes"},"schema":{"@context":"https:\/\/schema.org","@graph":[{"@type":"Article","@id":"https:\/\/investiga.uandes.cl\/chilena-es-destacada-entre-investigadores-que-estudian-la-psicoterapia-y-salud-mental-en-publicacion-internacional\/#article","isPartOf":{"@id":"https:\/\/investiga.uandes.cl\/chilena-es-destacada-entre-investigadores-que-estudian-la-psicoterapia-y-salud-mental-en-publicacion-internacional\/"},"author":{"name":"Florencia Moya","@id":"https:\/\/investiga.uandes.cl\/#\/schema\/person\/ca5788ebe87b5a773bab00ec15521335"},"headline":"Chilena es destacada entre investigadores que estudian la psicoterapia y salud mental en publicaci\u00f3n internacional","datePublished":"2025-11-26T20:30:32+00:00","dateModified":"2025-12-03T14:06:44+00:00","mainEntityOfPage":{"@id":"https:\/\/investiga.uandes.cl\/chilena-es-destacada-entre-investigadores-que-estudian-la-psicoterapia-y-salud-mental-en-publicacion-internacional\/"},"wordCount":252,"publisher":{"@id":"https:\/\/investiga.uandes.cl\/#organization"},"image":{"@id":"https:\/\/investiga.uandes.cl\/chilena-es-destacada-entre-investigadores-que-estudian-la-psicoterapia-y-salud-mental-en-publicacion-internacional\/#primaryimage"},"thumbnailUrl":"https:\/\/investiga.uandes.cl\/wp-content\/uploads\/2025\/10\/MG_3983-scaled-2048x1366-1.jpg","articleSection":["Investigaci\u00f3n","Pensamiento y Sociedad","Salud"],"inLanguage":"en-US"},{"@type":"WebPage","@id":"https:\/\/investiga.uandes.cl\/chilena-es-destacada-entre-investigadores-que-estudian-la-psicoterapia-y-salud-mental-en-publicacion-internacional\/","url":"https:\/\/investiga.uandes.cl\/chilena-es-destacada-entre-investigadores-que-estudian-la-psicoterapia-y-salud-mental-en-publicacion-internacional\/","name":"Chilena es destacada entre investigadores que estudian la psicoterapia y salud mental en publicaci\u00f3n internacional - Investiga UANDES","isPartOf":{"@id":"https:\/\/investiga.uandes.cl\/#website"},"primaryImageOfPage":{"@id":"https:\/\/investiga.uandes.cl\/chilena-es-destacada-entre-investigadores-que-estudian-la-psicoterapia-y-salud-mental-en-publicacion-internacional\/#primaryimage"},"image":{"@id":"https:\/\/investiga.uandes.cl\/chilena-es-destacada-entre-investigadores-que-estudian-la-psicoterapia-y-salud-mental-en-publicacion-internacional\/#primaryimage"},"thumbnailUrl":"https:\/\/investiga.uandes.cl\/wp-content\/uploads\/2025\/10\/MG_3983-scaled-2048x1366-1.jpg","datePublished":"2025-11-26T20:30:32+00:00","dateModified":"2025-12-03T14:06:44+00:00","breadcrumb":{"@id":"https:\/\/investiga.uandes.cl\/chilena-es-destacada-entre-investigadores-que-estudian-la-psicoterapia-y-salud-mental-en-publicacion-internacional\/#breadcrumb"},"inLanguage":"en-US","potentialAction":[{"@type":"ReadAction","target":["https:\/\/investiga.uandes.cl\/chilena-es-destacada-entre-investigadores-que-estudian-la-psicoterapia-y-salud-mental-en-publicacion-internacional\/"]}]},{"@type":"ImageObject","inLanguage":"en-US","@id":"https:\/\/investiga.uandes.cl\/chilena-es-destacada-entre-investigadores-que-estudian-la-psicoterapia-y-salud-mental-en-publicacion-internacional\/#primaryimage","url":"https:\/\/investiga.uandes.cl\/wp-content\/uploads\/2025\/10\/MG_3983-scaled-2048x1366-1.jpg","contentUrl":"https:\/\/investiga.uandes.cl\/wp-content\/uploads\/2025\/10\/MG_3983-scaled-2048x1366-1.jpg","width":2048,"height":1366},{"@type":"BreadcrumbList","@id":"https:\/\/investiga.uandes.cl\/chilena-es-destacada-entre-investigadores-que-estudian-la-psicoterapia-y-salud-mental-en-publicacion-internacional\/#breadcrumb","itemListElement":[{"@type":"ListItem","position":1,"name":"Portada","item":"https:\/\/investiga.uandes.cl\/"},{"@type":"ListItem","position":2,"name":"Chilena es destacada entre investigadores que estudian la psicoterapia y salud mental en publicaci\u00f3n internacional"}]},{"@type":"WebSite","@id":"https:\/\/investiga.uandes.cl\/#website","url":"https:\/\/investiga.uandes.cl\/","name":"Investiga UANDES","description":"Investigaci\u00f3n, Universidad de los Andes","publisher":{"@id":"https:\/\/investiga.uandes.cl\/#organization"},"potentialAction":[{"@type":"SearchAction","target":{"@type":"EntryPoint","urlTemplate":"https:\/\/investiga.uandes.cl\/?s={search_term_string}"},"query-input":{"@type":"PropertyValueSpecification","valueRequired":true,"valueName":"search_term_string"}}],"inLanguage":"en-US"},{"@type":"Organization","@id":"https:\/\/investiga.uandes.cl\/#organization","name":"Investiga UANDES","url":"https:\/\/investiga.uandes.cl\/","logo":{"@type":"ImageObject","inLanguage":"en-US","@id":"https:\/\/investiga.uandes.cl\/#\/schema\/logo\/image\/","url":"https:\/\/investiga.uandes.cl\/wp-content\/uploads\/2025\/03\/investiga_uandes.jpg","contentUrl":"https:\/\/investiga.uandes.cl\/wp-content\/uploads\/2025\/03\/investiga_uandes.jpg","width":2000,"height":771,"caption":"Investiga UANDES"},"image":{"@id":"https:\/\/investiga.uandes.cl\/#\/schema\/logo\/image\/"}},{"@type":"Person","@id":"https:\/\/investiga.uandes.cl\/#\/schema\/person\/ca5788ebe87b5a773bab00ec15521335","name":"Florencia Moya","url":"https:\/\/investiga.uandes.cl\/en\/author\/fmoya\/"}]}},"_links":{"self":[{"href":"https:\/\/investiga.uandes.cl\/en\/wp-json\/wp\/v2\/posts\/6626","targetHints":{"allow":["GET"]}}],"collection":[{"href":"https:\/\/investiga.uandes.cl\/en\/wp-json\/wp\/v2\/posts"}],"about":[{"href":"https:\/\/investiga.uandes.cl\/en\/wp-json\/wp\/v2\/types\/post"}],"author":[{"embeddable":true,"href":"https:\/\/investiga.uandes.cl\/en\/wp-json\/wp\/v2\/users\/5"}],"replies":[{"embeddable":true,"href":"https:\/\/investiga.uandes.cl\/en\/wp-json\/wp\/v2\/comments?post=6626"}],"version-history":[{"count":8,"href":"https:\/\/investiga.uandes.cl\/en\/wp-json\/wp\/v2\/posts\/6626\/revisions"}],"predecessor-version":[{"id":7137,"href":"https:\/\/investiga.uandes.cl\/en\/wp-json\/wp\/v2\/posts\/6626\/revisions\/7137"}],"wp:featuredmedia":[{"embeddable":true,"href":"https:\/\/investiga.uandes.cl\/en\/wp-json\/wp\/v2\/media\/6628"}],"wp:attachment":[{"href":"https:\/\/investiga.uandes.cl\/en\/wp-json\/wp\/v2\/media?parent=6626"}],"wp:term":[{"taxonomy":"category","embeddable":true,"href":"https:\/\/investiga.uandes.cl\/en\/wp-json\/wp\/v2\/categories?post=6626"},{"taxonomy":"post_tag","embeddable":true,"href":"https:\/\/investiga.uandes.cl\/en\/wp-json\/wp\/v2\/tags?post=6626"}],"curies":[{"name":"wp","href":"https:\/\/api.w.org\/{rel}","templated":true}]}}