{"id":6603,"date":"2025-10-08T17:01:48","date_gmt":"2025-10-08T20:01:48","guid":{"rendered":"https:\/\/investiga.uandes.cl\/?p=6603"},"modified":"2025-10-08T17:01:49","modified_gmt":"2025-10-08T20:01:49","slug":"converciencia-the-new-videopodcast-of-the-faculty-of-communication-and-the-center-for-biomedical-research-and-innovation","status":"publish","type":"post","link":"https:\/\/investiga.uandes.cl\/en\/converciencia-the-new-videopodcast-of-the-faculty-of-communication-and-the-center-for-biomedical-research-and-innovation\/","title":{"rendered":"\"ConverCiencia\": the New Videopodcast from the School of Communication and the Center for Biomedical Research and Innovation"},"content":{"rendered":"<p><strong><em>ConverCiencia&nbsp;<\/em><\/strong>is a videopodcast that seeks to bring people closer to the scientific advances of the&nbsp;<strong><a href=\"https:\/\/www.uandes.cl\/centros\/ciib\/\" target=\"_blank\" rel=\"noreferrer noopener\">Center for Biomedical Research and Innovation<\/a>&nbsp;(CiiB)<\/strong>In an entertaining format and a simple style, journalist Andr\u00e9s Vial (PER \u201902) will talk every week with researchers about different topics such as intelligent nutrition, when the heart speaks to us, advances against cancer, the consequences of stress in pregnancy, the power of the microbiota, and the secret language of neurons.<\/p>\n\n\n\n<p>Weekly episodes can be viewed through the Instagram accounts&nbsp;<a href=\"https:\/\/www.instagram.com\/fcom_uandes\/\">@fcom_uandes<\/a>,&nbsp;<a href=\"https:\/\/www.instagram.com\/ciib_uandes\/\">@ciibuandes<\/a>&nbsp;and&nbsp;<a href=\"https:\/\/www.instagram.com\/uandes\/\">@uandes<\/a>.<\/p>\n\n\n\n<div class=\"wp-block-buttons is-content-justification-center is-layout-flex wp-container-core-buttons-is-layout-16018d1d wp-block-buttons-is-layout-flex\">\n<div class=\"wp-block-button\"><a class=\"wp-block-button__link wp-element-button\" href=\"https:\/\/open.spotify.com\/show\/7e6A6IpqJHlOKasoF04Lhx\">Check the chapters here<\/a><\/div>\n<\/div>\n\n\n\n<p><\/p>","protected":false},"excerpt":{"rendered":"<p>The podcast includes interviews with several UANDES researchers. <\/p>","protected":false},"author":4,"featured_media":6604,"comment_status":"closed","ping_status":"closed","sticky":false,"template":"","format":"standard","meta":{"inline_featured_image":false,"footnotes":""},"categories":[28,3],"tags":[],"class_list":["post-6603","post","type-post","status-publish","format-standard","has-post-thumbnail","hentry","category-nuevos-proyectos","category-salud"],"yoast_head":"<!-- This site is optimized with the Yoast SEO plugin v24.7 - https:\/\/yoast.com\/wordpress\/plugins\/seo\/ -->\n<title>\u201cConverCiencia\u201d: el nuevo videopodcast de la Facultad de Comunicaci\u00f3n y el Centro de Investigaci\u00f3n e Innovaci\u00f3n Biom\u00e9dica - Investiga UANDES<\/title>\n<meta name=\"robots\" content=\"index, follow, max-snippet:-1, max-image-preview:large, max-video-preview:-1\" \/>\n<link rel=\"canonical\" href=\"https:\/\/investiga.uandes.cl\/en\/converciencia-the-new-videopodcast-of-the-faculty-of-communication-and-the-center-for-biomedical-research-and-innovation\/\" \/>\n<meta property=\"og:locale\" content=\"en_US\" \/>\n<meta property=\"og:type\" content=\"article\" \/>\n<meta property=\"og:title\" content=\"\u201cConverCiencia\u201d: el nuevo videopodcast de la Facultad de Comunicaci\u00f3n y el Centro de Investigaci\u00f3n e Innovaci\u00f3n Biom\u00e9dica - Investiga UANDES\" \/>\n<meta property=\"og:description\" content=\"El podcast incluye entrevistas a varios investigadores Uandes.\" \/>\n<meta property=\"og:url\" content=\"https:\/\/investiga.uandes.cl\/en\/converciencia-the-new-videopodcast-of-the-faculty-of-communication-and-the-center-for-biomedical-research-and-innovation\/\" \/>\n<meta property=\"og:site_name\" content=\"Investiga UANDES\" \/>\n<meta property=\"article:published_time\" content=\"2025-10-08T20:01:48+00:00\" \/>\n<meta property=\"article:modified_time\" content=\"2025-10-08T20:01:49+00:00\" \/>\n<meta property=\"og:image\" content=\"https:\/\/investiga.uandes.cl\/wp-content\/uploads\/2025\/10\/imagen.jpg\" \/>\n\t<meta property=\"og:image:width\" content=\"1280\" \/>\n\t<meta property=\"og:image:height\" content=\"720\" \/>\n\t<meta property=\"og:image:type\" content=\"image\/jpeg\" \/>\n<meta name=\"author\" content=\"Lucas Bizzarri\" \/>\n<meta name=\"twitter:card\" content=\"summary_large_image\" \/>\n<meta name=\"twitter:label1\" content=\"Written by\" \/>\n\t<meta name=\"twitter:data1\" content=\"Lucas Bizzarri\" \/>\n\t<meta name=\"twitter:label2\" content=\"Est. reading time\" \/>\n\t<meta name=\"twitter:data2\" content=\"1 minute\" \/>\n<script type=\"application\/ld+json\" class=\"yoast-schema-graph\">{\"@context\":\"https:\/\/schema.org\",\"@graph\":[{\"@type\":\"Article\",\"@id\":\"https:\/\/investiga.uandes.cl\/converciencia-el-nuevo-videopodcast-de-la-facultad-de-comunicacion-y-el-centro-de-investigacion-e-innovacion-biomedica\/#article\",\"isPartOf\":{\"@id\":\"https:\/\/investiga.uandes.cl\/converciencia-el-nuevo-videopodcast-de-la-facultad-de-comunicacion-y-el-centro-de-investigacion-e-innovacion-biomedica\/\"},\"author\":{\"name\":\"Lucas Bizzarri\",\"@id\":\"https:\/\/investiga.uandes.cl\/#\/schema\/person\/6c8d7a572eb7c1d6fd4b60c06f45f489\"},\"headline\":\"\u201cConverCiencia\u201d: el nuevo videopodcast de la Facultad de Comunicaci\u00f3n y el Centro de Investigaci\u00f3n e Innovaci\u00f3n Biom\u00e9dica\",\"datePublished\":\"2025-10-08T20:01:48+00:00\",\"dateModified\":\"2025-10-08T20:01:49+00:00\",\"mainEntityOfPage\":{\"@id\":\"https:\/\/investiga.uandes.cl\/converciencia-el-nuevo-videopodcast-de-la-facultad-de-comunicacion-y-el-centro-de-investigacion-e-innovacion-biomedica\/\"},\"wordCount\":139,\"publisher\":{\"@id\":\"https:\/\/investiga.uandes.cl\/#organization\"},\"image\":{\"@id\":\"https:\/\/investiga.uandes.cl\/converciencia-el-nuevo-videopodcast-de-la-facultad-de-comunicacion-y-el-centro-de-investigacion-e-innovacion-biomedica\/#primaryimage\"},\"thumbnailUrl\":\"https:\/\/investiga.uandes.cl\/wp-content\/uploads\/2025\/10\/imagen.jpg\",\"articleSection\":[\"Nuevos Proyectos\",\"Salud\"],\"inLanguage\":\"en-US\"},{\"@type\":\"WebPage\",\"@id\":\"https:\/\/investiga.uandes.cl\/converciencia-el-nuevo-videopodcast-de-la-facultad-de-comunicacion-y-el-centro-de-investigacion-e-innovacion-biomedica\/\",\"url\":\"https:\/\/investiga.uandes.cl\/converciencia-el-nuevo-videopodcast-de-la-facultad-de-comunicacion-y-el-centro-de-investigacion-e-innovacion-biomedica\/\",\"name\":\"\u201cConverCiencia\u201d: el nuevo videopodcast de la Facultad de Comunicaci\u00f3n y el Centro de Investigaci\u00f3n e Innovaci\u00f3n Biom\u00e9dica - Investiga UANDES\",\"isPartOf\":{\"@id\":\"https:\/\/investiga.uandes.cl\/#website\"},\"primaryImageOfPage\":{\"@id\":\"https:\/\/investiga.uandes.cl\/converciencia-el-nuevo-videopodcast-de-la-facultad-de-comunicacion-y-el-centro-de-investigacion-e-innovacion-biomedica\/#primaryimage\"},\"image\":{\"@id\":\"https:\/\/investiga.uandes.cl\/converciencia-el-nuevo-videopodcast-de-la-facultad-de-comunicacion-y-el-centro-de-investigacion-e-innovacion-biomedica\/#primaryimage\"},\"thumbnailUrl\":\"https:\/\/investiga.uandes.cl\/wp-content\/uploads\/2025\/10\/imagen.jpg\",\"datePublished\":\"2025-10-08T20:01:48+00:00\",\"dateModified\":\"2025-10-08T20:01:49+00:00\",\"breadcrumb\":{\"@id\":\"https:\/\/investiga.uandes.cl\/converciencia-el-nuevo-videopodcast-de-la-facultad-de-comunicacion-y-el-centro-de-investigacion-e-innovacion-biomedica\/#breadcrumb\"},\"inLanguage\":\"en-US\",\"potentialAction\":[{\"@type\":\"ReadAction\",\"target\":[\"https:\/\/investiga.uandes.cl\/converciencia-el-nuevo-videopodcast-de-la-facultad-de-comunicacion-y-el-centro-de-investigacion-e-innovacion-biomedica\/\"]}]},{\"@type\":\"ImageObject\",\"inLanguage\":\"en-US\",\"@id\":\"https:\/\/investiga.uandes.cl\/converciencia-el-nuevo-videopodcast-de-la-facultad-de-comunicacion-y-el-centro-de-investigacion-e-innovacion-biomedica\/#primaryimage\",\"url\":\"https:\/\/investiga.uandes.cl\/wp-content\/uploads\/2025\/10\/imagen.jpg\",\"contentUrl\":\"https:\/\/investiga.uandes.cl\/wp-content\/uploads\/2025\/10\/imagen.jpg\",\"width\":1280,\"height\":720},{\"@type\":\"BreadcrumbList\",\"@id\":\"https:\/\/investiga.uandes.cl\/converciencia-el-nuevo-videopodcast-de-la-facultad-de-comunicacion-y-el-centro-de-investigacion-e-innovacion-biomedica\/#breadcrumb\",\"itemListElement\":[{\"@type\":\"ListItem\",\"position\":1,\"name\":\"Portada\",\"item\":\"https:\/\/investiga.uandes.cl\/\"},{\"@type\":\"ListItem\",\"position\":2,\"name\":\"\u201cConverCiencia\u201d: el nuevo videopodcast de la Facultad de Comunicaci\u00f3n y el Centro de Investigaci\u00f3n e Innovaci\u00f3n Biom\u00e9dica\"}]},{\"@type\":\"WebSite\",\"@id\":\"https:\/\/investiga.uandes.cl\/#website\",\"url\":\"https:\/\/investiga.uandes.cl\/\",\"name\":\"Investiga UANDES\",\"description\":\"Investigaci\u00f3n, Universidad de los Andes\",\"publisher\":{\"@id\":\"https:\/\/investiga.uandes.cl\/#organization\"},\"potentialAction\":[{\"@type\":\"SearchAction\",\"target\":{\"@type\":\"EntryPoint\",\"urlTemplate\":\"https:\/\/investiga.uandes.cl\/?s={search_term_string}\"},\"query-input\":{\"@type\":\"PropertyValueSpecification\",\"valueRequired\":true,\"valueName\":\"search_term_string\"}}],\"inLanguage\":\"en-US\"},{\"@type\":\"Organization\",\"@id\":\"https:\/\/investiga.uandes.cl\/#organization\",\"name\":\"Investiga UANDES\",\"url\":\"https:\/\/investiga.uandes.cl\/\",\"logo\":{\"@type\":\"ImageObject\",\"inLanguage\":\"en-US\",\"@id\":\"https:\/\/investiga.uandes.cl\/#\/schema\/logo\/image\/\",\"url\":\"https:\/\/investiga.uandes.cl\/wp-content\/uploads\/2025\/03\/investiga_uandes.jpg\",\"contentUrl\":\"https:\/\/investiga.uandes.cl\/wp-content\/uploads\/2025\/03\/investiga_uandes.jpg\",\"width\":2000,\"height\":771,\"caption\":\"Investiga UANDES\"},\"image\":{\"@id\":\"https:\/\/investiga.uandes.cl\/#\/schema\/logo\/image\/\"}},{\"@type\":\"Person\",\"@id\":\"https:\/\/investiga.uandes.cl\/#\/schema\/person\/6c8d7a572eb7c1d6fd4b60c06f45f489\",\"name\":\"Lucas Bizzarri\",\"url\":\"https:\/\/investiga.uandes.cl\/en\/author\/lbizzarri\/\"}]}<\/script>\n<!-- \/ Yoast SEO plugin. -->","yoast_head_json":{"title":"\u201cConverCiencia\u201d: el nuevo videopodcast de la Facultad de Comunicaci\u00f3n y el Centro de Investigaci\u00f3n e Innovaci\u00f3n Biom\u00e9dica - Investiga UANDES","robots":{"index":"index","follow":"follow","max-snippet":"max-snippet:-1","max-image-preview":"max-image-preview:large","max-video-preview":"max-video-preview:-1"},"canonical":"https:\/\/investiga.uandes.cl\/en\/converciencia-the-new-videopodcast-of-the-faculty-of-communication-and-the-center-for-biomedical-research-and-innovation\/","og_locale":"en_US","og_type":"article","og_title":"\u201cConverCiencia\u201d: el nuevo videopodcast de la Facultad de Comunicaci\u00f3n y el Centro de Investigaci\u00f3n e Innovaci\u00f3n Biom\u00e9dica - Investiga UANDES","og_description":"El podcast incluye entrevistas a varios investigadores Uandes.","og_url":"https:\/\/investiga.uandes.cl\/en\/converciencia-the-new-videopodcast-of-the-faculty-of-communication-and-the-center-for-biomedical-research-and-innovation\/","og_site_name":"Investiga UANDES","article_published_time":"2025-10-08T20:01:48+00:00","article_modified_time":"2025-10-08T20:01:49+00:00","og_image":[{"width":1280,"height":720,"url":"https:\/\/investiga.uandes.cl\/wp-content\/uploads\/2025\/10\/imagen.jpg","type":"image\/jpeg"}],"author":"Lucas Bizzarri","twitter_card":"summary_large_image","twitter_misc":{"Written by":"Lucas Bizzarri","Est. reading time":"1 minute"},"schema":{"@context":"https:\/\/schema.org","@graph":[{"@type":"Article","@id":"https:\/\/investiga.uandes.cl\/converciencia-el-nuevo-videopodcast-de-la-facultad-de-comunicacion-y-el-centro-de-investigacion-e-innovacion-biomedica\/#article","isPartOf":{"@id":"https:\/\/investiga.uandes.cl\/converciencia-el-nuevo-videopodcast-de-la-facultad-de-comunicacion-y-el-centro-de-investigacion-e-innovacion-biomedica\/"},"author":{"name":"Lucas Bizzarri","@id":"https:\/\/investiga.uandes.cl\/#\/schema\/person\/6c8d7a572eb7c1d6fd4b60c06f45f489"},"headline":"\u201cConverCiencia\u201d: el nuevo videopodcast de la Facultad de Comunicaci\u00f3n y el Centro de Investigaci\u00f3n e Innovaci\u00f3n Biom\u00e9dica","datePublished":"2025-10-08T20:01:48+00:00","dateModified":"2025-10-08T20:01:49+00:00","mainEntityOfPage":{"@id":"https:\/\/investiga.uandes.cl\/converciencia-el-nuevo-videopodcast-de-la-facultad-de-comunicacion-y-el-centro-de-investigacion-e-innovacion-biomedica\/"},"wordCount":139,"publisher":{"@id":"https:\/\/investiga.uandes.cl\/#organization"},"image":{"@id":"https:\/\/investiga.uandes.cl\/converciencia-el-nuevo-videopodcast-de-la-facultad-de-comunicacion-y-el-centro-de-investigacion-e-innovacion-biomedica\/#primaryimage"},"thumbnailUrl":"https:\/\/investiga.uandes.cl\/wp-content\/uploads\/2025\/10\/imagen.jpg","articleSection":["Nuevos Proyectos","Salud"],"inLanguage":"en-US"},{"@type":"WebPage","@id":"https:\/\/investiga.uandes.cl\/converciencia-el-nuevo-videopodcast-de-la-facultad-de-comunicacion-y-el-centro-de-investigacion-e-innovacion-biomedica\/","url":"https:\/\/investiga.uandes.cl\/converciencia-el-nuevo-videopodcast-de-la-facultad-de-comunicacion-y-el-centro-de-investigacion-e-innovacion-biomedica\/","name":"\u201cConverCiencia\u201d: el nuevo videopodcast de la Facultad de Comunicaci\u00f3n y el Centro de Investigaci\u00f3n e Innovaci\u00f3n Biom\u00e9dica - Investiga UANDES","isPartOf":{"@id":"https:\/\/investiga.uandes.cl\/#website"},"primaryImageOfPage":{"@id":"https:\/\/investiga.uandes.cl\/converciencia-el-nuevo-videopodcast-de-la-facultad-de-comunicacion-y-el-centro-de-investigacion-e-innovacion-biomedica\/#primaryimage"},"image":{"@id":"https:\/\/investiga.uandes.cl\/converciencia-el-nuevo-videopodcast-de-la-facultad-de-comunicacion-y-el-centro-de-investigacion-e-innovacion-biomedica\/#primaryimage"},"thumbnailUrl":"https:\/\/investiga.uandes.cl\/wp-content\/uploads\/2025\/10\/imagen.jpg","datePublished":"2025-10-08T20:01:48+00:00","dateModified":"2025-10-08T20:01:49+00:00","breadcrumb":{"@id":"https:\/\/investiga.uandes.cl\/converciencia-el-nuevo-videopodcast-de-la-facultad-de-comunicacion-y-el-centro-de-investigacion-e-innovacion-biomedica\/#breadcrumb"},"inLanguage":"en-US","potentialAction":[{"@type":"ReadAction","target":["https:\/\/investiga.uandes.cl\/converciencia-el-nuevo-videopodcast-de-la-facultad-de-comunicacion-y-el-centro-de-investigacion-e-innovacion-biomedica\/"]}]},{"@type":"ImageObject","inLanguage":"en-US","@id":"https:\/\/investiga.uandes.cl\/converciencia-el-nuevo-videopodcast-de-la-facultad-de-comunicacion-y-el-centro-de-investigacion-e-innovacion-biomedica\/#primaryimage","url":"https:\/\/investiga.uandes.cl\/wp-content\/uploads\/2025\/10\/imagen.jpg","contentUrl":"https:\/\/investiga.uandes.cl\/wp-content\/uploads\/2025\/10\/imagen.jpg","width":1280,"height":720},{"@type":"BreadcrumbList","@id":"https:\/\/investiga.uandes.cl\/converciencia-el-nuevo-videopodcast-de-la-facultad-de-comunicacion-y-el-centro-de-investigacion-e-innovacion-biomedica\/#breadcrumb","itemListElement":[{"@type":"ListItem","position":1,"name":"Portada","item":"https:\/\/investiga.uandes.cl\/"},{"@type":"ListItem","position":2,"name":"\u201cConverCiencia\u201d: el nuevo videopodcast de la Facultad de Comunicaci\u00f3n y el Centro de Investigaci\u00f3n e Innovaci\u00f3n Biom\u00e9dica"}]},{"@type":"WebSite","@id":"https:\/\/investiga.uandes.cl\/#website","url":"https:\/\/investiga.uandes.cl\/","name":"Investiga UANDES","description":"Investigaci\u00f3n, Universidad de los Andes","publisher":{"@id":"https:\/\/investiga.uandes.cl\/#organization"},"potentialAction":[{"@type":"SearchAction","target":{"@type":"EntryPoint","urlTemplate":"https:\/\/investiga.uandes.cl\/?s={search_term_string}"},"query-input":{"@type":"PropertyValueSpecification","valueRequired":true,"valueName":"search_term_string"}}],"inLanguage":"en-US"},{"@type":"Organization","@id":"https:\/\/investiga.uandes.cl\/#organization","name":"Investiga UANDES","url":"https:\/\/investiga.uandes.cl\/","logo":{"@type":"ImageObject","inLanguage":"en-US","@id":"https:\/\/investiga.uandes.cl\/#\/schema\/logo\/image\/","url":"https:\/\/investiga.uandes.cl\/wp-content\/uploads\/2025\/03\/investiga_uandes.jpg","contentUrl":"https:\/\/investiga.uandes.cl\/wp-content\/uploads\/2025\/03\/investiga_uandes.jpg","width":2000,"height":771,"caption":"Investiga UANDES"},"image":{"@id":"https:\/\/investiga.uandes.cl\/#\/schema\/logo\/image\/"}},{"@type":"Person","@id":"https:\/\/investiga.uandes.cl\/#\/schema\/person\/6c8d7a572eb7c1d6fd4b60c06f45f489","name":"Lucas Bizzarri","url":"https:\/\/investiga.uandes.cl\/en\/author\/lbizzarri\/"}]}},"_links":{"self":[{"href":"https:\/\/investiga.uandes.cl\/en\/wp-json\/wp\/v2\/posts\/6603","targetHints":{"allow":["GET"]}}],"collection":[{"href":"https:\/\/investiga.uandes.cl\/en\/wp-json\/wp\/v2\/posts"}],"about":[{"href":"https:\/\/investiga.uandes.cl\/en\/wp-json\/wp\/v2\/types\/post"}],"author":[{"embeddable":true,"href":"https:\/\/investiga.uandes.cl\/en\/wp-json\/wp\/v2\/users\/4"}],"replies":[{"embeddable":true,"href":"https:\/\/investiga.uandes.cl\/en\/wp-json\/wp\/v2\/comments?post=6603"}],"version-history":[{"count":2,"href":"https:\/\/investiga.uandes.cl\/en\/wp-json\/wp\/v2\/posts\/6603\/revisions"}],"predecessor-version":[{"id":6606,"href":"https:\/\/investiga.uandes.cl\/en\/wp-json\/wp\/v2\/posts\/6603\/revisions\/6606"}],"wp:featuredmedia":[{"embeddable":true,"href":"https:\/\/investiga.uandes.cl\/en\/wp-json\/wp\/v2\/media\/6604"}],"wp:attachment":[{"href":"https:\/\/investiga.uandes.cl\/en\/wp-json\/wp\/v2\/media?parent=6603"}],"wp:term":[{"taxonomy":"category","embeddable":true,"href":"https:\/\/investiga.uandes.cl\/en\/wp-json\/wp\/v2\/categories?post=6603"},{"taxonomy":"post_tag","embeddable":true,"href":"https:\/\/investiga.uandes.cl\/en\/wp-json\/wp\/v2\/tags?post=6603"}],"curies":[{"name":"wp","href":"https:\/\/api.w.org\/{rel}","templated":true}]}}