{"id":6599,"date":"2025-10-08T16:39:11","date_gmt":"2025-10-08T19:39:11","guid":{"rendered":"https:\/\/investiga.uandes.cl\/?p=6599"},"modified":"2025-10-08T16:39:11","modified_gmt":"2025-10-08T19:39:11","slug":"research-associates-gum-health-with-risk-of-preterm-delivery","status":"publish","type":"post","link":"https:\/\/investiga.uandes.cl\/en\/research-associates-gum-health-with-risk-of-preterm-delivery\/","title":{"rendered":"Research Links Gum Health to Risk of Preterm Birth"},"content":{"rendered":"<p>A study led by researcher&nbsp;<strong><a href=\"https:\/\/investigadores.uandes.cl\/es\/persons\/daniela-albers-busquets\">Daniela Albers<\/a><\/strong>, academic from the School of Dentistry, evaluated pregnant women considering aspects related to their pregnancy, the health of their gums, and factors present in the gingival crevicular fluid, the liquid that surrounds the teeth.<\/p>\n\n\n\n<p>The patients were classified according to whether they had a preterm birth, before 37 weeks of gestation, or a full-term birth, after that period. The results showed differences in these factors between the two groups, as well as according to the condition of their gums.<\/p>\n\n\n\n<p>The objective of the research was to evaluate the association between factors that promote blood vessel formation in the gingival crevicular fluid and the risk of spontaneous preterm birth, as well as to analyze its relationship with the severity of periodontal disease during early pregnancy.<\/p>\n\n\n\n<p>\"<strong>\"This work seeks to contribute to the prediction of spontaneous preterm birth through specific factors that we can find in the fluid surrounding the teeth and how these relate to periodontal disease during pregnancy,\"<\/strong>explains Albers.<\/p>\n\n\n\n<p>The research was developed by a multidisciplinary team composed of dentists from the School of Dentistry of Universidad de los Andes, researchers from the Center for Biomedical Research and Innovation (CIIB), and doctors from the Biological Reproduction Program of the School of Medicine at the same university. Dentists and researchers from the School of Dentistry of Universidad de Chile also participated.<\/p>\n\n\n\n<p>In addition to Daniela Albers, the team included Drs. Alejandra Chaparro, Mar\u00eda Jos\u00e9 Bendek, Mar\u00eda Luisa Mizgier, Carolina Rojas, Marcela Hern\u00e1ndez, and Patricia Hern\u00e1ndez; along with Drs. Diego Prieto and Sebasti\u00e1n Illanes.<\/p>","protected":false},"excerpt":{"rendered":"<p>The objective of the research was to evaluate the association between factors that promote blood vessel formation in the gingival crevicular fluid and the risk of spontaneous preterm birth, as well as to analyze its relationship with the severity of periodontal disease during early pregnancy.<\/p>","protected":false},"author":4,"featured_media":6600,"comment_status":"closed","ping_status":"closed","sticky":false,"template":"","format":"standard","meta":{"inline_featured_image":false,"footnotes":""},"categories":[3],"tags":[],"class_list":["post-6599","post","type-post","status-publish","format-standard","has-post-thumbnail","hentry","category-salud"],"yoast_head":"<!-- This site is optimized with the Yoast SEO plugin v24.7 - https:\/\/yoast.com\/wordpress\/plugins\/seo\/ -->\n<title>Investigaci\u00f3n asocia salud de las enc\u00edas con riesgo de parto prematuro - Investiga UANDES<\/title>\n<meta name=\"robots\" content=\"index, follow, max-snippet:-1, max-image-preview:large, max-video-preview:-1\" \/>\n<link rel=\"canonical\" href=\"https:\/\/investiga.uandes.cl\/en\/research-associates-gum-health-with-risk-of-preterm-delivery\/\" \/>\n<meta property=\"og:locale\" content=\"en_US\" \/>\n<meta property=\"og:type\" content=\"article\" \/>\n<meta property=\"og:title\" content=\"Investigaci\u00f3n asocia salud de las enc\u00edas con riesgo de parto prematuro - Investiga UANDES\" \/>\n<meta property=\"og:description\" content=\"El objetivo de la investigaci\u00f3n fue evaluar la asociaci\u00f3n entre factores que promueven la formaci\u00f3n de vasos sangu\u00edneos en el fluido gingival crevicular y el riesgo de parto prematuro espont\u00e1neo, adem\u00e1s de analizar su relaci\u00f3n con la gravedad de la enfermedad periodontal durante el embarazo temprano.\" \/>\n<meta property=\"og:url\" content=\"https:\/\/investiga.uandes.cl\/en\/research-associates-gum-health-with-risk-of-preterm-delivery\/\" \/>\n<meta property=\"og:site_name\" content=\"Investiga UANDES\" \/>\n<meta property=\"article:published_time\" content=\"2025-10-08T19:39:11+00:00\" \/>\n<meta property=\"og:image\" content=\"https:\/\/investiga.uandes.cl\/wp-content\/uploads\/2025\/10\/MG_9903-scaled-2048x1366-1.webp\" \/>\n\t<meta property=\"og:image:width\" content=\"2048\" \/>\n\t<meta property=\"og:image:height\" content=\"1366\" \/>\n\t<meta property=\"og:image:type\" content=\"image\/webp\" \/>\n<meta name=\"author\" content=\"Lucas Bizzarri\" \/>\n<meta name=\"twitter:card\" content=\"summary_large_image\" \/>\n<meta name=\"twitter:label1\" content=\"Written by\" \/>\n\t<meta name=\"twitter:data1\" content=\"Lucas Bizzarri\" \/>\n\t<meta name=\"twitter:label2\" content=\"Est. reading time\" \/>\n\t<meta name=\"twitter:data2\" content=\"2 minutes\" \/>\n<script type=\"application\/ld+json\" class=\"yoast-schema-graph\">{\"@context\":\"https:\/\/schema.org\",\"@graph\":[{\"@type\":\"Article\",\"@id\":\"https:\/\/investiga.uandes.cl\/investigacion-asocia-salud-de-las-encias-con-riesgo-de-parto-prematuro\/#article\",\"isPartOf\":{\"@id\":\"https:\/\/investiga.uandes.cl\/investigacion-asocia-salud-de-las-encias-con-riesgo-de-parto-prematuro\/\"},\"author\":{\"name\":\"Lucas Bizzarri\",\"@id\":\"https:\/\/investiga.uandes.cl\/#\/schema\/person\/6c8d7a572eb7c1d6fd4b60c06f45f489\"},\"headline\":\"Investigaci\u00f3n asocia salud de las enc\u00edas con riesgo de parto prematuro\",\"datePublished\":\"2025-10-08T19:39:11+00:00\",\"mainEntityOfPage\":{\"@id\":\"https:\/\/investiga.uandes.cl\/investigacion-asocia-salud-de-las-encias-con-riesgo-de-parto-prematuro\/\"},\"wordCount\":322,\"publisher\":{\"@id\":\"https:\/\/investiga.uandes.cl\/#organization\"},\"image\":{\"@id\":\"https:\/\/investiga.uandes.cl\/investigacion-asocia-salud-de-las-encias-con-riesgo-de-parto-prematuro\/#primaryimage\"},\"thumbnailUrl\":\"https:\/\/investiga.uandes.cl\/wp-content\/uploads\/2025\/10\/MG_9903-scaled-2048x1366-1.webp\",\"articleSection\":[\"Salud\"],\"inLanguage\":\"en-US\"},{\"@type\":\"WebPage\",\"@id\":\"https:\/\/investiga.uandes.cl\/investigacion-asocia-salud-de-las-encias-con-riesgo-de-parto-prematuro\/\",\"url\":\"https:\/\/investiga.uandes.cl\/investigacion-asocia-salud-de-las-encias-con-riesgo-de-parto-prematuro\/\",\"name\":\"Investigaci\u00f3n asocia salud de las enc\u00edas con riesgo de parto prematuro - Investiga UANDES\",\"isPartOf\":{\"@id\":\"https:\/\/investiga.uandes.cl\/#website\"},\"primaryImageOfPage\":{\"@id\":\"https:\/\/investiga.uandes.cl\/investigacion-asocia-salud-de-las-encias-con-riesgo-de-parto-prematuro\/#primaryimage\"},\"image\":{\"@id\":\"https:\/\/investiga.uandes.cl\/investigacion-asocia-salud-de-las-encias-con-riesgo-de-parto-prematuro\/#primaryimage\"},\"thumbnailUrl\":\"https:\/\/investiga.uandes.cl\/wp-content\/uploads\/2025\/10\/MG_9903-scaled-2048x1366-1.webp\",\"datePublished\":\"2025-10-08T19:39:11+00:00\",\"breadcrumb\":{\"@id\":\"https:\/\/investiga.uandes.cl\/investigacion-asocia-salud-de-las-encias-con-riesgo-de-parto-prematuro\/#breadcrumb\"},\"inLanguage\":\"en-US\",\"potentialAction\":[{\"@type\":\"ReadAction\",\"target\":[\"https:\/\/investiga.uandes.cl\/investigacion-asocia-salud-de-las-encias-con-riesgo-de-parto-prematuro\/\"]}]},{\"@type\":\"ImageObject\",\"inLanguage\":\"en-US\",\"@id\":\"https:\/\/investiga.uandes.cl\/investigacion-asocia-salud-de-las-encias-con-riesgo-de-parto-prematuro\/#primaryimage\",\"url\":\"https:\/\/investiga.uandes.cl\/wp-content\/uploads\/2025\/10\/MG_9903-scaled-2048x1366-1.webp\",\"contentUrl\":\"https:\/\/investiga.uandes.cl\/wp-content\/uploads\/2025\/10\/MG_9903-scaled-2048x1366-1.webp\",\"width\":2048,\"height\":1366},{\"@type\":\"BreadcrumbList\",\"@id\":\"https:\/\/investiga.uandes.cl\/investigacion-asocia-salud-de-las-encias-con-riesgo-de-parto-prematuro\/#breadcrumb\",\"itemListElement\":[{\"@type\":\"ListItem\",\"position\":1,\"name\":\"Portada\",\"item\":\"https:\/\/investiga.uandes.cl\/\"},{\"@type\":\"ListItem\",\"position\":2,\"name\":\"Investigaci\u00f3n asocia salud de las enc\u00edas con riesgo de parto prematuro\"}]},{\"@type\":\"WebSite\",\"@id\":\"https:\/\/investiga.uandes.cl\/#website\",\"url\":\"https:\/\/investiga.uandes.cl\/\",\"name\":\"Investiga UANDES\",\"description\":\"Investigaci\u00f3n, Universidad de los Andes\",\"publisher\":{\"@id\":\"https:\/\/investiga.uandes.cl\/#organization\"},\"potentialAction\":[{\"@type\":\"SearchAction\",\"target\":{\"@type\":\"EntryPoint\",\"urlTemplate\":\"https:\/\/investiga.uandes.cl\/?s={search_term_string}\"},\"query-input\":{\"@type\":\"PropertyValueSpecification\",\"valueRequired\":true,\"valueName\":\"search_term_string\"}}],\"inLanguage\":\"en-US\"},{\"@type\":\"Organization\",\"@id\":\"https:\/\/investiga.uandes.cl\/#organization\",\"name\":\"Investiga UANDES\",\"url\":\"https:\/\/investiga.uandes.cl\/\",\"logo\":{\"@type\":\"ImageObject\",\"inLanguage\":\"en-US\",\"@id\":\"https:\/\/investiga.uandes.cl\/#\/schema\/logo\/image\/\",\"url\":\"https:\/\/investiga.uandes.cl\/wp-content\/uploads\/2025\/03\/investiga_uandes.jpg\",\"contentUrl\":\"https:\/\/investiga.uandes.cl\/wp-content\/uploads\/2025\/03\/investiga_uandes.jpg\",\"width\":2000,\"height\":771,\"caption\":\"Investiga UANDES\"},\"image\":{\"@id\":\"https:\/\/investiga.uandes.cl\/#\/schema\/logo\/image\/\"}},{\"@type\":\"Person\",\"@id\":\"https:\/\/investiga.uandes.cl\/#\/schema\/person\/6c8d7a572eb7c1d6fd4b60c06f45f489\",\"name\":\"Lucas Bizzarri\",\"url\":\"https:\/\/investiga.uandes.cl\/en\/author\/lbizzarri\/\"}]}<\/script>\n<!-- \/ Yoast SEO plugin. -->","yoast_head_json":{"title":"Investigaci\u00f3n asocia salud de las enc\u00edas con riesgo de parto prematuro - Investiga UANDES","robots":{"index":"index","follow":"follow","max-snippet":"max-snippet:-1","max-image-preview":"max-image-preview:large","max-video-preview":"max-video-preview:-1"},"canonical":"https:\/\/investiga.uandes.cl\/en\/research-associates-gum-health-with-risk-of-preterm-delivery\/","og_locale":"en_US","og_type":"article","og_title":"Investigaci\u00f3n asocia salud de las enc\u00edas con riesgo de parto prematuro - Investiga UANDES","og_description":"El objetivo de la investigaci\u00f3n fue evaluar la asociaci\u00f3n entre factores que promueven la formaci\u00f3n de vasos sangu\u00edneos en el fluido gingival crevicular y el riesgo de parto prematuro espont\u00e1neo, adem\u00e1s de analizar su relaci\u00f3n con la gravedad de la enfermedad periodontal durante el embarazo temprano.","og_url":"https:\/\/investiga.uandes.cl\/en\/research-associates-gum-health-with-risk-of-preterm-delivery\/","og_site_name":"Investiga UANDES","article_published_time":"2025-10-08T19:39:11+00:00","og_image":[{"width":2048,"height":1366,"url":"https:\/\/investiga.uandes.cl\/wp-content\/uploads\/2025\/10\/MG_9903-scaled-2048x1366-1.webp","type":"image\/webp"}],"author":"Lucas Bizzarri","twitter_card":"summary_large_image","twitter_misc":{"Written by":"Lucas Bizzarri","Est. reading time":"2 minutes"},"schema":{"@context":"https:\/\/schema.org","@graph":[{"@type":"Article","@id":"https:\/\/investiga.uandes.cl\/investigacion-asocia-salud-de-las-encias-con-riesgo-de-parto-prematuro\/#article","isPartOf":{"@id":"https:\/\/investiga.uandes.cl\/investigacion-asocia-salud-de-las-encias-con-riesgo-de-parto-prematuro\/"},"author":{"name":"Lucas Bizzarri","@id":"https:\/\/investiga.uandes.cl\/#\/schema\/person\/6c8d7a572eb7c1d6fd4b60c06f45f489"},"headline":"Investigaci\u00f3n asocia salud de las enc\u00edas con riesgo de parto prematuro","datePublished":"2025-10-08T19:39:11+00:00","mainEntityOfPage":{"@id":"https:\/\/investiga.uandes.cl\/investigacion-asocia-salud-de-las-encias-con-riesgo-de-parto-prematuro\/"},"wordCount":322,"publisher":{"@id":"https:\/\/investiga.uandes.cl\/#organization"},"image":{"@id":"https:\/\/investiga.uandes.cl\/investigacion-asocia-salud-de-las-encias-con-riesgo-de-parto-prematuro\/#primaryimage"},"thumbnailUrl":"https:\/\/investiga.uandes.cl\/wp-content\/uploads\/2025\/10\/MG_9903-scaled-2048x1366-1.webp","articleSection":["Salud"],"inLanguage":"en-US"},{"@type":"WebPage","@id":"https:\/\/investiga.uandes.cl\/investigacion-asocia-salud-de-las-encias-con-riesgo-de-parto-prematuro\/","url":"https:\/\/investiga.uandes.cl\/investigacion-asocia-salud-de-las-encias-con-riesgo-de-parto-prematuro\/","name":"Investigaci\u00f3n asocia salud de las enc\u00edas con riesgo de parto prematuro - Investiga UANDES","isPartOf":{"@id":"https:\/\/investiga.uandes.cl\/#website"},"primaryImageOfPage":{"@id":"https:\/\/investiga.uandes.cl\/investigacion-asocia-salud-de-las-encias-con-riesgo-de-parto-prematuro\/#primaryimage"},"image":{"@id":"https:\/\/investiga.uandes.cl\/investigacion-asocia-salud-de-las-encias-con-riesgo-de-parto-prematuro\/#primaryimage"},"thumbnailUrl":"https:\/\/investiga.uandes.cl\/wp-content\/uploads\/2025\/10\/MG_9903-scaled-2048x1366-1.webp","datePublished":"2025-10-08T19:39:11+00:00","breadcrumb":{"@id":"https:\/\/investiga.uandes.cl\/investigacion-asocia-salud-de-las-encias-con-riesgo-de-parto-prematuro\/#breadcrumb"},"inLanguage":"en-US","potentialAction":[{"@type":"ReadAction","target":["https:\/\/investiga.uandes.cl\/investigacion-asocia-salud-de-las-encias-con-riesgo-de-parto-prematuro\/"]}]},{"@type":"ImageObject","inLanguage":"en-US","@id":"https:\/\/investiga.uandes.cl\/investigacion-asocia-salud-de-las-encias-con-riesgo-de-parto-prematuro\/#primaryimage","url":"https:\/\/investiga.uandes.cl\/wp-content\/uploads\/2025\/10\/MG_9903-scaled-2048x1366-1.webp","contentUrl":"https:\/\/investiga.uandes.cl\/wp-content\/uploads\/2025\/10\/MG_9903-scaled-2048x1366-1.webp","width":2048,"height":1366},{"@type":"BreadcrumbList","@id":"https:\/\/investiga.uandes.cl\/investigacion-asocia-salud-de-las-encias-con-riesgo-de-parto-prematuro\/#breadcrumb","itemListElement":[{"@type":"ListItem","position":1,"name":"Portada","item":"https:\/\/investiga.uandes.cl\/"},{"@type":"ListItem","position":2,"name":"Investigaci\u00f3n asocia salud de las enc\u00edas con riesgo de parto prematuro"}]},{"@type":"WebSite","@id":"https:\/\/investiga.uandes.cl\/#website","url":"https:\/\/investiga.uandes.cl\/","name":"Investiga UANDES","description":"Investigaci\u00f3n, Universidad de los Andes","publisher":{"@id":"https:\/\/investiga.uandes.cl\/#organization"},"potentialAction":[{"@type":"SearchAction","target":{"@type":"EntryPoint","urlTemplate":"https:\/\/investiga.uandes.cl\/?s={search_term_string}"},"query-input":{"@type":"PropertyValueSpecification","valueRequired":true,"valueName":"search_term_string"}}],"inLanguage":"en-US"},{"@type":"Organization","@id":"https:\/\/investiga.uandes.cl\/#organization","name":"Investiga UANDES","url":"https:\/\/investiga.uandes.cl\/","logo":{"@type":"ImageObject","inLanguage":"en-US","@id":"https:\/\/investiga.uandes.cl\/#\/schema\/logo\/image\/","url":"https:\/\/investiga.uandes.cl\/wp-content\/uploads\/2025\/03\/investiga_uandes.jpg","contentUrl":"https:\/\/investiga.uandes.cl\/wp-content\/uploads\/2025\/03\/investiga_uandes.jpg","width":2000,"height":771,"caption":"Investiga UANDES"},"image":{"@id":"https:\/\/investiga.uandes.cl\/#\/schema\/logo\/image\/"}},{"@type":"Person","@id":"https:\/\/investiga.uandes.cl\/#\/schema\/person\/6c8d7a572eb7c1d6fd4b60c06f45f489","name":"Lucas Bizzarri","url":"https:\/\/investiga.uandes.cl\/en\/author\/lbizzarri\/"}]}},"_links":{"self":[{"href":"https:\/\/investiga.uandes.cl\/en\/wp-json\/wp\/v2\/posts\/6599","targetHints":{"allow":["GET"]}}],"collection":[{"href":"https:\/\/investiga.uandes.cl\/en\/wp-json\/wp\/v2\/posts"}],"about":[{"href":"https:\/\/investiga.uandes.cl\/en\/wp-json\/wp\/v2\/types\/post"}],"author":[{"embeddable":true,"href":"https:\/\/investiga.uandes.cl\/en\/wp-json\/wp\/v2\/users\/4"}],"replies":[{"embeddable":true,"href":"https:\/\/investiga.uandes.cl\/en\/wp-json\/wp\/v2\/comments?post=6599"}],"version-history":[{"count":2,"href":"https:\/\/investiga.uandes.cl\/en\/wp-json\/wp\/v2\/posts\/6599\/revisions"}],"predecessor-version":[{"id":6602,"href":"https:\/\/investiga.uandes.cl\/en\/wp-json\/wp\/v2\/posts\/6599\/revisions\/6602"}],"wp:featuredmedia":[{"embeddable":true,"href":"https:\/\/investiga.uandes.cl\/en\/wp-json\/wp\/v2\/media\/6600"}],"wp:attachment":[{"href":"https:\/\/investiga.uandes.cl\/en\/wp-json\/wp\/v2\/media?parent=6599"}],"wp:term":[{"taxonomy":"category","embeddable":true,"href":"https:\/\/investiga.uandes.cl\/en\/wp-json\/wp\/v2\/categories?post=6599"},{"taxonomy":"post_tag","embeddable":true,"href":"https:\/\/investiga.uandes.cl\/en\/wp-json\/wp\/v2\/tags?post=6599"}],"curies":[{"name":"wp","href":"https:\/\/api.w.org\/{rel}","templated":true}]}}