{"id":6102,"date":"2025-07-30T14:01:14","date_gmt":"2025-07-30T17:01:14","guid":{"rendered":"https:\/\/investiga.uandes.cl\/?p=6102"},"modified":"2025-08-01T14:02:54","modified_gmt":"2025-08-01T17:02:54","slug":"uandes-researcher-develops-protein-and-probiotic-vegetable-drink-from-chilean-grains","status":"publish","type":"post","link":"https:\/\/investiga.uandes.cl\/en\/uandes-researcher-develops-protein-and-probiotic-vegetable-drink-from-chilean-grains\/","title":{"rendered":"UANDES researcher develops probiotic vegetable protein drink from Chilean grains"},"content":{"rendered":"<p>For two years, a team led by Ingrid Contardo, a researcher at the UANDES School of Medicine, together with Wendy Franco, a researcher at the Pontificia Universidad Cat\u00f3lica de Chile, and with the collaboration of researchers from various institutions, developed a fermented plant-based beverage with functional properties, based on local raw materials such as quinoa from Cahuil and Chilean chickpeas.<\/p>\n\n\n\n<p>The prototype, designed to meet the demands of consumers with intolerances, those following vegetarian diets, and those concerned about the environmental impact of the dairy industry, was able to combine high protein content (higher than 2.5%), presence of essential amino acids, good sensory acceptability, and probiotic characteristics, thanks to the incorporation of viable lactic acid bacteria.<\/p>\n\n\n\n<p>Ingrid Contardo, a researcher at the UANDES School of Medicine, stated: \"<strong>the current supply of plant-based beverages is not covering relevant nutritional aspects such as protein quality, since this concept involves both the amount of protein as well as its digestibility and amino acid profile provided, therefore, with this development, we seek to expand the range of plant-based food options that ensure higher quality proteins for consumers, functional foods that impact both on nutrition and the health of those who consume them.<\/strong>\"\u00a0\u00a0<\/p>\n\n\n\n<p>The project also contributed to the development of advanced human capital, with undergraduate and graduate theses, and a solid scientific output, including Q1 publications and presentations at international conferences<\/p>\n\n\n\n<p>This initiative was made possible thanks to funding from ANID's FONDEF program, and the joint work of the BiopREL and Fermented Foods laboratories, with the participation of students from UC and UTEM.<\/p>","protected":false},"excerpt":{"rendered":"<p>The prototype successfully combined a high protein content (higher than 2.5%), the presence of essential amino acids, good sensory acceptability, and probiotic characteristics.<\/p>","protected":false},"author":4,"featured_media":4422,"comment_status":"closed","ping_status":"closed","sticky":false,"template":"","format":"standard","meta":{"inline_featured_image":false,"footnotes":""},"categories":[3],"tags":[],"class_list":["post-6102","post","type-post","status-publish","format-standard","has-post-thumbnail","hentry","category-salud"],"yoast_head":"<!-- This site is optimized with the Yoast SEO plugin v24.7 - https:\/\/yoast.com\/wordpress\/plugins\/seo\/ -->\n<title>Investigadora UANDES desarrolla bebida vegetal proteica y probi\u00f3tica a partir de granos chilenos - Investiga UANDES<\/title>\n<meta name=\"robots\" content=\"index, follow, max-snippet:-1, max-image-preview:large, max-video-preview:-1\" \/>\n<link rel=\"canonical\" href=\"https:\/\/investiga.uandes.cl\/en\/uandes-researcher-develops-protein-and-probiotic-vegetable-drink-from-chilean-grains\/\" \/>\n<meta property=\"og:locale\" content=\"en_US\" \/>\n<meta property=\"og:type\" content=\"article\" \/>\n<meta property=\"og:title\" content=\"Investigadora UANDES desarrolla bebida vegetal proteica y probi\u00f3tica a partir de granos chilenos - Investiga UANDES\" \/>\n<meta property=\"og:description\" content=\"El prototipo logr\u00f3 combinar alto contenido proteico (superior a 2.5%), presencia de amino\u00e1cidos esenciales, buena aceptabilidad sensorial y car\u00e1cter probi\u00f3tico.\" \/>\n<meta property=\"og:url\" content=\"https:\/\/investiga.uandes.cl\/en\/uandes-researcher-develops-protein-and-probiotic-vegetable-drink-from-chilean-grains\/\" \/>\n<meta property=\"og:site_name\" content=\"Investiga UANDES\" \/>\n<meta property=\"article:published_time\" content=\"2025-07-30T17:01:14+00:00\" \/>\n<meta property=\"article:modified_time\" content=\"2025-08-01T17:02:54+00:00\" \/>\n<meta property=\"og:image\" content=\"https:\/\/investiga.uandes.cl\/wp-content\/uploads\/2025\/02\/Ingrid-Contardo-scaled.jpg\" \/>\n\t<meta property=\"og:image:width\" content=\"2560\" \/>\n\t<meta property=\"og:image:height\" content=\"1707\" \/>\n\t<meta property=\"og:image:type\" content=\"image\/jpeg\" \/>\n<meta name=\"author\" content=\"Lucas Bizzarri\" \/>\n<meta name=\"twitter:card\" content=\"summary_large_image\" \/>\n<meta name=\"twitter:label1\" content=\"Written by\" \/>\n\t<meta name=\"twitter:data1\" content=\"Lucas Bizzarri\" \/>\n\t<meta name=\"twitter:label2\" content=\"Est. reading time\" \/>\n\t<meta name=\"twitter:data2\" content=\"2 minutes\" \/>\n<script type=\"application\/ld+json\" class=\"yoast-schema-graph\">{\"@context\":\"https:\/\/schema.org\",\"@graph\":[{\"@type\":\"Article\",\"@id\":\"https:\/\/investiga.uandes.cl\/investigadora-uandes-desarrolla-bebida-vegetal-proteica-y-probiotica-a-partir-de-granos-chilenos\/#article\",\"isPartOf\":{\"@id\":\"https:\/\/investiga.uandes.cl\/investigadora-uandes-desarrolla-bebida-vegetal-proteica-y-probiotica-a-partir-de-granos-chilenos\/\"},\"author\":{\"name\":\"Lucas Bizzarri\",\"@id\":\"https:\/\/investiga.uandes.cl\/#\/schema\/person\/6c8d7a572eb7c1d6fd4b60c06f45f489\"},\"headline\":\"Investigadora UANDES desarrolla bebida vegetal proteica y probi\u00f3tica a partir de granos chilenos\",\"datePublished\":\"2025-07-30T17:01:14+00:00\",\"dateModified\":\"2025-08-01T17:02:54+00:00\",\"mainEntityOfPage\":{\"@id\":\"https:\/\/investiga.uandes.cl\/investigadora-uandes-desarrolla-bebida-vegetal-proteica-y-probiotica-a-partir-de-granos-chilenos\/\"},\"wordCount\":308,\"publisher\":{\"@id\":\"https:\/\/investiga.uandes.cl\/#organization\"},\"image\":{\"@id\":\"https:\/\/investiga.uandes.cl\/investigadora-uandes-desarrolla-bebida-vegetal-proteica-y-probiotica-a-partir-de-granos-chilenos\/#primaryimage\"},\"thumbnailUrl\":\"https:\/\/investiga.uandes.cl\/wp-content\/uploads\/2025\/02\/Ingrid-Contardo-scaled.jpg\",\"articleSection\":[\"Salud\"],\"inLanguage\":\"en-US\"},{\"@type\":\"WebPage\",\"@id\":\"https:\/\/investiga.uandes.cl\/investigadora-uandes-desarrolla-bebida-vegetal-proteica-y-probiotica-a-partir-de-granos-chilenos\/\",\"url\":\"https:\/\/investiga.uandes.cl\/investigadora-uandes-desarrolla-bebida-vegetal-proteica-y-probiotica-a-partir-de-granos-chilenos\/\",\"name\":\"Investigadora UANDES desarrolla bebida vegetal proteica y probi\u00f3tica a partir de granos chilenos - Investiga UANDES\",\"isPartOf\":{\"@id\":\"https:\/\/investiga.uandes.cl\/#website\"},\"primaryImageOfPage\":{\"@id\":\"https:\/\/investiga.uandes.cl\/investigadora-uandes-desarrolla-bebida-vegetal-proteica-y-probiotica-a-partir-de-granos-chilenos\/#primaryimage\"},\"image\":{\"@id\":\"https:\/\/investiga.uandes.cl\/investigadora-uandes-desarrolla-bebida-vegetal-proteica-y-probiotica-a-partir-de-granos-chilenos\/#primaryimage\"},\"thumbnailUrl\":\"https:\/\/investiga.uandes.cl\/wp-content\/uploads\/2025\/02\/Ingrid-Contardo-scaled.jpg\",\"datePublished\":\"2025-07-30T17:01:14+00:00\",\"dateModified\":\"2025-08-01T17:02:54+00:00\",\"breadcrumb\":{\"@id\":\"https:\/\/investiga.uandes.cl\/investigadora-uandes-desarrolla-bebida-vegetal-proteica-y-probiotica-a-partir-de-granos-chilenos\/#breadcrumb\"},\"inLanguage\":\"en-US\",\"potentialAction\":[{\"@type\":\"ReadAction\",\"target\":[\"https:\/\/investiga.uandes.cl\/investigadora-uandes-desarrolla-bebida-vegetal-proteica-y-probiotica-a-partir-de-granos-chilenos\/\"]}]},{\"@type\":\"ImageObject\",\"inLanguage\":\"en-US\",\"@id\":\"https:\/\/investiga.uandes.cl\/investigadora-uandes-desarrolla-bebida-vegetal-proteica-y-probiotica-a-partir-de-granos-chilenos\/#primaryimage\",\"url\":\"https:\/\/investiga.uandes.cl\/wp-content\/uploads\/2025\/02\/Ingrid-Contardo-scaled.jpg\",\"contentUrl\":\"https:\/\/investiga.uandes.cl\/wp-content\/uploads\/2025\/02\/Ingrid-Contardo-scaled.jpg\",\"width\":2560,\"height\":1707},{\"@type\":\"BreadcrumbList\",\"@id\":\"https:\/\/investiga.uandes.cl\/investigadora-uandes-desarrolla-bebida-vegetal-proteica-y-probiotica-a-partir-de-granos-chilenos\/#breadcrumb\",\"itemListElement\":[{\"@type\":\"ListItem\",\"position\":1,\"name\":\"Portada\",\"item\":\"https:\/\/investiga.uandes.cl\/\"},{\"@type\":\"ListItem\",\"position\":2,\"name\":\"Investigadora UANDES desarrolla bebida vegetal proteica y probi\u00f3tica a partir de granos chilenos\"}]},{\"@type\":\"WebSite\",\"@id\":\"https:\/\/investiga.uandes.cl\/#website\",\"url\":\"https:\/\/investiga.uandes.cl\/\",\"name\":\"Investiga UANDES\",\"description\":\"Investigaci\u00f3n, Universidad de los Andes\",\"publisher\":{\"@id\":\"https:\/\/investiga.uandes.cl\/#organization\"},\"potentialAction\":[{\"@type\":\"SearchAction\",\"target\":{\"@type\":\"EntryPoint\",\"urlTemplate\":\"https:\/\/investiga.uandes.cl\/?s={search_term_string}\"},\"query-input\":{\"@type\":\"PropertyValueSpecification\",\"valueRequired\":true,\"valueName\":\"search_term_string\"}}],\"inLanguage\":\"en-US\"},{\"@type\":\"Organization\",\"@id\":\"https:\/\/investiga.uandes.cl\/#organization\",\"name\":\"Investiga UANDES\",\"url\":\"https:\/\/investiga.uandes.cl\/\",\"logo\":{\"@type\":\"ImageObject\",\"inLanguage\":\"en-US\",\"@id\":\"https:\/\/investiga.uandes.cl\/#\/schema\/logo\/image\/\",\"url\":\"https:\/\/investiga.uandes.cl\/wp-content\/uploads\/2025\/03\/investiga_uandes.jpg\",\"contentUrl\":\"https:\/\/investiga.uandes.cl\/wp-content\/uploads\/2025\/03\/investiga_uandes.jpg\",\"width\":2000,\"height\":771,\"caption\":\"Investiga UANDES\"},\"image\":{\"@id\":\"https:\/\/investiga.uandes.cl\/#\/schema\/logo\/image\/\"}},{\"@type\":\"Person\",\"@id\":\"https:\/\/investiga.uandes.cl\/#\/schema\/person\/6c8d7a572eb7c1d6fd4b60c06f45f489\",\"name\":\"Lucas Bizzarri\",\"url\":\"https:\/\/investiga.uandes.cl\/en\/author\/lbizzarri\/\"}]}<\/script>\n<!-- \/ Yoast SEO plugin. -->","yoast_head_json":{"title":"Investigadora UANDES desarrolla bebida vegetal proteica y probi\u00f3tica a partir de granos chilenos - Investiga UANDES","robots":{"index":"index","follow":"follow","max-snippet":"max-snippet:-1","max-image-preview":"max-image-preview:large","max-video-preview":"max-video-preview:-1"},"canonical":"https:\/\/investiga.uandes.cl\/en\/uandes-researcher-develops-protein-and-probiotic-vegetable-drink-from-chilean-grains\/","og_locale":"en_US","og_type":"article","og_title":"Investigadora UANDES desarrolla bebida vegetal proteica y probi\u00f3tica a partir de granos chilenos - Investiga UANDES","og_description":"El prototipo logr\u00f3 combinar alto contenido proteico (superior a 2.5%), presencia de amino\u00e1cidos esenciales, buena aceptabilidad sensorial y car\u00e1cter probi\u00f3tico.","og_url":"https:\/\/investiga.uandes.cl\/en\/uandes-researcher-develops-protein-and-probiotic-vegetable-drink-from-chilean-grains\/","og_site_name":"Investiga UANDES","article_published_time":"2025-07-30T17:01:14+00:00","article_modified_time":"2025-08-01T17:02:54+00:00","og_image":[{"width":2560,"height":1707,"url":"https:\/\/investiga.uandes.cl\/wp-content\/uploads\/2025\/02\/Ingrid-Contardo-scaled.jpg","type":"image\/jpeg"}],"author":"Lucas Bizzarri","twitter_card":"summary_large_image","twitter_misc":{"Written by":"Lucas Bizzarri","Est. reading time":"2 minutes"},"schema":{"@context":"https:\/\/schema.org","@graph":[{"@type":"Article","@id":"https:\/\/investiga.uandes.cl\/investigadora-uandes-desarrolla-bebida-vegetal-proteica-y-probiotica-a-partir-de-granos-chilenos\/#article","isPartOf":{"@id":"https:\/\/investiga.uandes.cl\/investigadora-uandes-desarrolla-bebida-vegetal-proteica-y-probiotica-a-partir-de-granos-chilenos\/"},"author":{"name":"Lucas Bizzarri","@id":"https:\/\/investiga.uandes.cl\/#\/schema\/person\/6c8d7a572eb7c1d6fd4b60c06f45f489"},"headline":"Investigadora UANDES desarrolla bebida vegetal proteica y probi\u00f3tica a partir de granos chilenos","datePublished":"2025-07-30T17:01:14+00:00","dateModified":"2025-08-01T17:02:54+00:00","mainEntityOfPage":{"@id":"https:\/\/investiga.uandes.cl\/investigadora-uandes-desarrolla-bebida-vegetal-proteica-y-probiotica-a-partir-de-granos-chilenos\/"},"wordCount":308,"publisher":{"@id":"https:\/\/investiga.uandes.cl\/#organization"},"image":{"@id":"https:\/\/investiga.uandes.cl\/investigadora-uandes-desarrolla-bebida-vegetal-proteica-y-probiotica-a-partir-de-granos-chilenos\/#primaryimage"},"thumbnailUrl":"https:\/\/investiga.uandes.cl\/wp-content\/uploads\/2025\/02\/Ingrid-Contardo-scaled.jpg","articleSection":["Salud"],"inLanguage":"en-US"},{"@type":"WebPage","@id":"https:\/\/investiga.uandes.cl\/investigadora-uandes-desarrolla-bebida-vegetal-proteica-y-probiotica-a-partir-de-granos-chilenos\/","url":"https:\/\/investiga.uandes.cl\/investigadora-uandes-desarrolla-bebida-vegetal-proteica-y-probiotica-a-partir-de-granos-chilenos\/","name":"Investigadora UANDES desarrolla bebida vegetal proteica y probi\u00f3tica a partir de granos chilenos - Investiga UANDES","isPartOf":{"@id":"https:\/\/investiga.uandes.cl\/#website"},"primaryImageOfPage":{"@id":"https:\/\/investiga.uandes.cl\/investigadora-uandes-desarrolla-bebida-vegetal-proteica-y-probiotica-a-partir-de-granos-chilenos\/#primaryimage"},"image":{"@id":"https:\/\/investiga.uandes.cl\/investigadora-uandes-desarrolla-bebida-vegetal-proteica-y-probiotica-a-partir-de-granos-chilenos\/#primaryimage"},"thumbnailUrl":"https:\/\/investiga.uandes.cl\/wp-content\/uploads\/2025\/02\/Ingrid-Contardo-scaled.jpg","datePublished":"2025-07-30T17:01:14+00:00","dateModified":"2025-08-01T17:02:54+00:00","breadcrumb":{"@id":"https:\/\/investiga.uandes.cl\/investigadora-uandes-desarrolla-bebida-vegetal-proteica-y-probiotica-a-partir-de-granos-chilenos\/#breadcrumb"},"inLanguage":"en-US","potentialAction":[{"@type":"ReadAction","target":["https:\/\/investiga.uandes.cl\/investigadora-uandes-desarrolla-bebida-vegetal-proteica-y-probiotica-a-partir-de-granos-chilenos\/"]}]},{"@type":"ImageObject","inLanguage":"en-US","@id":"https:\/\/investiga.uandes.cl\/investigadora-uandes-desarrolla-bebida-vegetal-proteica-y-probiotica-a-partir-de-granos-chilenos\/#primaryimage","url":"https:\/\/investiga.uandes.cl\/wp-content\/uploads\/2025\/02\/Ingrid-Contardo-scaled.jpg","contentUrl":"https:\/\/investiga.uandes.cl\/wp-content\/uploads\/2025\/02\/Ingrid-Contardo-scaled.jpg","width":2560,"height":1707},{"@type":"BreadcrumbList","@id":"https:\/\/investiga.uandes.cl\/investigadora-uandes-desarrolla-bebida-vegetal-proteica-y-probiotica-a-partir-de-granos-chilenos\/#breadcrumb","itemListElement":[{"@type":"ListItem","position":1,"name":"Portada","item":"https:\/\/investiga.uandes.cl\/"},{"@type":"ListItem","position":2,"name":"Investigadora UANDES desarrolla bebida vegetal proteica y probi\u00f3tica a partir de granos chilenos"}]},{"@type":"WebSite","@id":"https:\/\/investiga.uandes.cl\/#website","url":"https:\/\/investiga.uandes.cl\/","name":"Investiga UANDES","description":"Investigaci\u00f3n, Universidad de los Andes","publisher":{"@id":"https:\/\/investiga.uandes.cl\/#organization"},"potentialAction":[{"@type":"SearchAction","target":{"@type":"EntryPoint","urlTemplate":"https:\/\/investiga.uandes.cl\/?s={search_term_string}"},"query-input":{"@type":"PropertyValueSpecification","valueRequired":true,"valueName":"search_term_string"}}],"inLanguage":"en-US"},{"@type":"Organization","@id":"https:\/\/investiga.uandes.cl\/#organization","name":"Investiga UANDES","url":"https:\/\/investiga.uandes.cl\/","logo":{"@type":"ImageObject","inLanguage":"en-US","@id":"https:\/\/investiga.uandes.cl\/#\/schema\/logo\/image\/","url":"https:\/\/investiga.uandes.cl\/wp-content\/uploads\/2025\/03\/investiga_uandes.jpg","contentUrl":"https:\/\/investiga.uandes.cl\/wp-content\/uploads\/2025\/03\/investiga_uandes.jpg","width":2000,"height":771,"caption":"Investiga UANDES"},"image":{"@id":"https:\/\/investiga.uandes.cl\/#\/schema\/logo\/image\/"}},{"@type":"Person","@id":"https:\/\/investiga.uandes.cl\/#\/schema\/person\/6c8d7a572eb7c1d6fd4b60c06f45f489","name":"Lucas Bizzarri","url":"https:\/\/investiga.uandes.cl\/en\/author\/lbizzarri\/"}]}},"_links":{"self":[{"href":"https:\/\/investiga.uandes.cl\/en\/wp-json\/wp\/v2\/posts\/6102","targetHints":{"allow":["GET"]}}],"collection":[{"href":"https:\/\/investiga.uandes.cl\/en\/wp-json\/wp\/v2\/posts"}],"about":[{"href":"https:\/\/investiga.uandes.cl\/en\/wp-json\/wp\/v2\/types\/post"}],"author":[{"embeddable":true,"href":"https:\/\/investiga.uandes.cl\/en\/wp-json\/wp\/v2\/users\/4"}],"replies":[{"embeddable":true,"href":"https:\/\/investiga.uandes.cl\/en\/wp-json\/wp\/v2\/comments?post=6102"}],"version-history":[{"count":2,"href":"https:\/\/investiga.uandes.cl\/en\/wp-json\/wp\/v2\/posts\/6102\/revisions"}],"predecessor-version":[{"id":6104,"href":"https:\/\/investiga.uandes.cl\/en\/wp-json\/wp\/v2\/posts\/6102\/revisions\/6104"}],"wp:featuredmedia":[{"embeddable":true,"href":"https:\/\/investiga.uandes.cl\/en\/wp-json\/wp\/v2\/media\/4422"}],"wp:attachment":[{"href":"https:\/\/investiga.uandes.cl\/en\/wp-json\/wp\/v2\/media?parent=6102"}],"wp:term":[{"taxonomy":"category","embeddable":true,"href":"https:\/\/investiga.uandes.cl\/en\/wp-json\/wp\/v2\/categories?post=6102"},{"taxonomy":"post_tag","embeddable":true,"href":"https:\/\/investiga.uandes.cl\/en\/wp-json\/wp\/v2\/tags?post=6102"}],"curies":[{"name":"wp","href":"https:\/\/api.w.org\/{rel}","templated":true}]}}