{"id":6089,"date":"2025-07-30T13:50:19","date_gmt":"2025-07-30T16:50:19","guid":{"rendered":"https:\/\/investiga.uandes.cl\/?p=6089"},"modified":"2025-07-30T14:04:01","modified_gmt":"2025-07-30T17:04:01","slug":"research-seeks-to-prematurely-predict-fetal-growth-retardation","status":"publish","type":"post","link":"https:\/\/investiga.uandes.cl\/en\/research-seeks-to-prematurely-predict-fetal-growth-retardation\/","title":{"rendered":"Research seeks to prematurely predict fetal growth retardation"},"content":{"rendered":"<p>Dr. Sebasti\u00e1n Illanes, an academic from the School of Medicine, will lead an innovative study focused on non-coding RNAs and their potential use in the diagnosis of late fetal growth restriction. The research is supported by the biotechnology company Pregn\u00f3stica SpA.<\/p>\n\n\n\n<p>The project, made possible by funding from the the IDeA R&amp;D 2025 competition, \"<strong>seeks to develop a tool to predict, at a specific time during pregnancy, which babies are not growing properly due to placental malfunction. This methodology would offer greater accuracy than current techniques, enabling close monitoring and planned delivery to prevent complications,<\/strong>\" comments Dr. Illanes.<\/p>\n\n\n\n<p>The Reproductive Biology Laboratory team will participate in the study, together with members of the University's Department of Obstetrics and Gynecology. Patient recruitment will be carried out at the Universidad de los Andes Clinic, while some blood tests will be performed in conjunction with the National University of Singapore.<\/p>","protected":false},"excerpt":{"rendered":"<p>This innovation would offer greater precision than current techniques, enabling intensive surveillance and programmed delivery to prevent complications.<\/p>","protected":false},"author":4,"featured_media":6090,"comment_status":"closed","ping_status":"closed","sticky":false,"template":"","format":"standard","meta":{"inline_featured_image":false,"footnotes":""},"categories":[3],"tags":[],"class_list":["post-6089","post","type-post","status-publish","format-standard","has-post-thumbnail","hentry","category-salud"],"yoast_head":"<!-- This site is optimized with the Yoast SEO plugin v24.7 - https:\/\/yoast.com\/wordpress\/plugins\/seo\/ -->\n<title>Investigaci\u00f3n busca predecir prematuramente el retardo del crecimiento fetal - Investiga UANDES<\/title>\n<meta name=\"robots\" content=\"index, follow, max-snippet:-1, max-image-preview:large, max-video-preview:-1\" \/>\n<link rel=\"canonical\" href=\"https:\/\/investiga.uandes.cl\/en\/research-seeks-to-prematurely-predict-fetal-growth-retardation\/\" \/>\n<meta property=\"og:locale\" content=\"en_US\" \/>\n<meta property=\"og:type\" content=\"article\" \/>\n<meta property=\"og:title\" content=\"Investigaci\u00f3n busca predecir prematuramente el retardo del crecimiento fetal - Investiga UANDES\" \/>\n<meta property=\"og:description\" content=\"Esta innovaci\u00f3n ofrecer\u00eda una mayor precisi\u00f3n que las t\u00e9cnicas actuales, posibilitando una vigilancia intensiva y la interrupci\u00f3n programada del embarazo para prevenir complicaciones.\" \/>\n<meta property=\"og:url\" content=\"https:\/\/investiga.uandes.cl\/en\/research-seeks-to-prematurely-predict-fetal-growth-retardation\/\" \/>\n<meta property=\"og:site_name\" content=\"Investiga UANDES\" \/>\n<meta property=\"article:published_time\" content=\"2025-07-30T16:50:19+00:00\" \/>\n<meta property=\"article:modified_time\" content=\"2025-07-30T17:04:01+00:00\" \/>\n<meta property=\"og:image\" content=\"https:\/\/investiga.uandes.cl\/wp-content\/uploads\/2025\/07\/MG_9389-scaled-2048x1366-1.webp\" \/>\n\t<meta property=\"og:image:width\" content=\"2048\" \/>\n\t<meta property=\"og:image:height\" content=\"1366\" \/>\n\t<meta property=\"og:image:type\" content=\"image\/webp\" \/>\n<meta name=\"author\" content=\"Lucas Bizzarri\" \/>\n<meta name=\"twitter:card\" content=\"summary_large_image\" \/>\n<meta name=\"twitter:label1\" content=\"Written by\" \/>\n\t<meta name=\"twitter:data1\" content=\"Lucas Bizzarri\" \/>\n\t<meta name=\"twitter:label2\" content=\"Est. reading time\" \/>\n\t<meta name=\"twitter:data2\" content=\"1 minute\" \/>\n<script type=\"application\/ld+json\" class=\"yoast-schema-graph\">{\"@context\":\"https:\/\/schema.org\",\"@graph\":[{\"@type\":\"Article\",\"@id\":\"https:\/\/investiga.uandes.cl\/investigacion-busca-predecir-prematuramente-el-retardo-del-crecimiento-fetal\/#article\",\"isPartOf\":{\"@id\":\"https:\/\/investiga.uandes.cl\/investigacion-busca-predecir-prematuramente-el-retardo-del-crecimiento-fetal\/\"},\"author\":{\"name\":\"Lucas Bizzarri\",\"@id\":\"https:\/\/investiga.uandes.cl\/#\/schema\/person\/6c8d7a572eb7c1d6fd4b60c06f45f489\"},\"headline\":\"Investigaci\u00f3n busca predecir prematuramente el retardo del crecimiento fetal\",\"datePublished\":\"2025-07-30T16:50:19+00:00\",\"dateModified\":\"2025-07-30T17:04:01+00:00\",\"mainEntityOfPage\":{\"@id\":\"https:\/\/investiga.uandes.cl\/investigacion-busca-predecir-prematuramente-el-retardo-del-crecimiento-fetal\/\"},\"wordCount\":201,\"publisher\":{\"@id\":\"https:\/\/investiga.uandes.cl\/#organization\"},\"image\":{\"@id\":\"https:\/\/investiga.uandes.cl\/investigacion-busca-predecir-prematuramente-el-retardo-del-crecimiento-fetal\/#primaryimage\"},\"thumbnailUrl\":\"https:\/\/investiga.uandes.cl\/wp-content\/uploads\/2025\/07\/MG_9389-scaled-2048x1366-1.webp\",\"articleSection\":[\"Salud\"],\"inLanguage\":\"en-US\"},{\"@type\":\"WebPage\",\"@id\":\"https:\/\/investiga.uandes.cl\/investigacion-busca-predecir-prematuramente-el-retardo-del-crecimiento-fetal\/\",\"url\":\"https:\/\/investiga.uandes.cl\/investigacion-busca-predecir-prematuramente-el-retardo-del-crecimiento-fetal\/\",\"name\":\"Investigaci\u00f3n busca predecir prematuramente el retardo del crecimiento fetal - Investiga UANDES\",\"isPartOf\":{\"@id\":\"https:\/\/investiga.uandes.cl\/#website\"},\"primaryImageOfPage\":{\"@id\":\"https:\/\/investiga.uandes.cl\/investigacion-busca-predecir-prematuramente-el-retardo-del-crecimiento-fetal\/#primaryimage\"},\"image\":{\"@id\":\"https:\/\/investiga.uandes.cl\/investigacion-busca-predecir-prematuramente-el-retardo-del-crecimiento-fetal\/#primaryimage\"},\"thumbnailUrl\":\"https:\/\/investiga.uandes.cl\/wp-content\/uploads\/2025\/07\/MG_9389-scaled-2048x1366-1.webp\",\"datePublished\":\"2025-07-30T16:50:19+00:00\",\"dateModified\":\"2025-07-30T17:04:01+00:00\",\"breadcrumb\":{\"@id\":\"https:\/\/investiga.uandes.cl\/investigacion-busca-predecir-prematuramente-el-retardo-del-crecimiento-fetal\/#breadcrumb\"},\"inLanguage\":\"en-US\",\"potentialAction\":[{\"@type\":\"ReadAction\",\"target\":[\"https:\/\/investiga.uandes.cl\/investigacion-busca-predecir-prematuramente-el-retardo-del-crecimiento-fetal\/\"]}]},{\"@type\":\"ImageObject\",\"inLanguage\":\"en-US\",\"@id\":\"https:\/\/investiga.uandes.cl\/investigacion-busca-predecir-prematuramente-el-retardo-del-crecimiento-fetal\/#primaryimage\",\"url\":\"https:\/\/investiga.uandes.cl\/wp-content\/uploads\/2025\/07\/MG_9389-scaled-2048x1366-1.webp\",\"contentUrl\":\"https:\/\/investiga.uandes.cl\/wp-content\/uploads\/2025\/07\/MG_9389-scaled-2048x1366-1.webp\",\"width\":2048,\"height\":1366},{\"@type\":\"BreadcrumbList\",\"@id\":\"https:\/\/investiga.uandes.cl\/investigacion-busca-predecir-prematuramente-el-retardo-del-crecimiento-fetal\/#breadcrumb\",\"itemListElement\":[{\"@type\":\"ListItem\",\"position\":1,\"name\":\"Portada\",\"item\":\"https:\/\/investiga.uandes.cl\/\"},{\"@type\":\"ListItem\",\"position\":2,\"name\":\"Investigaci\u00f3n busca predecir prematuramente el retardo del crecimiento fetal\"}]},{\"@type\":\"WebSite\",\"@id\":\"https:\/\/investiga.uandes.cl\/#website\",\"url\":\"https:\/\/investiga.uandes.cl\/\",\"name\":\"Investiga UANDES\",\"description\":\"Investigaci\u00f3n, Universidad de los Andes\",\"publisher\":{\"@id\":\"https:\/\/investiga.uandes.cl\/#organization\"},\"potentialAction\":[{\"@type\":\"SearchAction\",\"target\":{\"@type\":\"EntryPoint\",\"urlTemplate\":\"https:\/\/investiga.uandes.cl\/?s={search_term_string}\"},\"query-input\":{\"@type\":\"PropertyValueSpecification\",\"valueRequired\":true,\"valueName\":\"search_term_string\"}}],\"inLanguage\":\"en-US\"},{\"@type\":\"Organization\",\"@id\":\"https:\/\/investiga.uandes.cl\/#organization\",\"name\":\"Investiga UANDES\",\"url\":\"https:\/\/investiga.uandes.cl\/\",\"logo\":{\"@type\":\"ImageObject\",\"inLanguage\":\"en-US\",\"@id\":\"https:\/\/investiga.uandes.cl\/#\/schema\/logo\/image\/\",\"url\":\"https:\/\/investiga.uandes.cl\/wp-content\/uploads\/2025\/03\/investiga_uandes.jpg\",\"contentUrl\":\"https:\/\/investiga.uandes.cl\/wp-content\/uploads\/2025\/03\/investiga_uandes.jpg\",\"width\":2000,\"height\":771,\"caption\":\"Investiga UANDES\"},\"image\":{\"@id\":\"https:\/\/investiga.uandes.cl\/#\/schema\/logo\/image\/\"}},{\"@type\":\"Person\",\"@id\":\"https:\/\/investiga.uandes.cl\/#\/schema\/person\/6c8d7a572eb7c1d6fd4b60c06f45f489\",\"name\":\"Lucas Bizzarri\",\"url\":\"https:\/\/investiga.uandes.cl\/en\/author\/lbizzarri\/\"}]}<\/script>\n<!-- \/ Yoast SEO plugin. -->","yoast_head_json":{"title":"Investigaci\u00f3n busca predecir prematuramente el retardo del crecimiento fetal - Investiga UANDES","robots":{"index":"index","follow":"follow","max-snippet":"max-snippet:-1","max-image-preview":"max-image-preview:large","max-video-preview":"max-video-preview:-1"},"canonical":"https:\/\/investiga.uandes.cl\/en\/research-seeks-to-prematurely-predict-fetal-growth-retardation\/","og_locale":"en_US","og_type":"article","og_title":"Investigaci\u00f3n busca predecir prematuramente el retardo del crecimiento fetal - Investiga UANDES","og_description":"Esta innovaci\u00f3n ofrecer\u00eda una mayor precisi\u00f3n que las t\u00e9cnicas actuales, posibilitando una vigilancia intensiva y la interrupci\u00f3n programada del embarazo para prevenir complicaciones.","og_url":"https:\/\/investiga.uandes.cl\/en\/research-seeks-to-prematurely-predict-fetal-growth-retardation\/","og_site_name":"Investiga UANDES","article_published_time":"2025-07-30T16:50:19+00:00","article_modified_time":"2025-07-30T17:04:01+00:00","og_image":[{"width":2048,"height":1366,"url":"https:\/\/investiga.uandes.cl\/wp-content\/uploads\/2025\/07\/MG_9389-scaled-2048x1366-1.webp","type":"image\/webp"}],"author":"Lucas Bizzarri","twitter_card":"summary_large_image","twitter_misc":{"Written by":"Lucas Bizzarri","Est. reading time":"1 minute"},"schema":{"@context":"https:\/\/schema.org","@graph":[{"@type":"Article","@id":"https:\/\/investiga.uandes.cl\/investigacion-busca-predecir-prematuramente-el-retardo-del-crecimiento-fetal\/#article","isPartOf":{"@id":"https:\/\/investiga.uandes.cl\/investigacion-busca-predecir-prematuramente-el-retardo-del-crecimiento-fetal\/"},"author":{"name":"Lucas Bizzarri","@id":"https:\/\/investiga.uandes.cl\/#\/schema\/person\/6c8d7a572eb7c1d6fd4b60c06f45f489"},"headline":"Investigaci\u00f3n busca predecir prematuramente el retardo del crecimiento fetal","datePublished":"2025-07-30T16:50:19+00:00","dateModified":"2025-07-30T17:04:01+00:00","mainEntityOfPage":{"@id":"https:\/\/investiga.uandes.cl\/investigacion-busca-predecir-prematuramente-el-retardo-del-crecimiento-fetal\/"},"wordCount":201,"publisher":{"@id":"https:\/\/investiga.uandes.cl\/#organization"},"image":{"@id":"https:\/\/investiga.uandes.cl\/investigacion-busca-predecir-prematuramente-el-retardo-del-crecimiento-fetal\/#primaryimage"},"thumbnailUrl":"https:\/\/investiga.uandes.cl\/wp-content\/uploads\/2025\/07\/MG_9389-scaled-2048x1366-1.webp","articleSection":["Salud"],"inLanguage":"en-US"},{"@type":"WebPage","@id":"https:\/\/investiga.uandes.cl\/investigacion-busca-predecir-prematuramente-el-retardo-del-crecimiento-fetal\/","url":"https:\/\/investiga.uandes.cl\/investigacion-busca-predecir-prematuramente-el-retardo-del-crecimiento-fetal\/","name":"Investigaci\u00f3n busca predecir prematuramente el retardo del crecimiento fetal - Investiga UANDES","isPartOf":{"@id":"https:\/\/investiga.uandes.cl\/#website"},"primaryImageOfPage":{"@id":"https:\/\/investiga.uandes.cl\/investigacion-busca-predecir-prematuramente-el-retardo-del-crecimiento-fetal\/#primaryimage"},"image":{"@id":"https:\/\/investiga.uandes.cl\/investigacion-busca-predecir-prematuramente-el-retardo-del-crecimiento-fetal\/#primaryimage"},"thumbnailUrl":"https:\/\/investiga.uandes.cl\/wp-content\/uploads\/2025\/07\/MG_9389-scaled-2048x1366-1.webp","datePublished":"2025-07-30T16:50:19+00:00","dateModified":"2025-07-30T17:04:01+00:00","breadcrumb":{"@id":"https:\/\/investiga.uandes.cl\/investigacion-busca-predecir-prematuramente-el-retardo-del-crecimiento-fetal\/#breadcrumb"},"inLanguage":"en-US","potentialAction":[{"@type":"ReadAction","target":["https:\/\/investiga.uandes.cl\/investigacion-busca-predecir-prematuramente-el-retardo-del-crecimiento-fetal\/"]}]},{"@type":"ImageObject","inLanguage":"en-US","@id":"https:\/\/investiga.uandes.cl\/investigacion-busca-predecir-prematuramente-el-retardo-del-crecimiento-fetal\/#primaryimage","url":"https:\/\/investiga.uandes.cl\/wp-content\/uploads\/2025\/07\/MG_9389-scaled-2048x1366-1.webp","contentUrl":"https:\/\/investiga.uandes.cl\/wp-content\/uploads\/2025\/07\/MG_9389-scaled-2048x1366-1.webp","width":2048,"height":1366},{"@type":"BreadcrumbList","@id":"https:\/\/investiga.uandes.cl\/investigacion-busca-predecir-prematuramente-el-retardo-del-crecimiento-fetal\/#breadcrumb","itemListElement":[{"@type":"ListItem","position":1,"name":"Portada","item":"https:\/\/investiga.uandes.cl\/"},{"@type":"ListItem","position":2,"name":"Investigaci\u00f3n busca predecir prematuramente el retardo del crecimiento fetal"}]},{"@type":"WebSite","@id":"https:\/\/investiga.uandes.cl\/#website","url":"https:\/\/investiga.uandes.cl\/","name":"Investiga UANDES","description":"Investigaci\u00f3n, Universidad de los Andes","publisher":{"@id":"https:\/\/investiga.uandes.cl\/#organization"},"potentialAction":[{"@type":"SearchAction","target":{"@type":"EntryPoint","urlTemplate":"https:\/\/investiga.uandes.cl\/?s={search_term_string}"},"query-input":{"@type":"PropertyValueSpecification","valueRequired":true,"valueName":"search_term_string"}}],"inLanguage":"en-US"},{"@type":"Organization","@id":"https:\/\/investiga.uandes.cl\/#organization","name":"Investiga UANDES","url":"https:\/\/investiga.uandes.cl\/","logo":{"@type":"ImageObject","inLanguage":"en-US","@id":"https:\/\/investiga.uandes.cl\/#\/schema\/logo\/image\/","url":"https:\/\/investiga.uandes.cl\/wp-content\/uploads\/2025\/03\/investiga_uandes.jpg","contentUrl":"https:\/\/investiga.uandes.cl\/wp-content\/uploads\/2025\/03\/investiga_uandes.jpg","width":2000,"height":771,"caption":"Investiga UANDES"},"image":{"@id":"https:\/\/investiga.uandes.cl\/#\/schema\/logo\/image\/"}},{"@type":"Person","@id":"https:\/\/investiga.uandes.cl\/#\/schema\/person\/6c8d7a572eb7c1d6fd4b60c06f45f489","name":"Lucas Bizzarri","url":"https:\/\/investiga.uandes.cl\/en\/author\/lbizzarri\/"}]}},"_links":{"self":[{"href":"https:\/\/investiga.uandes.cl\/en\/wp-json\/wp\/v2\/posts\/6089","targetHints":{"allow":["GET"]}}],"collection":[{"href":"https:\/\/investiga.uandes.cl\/en\/wp-json\/wp\/v2\/posts"}],"about":[{"href":"https:\/\/investiga.uandes.cl\/en\/wp-json\/wp\/v2\/types\/post"}],"author":[{"embeddable":true,"href":"https:\/\/investiga.uandes.cl\/en\/wp-json\/wp\/v2\/users\/4"}],"replies":[{"embeddable":true,"href":"https:\/\/investiga.uandes.cl\/en\/wp-json\/wp\/v2\/comments?post=6089"}],"version-history":[{"count":2,"href":"https:\/\/investiga.uandes.cl\/en\/wp-json\/wp\/v2\/posts\/6089\/revisions"}],"predecessor-version":[{"id":6092,"href":"https:\/\/investiga.uandes.cl\/en\/wp-json\/wp\/v2\/posts\/6089\/revisions\/6092"}],"wp:featuredmedia":[{"embeddable":true,"href":"https:\/\/investiga.uandes.cl\/en\/wp-json\/wp\/v2\/media\/6090"}],"wp:attachment":[{"href":"https:\/\/investiga.uandes.cl\/en\/wp-json\/wp\/v2\/media?parent=6089"}],"wp:term":[{"taxonomy":"category","embeddable":true,"href":"https:\/\/investiga.uandes.cl\/en\/wp-json\/wp\/v2\/categories?post=6089"},{"taxonomy":"post_tag","embeddable":true,"href":"https:\/\/investiga.uandes.cl\/en\/wp-json\/wp\/v2\/tags?post=6089"}],"curies":[{"name":"wp","href":"https:\/\/api.w.org\/{rel}","templated":true}]}}