{"id":5616,"date":"2025-05-09T12:44:30","date_gmt":"2025-05-09T15:44:30","guid":{"rendered":"https:\/\/investiga.uandes.cl\/?p=5616"},"modified":"2025-08-26T17:37:21","modified_gmt":"2025-08-26T20:37:21","slug":"tedxuandes-2025-a-day-of-ideas-that-inspire-action-and-the-future","status":"publish","type":"post","link":"https:\/\/investiga.uandes.cl\/en\/tedxuandes-2025-a-day-of-ideas-that-inspire-action-and-the-future\/","title":{"rendered":"\"Ideas are worth more when they are shared\": TEDxUANDES 2025 Kicks Off"},"content":{"rendered":"<p>TEDxUANDES 2025 brought together more than 100 attendees at Universidad de los Andes to reflect on the power of innovation as a driver of change, featuring speakers such as <strong>Maroun Khoury<\/strong>, PhD in Health and Biology, expert in gene therapy and stem cells, and director of the Impact Center; <strong>Carolina Melo, <\/strong>researcher at the School of Social Sciences, director of UANDES Library, and co-founder of \"Por un Chile que Lee\"; Andr\u00e9s Couve, biologist and neuroscientist, former Minister of Science, Technology, Knowledge and Innovation; Rosario Navarro, president of SOFOFA; and <strong><a href=\"https:\/\/investigadores.uandes.cl\/en\/persons\/anil-prem-sadarangani-khainey\/publications\/\">Anil Sadarangani<\/a><\/strong>.<\/p>\n\n\n\n<figure class=\"wp-block-image size-large is-resized\"><img loading=\"lazy\" decoding=\"async\" width=\"1024\" height=\"683\" src=\"https:\/\/investiga.uandes.cl\/wp-content\/uploads\/2025\/05\/Anil-_MG_1213-1024x683.jpg\" alt=\"\" class=\"wp-image-5904\" style=\"width:727px;height:auto\" srcset=\"https:\/\/investiga.uandes.cl\/wp-content\/uploads\/2025\/05\/Anil-_MG_1213-1024x683.jpg 1024w, https:\/\/investiga.uandes.cl\/wp-content\/uploads\/2025\/05\/Anil-_MG_1213-300x200.jpg 300w, https:\/\/investiga.uandes.cl\/wp-content\/uploads\/2025\/05\/Anil-_MG_1213-768x512.jpg 768w, https:\/\/investiga.uandes.cl\/wp-content\/uploads\/2025\/05\/Anil-_MG_1213-1536x1024.jpg 1536w, https:\/\/investiga.uandes.cl\/wp-content\/uploads\/2025\/05\/Anil-_MG_1213-2048x1365.jpg 2048w\" sizes=\"auto, (max-width: 1024px) 100vw, 1024px\" \/><\/figure>\n\n\n\n<pre class=\"wp-block-code\"><code>Anil Sadarangani, Director of Innovation at UANDES,<\/code><\/pre>\n\n\n\n<p>With the Quintuple Helix model as its axis -which integrates innovation from the public, private, academic, environmental, and civil society sectors- TEDxUANDES became an interdisciplinary meeting space where knowledge, creativity, and collaboration were projected as key tools to build a better future.<\/p>\n\n\n\n<div class=\"wp-block-columns is-layout-flex wp-container-core-columns-is-layout-9d6595d7 wp-block-columns-is-layout-flex\">\n<div class=\"wp-block-column is-layout-flow wp-block-column-is-layout-flow\" style=\"flex-basis:66.66%\">\n<p>During the day, speakers from diverse backgrounds shared personal experiences, scientific advances, and visions of the impact that ideas can have when transformed into action. Each talk was an invitation to look at the world with different eyes, to open uncomfortable conversations, and above all, to dare to imagine new solutions to today's challenges.<\/p>\n\n\n\n<p>\"<strong>This meeting was much more than a series of talks. It was a declaration of principles about the role we want to play as a University and as a community in the changes that our society needs,<\/strong>\" said Anil Sadarangani, Director of Innovation UANDES. TEDxUANDES 2025 not only opened the doors to deep reflection, but also to a collaborative network that will continue to grow. Because ideas are worth more when they are shared, TEDxUANDES was the starting point for many ideas that are already in motion.<\/p>\n<\/div>\n<\/div>\n\n\n\n<div class=\"wp-block-columns is-layout-flex wp-container-core-columns-is-layout-9d6595d7 wp-block-columns-is-layout-flex\">\n<div class=\"wp-block-column is-layout-flow wp-block-column-is-layout-flow\">\n<figure class=\"wp-block-video\"><video height=\"1920\" style=\"aspect-ratio: 1080 \/ 1920;\" width=\"1080\" controls src=\"https:\/\/investiga.uandes.cl\/wp-content\/uploads\/2025\/05\/charla_3.mp4\"><\/video><\/figure>\n<\/div>\n\n\n\n<div class=\"wp-block-column is-layout-flow wp-block-column-is-layout-flow\">\n<figure class=\"wp-block-video\"><video height=\"1920\" style=\"aspect-ratio: 1080 \/ 1920;\" width=\"1080\" controls src=\"https:\/\/investiga.uandes.cl\/wp-content\/uploads\/2025\/05\/charla_5.mp4\"><\/video><\/figure>\n<\/div>\n\n\n\n<div class=\"wp-block-column is-layout-flow wp-block-column-is-layout-flow\">\n<figure class=\"wp-block-video\"><video height=\"1920\" style=\"aspect-ratio: 1080 \/ 1920;\" width=\"1080\" controls src=\"https:\/\/investiga.uandes.cl\/wp-content\/uploads\/2025\/05\/charla_1.mp4\"><\/video><\/figure>\n<\/div>\n\n\n\n<div class=\"wp-block-column is-layout-flow wp-block-column-is-layout-flow\">\n<figure class=\"wp-block-video\"><video height=\"1920\" style=\"aspect-ratio: 1080 \/ 1920;\" width=\"1080\" controls src=\"https:\/\/investiga.uandes.cl\/wp-content\/uploads\/2025\/05\/charla_2.mp4\"><\/video><\/figure>\n<\/div>\n\n\n\n<div class=\"wp-block-column is-layout-flow wp-block-column-is-layout-flow\">\n<figure class=\"wp-block-video\"><video height=\"1920\" style=\"aspect-ratio: 1080 \/ 1920;\" width=\"1080\" controls src=\"https:\/\/investiga.uandes.cl\/wp-content\/uploads\/2025\/05\/charla_4.mp4\"><\/video><\/figure>\n<\/div>\n<\/div>","protected":false},"excerpt":{"rendered":"<p>TEDxUANDES 2025 not only opened the doors to deep reflection, but also to a collaborative network that will continue to grow. <\/p>","protected":false},"author":1,"featured_media":5617,"comment_status":"closed","ping_status":"closed","sticky":false,"template":"","format":"standard","meta":{"inline_featured_image":false,"footnotes":""},"categories":[14],"tags":[],"class_list":["post-5616","post","type-post","status-publish","format-standard","has-post-thumbnail","hentry","category-innovacion"],"yoast_head":"<!-- This site is optimized with the Yoast SEO plugin v24.7 - https:\/\/yoast.com\/wordpress\/plugins\/seo\/ -->\n<title>&quot;Las ideas valen m\u00e1s cuando se comparten&quot;, parti\u00f3 TEDxUANDES 2025 - Investiga UANDES<\/title>\n<meta name=\"robots\" content=\"index, follow, max-snippet:-1, max-image-preview:large, max-video-preview:-1\" \/>\n<link rel=\"canonical\" href=\"https:\/\/investiga.uandes.cl\/en\/tedxuandes-2025-a-day-of-ideas-that-inspire-action-and-the-future\/\" \/>\n<meta property=\"og:locale\" content=\"en_US\" \/>\n<meta property=\"og:type\" content=\"article\" \/>\n<meta property=\"og:title\" content=\"&quot;Las ideas valen m\u00e1s cuando se comparten&quot;, parti\u00f3 TEDxUANDES 2025 - Investiga UANDES\" \/>\n<meta property=\"og:description\" content=\"TEDxUANDES 2025 no solo abri\u00f3 las puertas a una reflexi\u00f3n profunda, sino tambi\u00e9n a una red de colaboraci\u00f3n que seguir\u00e1 creciendo.\" \/>\n<meta property=\"og:url\" content=\"https:\/\/investiga.uandes.cl\/en\/tedxuandes-2025-a-day-of-ideas-that-inspire-action-and-the-future\/\" \/>\n<meta property=\"og:site_name\" content=\"Investiga UANDES\" \/>\n<meta property=\"article:published_time\" content=\"2025-05-09T15:44:30+00:00\" \/>\n<meta property=\"article:modified_time\" content=\"2025-08-26T20:37:21+00:00\" \/>\n<meta property=\"og:image\" content=\"https:\/\/investiga.uandes.cl\/wp-content\/uploads\/2025\/05\/TEDxuandes-38-de-41-scaled-2048x1366-1.webp\" \/>\n\t<meta property=\"og:image:width\" content=\"2048\" \/>\n\t<meta property=\"og:image:height\" content=\"1366\" \/>\n\t<meta property=\"og:image:type\" content=\"image\/webp\" \/>\n<meta name=\"author\" content=\"Universidad de los Andes\" \/>\n<meta name=\"twitter:card\" content=\"summary_large_image\" \/>\n<meta name=\"twitter:label1\" content=\"Written by\" \/>\n\t<meta name=\"twitter:data1\" content=\"Universidad de los Andes\" \/>\n\t<meta name=\"twitter:label2\" content=\"Est. reading time\" \/>\n\t<meta name=\"twitter:data2\" content=\"2 minutes\" \/>\n<script type=\"application\/ld+json\" class=\"yoast-schema-graph\">{\"@context\":\"https:\/\/schema.org\",\"@graph\":[{\"@type\":\"Article\",\"@id\":\"https:\/\/investiga.uandes.cl\/tedxuandes-2025-una-jornada-de-ideas-que-inspiran-accion-y-futuro\/#article\",\"isPartOf\":{\"@id\":\"https:\/\/investiga.uandes.cl\/tedxuandes-2025-una-jornada-de-ideas-que-inspiran-accion-y-futuro\/\"},\"author\":{\"name\":\"Universidad de los Andes\",\"@id\":\"https:\/\/investiga.uandes.cl\/#\/schema\/person\/98e4042261f6d20b73b4e8cae8ff4495\"},\"headline\":\"&#8220;Las ideas valen m\u00e1s cuando se comparten&#8221;, parti\u00f3 TEDxUANDES 2025\",\"datePublished\":\"2025-05-09T15:44:30+00:00\",\"dateModified\":\"2025-08-26T20:37:21+00:00\",\"mainEntityOfPage\":{\"@id\":\"https:\/\/investiga.uandes.cl\/tedxuandes-2025-una-jornada-de-ideas-que-inspiran-accion-y-futuro\/\"},\"wordCount\":322,\"publisher\":{\"@id\":\"https:\/\/investiga.uandes.cl\/#organization\"},\"image\":{\"@id\":\"https:\/\/investiga.uandes.cl\/tedxuandes-2025-una-jornada-de-ideas-que-inspiran-accion-y-futuro\/#primaryimage\"},\"thumbnailUrl\":\"https:\/\/investiga.uandes.cl\/wp-content\/uploads\/2025\/05\/TEDxuandes-38-de-41-scaled-2048x1366-1.webp\",\"articleSection\":[\"Innovaci\u00f3n\"],\"inLanguage\":\"en-US\"},{\"@type\":\"WebPage\",\"@id\":\"https:\/\/investiga.uandes.cl\/tedxuandes-2025-una-jornada-de-ideas-que-inspiran-accion-y-futuro\/\",\"url\":\"https:\/\/investiga.uandes.cl\/tedxuandes-2025-una-jornada-de-ideas-que-inspiran-accion-y-futuro\/\",\"name\":\"\\\"Las ideas valen m\u00e1s cuando se comparten\\\", parti\u00f3 TEDxUANDES 2025 - Investiga UANDES\",\"isPartOf\":{\"@id\":\"https:\/\/investiga.uandes.cl\/#website\"},\"primaryImageOfPage\":{\"@id\":\"https:\/\/investiga.uandes.cl\/tedxuandes-2025-una-jornada-de-ideas-que-inspiran-accion-y-futuro\/#primaryimage\"},\"image\":{\"@id\":\"https:\/\/investiga.uandes.cl\/tedxuandes-2025-una-jornada-de-ideas-que-inspiran-accion-y-futuro\/#primaryimage\"},\"thumbnailUrl\":\"https:\/\/investiga.uandes.cl\/wp-content\/uploads\/2025\/05\/TEDxuandes-38-de-41-scaled-2048x1366-1.webp\",\"datePublished\":\"2025-05-09T15:44:30+00:00\",\"dateModified\":\"2025-08-26T20:37:21+00:00\",\"breadcrumb\":{\"@id\":\"https:\/\/investiga.uandes.cl\/tedxuandes-2025-una-jornada-de-ideas-que-inspiran-accion-y-futuro\/#breadcrumb\"},\"inLanguage\":\"en-US\",\"potentialAction\":[{\"@type\":\"ReadAction\",\"target\":[\"https:\/\/investiga.uandes.cl\/tedxuandes-2025-una-jornada-de-ideas-que-inspiran-accion-y-futuro\/\"]}]},{\"@type\":\"ImageObject\",\"inLanguage\":\"en-US\",\"@id\":\"https:\/\/investiga.uandes.cl\/tedxuandes-2025-una-jornada-de-ideas-que-inspiran-accion-y-futuro\/#primaryimage\",\"url\":\"https:\/\/investiga.uandes.cl\/wp-content\/uploads\/2025\/05\/TEDxuandes-38-de-41-scaled-2048x1366-1.webp\",\"contentUrl\":\"https:\/\/investiga.uandes.cl\/wp-content\/uploads\/2025\/05\/TEDxuandes-38-de-41-scaled-2048x1366-1.webp\",\"width\":2048,\"height\":1366,\"caption\":\"Anil Sadarangani | Maroun Khoury | Rosario Navarro | Carolina Melo | Andr\u00e9s Couve\"},{\"@type\":\"BreadcrumbList\",\"@id\":\"https:\/\/investiga.uandes.cl\/tedxuandes-2025-una-jornada-de-ideas-que-inspiran-accion-y-futuro\/#breadcrumb\",\"itemListElement\":[{\"@type\":\"ListItem\",\"position\":1,\"name\":\"Portada\",\"item\":\"https:\/\/investiga.uandes.cl\/\"},{\"@type\":\"ListItem\",\"position\":2,\"name\":\"&#8220;Las ideas valen m\u00e1s cuando se comparten&#8221;, parti\u00f3 TEDxUANDES 2025\"}]},{\"@type\":\"WebSite\",\"@id\":\"https:\/\/investiga.uandes.cl\/#website\",\"url\":\"https:\/\/investiga.uandes.cl\/\",\"name\":\"Investiga UANDES\",\"description\":\"Investigaci\u00f3n, Universidad de los Andes\",\"publisher\":{\"@id\":\"https:\/\/investiga.uandes.cl\/#organization\"},\"potentialAction\":[{\"@type\":\"SearchAction\",\"target\":{\"@type\":\"EntryPoint\",\"urlTemplate\":\"https:\/\/investiga.uandes.cl\/?s={search_term_string}\"},\"query-input\":{\"@type\":\"PropertyValueSpecification\",\"valueRequired\":true,\"valueName\":\"search_term_string\"}}],\"inLanguage\":\"en-US\"},{\"@type\":\"Organization\",\"@id\":\"https:\/\/investiga.uandes.cl\/#organization\",\"name\":\"Investiga UANDES\",\"url\":\"https:\/\/investiga.uandes.cl\/\",\"logo\":{\"@type\":\"ImageObject\",\"inLanguage\":\"en-US\",\"@id\":\"https:\/\/investiga.uandes.cl\/#\/schema\/logo\/image\/\",\"url\":\"https:\/\/investiga.uandes.cl\/wp-content\/uploads\/2025\/03\/investiga_uandes.jpg\",\"contentUrl\":\"https:\/\/investiga.uandes.cl\/wp-content\/uploads\/2025\/03\/investiga_uandes.jpg\",\"width\":2000,\"height\":771,\"caption\":\"Investiga UANDES\"},\"image\":{\"@id\":\"https:\/\/investiga.uandes.cl\/#\/schema\/logo\/image\/\"}},{\"@type\":\"Person\",\"@id\":\"https:\/\/investiga.uandes.cl\/#\/schema\/person\/98e4042261f6d20b73b4e8cae8ff4495\",\"name\":\"Universidad de los Andes\",\"sameAs\":[\"https:\/\/test.uandes.cl\"],\"url\":\"https:\/\/investiga.uandes.cl\/en\/author\/admin\/\"}]}<\/script>\n<!-- \/ Yoast SEO plugin. -->","yoast_head_json":{"title":"\"Las ideas valen m\u00e1s cuando se comparten\", parti\u00f3 TEDxUANDES 2025 - Investiga UANDES","robots":{"index":"index","follow":"follow","max-snippet":"max-snippet:-1","max-image-preview":"max-image-preview:large","max-video-preview":"max-video-preview:-1"},"canonical":"https:\/\/investiga.uandes.cl\/en\/tedxuandes-2025-a-day-of-ideas-that-inspire-action-and-the-future\/","og_locale":"en_US","og_type":"article","og_title":"\"Las ideas valen m\u00e1s cuando se comparten\", parti\u00f3 TEDxUANDES 2025 - Investiga UANDES","og_description":"TEDxUANDES 2025 no solo abri\u00f3 las puertas a una reflexi\u00f3n profunda, sino tambi\u00e9n a una red de colaboraci\u00f3n que seguir\u00e1 creciendo.","og_url":"https:\/\/investiga.uandes.cl\/en\/tedxuandes-2025-a-day-of-ideas-that-inspire-action-and-the-future\/","og_site_name":"Investiga UANDES","article_published_time":"2025-05-09T15:44:30+00:00","article_modified_time":"2025-08-26T20:37:21+00:00","og_image":[{"width":2048,"height":1366,"url":"https:\/\/investiga.uandes.cl\/wp-content\/uploads\/2025\/05\/TEDxuandes-38-de-41-scaled-2048x1366-1.webp","type":"image\/webp"}],"author":"Universidad de los Andes","twitter_card":"summary_large_image","twitter_misc":{"Written by":"Universidad de los Andes","Est. reading time":"2 minutes"},"schema":{"@context":"https:\/\/schema.org","@graph":[{"@type":"Article","@id":"https:\/\/investiga.uandes.cl\/tedxuandes-2025-una-jornada-de-ideas-que-inspiran-accion-y-futuro\/#article","isPartOf":{"@id":"https:\/\/investiga.uandes.cl\/tedxuandes-2025-una-jornada-de-ideas-que-inspiran-accion-y-futuro\/"},"author":{"name":"Universidad de los Andes","@id":"https:\/\/investiga.uandes.cl\/#\/schema\/person\/98e4042261f6d20b73b4e8cae8ff4495"},"headline":"&#8220;Las ideas valen m\u00e1s cuando se comparten&#8221;, parti\u00f3 TEDxUANDES 2025","datePublished":"2025-05-09T15:44:30+00:00","dateModified":"2025-08-26T20:37:21+00:00","mainEntityOfPage":{"@id":"https:\/\/investiga.uandes.cl\/tedxuandes-2025-una-jornada-de-ideas-que-inspiran-accion-y-futuro\/"},"wordCount":322,"publisher":{"@id":"https:\/\/investiga.uandes.cl\/#organization"},"image":{"@id":"https:\/\/investiga.uandes.cl\/tedxuandes-2025-una-jornada-de-ideas-que-inspiran-accion-y-futuro\/#primaryimage"},"thumbnailUrl":"https:\/\/investiga.uandes.cl\/wp-content\/uploads\/2025\/05\/TEDxuandes-38-de-41-scaled-2048x1366-1.webp","articleSection":["Innovaci\u00f3n"],"inLanguage":"en-US"},{"@type":"WebPage","@id":"https:\/\/investiga.uandes.cl\/tedxuandes-2025-una-jornada-de-ideas-que-inspiran-accion-y-futuro\/","url":"https:\/\/investiga.uandes.cl\/tedxuandes-2025-una-jornada-de-ideas-que-inspiran-accion-y-futuro\/","name":"\"Las ideas valen m\u00e1s cuando se comparten\", parti\u00f3 TEDxUANDES 2025 - Investiga UANDES","isPartOf":{"@id":"https:\/\/investiga.uandes.cl\/#website"},"primaryImageOfPage":{"@id":"https:\/\/investiga.uandes.cl\/tedxuandes-2025-una-jornada-de-ideas-que-inspiran-accion-y-futuro\/#primaryimage"},"image":{"@id":"https:\/\/investiga.uandes.cl\/tedxuandes-2025-una-jornada-de-ideas-que-inspiran-accion-y-futuro\/#primaryimage"},"thumbnailUrl":"https:\/\/investiga.uandes.cl\/wp-content\/uploads\/2025\/05\/TEDxuandes-38-de-41-scaled-2048x1366-1.webp","datePublished":"2025-05-09T15:44:30+00:00","dateModified":"2025-08-26T20:37:21+00:00","breadcrumb":{"@id":"https:\/\/investiga.uandes.cl\/tedxuandes-2025-una-jornada-de-ideas-que-inspiran-accion-y-futuro\/#breadcrumb"},"inLanguage":"en-US","potentialAction":[{"@type":"ReadAction","target":["https:\/\/investiga.uandes.cl\/tedxuandes-2025-una-jornada-de-ideas-que-inspiran-accion-y-futuro\/"]}]},{"@type":"ImageObject","inLanguage":"en-US","@id":"https:\/\/investiga.uandes.cl\/tedxuandes-2025-una-jornada-de-ideas-que-inspiran-accion-y-futuro\/#primaryimage","url":"https:\/\/investiga.uandes.cl\/wp-content\/uploads\/2025\/05\/TEDxuandes-38-de-41-scaled-2048x1366-1.webp","contentUrl":"https:\/\/investiga.uandes.cl\/wp-content\/uploads\/2025\/05\/TEDxuandes-38-de-41-scaled-2048x1366-1.webp","width":2048,"height":1366,"caption":"Anil Sadarangani | Maroun Khoury | Rosario Navarro | Carolina Melo | Andr\u00e9s Couve"},{"@type":"BreadcrumbList","@id":"https:\/\/investiga.uandes.cl\/tedxuandes-2025-una-jornada-de-ideas-que-inspiran-accion-y-futuro\/#breadcrumb","itemListElement":[{"@type":"ListItem","position":1,"name":"Portada","item":"https:\/\/investiga.uandes.cl\/"},{"@type":"ListItem","position":2,"name":"&#8220;Las ideas valen m\u00e1s cuando se comparten&#8221;, parti\u00f3 TEDxUANDES 2025"}]},{"@type":"WebSite","@id":"https:\/\/investiga.uandes.cl\/#website","url":"https:\/\/investiga.uandes.cl\/","name":"Investiga UANDES","description":"Investigaci\u00f3n, Universidad de los Andes","publisher":{"@id":"https:\/\/investiga.uandes.cl\/#organization"},"potentialAction":[{"@type":"SearchAction","target":{"@type":"EntryPoint","urlTemplate":"https:\/\/investiga.uandes.cl\/?s={search_term_string}"},"query-input":{"@type":"PropertyValueSpecification","valueRequired":true,"valueName":"search_term_string"}}],"inLanguage":"en-US"},{"@type":"Organization","@id":"https:\/\/investiga.uandes.cl\/#organization","name":"Investiga UANDES","url":"https:\/\/investiga.uandes.cl\/","logo":{"@type":"ImageObject","inLanguage":"en-US","@id":"https:\/\/investiga.uandes.cl\/#\/schema\/logo\/image\/","url":"https:\/\/investiga.uandes.cl\/wp-content\/uploads\/2025\/03\/investiga_uandes.jpg","contentUrl":"https:\/\/investiga.uandes.cl\/wp-content\/uploads\/2025\/03\/investiga_uandes.jpg","width":2000,"height":771,"caption":"Investiga UANDES"},"image":{"@id":"https:\/\/investiga.uandes.cl\/#\/schema\/logo\/image\/"}},{"@type":"Person","@id":"https:\/\/investiga.uandes.cl\/#\/schema\/person\/98e4042261f6d20b73b4e8cae8ff4495","name":"Universidad de los Andes","sameAs":["https:\/\/test.uandes.cl"],"url":"https:\/\/investiga.uandes.cl\/en\/author\/admin\/"}]}},"_links":{"self":[{"href":"https:\/\/investiga.uandes.cl\/en\/wp-json\/wp\/v2\/posts\/5616","targetHints":{"allow":["GET"]}}],"collection":[{"href":"https:\/\/investiga.uandes.cl\/en\/wp-json\/wp\/v2\/posts"}],"about":[{"href":"https:\/\/investiga.uandes.cl\/en\/wp-json\/wp\/v2\/types\/post"}],"author":[{"embeddable":true,"href":"https:\/\/investiga.uandes.cl\/en\/wp-json\/wp\/v2\/users\/1"}],"replies":[{"embeddable":true,"href":"https:\/\/investiga.uandes.cl\/en\/wp-json\/wp\/v2\/comments?post=5616"}],"version-history":[{"count":25,"href":"https:\/\/investiga.uandes.cl\/en\/wp-json\/wp\/v2\/posts\/5616\/revisions"}],"predecessor-version":[{"id":6020,"href":"https:\/\/investiga.uandes.cl\/en\/wp-json\/wp\/v2\/posts\/5616\/revisions\/6020"}],"wp:featuredmedia":[{"embeddable":true,"href":"https:\/\/investiga.uandes.cl\/en\/wp-json\/wp\/v2\/media\/5617"}],"wp:attachment":[{"href":"https:\/\/investiga.uandes.cl\/en\/wp-json\/wp\/v2\/media?parent=5616"}],"wp:term":[{"taxonomy":"category","embeddable":true,"href":"https:\/\/investiga.uandes.cl\/en\/wp-json\/wp\/v2\/categories?post=5616"},{"taxonomy":"post_tag","embeddable":true,"href":"https:\/\/investiga.uandes.cl\/en\/wp-json\/wp\/v2\/tags?post=5616"}],"curies":[{"name":"wp","href":"https:\/\/api.w.org\/{rel}","templated":true}]}}