{"id":5584,"date":"2025-05-09T12:05:58","date_gmt":"2025-05-09T15:05:58","guid":{"rendered":"https:\/\/investiga.uandes.cl\/?p=5584"},"modified":"2025-05-16T15:42:06","modified_gmt":"2025-05-16T18:42:06","slug":"researchers-from-the-faculties-of-social-sciences-and-nursing-awarded-new-version-of-bici-funds","status":"publish","type":"post","link":"https:\/\/investiga.uandes.cl\/en\/researchers-from-the-faculties-of-social-sciences-and-nursing-awarded-new-version-of-bici-funds\/","title":{"rendered":"Researchers from the Schools of Social Sciences and Nursing are awarded new version of BiCI funds"},"content":{"rendered":"<p>The Directorate of Innovation awarded the second call for BiCI Funds -Bidirectional Commitment in Innovation- in its category oriented to researchers.<\/p>\n\n\n\n<p>In this new call, the researchers Mat\u00edas Petersen, Mar\u00eda Consuelo San Mart\u00edn, Mar\u00eda Francisca Valenzuela from the School of Social Sciences, Ver\u00f3nica Vidal from the School of Medicine; and Ximena Farf\u00e1n from the School of Nursing and Midwifery were awarded the funds.<\/p>\n\n\n\n<p><strong>Projects<\/strong><\/p>\n\n\n\n<p>The Dean of the School of Social Sciences, Mat\u00edas Petersen, presented the project \"<strong>Shared Voices: Weaving the Past and Future of Mutual Societies in Chile.<\/strong>\" The novelty of this project lies in the development of a platform that allows the participatory rescue and preservation of the oral and documentary heritage of these organizations, facilitating the contribution of users through the uploading of documents, oral testimonies, and digital memories. This type of experience is new in Chile, but is inspired by a similar initiative being developed by the British Library.<\/p>\n\n\n\n<p>Mar\u00eda Consuelo San Mart\u00edn, a researcher at the School of Social Sciences, was awarded the funds for her proposal,<strong>\"A Pathway to Inclusion: Addressing the mental health needs of people with intellectual disabilities.\"<\/strong>This project seeks to highlight the difficulties faced by this community in accessing mental health care, as well as the knowledge and practices of mental health professionals working with this community. The results of this project will contribute to the future training of mental health professionals and the development of accessible and adapted services for people with intellectual disabilities.<\/p>\n\n\n\n<p>The director of the Center for Research and Innovation in Reading, CIIL, M. Francisca Valenzuela, presented the project,<strong>\"Solidarity Reading Clinic.\"<\/strong>This project is inspired by international initiatives of \"reading clinic\" in which teachers and students of education carry out practical experiences by diagnosing, planning, and tutoring real students within university campuses. This project will pilot a reading clinic in the districts of Las Condes and San Bernardo, with the participation of students of the Master's Degree in Psychopedagogy in order to evaluate the technical and financial feasibility of its establishment.<\/p>\n\n\n\n<p>Meanwhile, Ver\u00f3nica Vidal, a researcher at the School of Social Sciences, was awarded the funds with the project, \"<strong>Neurodiversity awareness program for school communities.\"<\/strong>This proposal seeks to develop and pilot a program in an educational establishment for raising awareness and adaptating educational environments for neurodiversity, in order to gather feedback, package it, and scale it to new educational establishments.<\/p>\n\n\n\n<p>Ximena Farf\u00e1n, a researcher at the School of Nursing and Midwifery, presented the proposal,<strong>\"Care Manual: Guidance and support for family members or volunteer caregivers of people at the end of life.\"<\/strong>The project seeks to develop a manual and a formal training program for volunteer caregivers of dependent persons, in collaboration with caregivers and palliative care professionals.<\/p>\n\n\n\n<p>The objective of this competition is to support applied research projects committed to society (R&amp;Dc), i.e., that address problems or opportunities close to society and that are developed with the participation of the groups or territories involved, seeking to increase the possibilities of effectively impacting end users with the results obtained.<\/p>","protected":false},"excerpt":{"rendered":"<p>Mat\u00edas Petersen, Mar\u00eda Consuelo San Mart\u00edn, Mar\u00eda Francisca Valenzuela, Ver\u00f3nica Vidal, and Ximena Farf\u00e1n were the academics selected.<\/p>","protected":false},"author":1,"featured_media":5585,"comment_status":"closed","ping_status":"closed","sticky":false,"template":"","format":"standard","meta":{"inline_featured_image":false,"footnotes":""},"categories":[14,1],"tags":[],"class_list":["post-5584","post","type-post","status-publish","format-standard","has-post-thumbnail","hentry","category-innovacion","category-investigacion"],"yoast_head":"<!-- This site is optimized with the Yoast SEO plugin v24.7 - https:\/\/yoast.com\/wordpress\/plugins\/seo\/ -->\n<title>Investigadores de las Facultades de Ciencias Sociales y Enfermer\u00eda se adjudican nueva versi\u00f3n de fondos BiCI - Investiga UANDES<\/title>\n<meta name=\"robots\" content=\"index, follow, max-snippet:-1, max-image-preview:large, max-video-preview:-1\" \/>\n<link rel=\"canonical\" href=\"https:\/\/investiga.uandes.cl\/en\/researchers-from-the-faculties-of-social-sciences-and-nursing-awarded-new-version-of-bici-funds\/\" \/>\n<meta property=\"og:locale\" content=\"en_US\" \/>\n<meta property=\"og:type\" content=\"article\" \/>\n<meta property=\"og:title\" content=\"Investigadores de las Facultades de Ciencias Sociales y Enfermer\u00eda se adjudican nueva versi\u00f3n de fondos BiCI - Investiga UANDES\" \/>\n<meta property=\"og:description\" content=\"Mat\u00edas Petersen, Mar\u00eda Consuelo San Mart\u00edn, Mar\u00eda Francisca Valenzuela, Ver\u00f3nica Vidal y Ximena Farf\u00e1n fueron los convocados\" \/>\n<meta property=\"og:url\" content=\"https:\/\/investiga.uandes.cl\/en\/researchers-from-the-faculties-of-social-sciences-and-nursing-awarded-new-version-of-bici-funds\/\" \/>\n<meta property=\"og:site_name\" content=\"Investiga UANDES\" \/>\n<meta property=\"article:published_time\" content=\"2025-05-09T15:05:58+00:00\" \/>\n<meta property=\"article:modified_time\" content=\"2025-05-16T18:42:06+00:00\" \/>\n<meta property=\"og:image\" content=\"https:\/\/investiga.uandes.cl\/wp-content\/uploads\/2025\/05\/BiCI.webp\" \/>\n\t<meta property=\"og:image:width\" content=\"1116\" \/>\n\t<meta property=\"og:image:height\" content=\"635\" \/>\n\t<meta property=\"og:image:type\" content=\"image\/webp\" \/>\n<meta name=\"author\" content=\"Universidad de los Andes\" \/>\n<meta name=\"twitter:card\" content=\"summary_large_image\" \/>\n<meta name=\"twitter:label1\" content=\"Written by\" \/>\n\t<meta name=\"twitter:data1\" content=\"Universidad de los Andes\" \/>\n\t<meta name=\"twitter:label2\" content=\"Est. reading time\" \/>\n\t<meta name=\"twitter:data2\" content=\"3 minutes\" \/>\n<script type=\"application\/ld+json\" class=\"yoast-schema-graph\">{\"@context\":\"https:\/\/schema.org\",\"@graph\":[{\"@type\":\"Article\",\"@id\":\"https:\/\/investiga.uandes.cl\/investigadores-de-las-facultades-de-ciencias-sociales-y-enfermeria-se-adjudican-nueva-version-de-fondos-bici\/#article\",\"isPartOf\":{\"@id\":\"https:\/\/investiga.uandes.cl\/investigadores-de-las-facultades-de-ciencias-sociales-y-enfermeria-se-adjudican-nueva-version-de-fondos-bici\/\"},\"author\":{\"name\":\"Universidad de los Andes\",\"@id\":\"https:\/\/investiga.uandes.cl\/#\/schema\/person\/98e4042261f6d20b73b4e8cae8ff4495\"},\"headline\":\"Investigadores de las Facultades de Ciencias Sociales y Enfermer\u00eda se adjudican nueva versi\u00f3n de fondos BiCI\",\"datePublished\":\"2025-05-09T15:05:58+00:00\",\"dateModified\":\"2025-05-16T18:42:06+00:00\",\"mainEntityOfPage\":{\"@id\":\"https:\/\/investiga.uandes.cl\/investigadores-de-las-facultades-de-ciencias-sociales-y-enfermeria-se-adjudican-nueva-version-de-fondos-bici\/\"},\"wordCount\":606,\"publisher\":{\"@id\":\"https:\/\/investiga.uandes.cl\/#organization\"},\"image\":{\"@id\":\"https:\/\/investiga.uandes.cl\/investigadores-de-las-facultades-de-ciencias-sociales-y-enfermeria-se-adjudican-nueva-version-de-fondos-bici\/#primaryimage\"},\"thumbnailUrl\":\"https:\/\/investiga.uandes.cl\/wp-content\/uploads\/2025\/05\/BiCI.webp\",\"articleSection\":[\"Innovaci\u00f3n\",\"Investigaci\u00f3n\"],\"inLanguage\":\"en-US\"},{\"@type\":\"WebPage\",\"@id\":\"https:\/\/investiga.uandes.cl\/investigadores-de-las-facultades-de-ciencias-sociales-y-enfermeria-se-adjudican-nueva-version-de-fondos-bici\/\",\"url\":\"https:\/\/investiga.uandes.cl\/investigadores-de-las-facultades-de-ciencias-sociales-y-enfermeria-se-adjudican-nueva-version-de-fondos-bici\/\",\"name\":\"Investigadores de las Facultades de Ciencias Sociales y Enfermer\u00eda se adjudican nueva versi\u00f3n de fondos BiCI - Investiga UANDES\",\"isPartOf\":{\"@id\":\"https:\/\/investiga.uandes.cl\/#website\"},\"primaryImageOfPage\":{\"@id\":\"https:\/\/investiga.uandes.cl\/investigadores-de-las-facultades-de-ciencias-sociales-y-enfermeria-se-adjudican-nueva-version-de-fondos-bici\/#primaryimage\"},\"image\":{\"@id\":\"https:\/\/investiga.uandes.cl\/investigadores-de-las-facultades-de-ciencias-sociales-y-enfermeria-se-adjudican-nueva-version-de-fondos-bici\/#primaryimage\"},\"thumbnailUrl\":\"https:\/\/investiga.uandes.cl\/wp-content\/uploads\/2025\/05\/BiCI.webp\",\"datePublished\":\"2025-05-09T15:05:58+00:00\",\"dateModified\":\"2025-05-16T18:42:06+00:00\",\"breadcrumb\":{\"@id\":\"https:\/\/investiga.uandes.cl\/investigadores-de-las-facultades-de-ciencias-sociales-y-enfermeria-se-adjudican-nueva-version-de-fondos-bici\/#breadcrumb\"},\"inLanguage\":\"en-US\",\"potentialAction\":[{\"@type\":\"ReadAction\",\"target\":[\"https:\/\/investiga.uandes.cl\/investigadores-de-las-facultades-de-ciencias-sociales-y-enfermeria-se-adjudican-nueva-version-de-fondos-bici\/\"]}]},{\"@type\":\"ImageObject\",\"inLanguage\":\"en-US\",\"@id\":\"https:\/\/investiga.uandes.cl\/investigadores-de-las-facultades-de-ciencias-sociales-y-enfermeria-se-adjudican-nueva-version-de-fondos-bici\/#primaryimage\",\"url\":\"https:\/\/investiga.uandes.cl\/wp-content\/uploads\/2025\/05\/BiCI.webp\",\"contentUrl\":\"https:\/\/investiga.uandes.cl\/wp-content\/uploads\/2025\/05\/BiCI.webp\",\"width\":1116,\"height\":635},{\"@type\":\"BreadcrumbList\",\"@id\":\"https:\/\/investiga.uandes.cl\/investigadores-de-las-facultades-de-ciencias-sociales-y-enfermeria-se-adjudican-nueva-version-de-fondos-bici\/#breadcrumb\",\"itemListElement\":[{\"@type\":\"ListItem\",\"position\":1,\"name\":\"Portada\",\"item\":\"https:\/\/investiga.uandes.cl\/\"},{\"@type\":\"ListItem\",\"position\":2,\"name\":\"Investigadores de las Facultades de Ciencias Sociales y Enfermer\u00eda se adjudican nueva versi\u00f3n de fondos BiCI\"}]},{\"@type\":\"WebSite\",\"@id\":\"https:\/\/investiga.uandes.cl\/#website\",\"url\":\"https:\/\/investiga.uandes.cl\/\",\"name\":\"Investiga UANDES\",\"description\":\"Investigaci\u00f3n, Universidad de los Andes\",\"publisher\":{\"@id\":\"https:\/\/investiga.uandes.cl\/#organization\"},\"potentialAction\":[{\"@type\":\"SearchAction\",\"target\":{\"@type\":\"EntryPoint\",\"urlTemplate\":\"https:\/\/investiga.uandes.cl\/?s={search_term_string}\"},\"query-input\":{\"@type\":\"PropertyValueSpecification\",\"valueRequired\":true,\"valueName\":\"search_term_string\"}}],\"inLanguage\":\"en-US\"},{\"@type\":\"Organization\",\"@id\":\"https:\/\/investiga.uandes.cl\/#organization\",\"name\":\"Investiga UANDES\",\"url\":\"https:\/\/investiga.uandes.cl\/\",\"logo\":{\"@type\":\"ImageObject\",\"inLanguage\":\"en-US\",\"@id\":\"https:\/\/investiga.uandes.cl\/#\/schema\/logo\/image\/\",\"url\":\"https:\/\/investiga.uandes.cl\/wp-content\/uploads\/2025\/03\/investiga_uandes.jpg\",\"contentUrl\":\"https:\/\/investiga.uandes.cl\/wp-content\/uploads\/2025\/03\/investiga_uandes.jpg\",\"width\":2000,\"height\":771,\"caption\":\"Investiga UANDES\"},\"image\":{\"@id\":\"https:\/\/investiga.uandes.cl\/#\/schema\/logo\/image\/\"}},{\"@type\":\"Person\",\"@id\":\"https:\/\/investiga.uandes.cl\/#\/schema\/person\/98e4042261f6d20b73b4e8cae8ff4495\",\"name\":\"Universidad de los Andes\",\"sameAs\":[\"https:\/\/test.uandes.cl\"],\"url\":\"https:\/\/investiga.uandes.cl\/en\/author\/admin\/\"}]}<\/script>\n<!-- \/ Yoast SEO plugin. -->","yoast_head_json":{"title":"Investigadores de las Facultades de Ciencias Sociales y Enfermer\u00eda se adjudican nueva versi\u00f3n de fondos BiCI - Investiga UANDES","robots":{"index":"index","follow":"follow","max-snippet":"max-snippet:-1","max-image-preview":"max-image-preview:large","max-video-preview":"max-video-preview:-1"},"canonical":"https:\/\/investiga.uandes.cl\/en\/researchers-from-the-faculties-of-social-sciences-and-nursing-awarded-new-version-of-bici-funds\/","og_locale":"en_US","og_type":"article","og_title":"Investigadores de las Facultades de Ciencias Sociales y Enfermer\u00eda se adjudican nueva versi\u00f3n de fondos BiCI - Investiga UANDES","og_description":"Mat\u00edas Petersen, Mar\u00eda Consuelo San Mart\u00edn, Mar\u00eda Francisca Valenzuela, Ver\u00f3nica Vidal y Ximena Farf\u00e1n fueron los convocados","og_url":"https:\/\/investiga.uandes.cl\/en\/researchers-from-the-faculties-of-social-sciences-and-nursing-awarded-new-version-of-bici-funds\/","og_site_name":"Investiga UANDES","article_published_time":"2025-05-09T15:05:58+00:00","article_modified_time":"2025-05-16T18:42:06+00:00","og_image":[{"width":1116,"height":635,"url":"https:\/\/investiga.uandes.cl\/wp-content\/uploads\/2025\/05\/BiCI.webp","type":"image\/webp"}],"author":"Universidad de los Andes","twitter_card":"summary_large_image","twitter_misc":{"Written by":"Universidad de los Andes","Est. reading time":"3 minutes"},"schema":{"@context":"https:\/\/schema.org","@graph":[{"@type":"Article","@id":"https:\/\/investiga.uandes.cl\/investigadores-de-las-facultades-de-ciencias-sociales-y-enfermeria-se-adjudican-nueva-version-de-fondos-bici\/#article","isPartOf":{"@id":"https:\/\/investiga.uandes.cl\/investigadores-de-las-facultades-de-ciencias-sociales-y-enfermeria-se-adjudican-nueva-version-de-fondos-bici\/"},"author":{"name":"Universidad de los Andes","@id":"https:\/\/investiga.uandes.cl\/#\/schema\/person\/98e4042261f6d20b73b4e8cae8ff4495"},"headline":"Investigadores de las Facultades de Ciencias Sociales y Enfermer\u00eda se adjudican nueva versi\u00f3n de fondos BiCI","datePublished":"2025-05-09T15:05:58+00:00","dateModified":"2025-05-16T18:42:06+00:00","mainEntityOfPage":{"@id":"https:\/\/investiga.uandes.cl\/investigadores-de-las-facultades-de-ciencias-sociales-y-enfermeria-se-adjudican-nueva-version-de-fondos-bici\/"},"wordCount":606,"publisher":{"@id":"https:\/\/investiga.uandes.cl\/#organization"},"image":{"@id":"https:\/\/investiga.uandes.cl\/investigadores-de-las-facultades-de-ciencias-sociales-y-enfermeria-se-adjudican-nueva-version-de-fondos-bici\/#primaryimage"},"thumbnailUrl":"https:\/\/investiga.uandes.cl\/wp-content\/uploads\/2025\/05\/BiCI.webp","articleSection":["Innovaci\u00f3n","Investigaci\u00f3n"],"inLanguage":"en-US"},{"@type":"WebPage","@id":"https:\/\/investiga.uandes.cl\/investigadores-de-las-facultades-de-ciencias-sociales-y-enfermeria-se-adjudican-nueva-version-de-fondos-bici\/","url":"https:\/\/investiga.uandes.cl\/investigadores-de-las-facultades-de-ciencias-sociales-y-enfermeria-se-adjudican-nueva-version-de-fondos-bici\/","name":"Investigadores de las Facultades de Ciencias Sociales y Enfermer\u00eda se adjudican nueva versi\u00f3n de fondos BiCI - Investiga UANDES","isPartOf":{"@id":"https:\/\/investiga.uandes.cl\/#website"},"primaryImageOfPage":{"@id":"https:\/\/investiga.uandes.cl\/investigadores-de-las-facultades-de-ciencias-sociales-y-enfermeria-se-adjudican-nueva-version-de-fondos-bici\/#primaryimage"},"image":{"@id":"https:\/\/investiga.uandes.cl\/investigadores-de-las-facultades-de-ciencias-sociales-y-enfermeria-se-adjudican-nueva-version-de-fondos-bici\/#primaryimage"},"thumbnailUrl":"https:\/\/investiga.uandes.cl\/wp-content\/uploads\/2025\/05\/BiCI.webp","datePublished":"2025-05-09T15:05:58+00:00","dateModified":"2025-05-16T18:42:06+00:00","breadcrumb":{"@id":"https:\/\/investiga.uandes.cl\/investigadores-de-las-facultades-de-ciencias-sociales-y-enfermeria-se-adjudican-nueva-version-de-fondos-bici\/#breadcrumb"},"inLanguage":"en-US","potentialAction":[{"@type":"ReadAction","target":["https:\/\/investiga.uandes.cl\/investigadores-de-las-facultades-de-ciencias-sociales-y-enfermeria-se-adjudican-nueva-version-de-fondos-bici\/"]}]},{"@type":"ImageObject","inLanguage":"en-US","@id":"https:\/\/investiga.uandes.cl\/investigadores-de-las-facultades-de-ciencias-sociales-y-enfermeria-se-adjudican-nueva-version-de-fondos-bici\/#primaryimage","url":"https:\/\/investiga.uandes.cl\/wp-content\/uploads\/2025\/05\/BiCI.webp","contentUrl":"https:\/\/investiga.uandes.cl\/wp-content\/uploads\/2025\/05\/BiCI.webp","width":1116,"height":635},{"@type":"BreadcrumbList","@id":"https:\/\/investiga.uandes.cl\/investigadores-de-las-facultades-de-ciencias-sociales-y-enfermeria-se-adjudican-nueva-version-de-fondos-bici\/#breadcrumb","itemListElement":[{"@type":"ListItem","position":1,"name":"Portada","item":"https:\/\/investiga.uandes.cl\/"},{"@type":"ListItem","position":2,"name":"Investigadores de las Facultades de Ciencias Sociales y Enfermer\u00eda se adjudican nueva versi\u00f3n de fondos BiCI"}]},{"@type":"WebSite","@id":"https:\/\/investiga.uandes.cl\/#website","url":"https:\/\/investiga.uandes.cl\/","name":"Investiga UANDES","description":"Investigaci\u00f3n, Universidad de los Andes","publisher":{"@id":"https:\/\/investiga.uandes.cl\/#organization"},"potentialAction":[{"@type":"SearchAction","target":{"@type":"EntryPoint","urlTemplate":"https:\/\/investiga.uandes.cl\/?s={search_term_string}"},"query-input":{"@type":"PropertyValueSpecification","valueRequired":true,"valueName":"search_term_string"}}],"inLanguage":"en-US"},{"@type":"Organization","@id":"https:\/\/investiga.uandes.cl\/#organization","name":"Investiga UANDES","url":"https:\/\/investiga.uandes.cl\/","logo":{"@type":"ImageObject","inLanguage":"en-US","@id":"https:\/\/investiga.uandes.cl\/#\/schema\/logo\/image\/","url":"https:\/\/investiga.uandes.cl\/wp-content\/uploads\/2025\/03\/investiga_uandes.jpg","contentUrl":"https:\/\/investiga.uandes.cl\/wp-content\/uploads\/2025\/03\/investiga_uandes.jpg","width":2000,"height":771,"caption":"Investiga UANDES"},"image":{"@id":"https:\/\/investiga.uandes.cl\/#\/schema\/logo\/image\/"}},{"@type":"Person","@id":"https:\/\/investiga.uandes.cl\/#\/schema\/person\/98e4042261f6d20b73b4e8cae8ff4495","name":"Universidad de los Andes","sameAs":["https:\/\/test.uandes.cl"],"url":"https:\/\/investiga.uandes.cl\/en\/author\/admin\/"}]}},"_links":{"self":[{"href":"https:\/\/investiga.uandes.cl\/en\/wp-json\/wp\/v2\/posts\/5584","targetHints":{"allow":["GET"]}}],"collection":[{"href":"https:\/\/investiga.uandes.cl\/en\/wp-json\/wp\/v2\/posts"}],"about":[{"href":"https:\/\/investiga.uandes.cl\/en\/wp-json\/wp\/v2\/types\/post"}],"author":[{"embeddable":true,"href":"https:\/\/investiga.uandes.cl\/en\/wp-json\/wp\/v2\/users\/1"}],"replies":[{"embeddable":true,"href":"https:\/\/investiga.uandes.cl\/en\/wp-json\/wp\/v2\/comments?post=5584"}],"version-history":[{"count":4,"href":"https:\/\/investiga.uandes.cl\/en\/wp-json\/wp\/v2\/posts\/5584\/revisions"}],"predecessor-version":[{"id":5726,"href":"https:\/\/investiga.uandes.cl\/en\/wp-json\/wp\/v2\/posts\/5584\/revisions\/5726"}],"wp:featuredmedia":[{"embeddable":true,"href":"https:\/\/investiga.uandes.cl\/en\/wp-json\/wp\/v2\/media\/5585"}],"wp:attachment":[{"href":"https:\/\/investiga.uandes.cl\/en\/wp-json\/wp\/v2\/media?parent=5584"}],"wp:term":[{"taxonomy":"category","embeddable":true,"href":"https:\/\/investiga.uandes.cl\/en\/wp-json\/wp\/v2\/categories?post=5584"},{"taxonomy":"post_tag","embeddable":true,"href":"https:\/\/investiga.uandes.cl\/en\/wp-json\/wp\/v2\/tags?post=5584"}],"curies":[{"name":"wp","href":"https:\/\/api.w.org\/{rel}","templated":true}]}}