{"id":5576,"date":"2025-05-09T11:57:56","date_gmt":"2025-05-09T14:57:56","guid":{"rendered":"https:\/\/investiga.uandes.cl\/?p=5576"},"modified":"2025-05-16T14:44:46","modified_gmt":"2025-05-16T17:44:46","slug":"project-that-develops-a-tool-that-optimizes-the-integration-of-ia-models-in-devices-with-low-computational-power-memory-and-space-obtains-fondecyt-of-initiation","status":"publish","type":"post","link":"https:\/\/investiga.uandes.cl\/en\/project-that-develops-a-tool-that-optimizes-the-integration-of-ia-models-in-devices-with-low-computational-power-memory-and-space-obtains-fondecyt-of-initiation\/","title":{"rendered":"Project developing a tool to optimize the integration of AI models in devices with low computational power, memory, and space obtains a Fondecyt Initiaton grant."},"content":{"rendered":"<p>Artificial intelligence (AI) is transforming several areas of technology, but its implementation in devices close to the user, such as those that are part of the Internet of Things (IoT), presents specific challenges. In this context, the research of Jorge G\u00f3mez, an academic from the&nbsp;<strong><a href=\"https:\/\/www.uandes.cl\/facultad-ingenieria\/\">School of Engineering and Applied Sciences,<\/a><\/strong>&nbsp;offers an&nbsp;<strong>innovative solution with the creation of TTAIO, a tool designed to optimize the integration of AI models in devices with low computational power, memory, and space.<\/strong><\/p>\n\n\n\n<p>TTAIO's main objective is to&nbsp;<strong>co-optimize both hardware and software, enabling IoT devices, often limited by physical and power constraints, to run artificial intelligence models reliably and efficiently. This not only improves device performance, but also offers benefits such as faster response speed, increased privacy for users, and reduced power consumption.<\/strong><\/p>\n\n\n\n<p>His research, \"TTAIO: Tool for Trustworthy Artificial Intelligence On-Edge,\" was awarded a&nbsp;<a href=\"https:\/\/anid.cl\/proyectos-de-investigacion\/fondecyt-iniciacion\/\"><strong>Fondecyt Initiation grant.<\/strong>,&nbsp;<\/a>a project in which he works in collaboration with academics Kai Ni (University of Notre Dame); Sourav Dutta (UT Dallas); and Ioannis Vourkas (Democritus University of Thrace, Greece). In addition, at the local level, the project has the participation of Jorge Mar\u00edn and Christian Rojas, from Universidad T\u00e9cnica Federico Santa Mar\u00eda.<\/p>\n\n\n\n<p>Gomez's interest in this research stems from his previous experience in industry and his background in semiconductor devices.&nbsp;<strong>\"I think there are fascinating opportunities when different disciplines come together. Having worked on end products, I realized that we often treat hardware and software as black boxes that are simply expected to fit together nicely. But if we can open those boxes and keep what's essential for the application, you can save a lot of space and optimize performance,\" says G\u00f3mez.<\/strong><\/p>\n\n\n\n<p>The impact of this research could be extended to any application that requires AI in embedded systems, from health devices to monitoring technologies and more. For example, at our university, researchers are working on applications such as fiber monitoring in cement with professors Patricio Moreno and Alvaro Paul, battery monitoring with Miguel Torres, and tracking people in cardiorespiratory arrest with professor Marcela Garrido. They are also exploring new possibilities in the field of virtual reality, where Quest Pro goggles are used to introduce AI in medical training and financial experiments.<\/p>\n\n\n\n<p><strong>\"This research is deeply connected to the training of our students. It is they who are doing the most valuable work, and their effort is critical to TTAIO's success,\" he concludes.<\/strong><\/p>","protected":false},"excerpt":{"rendered":"<p>Jorge G\u00f3mez, an academic from the School of Engineering and Applied Sciences, leads research that optimizes the integration of artificial intelligence models in devices close to the end user, improving their efficiency and reliability.<\/p>","protected":false},"author":3,"featured_media":5577,"comment_status":"closed","ping_status":"closed","sticky":false,"template":"","format":"standard","meta":{"inline_featured_image":false,"footnotes":""},"categories":[2,1],"tags":[],"class_list":["post-5576","post","type-post","status-publish","format-standard","has-post-thumbnail","hentry","category-ciencia","category-investigacion"],"yoast_head":"<!-- This site is optimized with the Yoast SEO plugin v24.7 - https:\/\/yoast.com\/wordpress\/plugins\/seo\/ -->\n<title>Proyecto que desarrolla herramienta que optimiza la integraci\u00f3n de modelos de IA en dispositivos de bajo poder de c\u00f3mputo, memoria y espacio obtiene Fondecyt de Iniciaci\u00f3n - Investiga UANDES<\/title>\n<meta name=\"robots\" content=\"index, follow, max-snippet:-1, max-image-preview:large, max-video-preview:-1\" \/>\n<link rel=\"canonical\" href=\"https:\/\/investiga.uandes.cl\/en\/project-that-develops-a-tool-that-optimizes-the-integration-of-ia-models-in-devices-with-low-computational-power-memory-and-space-obtains-fondecyt-of-initiation\/\" \/>\n<meta property=\"og:locale\" content=\"en_US\" \/>\n<meta property=\"og:type\" content=\"article\" \/>\n<meta property=\"og:title\" content=\"Proyecto que desarrolla herramienta que optimiza la integraci\u00f3n de modelos de IA en dispositivos de bajo poder de c\u00f3mputo, memoria y espacio obtiene Fondecyt de Iniciaci\u00f3n - Investiga UANDES\" \/>\n<meta property=\"og:description\" content=\"Jorge G\u00f3mez, acad\u00e9mico de la Facultad de Ingenier\u00eda y Ciencias Aplicadas, lidera investigaci\u00f3n que optimiza la integraci\u00f3n de modelos de inteligencia artificial en dispositivos cercanos al usuario final, mejorando su eficiencia y confiabilidad.\" \/>\n<meta property=\"og:url\" content=\"https:\/\/investiga.uandes.cl\/en\/project-that-develops-a-tool-that-optimizes-the-integration-of-ia-models-in-devices-with-low-computational-power-memory-and-space-obtains-fondecyt-of-initiation\/\" \/>\n<meta property=\"og:site_name\" content=\"Investiga UANDES\" \/>\n<meta property=\"article:published_time\" content=\"2025-05-09T14:57:56+00:00\" \/>\n<meta property=\"article:modified_time\" content=\"2025-05-16T17:44:46+00:00\" \/>\n<meta property=\"og:image\" content=\"https:\/\/investiga.uandes.cl\/wp-content\/uploads\/2025\/05\/jorge-gomez-scaled-1-2048x1362-1.webp\" \/>\n\t<meta property=\"og:image:width\" content=\"2048\" \/>\n\t<meta property=\"og:image:height\" content=\"1362\" \/>\n\t<meta property=\"og:image:type\" content=\"image\/webp\" \/>\n<meta name=\"author\" content=\"Marisol Grisanti\" \/>\n<meta name=\"twitter:card\" content=\"summary_large_image\" \/>\n<meta name=\"twitter:label1\" content=\"Written by\" \/>\n\t<meta name=\"twitter:data1\" content=\"Marisol Grisanti\" \/>\n\t<meta name=\"twitter:label2\" content=\"Est. reading time\" \/>\n\t<meta name=\"twitter:data2\" content=\"3 minutes\" \/>\n<script type=\"application\/ld+json\" class=\"yoast-schema-graph\">{\"@context\":\"https:\/\/schema.org\",\"@graph\":[{\"@type\":\"Article\",\"@id\":\"https:\/\/investiga.uandes.cl\/proyecto-que-desarrolla-herramienta-que-optimiza-la-integracion-de-modelos-de-ia-en-dispositivos-de-bajo-poder-de-computo-memoria-y-espacio-obtiene-fondecyt-de-iniciacion\/#article\",\"isPartOf\":{\"@id\":\"https:\/\/investiga.uandes.cl\/proyecto-que-desarrolla-herramienta-que-optimiza-la-integracion-de-modelos-de-ia-en-dispositivos-de-bajo-poder-de-computo-memoria-y-espacio-obtiene-fondecyt-de-iniciacion\/\"},\"author\":{\"name\":\"Marisol Grisanti\",\"@id\":\"https:\/\/investiga.uandes.cl\/#\/schema\/person\/a6d3757d4cdc75cceb38c3560655edc3\"},\"headline\":\"Proyecto que desarrolla herramienta que optimiza la integraci\u00f3n de modelos de IA en dispositivos de bajo poder de c\u00f3mputo, memoria y espacio obtiene Fondecyt de Iniciaci\u00f3n\",\"datePublished\":\"2025-05-09T14:57:56+00:00\",\"dateModified\":\"2025-05-16T17:44:46+00:00\",\"mainEntityOfPage\":{\"@id\":\"https:\/\/investiga.uandes.cl\/proyecto-que-desarrolla-herramienta-que-optimiza-la-integracion-de-modelos-de-ia-en-dispositivos-de-bajo-poder-de-computo-memoria-y-espacio-obtiene-fondecyt-de-iniciacion\/\"},\"wordCount\":518,\"publisher\":{\"@id\":\"https:\/\/investiga.uandes.cl\/#organization\"},\"image\":{\"@id\":\"https:\/\/investiga.uandes.cl\/proyecto-que-desarrolla-herramienta-que-optimiza-la-integracion-de-modelos-de-ia-en-dispositivos-de-bajo-poder-de-computo-memoria-y-espacio-obtiene-fondecyt-de-iniciacion\/#primaryimage\"},\"thumbnailUrl\":\"https:\/\/investiga.uandes.cl\/wp-content\/uploads\/2025\/05\/jorge-gomez-scaled-1-2048x1362-1.webp\",\"articleSection\":[\"Ciencia y Tecnolog\u00eda\",\"Investigaci\u00f3n\"],\"inLanguage\":\"en-US\"},{\"@type\":\"WebPage\",\"@id\":\"https:\/\/investiga.uandes.cl\/proyecto-que-desarrolla-herramienta-que-optimiza-la-integracion-de-modelos-de-ia-en-dispositivos-de-bajo-poder-de-computo-memoria-y-espacio-obtiene-fondecyt-de-iniciacion\/\",\"url\":\"https:\/\/investiga.uandes.cl\/proyecto-que-desarrolla-herramienta-que-optimiza-la-integracion-de-modelos-de-ia-en-dispositivos-de-bajo-poder-de-computo-memoria-y-espacio-obtiene-fondecyt-de-iniciacion\/\",\"name\":\"Proyecto que desarrolla herramienta que optimiza la integraci\u00f3n de modelos de IA en dispositivos de bajo poder de c\u00f3mputo, memoria y espacio obtiene Fondecyt de Iniciaci\u00f3n - Investiga UANDES\",\"isPartOf\":{\"@id\":\"https:\/\/investiga.uandes.cl\/#website\"},\"primaryImageOfPage\":{\"@id\":\"https:\/\/investiga.uandes.cl\/proyecto-que-desarrolla-herramienta-que-optimiza-la-integracion-de-modelos-de-ia-en-dispositivos-de-bajo-poder-de-computo-memoria-y-espacio-obtiene-fondecyt-de-iniciacion\/#primaryimage\"},\"image\":{\"@id\":\"https:\/\/investiga.uandes.cl\/proyecto-que-desarrolla-herramienta-que-optimiza-la-integracion-de-modelos-de-ia-en-dispositivos-de-bajo-poder-de-computo-memoria-y-espacio-obtiene-fondecyt-de-iniciacion\/#primaryimage\"},\"thumbnailUrl\":\"https:\/\/investiga.uandes.cl\/wp-content\/uploads\/2025\/05\/jorge-gomez-scaled-1-2048x1362-1.webp\",\"datePublished\":\"2025-05-09T14:57:56+00:00\",\"dateModified\":\"2025-05-16T17:44:46+00:00\",\"breadcrumb\":{\"@id\":\"https:\/\/investiga.uandes.cl\/proyecto-que-desarrolla-herramienta-que-optimiza-la-integracion-de-modelos-de-ia-en-dispositivos-de-bajo-poder-de-computo-memoria-y-espacio-obtiene-fondecyt-de-iniciacion\/#breadcrumb\"},\"inLanguage\":\"en-US\",\"potentialAction\":[{\"@type\":\"ReadAction\",\"target\":[\"https:\/\/investiga.uandes.cl\/proyecto-que-desarrolla-herramienta-que-optimiza-la-integracion-de-modelos-de-ia-en-dispositivos-de-bajo-poder-de-computo-memoria-y-espacio-obtiene-fondecyt-de-iniciacion\/\"]}]},{\"@type\":\"ImageObject\",\"inLanguage\":\"en-US\",\"@id\":\"https:\/\/investiga.uandes.cl\/proyecto-que-desarrolla-herramienta-que-optimiza-la-integracion-de-modelos-de-ia-en-dispositivos-de-bajo-poder-de-computo-memoria-y-espacio-obtiene-fondecyt-de-iniciacion\/#primaryimage\",\"url\":\"https:\/\/investiga.uandes.cl\/wp-content\/uploads\/2025\/05\/jorge-gomez-scaled-1-2048x1362-1.webp\",\"contentUrl\":\"https:\/\/investiga.uandes.cl\/wp-content\/uploads\/2025\/05\/jorge-gomez-scaled-1-2048x1362-1.webp\",\"width\":2048,\"height\":1362},{\"@type\":\"BreadcrumbList\",\"@id\":\"https:\/\/investiga.uandes.cl\/proyecto-que-desarrolla-herramienta-que-optimiza-la-integracion-de-modelos-de-ia-en-dispositivos-de-bajo-poder-de-computo-memoria-y-espacio-obtiene-fondecyt-de-iniciacion\/#breadcrumb\",\"itemListElement\":[{\"@type\":\"ListItem\",\"position\":1,\"name\":\"Portada\",\"item\":\"https:\/\/investiga.uandes.cl\/\"},{\"@type\":\"ListItem\",\"position\":2,\"name\":\"Proyecto que desarrolla herramienta que optimiza la integraci\u00f3n de modelos de IA en dispositivos de bajo poder de c\u00f3mputo, memoria y espacio obtiene Fondecyt de Iniciaci\u00f3n\"}]},{\"@type\":\"WebSite\",\"@id\":\"https:\/\/investiga.uandes.cl\/#website\",\"url\":\"https:\/\/investiga.uandes.cl\/\",\"name\":\"Investiga UANDES\",\"description\":\"Investigaci\u00f3n, Universidad de los Andes\",\"publisher\":{\"@id\":\"https:\/\/investiga.uandes.cl\/#organization\"},\"potentialAction\":[{\"@type\":\"SearchAction\",\"target\":{\"@type\":\"EntryPoint\",\"urlTemplate\":\"https:\/\/investiga.uandes.cl\/?s={search_term_string}\"},\"query-input\":{\"@type\":\"PropertyValueSpecification\",\"valueRequired\":true,\"valueName\":\"search_term_string\"}}],\"inLanguage\":\"en-US\"},{\"@type\":\"Organization\",\"@id\":\"https:\/\/investiga.uandes.cl\/#organization\",\"name\":\"Investiga UANDES\",\"url\":\"https:\/\/investiga.uandes.cl\/\",\"logo\":{\"@type\":\"ImageObject\",\"inLanguage\":\"en-US\",\"@id\":\"https:\/\/investiga.uandes.cl\/#\/schema\/logo\/image\/\",\"url\":\"https:\/\/investiga.uandes.cl\/wp-content\/uploads\/2025\/03\/investiga_uandes.jpg\",\"contentUrl\":\"https:\/\/investiga.uandes.cl\/wp-content\/uploads\/2025\/03\/investiga_uandes.jpg\",\"width\":2000,\"height\":771,\"caption\":\"Investiga UANDES\"},\"image\":{\"@id\":\"https:\/\/investiga.uandes.cl\/#\/schema\/logo\/image\/\"}},{\"@type\":\"Person\",\"@id\":\"https:\/\/investiga.uandes.cl\/#\/schema\/person\/a6d3757d4cdc75cceb38c3560655edc3\",\"name\":\"Marisol Grisanti\",\"url\":\"https:\/\/investiga.uandes.cl\/en\/author\/mgrisanti\/\"}]}<\/script>\n<!-- \/ Yoast SEO plugin. -->","yoast_head_json":{"title":"Proyecto que desarrolla herramienta que optimiza la integraci\u00f3n de modelos de IA en dispositivos de bajo poder de c\u00f3mputo, memoria y espacio obtiene Fondecyt de Iniciaci\u00f3n - Investiga UANDES","robots":{"index":"index","follow":"follow","max-snippet":"max-snippet:-1","max-image-preview":"max-image-preview:large","max-video-preview":"max-video-preview:-1"},"canonical":"https:\/\/investiga.uandes.cl\/en\/project-that-develops-a-tool-that-optimizes-the-integration-of-ia-models-in-devices-with-low-computational-power-memory-and-space-obtains-fondecyt-of-initiation\/","og_locale":"en_US","og_type":"article","og_title":"Proyecto que desarrolla herramienta que optimiza la integraci\u00f3n de modelos de IA en dispositivos de bajo poder de c\u00f3mputo, memoria y espacio obtiene Fondecyt de Iniciaci\u00f3n - Investiga UANDES","og_description":"Jorge G\u00f3mez, acad\u00e9mico de la Facultad de Ingenier\u00eda y Ciencias Aplicadas, lidera investigaci\u00f3n que optimiza la integraci\u00f3n de modelos de inteligencia artificial en dispositivos cercanos al usuario final, mejorando su eficiencia y confiabilidad.","og_url":"https:\/\/investiga.uandes.cl\/en\/project-that-develops-a-tool-that-optimizes-the-integration-of-ia-models-in-devices-with-low-computational-power-memory-and-space-obtains-fondecyt-of-initiation\/","og_site_name":"Investiga UANDES","article_published_time":"2025-05-09T14:57:56+00:00","article_modified_time":"2025-05-16T17:44:46+00:00","og_image":[{"width":2048,"height":1362,"url":"https:\/\/investiga.uandes.cl\/wp-content\/uploads\/2025\/05\/jorge-gomez-scaled-1-2048x1362-1.webp","type":"image\/webp"}],"author":"Marisol Grisanti","twitter_card":"summary_large_image","twitter_misc":{"Written by":"Marisol Grisanti","Est. reading time":"3 minutes"},"schema":{"@context":"https:\/\/schema.org","@graph":[{"@type":"Article","@id":"https:\/\/investiga.uandes.cl\/proyecto-que-desarrolla-herramienta-que-optimiza-la-integracion-de-modelos-de-ia-en-dispositivos-de-bajo-poder-de-computo-memoria-y-espacio-obtiene-fondecyt-de-iniciacion\/#article","isPartOf":{"@id":"https:\/\/investiga.uandes.cl\/proyecto-que-desarrolla-herramienta-que-optimiza-la-integracion-de-modelos-de-ia-en-dispositivos-de-bajo-poder-de-computo-memoria-y-espacio-obtiene-fondecyt-de-iniciacion\/"},"author":{"name":"Marisol Grisanti","@id":"https:\/\/investiga.uandes.cl\/#\/schema\/person\/a6d3757d4cdc75cceb38c3560655edc3"},"headline":"Proyecto que desarrolla herramienta que optimiza la integraci\u00f3n de modelos de IA en dispositivos de bajo poder de c\u00f3mputo, memoria y espacio obtiene Fondecyt de Iniciaci\u00f3n","datePublished":"2025-05-09T14:57:56+00:00","dateModified":"2025-05-16T17:44:46+00:00","mainEntityOfPage":{"@id":"https:\/\/investiga.uandes.cl\/proyecto-que-desarrolla-herramienta-que-optimiza-la-integracion-de-modelos-de-ia-en-dispositivos-de-bajo-poder-de-computo-memoria-y-espacio-obtiene-fondecyt-de-iniciacion\/"},"wordCount":518,"publisher":{"@id":"https:\/\/investiga.uandes.cl\/#organization"},"image":{"@id":"https:\/\/investiga.uandes.cl\/proyecto-que-desarrolla-herramienta-que-optimiza-la-integracion-de-modelos-de-ia-en-dispositivos-de-bajo-poder-de-computo-memoria-y-espacio-obtiene-fondecyt-de-iniciacion\/#primaryimage"},"thumbnailUrl":"https:\/\/investiga.uandes.cl\/wp-content\/uploads\/2025\/05\/jorge-gomez-scaled-1-2048x1362-1.webp","articleSection":["Ciencia y Tecnolog\u00eda","Investigaci\u00f3n"],"inLanguage":"en-US"},{"@type":"WebPage","@id":"https:\/\/investiga.uandes.cl\/proyecto-que-desarrolla-herramienta-que-optimiza-la-integracion-de-modelos-de-ia-en-dispositivos-de-bajo-poder-de-computo-memoria-y-espacio-obtiene-fondecyt-de-iniciacion\/","url":"https:\/\/investiga.uandes.cl\/proyecto-que-desarrolla-herramienta-que-optimiza-la-integracion-de-modelos-de-ia-en-dispositivos-de-bajo-poder-de-computo-memoria-y-espacio-obtiene-fondecyt-de-iniciacion\/","name":"Proyecto que desarrolla herramienta que optimiza la integraci\u00f3n de modelos de IA en dispositivos de bajo poder de c\u00f3mputo, memoria y espacio obtiene Fondecyt de Iniciaci\u00f3n - Investiga UANDES","isPartOf":{"@id":"https:\/\/investiga.uandes.cl\/#website"},"primaryImageOfPage":{"@id":"https:\/\/investiga.uandes.cl\/proyecto-que-desarrolla-herramienta-que-optimiza-la-integracion-de-modelos-de-ia-en-dispositivos-de-bajo-poder-de-computo-memoria-y-espacio-obtiene-fondecyt-de-iniciacion\/#primaryimage"},"image":{"@id":"https:\/\/investiga.uandes.cl\/proyecto-que-desarrolla-herramienta-que-optimiza-la-integracion-de-modelos-de-ia-en-dispositivos-de-bajo-poder-de-computo-memoria-y-espacio-obtiene-fondecyt-de-iniciacion\/#primaryimage"},"thumbnailUrl":"https:\/\/investiga.uandes.cl\/wp-content\/uploads\/2025\/05\/jorge-gomez-scaled-1-2048x1362-1.webp","datePublished":"2025-05-09T14:57:56+00:00","dateModified":"2025-05-16T17:44:46+00:00","breadcrumb":{"@id":"https:\/\/investiga.uandes.cl\/proyecto-que-desarrolla-herramienta-que-optimiza-la-integracion-de-modelos-de-ia-en-dispositivos-de-bajo-poder-de-computo-memoria-y-espacio-obtiene-fondecyt-de-iniciacion\/#breadcrumb"},"inLanguage":"en-US","potentialAction":[{"@type":"ReadAction","target":["https:\/\/investiga.uandes.cl\/proyecto-que-desarrolla-herramienta-que-optimiza-la-integracion-de-modelos-de-ia-en-dispositivos-de-bajo-poder-de-computo-memoria-y-espacio-obtiene-fondecyt-de-iniciacion\/"]}]},{"@type":"ImageObject","inLanguage":"en-US","@id":"https:\/\/investiga.uandes.cl\/proyecto-que-desarrolla-herramienta-que-optimiza-la-integracion-de-modelos-de-ia-en-dispositivos-de-bajo-poder-de-computo-memoria-y-espacio-obtiene-fondecyt-de-iniciacion\/#primaryimage","url":"https:\/\/investiga.uandes.cl\/wp-content\/uploads\/2025\/05\/jorge-gomez-scaled-1-2048x1362-1.webp","contentUrl":"https:\/\/investiga.uandes.cl\/wp-content\/uploads\/2025\/05\/jorge-gomez-scaled-1-2048x1362-1.webp","width":2048,"height":1362},{"@type":"BreadcrumbList","@id":"https:\/\/investiga.uandes.cl\/proyecto-que-desarrolla-herramienta-que-optimiza-la-integracion-de-modelos-de-ia-en-dispositivos-de-bajo-poder-de-computo-memoria-y-espacio-obtiene-fondecyt-de-iniciacion\/#breadcrumb","itemListElement":[{"@type":"ListItem","position":1,"name":"Portada","item":"https:\/\/investiga.uandes.cl\/"},{"@type":"ListItem","position":2,"name":"Proyecto que desarrolla herramienta que optimiza la integraci\u00f3n de modelos de IA en dispositivos de bajo poder de c\u00f3mputo, memoria y espacio obtiene Fondecyt de Iniciaci\u00f3n"}]},{"@type":"WebSite","@id":"https:\/\/investiga.uandes.cl\/#website","url":"https:\/\/investiga.uandes.cl\/","name":"Investiga UANDES","description":"Investigaci\u00f3n, Universidad de los Andes","publisher":{"@id":"https:\/\/investiga.uandes.cl\/#organization"},"potentialAction":[{"@type":"SearchAction","target":{"@type":"EntryPoint","urlTemplate":"https:\/\/investiga.uandes.cl\/?s={search_term_string}"},"query-input":{"@type":"PropertyValueSpecification","valueRequired":true,"valueName":"search_term_string"}}],"inLanguage":"en-US"},{"@type":"Organization","@id":"https:\/\/investiga.uandes.cl\/#organization","name":"Investiga UANDES","url":"https:\/\/investiga.uandes.cl\/","logo":{"@type":"ImageObject","inLanguage":"en-US","@id":"https:\/\/investiga.uandes.cl\/#\/schema\/logo\/image\/","url":"https:\/\/investiga.uandes.cl\/wp-content\/uploads\/2025\/03\/investiga_uandes.jpg","contentUrl":"https:\/\/investiga.uandes.cl\/wp-content\/uploads\/2025\/03\/investiga_uandes.jpg","width":2000,"height":771,"caption":"Investiga UANDES"},"image":{"@id":"https:\/\/investiga.uandes.cl\/#\/schema\/logo\/image\/"}},{"@type":"Person","@id":"https:\/\/investiga.uandes.cl\/#\/schema\/person\/a6d3757d4cdc75cceb38c3560655edc3","name":"Marisol Grisanti","url":"https:\/\/investiga.uandes.cl\/en\/author\/mgrisanti\/"}]}},"_links":{"self":[{"href":"https:\/\/investiga.uandes.cl\/en\/wp-json\/wp\/v2\/posts\/5576","targetHints":{"allow":["GET"]}}],"collection":[{"href":"https:\/\/investiga.uandes.cl\/en\/wp-json\/wp\/v2\/posts"}],"about":[{"href":"https:\/\/investiga.uandes.cl\/en\/wp-json\/wp\/v2\/types\/post"}],"author":[{"embeddable":true,"href":"https:\/\/investiga.uandes.cl\/en\/wp-json\/wp\/v2\/users\/3"}],"replies":[{"embeddable":true,"href":"https:\/\/investiga.uandes.cl\/en\/wp-json\/wp\/v2\/comments?post=5576"}],"version-history":[{"count":2,"href":"https:\/\/investiga.uandes.cl\/en\/wp-json\/wp\/v2\/posts\/5576\/revisions"}],"predecessor-version":[{"id":5579,"href":"https:\/\/investiga.uandes.cl\/en\/wp-json\/wp\/v2\/posts\/5576\/revisions\/5579"}],"wp:featuredmedia":[{"embeddable":true,"href":"https:\/\/investiga.uandes.cl\/en\/wp-json\/wp\/v2\/media\/5577"}],"wp:attachment":[{"href":"https:\/\/investiga.uandes.cl\/en\/wp-json\/wp\/v2\/media?parent=5576"}],"wp:term":[{"taxonomy":"category","embeddable":true,"href":"https:\/\/investiga.uandes.cl\/en\/wp-json\/wp\/v2\/categories?post=5576"},{"taxonomy":"post_tag","embeddable":true,"href":"https:\/\/investiga.uandes.cl\/en\/wp-json\/wp\/v2\/tags?post=5576"}],"curies":[{"name":"wp","href":"https:\/\/api.w.org\/{rel}","templated":true}]}}