{"id":5402,"date":"2025-03-26T13:30:23","date_gmt":"2025-03-26T16:30:23","guid":{"rendered":"https:\/\/investiga.uandes.cl\/?p=5402"},"modified":"2025-03-27T16:27:34","modified_gmt":"2025-03-27T19:27:34","slug":"in-the-last-five-years-we-have-had-an-increase-of-more-than-20-percent-in-the-number-of-research-academics","status":"publish","type":"post","link":"https:\/\/investiga.uandes.cl\/en\/in-the-last-five-years-we-have-had-an-increase-of-more-than-20-percent-in-the-number-of-research-academics\/","title":{"rendered":"\"In the last five years we have had an increase of more than 20% in the number of research academics.\""},"content":{"rendered":"<p>The <strong><a href=\"https:\/\/www.uandes.cl\/facultad-ingenieria\/\">School of Engineering and Applied Sciences<\/a><\/strong>, which has seen a considerable increase in the participation of its academics in the national public debate, positioning itself together with the School of Medicine in first place, has also stood out for its research work, for the quality of its studies, and for its relevance in the search for solutions to the challenges facing the country.<\/p>\n\n\n\n<p>This growth has been the result of a sustained process that has involved both an increase in the number of academics dedicated to research, as well as interdisciplinary work and collaboration with national and international universities.<\/p>\n\n\n\n<p>Patrick Horn, dean of the <a href=\"https:\/\/www.uandes.cl\/facultad-ingenieria\/\"><strong>School of Engineering and Applied Sciences<\/strong><\/a><strong>, <\/strong>highlights that in the last five years there has been an increase of more than 20% in the number of academic researchers, which has allowed for the strengthening of research lines and the promotion of the development of projects of a high academic and scientific level. This increase has been reflected in the successful awarding of projects that support and finance the research initiatives of the <a href=\"https:\/\/www.uandes.cl\/facultad-ingenieria\/\">School<\/a>.<strong> <\/strong>\"The growth has not only been in quantity, but also in quality. Thanks to the incorporation of new researchers and the collaboration with doctoral and master's students, <strong>we have been able to delve deeper into areas of great relevance for the country, such as technological, environmental, and social challenges,<\/strong>\" Horn comments.<\/p>\n\n\n\n<p>One of the fundamental pillars of this evolution has been the exchange of experiences and knowledge with academics from prestigious national and international universities. This has allowed us to enrich the lines of research and promote collaboration in interdisciplinary projects of great impact for the country.<\/p>\n\n\n\n<blockquote class=\"wp-block-quote is-layout-flow wp-block-quote-is-layout-flow\">\n<p>Collaboration <strong>between universities, industry, and government is very important <\/strong>to ensure that research is relevant and has a tangible impact on the development of society. It is essential to identify the main challenges of the environment, align research objectives with the real needs of the people, and facilitate technology transfer. It is only through this joint work that we can <strong>generate concrete solutions that truly drive social, economic and technological progress<\/strong>.<\/p>\n<\/blockquote>\n\n\n\n<p>For Horn, research projects must be aligned with the country's specific challenges, to ensure that the knowledge generated not only advances in scientific terms, but is also applicable to the Chilean reality, improving people's living conditions.<\/p>\n\n\n\n<p><\/p>","protected":false},"excerpt":{"rendered":"<p>Patrick Horn, dean of the School of Engineering and Applied Sciences, highlights the development of high-level academic and scientific projects among universities, industry, and government to offer real solutions to Chile's challenges.<\/p>","protected":false},"author":3,"featured_media":5408,"comment_status":"closed","ping_status":"closed","sticky":false,"template":"","format":"standard","meta":{"inline_featured_image":false,"footnotes":""},"categories":[2],"tags":[],"class_list":["post-5402","post","type-post","status-publish","format-standard","has-post-thumbnail","hentry","category-ciencia"],"yoast_head":"<!-- This site is optimized with the Yoast SEO plugin v24.7 - https:\/\/yoast.com\/wordpress\/plugins\/seo\/ -->\n<title>\u201cEn los \u00faltimos cinco a\u00f1os hemos tenido un aumento de m\u00e1s del 20% en la cantidad de acad\u00e9micos investigadores\u201d - Investiga UANDES<\/title>\n<meta name=\"robots\" content=\"index, follow, max-snippet:-1, max-image-preview:large, max-video-preview:-1\" \/>\n<link rel=\"canonical\" href=\"https:\/\/investiga.uandes.cl\/en\/in-the-last-five-years-we-have-had-an-increase-of-more-than-20-percent-in-the-number-of-research-academics\/\" \/>\n<meta property=\"og:locale\" content=\"en_US\" \/>\n<meta property=\"og:type\" content=\"article\" \/>\n<meta property=\"og:title\" content=\"\u201cEn los \u00faltimos cinco a\u00f1os hemos tenido un aumento de m\u00e1s del 20% en la cantidad de acad\u00e9micos investigadores\u201d - Investiga UANDES\" \/>\n<meta property=\"og:description\" content=\"Patrick Horn, decano de la Facultad de Ingenier\u00eda y Ciencias Aplicadas, destaca el desarrollo de proyectos de alto nivel acad\u00e9mico y cient\u00edfico que se realiza entre distintas universidades, la industria y el gobierno, para ofrecer soluciones reales a los desaf\u00edos de Chile.\" \/>\n<meta property=\"og:url\" content=\"https:\/\/investiga.uandes.cl\/en\/in-the-last-five-years-we-have-had-an-increase-of-more-than-20-percent-in-the-number-of-research-academics\/\" \/>\n<meta property=\"og:site_name\" content=\"Investiga UANDES\" \/>\n<meta property=\"article:published_time\" content=\"2025-03-26T16:30:23+00:00\" \/>\n<meta property=\"article:modified_time\" content=\"2025-03-27T19:27:34+00:00\" \/>\n<meta property=\"og:image\" content=\"https:\/\/investiga.uandes.cl\/wp-content\/uploads\/2025\/03\/Patrick-Horn.jpg\" \/>\n\t<meta property=\"og:image:width\" content=\"1850\" \/>\n\t<meta property=\"og:image:height\" content=\"550\" \/>\n\t<meta property=\"og:image:type\" content=\"image\/jpeg\" \/>\n<meta name=\"author\" content=\"Marisol Grisanti\" \/>\n<meta name=\"twitter:card\" content=\"summary_large_image\" \/>\n<meta name=\"twitter:label1\" content=\"Written by\" \/>\n\t<meta name=\"twitter:data1\" content=\"Marisol Grisanti\" \/>\n\t<meta name=\"twitter:label2\" content=\"Est. reading time\" \/>\n\t<meta name=\"twitter:data2\" content=\"2 minutes\" \/>\n<script type=\"application\/ld+json\" class=\"yoast-schema-graph\">{\"@context\":\"https:\/\/schema.org\",\"@graph\":[{\"@type\":\"Article\",\"@id\":\"https:\/\/investiga.uandes.cl\/en-los-ultimos-cinco-anos-hemos-tenido-un-aumento-de-mas-del-20-en-la-cantidad-de-academicos-investigadores\/#article\",\"isPartOf\":{\"@id\":\"https:\/\/investiga.uandes.cl\/en-los-ultimos-cinco-anos-hemos-tenido-un-aumento-de-mas-del-20-en-la-cantidad-de-academicos-investigadores\/\"},\"author\":{\"name\":\"Marisol Grisanti\",\"@id\":\"https:\/\/investiga.uandes.cl\/#\/schema\/person\/a6d3757d4cdc75cceb38c3560655edc3\"},\"headline\":\"\u201cEn los \u00faltimos cinco a\u00f1os hemos tenido un aumento de m\u00e1s del 20% en la cantidad de acad\u00e9micos investigadores\u201d\",\"datePublished\":\"2025-03-26T16:30:23+00:00\",\"dateModified\":\"2025-03-27T19:27:34+00:00\",\"mainEntityOfPage\":{\"@id\":\"https:\/\/investiga.uandes.cl\/en-los-ultimos-cinco-anos-hemos-tenido-un-aumento-de-mas-del-20-en-la-cantidad-de-academicos-investigadores\/\"},\"wordCount\":458,\"publisher\":{\"@id\":\"https:\/\/investiga.uandes.cl\/#organization\"},\"image\":{\"@id\":\"https:\/\/investiga.uandes.cl\/en-los-ultimos-cinco-anos-hemos-tenido-un-aumento-de-mas-del-20-en-la-cantidad-de-academicos-investigadores\/#primaryimage\"},\"thumbnailUrl\":\"https:\/\/investiga.uandes.cl\/wp-content\/uploads\/2025\/03\/Patrick-Horn.jpg\",\"articleSection\":[\"Ciencia y Tecnolog\u00eda\"],\"inLanguage\":\"en-US\"},{\"@type\":\"WebPage\",\"@id\":\"https:\/\/investiga.uandes.cl\/en-los-ultimos-cinco-anos-hemos-tenido-un-aumento-de-mas-del-20-en-la-cantidad-de-academicos-investigadores\/\",\"url\":\"https:\/\/investiga.uandes.cl\/en-los-ultimos-cinco-anos-hemos-tenido-un-aumento-de-mas-del-20-en-la-cantidad-de-academicos-investigadores\/\",\"name\":\"\u201cEn los \u00faltimos cinco a\u00f1os hemos tenido un aumento de m\u00e1s del 20% en la cantidad de acad\u00e9micos investigadores\u201d - Investiga UANDES\",\"isPartOf\":{\"@id\":\"https:\/\/investiga.uandes.cl\/#website\"},\"primaryImageOfPage\":{\"@id\":\"https:\/\/investiga.uandes.cl\/en-los-ultimos-cinco-anos-hemos-tenido-un-aumento-de-mas-del-20-en-la-cantidad-de-academicos-investigadores\/#primaryimage\"},\"image\":{\"@id\":\"https:\/\/investiga.uandes.cl\/en-los-ultimos-cinco-anos-hemos-tenido-un-aumento-de-mas-del-20-en-la-cantidad-de-academicos-investigadores\/#primaryimage\"},\"thumbnailUrl\":\"https:\/\/investiga.uandes.cl\/wp-content\/uploads\/2025\/03\/Patrick-Horn.jpg\",\"datePublished\":\"2025-03-26T16:30:23+00:00\",\"dateModified\":\"2025-03-27T19:27:34+00:00\",\"breadcrumb\":{\"@id\":\"https:\/\/investiga.uandes.cl\/en-los-ultimos-cinco-anos-hemos-tenido-un-aumento-de-mas-del-20-en-la-cantidad-de-academicos-investigadores\/#breadcrumb\"},\"inLanguage\":\"en-US\",\"potentialAction\":[{\"@type\":\"ReadAction\",\"target\":[\"https:\/\/investiga.uandes.cl\/en-los-ultimos-cinco-anos-hemos-tenido-un-aumento-de-mas-del-20-en-la-cantidad-de-academicos-investigadores\/\"]}]},{\"@type\":\"ImageObject\",\"inLanguage\":\"en-US\",\"@id\":\"https:\/\/investiga.uandes.cl\/en-los-ultimos-cinco-anos-hemos-tenido-un-aumento-de-mas-del-20-en-la-cantidad-de-academicos-investigadores\/#primaryimage\",\"url\":\"https:\/\/investiga.uandes.cl\/wp-content\/uploads\/2025\/03\/Patrick-Horn.jpg\",\"contentUrl\":\"https:\/\/investiga.uandes.cl\/wp-content\/uploads\/2025\/03\/Patrick-Horn.jpg\",\"width\":1850,\"height\":550},{\"@type\":\"BreadcrumbList\",\"@id\":\"https:\/\/investiga.uandes.cl\/en-los-ultimos-cinco-anos-hemos-tenido-un-aumento-de-mas-del-20-en-la-cantidad-de-academicos-investigadores\/#breadcrumb\",\"itemListElement\":[{\"@type\":\"ListItem\",\"position\":1,\"name\":\"Portada\",\"item\":\"https:\/\/investiga.uandes.cl\/\"},{\"@type\":\"ListItem\",\"position\":2,\"name\":\"\u201cEn los \u00faltimos cinco a\u00f1os hemos tenido un aumento de m\u00e1s del 20% en la cantidad de acad\u00e9micos investigadores\u201d\"}]},{\"@type\":\"WebSite\",\"@id\":\"https:\/\/investiga.uandes.cl\/#website\",\"url\":\"https:\/\/investiga.uandes.cl\/\",\"name\":\"Investiga UANDES\",\"description\":\"Investigaci\u00f3n, Universidad de los Andes\",\"publisher\":{\"@id\":\"https:\/\/investiga.uandes.cl\/#organization\"},\"potentialAction\":[{\"@type\":\"SearchAction\",\"target\":{\"@type\":\"EntryPoint\",\"urlTemplate\":\"https:\/\/investiga.uandes.cl\/?s={search_term_string}\"},\"query-input\":{\"@type\":\"PropertyValueSpecification\",\"valueRequired\":true,\"valueName\":\"search_term_string\"}}],\"inLanguage\":\"en-US\"},{\"@type\":\"Organization\",\"@id\":\"https:\/\/investiga.uandes.cl\/#organization\",\"name\":\"Investiga UANDES\",\"url\":\"https:\/\/investiga.uandes.cl\/\",\"logo\":{\"@type\":\"ImageObject\",\"inLanguage\":\"en-US\",\"@id\":\"https:\/\/investiga.uandes.cl\/#\/schema\/logo\/image\/\",\"url\":\"https:\/\/investiga.uandes.cl\/wp-content\/uploads\/2025\/03\/investiga_uandes.jpg\",\"contentUrl\":\"https:\/\/investiga.uandes.cl\/wp-content\/uploads\/2025\/03\/investiga_uandes.jpg\",\"width\":2000,\"height\":771,\"caption\":\"Investiga UANDES\"},\"image\":{\"@id\":\"https:\/\/investiga.uandes.cl\/#\/schema\/logo\/image\/\"}},{\"@type\":\"Person\",\"@id\":\"https:\/\/investiga.uandes.cl\/#\/schema\/person\/a6d3757d4cdc75cceb38c3560655edc3\",\"name\":\"Marisol Grisanti\",\"url\":\"https:\/\/investiga.uandes.cl\/en\/author\/mgrisanti\/\"}]}<\/script>\n<!-- \/ Yoast SEO plugin. -->","yoast_head_json":{"title":"\u201cEn los \u00faltimos cinco a\u00f1os hemos tenido un aumento de m\u00e1s del 20% en la cantidad de acad\u00e9micos investigadores\u201d - Investiga UANDES","robots":{"index":"index","follow":"follow","max-snippet":"max-snippet:-1","max-image-preview":"max-image-preview:large","max-video-preview":"max-video-preview:-1"},"canonical":"https:\/\/investiga.uandes.cl\/en\/in-the-last-five-years-we-have-had-an-increase-of-more-than-20-percent-in-the-number-of-research-academics\/","og_locale":"en_US","og_type":"article","og_title":"\u201cEn los \u00faltimos cinco a\u00f1os hemos tenido un aumento de m\u00e1s del 20% en la cantidad de acad\u00e9micos investigadores\u201d - Investiga UANDES","og_description":"Patrick Horn, decano de la Facultad de Ingenier\u00eda y Ciencias Aplicadas, destaca el desarrollo de proyectos de alto nivel acad\u00e9mico y cient\u00edfico que se realiza entre distintas universidades, la industria y el gobierno, para ofrecer soluciones reales a los desaf\u00edos de Chile.","og_url":"https:\/\/investiga.uandes.cl\/en\/in-the-last-five-years-we-have-had-an-increase-of-more-than-20-percent-in-the-number-of-research-academics\/","og_site_name":"Investiga UANDES","article_published_time":"2025-03-26T16:30:23+00:00","article_modified_time":"2025-03-27T19:27:34+00:00","og_image":[{"width":1850,"height":550,"url":"https:\/\/investiga.uandes.cl\/wp-content\/uploads\/2025\/03\/Patrick-Horn.jpg","type":"image\/jpeg"}],"author":"Marisol Grisanti","twitter_card":"summary_large_image","twitter_misc":{"Written by":"Marisol Grisanti","Est. reading time":"2 minutes"},"schema":{"@context":"https:\/\/schema.org","@graph":[{"@type":"Article","@id":"https:\/\/investiga.uandes.cl\/en-los-ultimos-cinco-anos-hemos-tenido-un-aumento-de-mas-del-20-en-la-cantidad-de-academicos-investigadores\/#article","isPartOf":{"@id":"https:\/\/investiga.uandes.cl\/en-los-ultimos-cinco-anos-hemos-tenido-un-aumento-de-mas-del-20-en-la-cantidad-de-academicos-investigadores\/"},"author":{"name":"Marisol Grisanti","@id":"https:\/\/investiga.uandes.cl\/#\/schema\/person\/a6d3757d4cdc75cceb38c3560655edc3"},"headline":"\u201cEn los \u00faltimos cinco a\u00f1os hemos tenido un aumento de m\u00e1s del 20% en la cantidad de acad\u00e9micos investigadores\u201d","datePublished":"2025-03-26T16:30:23+00:00","dateModified":"2025-03-27T19:27:34+00:00","mainEntityOfPage":{"@id":"https:\/\/investiga.uandes.cl\/en-los-ultimos-cinco-anos-hemos-tenido-un-aumento-de-mas-del-20-en-la-cantidad-de-academicos-investigadores\/"},"wordCount":458,"publisher":{"@id":"https:\/\/investiga.uandes.cl\/#organization"},"image":{"@id":"https:\/\/investiga.uandes.cl\/en-los-ultimos-cinco-anos-hemos-tenido-un-aumento-de-mas-del-20-en-la-cantidad-de-academicos-investigadores\/#primaryimage"},"thumbnailUrl":"https:\/\/investiga.uandes.cl\/wp-content\/uploads\/2025\/03\/Patrick-Horn.jpg","articleSection":["Ciencia y Tecnolog\u00eda"],"inLanguage":"en-US"},{"@type":"WebPage","@id":"https:\/\/investiga.uandes.cl\/en-los-ultimos-cinco-anos-hemos-tenido-un-aumento-de-mas-del-20-en-la-cantidad-de-academicos-investigadores\/","url":"https:\/\/investiga.uandes.cl\/en-los-ultimos-cinco-anos-hemos-tenido-un-aumento-de-mas-del-20-en-la-cantidad-de-academicos-investigadores\/","name":"\u201cEn los \u00faltimos cinco a\u00f1os hemos tenido un aumento de m\u00e1s del 20% en la cantidad de acad\u00e9micos investigadores\u201d - Investiga UANDES","isPartOf":{"@id":"https:\/\/investiga.uandes.cl\/#website"},"primaryImageOfPage":{"@id":"https:\/\/investiga.uandes.cl\/en-los-ultimos-cinco-anos-hemos-tenido-un-aumento-de-mas-del-20-en-la-cantidad-de-academicos-investigadores\/#primaryimage"},"image":{"@id":"https:\/\/investiga.uandes.cl\/en-los-ultimos-cinco-anos-hemos-tenido-un-aumento-de-mas-del-20-en-la-cantidad-de-academicos-investigadores\/#primaryimage"},"thumbnailUrl":"https:\/\/investiga.uandes.cl\/wp-content\/uploads\/2025\/03\/Patrick-Horn.jpg","datePublished":"2025-03-26T16:30:23+00:00","dateModified":"2025-03-27T19:27:34+00:00","breadcrumb":{"@id":"https:\/\/investiga.uandes.cl\/en-los-ultimos-cinco-anos-hemos-tenido-un-aumento-de-mas-del-20-en-la-cantidad-de-academicos-investigadores\/#breadcrumb"},"inLanguage":"en-US","potentialAction":[{"@type":"ReadAction","target":["https:\/\/investiga.uandes.cl\/en-los-ultimos-cinco-anos-hemos-tenido-un-aumento-de-mas-del-20-en-la-cantidad-de-academicos-investigadores\/"]}]},{"@type":"ImageObject","inLanguage":"en-US","@id":"https:\/\/investiga.uandes.cl\/en-los-ultimos-cinco-anos-hemos-tenido-un-aumento-de-mas-del-20-en-la-cantidad-de-academicos-investigadores\/#primaryimage","url":"https:\/\/investiga.uandes.cl\/wp-content\/uploads\/2025\/03\/Patrick-Horn.jpg","contentUrl":"https:\/\/investiga.uandes.cl\/wp-content\/uploads\/2025\/03\/Patrick-Horn.jpg","width":1850,"height":550},{"@type":"BreadcrumbList","@id":"https:\/\/investiga.uandes.cl\/en-los-ultimos-cinco-anos-hemos-tenido-un-aumento-de-mas-del-20-en-la-cantidad-de-academicos-investigadores\/#breadcrumb","itemListElement":[{"@type":"ListItem","position":1,"name":"Portada","item":"https:\/\/investiga.uandes.cl\/"},{"@type":"ListItem","position":2,"name":"\u201cEn los \u00faltimos cinco a\u00f1os hemos tenido un aumento de m\u00e1s del 20% en la cantidad de acad\u00e9micos investigadores\u201d"}]},{"@type":"WebSite","@id":"https:\/\/investiga.uandes.cl\/#website","url":"https:\/\/investiga.uandes.cl\/","name":"Investiga UANDES","description":"Investigaci\u00f3n, Universidad de los Andes","publisher":{"@id":"https:\/\/investiga.uandes.cl\/#organization"},"potentialAction":[{"@type":"SearchAction","target":{"@type":"EntryPoint","urlTemplate":"https:\/\/investiga.uandes.cl\/?s={search_term_string}"},"query-input":{"@type":"PropertyValueSpecification","valueRequired":true,"valueName":"search_term_string"}}],"inLanguage":"en-US"},{"@type":"Organization","@id":"https:\/\/investiga.uandes.cl\/#organization","name":"Investiga UANDES","url":"https:\/\/investiga.uandes.cl\/","logo":{"@type":"ImageObject","inLanguage":"en-US","@id":"https:\/\/investiga.uandes.cl\/#\/schema\/logo\/image\/","url":"https:\/\/investiga.uandes.cl\/wp-content\/uploads\/2025\/03\/investiga_uandes.jpg","contentUrl":"https:\/\/investiga.uandes.cl\/wp-content\/uploads\/2025\/03\/investiga_uandes.jpg","width":2000,"height":771,"caption":"Investiga UANDES"},"image":{"@id":"https:\/\/investiga.uandes.cl\/#\/schema\/logo\/image\/"}},{"@type":"Person","@id":"https:\/\/investiga.uandes.cl\/#\/schema\/person\/a6d3757d4cdc75cceb38c3560655edc3","name":"Marisol Grisanti","url":"https:\/\/investiga.uandes.cl\/en\/author\/mgrisanti\/"}]}},"_links":{"self":[{"href":"https:\/\/investiga.uandes.cl\/en\/wp-json\/wp\/v2\/posts\/5402","targetHints":{"allow":["GET"]}}],"collection":[{"href":"https:\/\/investiga.uandes.cl\/en\/wp-json\/wp\/v2\/posts"}],"about":[{"href":"https:\/\/investiga.uandes.cl\/en\/wp-json\/wp\/v2\/types\/post"}],"author":[{"embeddable":true,"href":"https:\/\/investiga.uandes.cl\/en\/wp-json\/wp\/v2\/users\/3"}],"replies":[{"embeddable":true,"href":"https:\/\/investiga.uandes.cl\/en\/wp-json\/wp\/v2\/comments?post=5402"}],"version-history":[{"count":4,"href":"https:\/\/investiga.uandes.cl\/en\/wp-json\/wp\/v2\/posts\/5402\/revisions"}],"predecessor-version":[{"id":5444,"href":"https:\/\/investiga.uandes.cl\/en\/wp-json\/wp\/v2\/posts\/5402\/revisions\/5444"}],"wp:featuredmedia":[{"embeddable":true,"href":"https:\/\/investiga.uandes.cl\/en\/wp-json\/wp\/v2\/media\/5408"}],"wp:attachment":[{"href":"https:\/\/investiga.uandes.cl\/en\/wp-json\/wp\/v2\/media?parent=5402"}],"wp:term":[{"taxonomy":"category","embeddable":true,"href":"https:\/\/investiga.uandes.cl\/en\/wp-json\/wp\/v2\/categories?post=5402"},{"taxonomy":"post_tag","embeddable":true,"href":"https:\/\/investiga.uandes.cl\/en\/wp-json\/wp\/v2\/tags?post=5402"}],"curies":[{"name":"wp","href":"https:\/\/api.w.org\/{rel}","templated":true}]}}