{"id":4552,"date":"2025-02-26T13:02:45","date_gmt":"2025-02-26T16:02:45","guid":{"rendered":"https:\/\/test.uandes.cl\/?p=4552"},"modified":"2025-04-06T22:59:53","modified_gmt":"2025-04-07T01:59:53","slug":"dr-alejandra-chaparro-what-i-like-most-is-to-contribute-to-the-generation-of-knowledge-and-to-improve-the-quality-of-life-of-our-patients","status":"publish","type":"post","link":"https:\/\/investiga.uandes.cl\/en\/dr-alejandra-chaparro-what-i-like-most-is-to-contribute-to-the-generation-of-knowledge-and-to-improve-the-quality-of-life-of-our-patients\/","title":{"rendered":"Alejandra Chaparro: \"What I like most is contributing to the generation of knowledge and improving the quality of life of our patients.\""},"content":{"rendered":"<p>During her school years,&nbsp;<a href=\"https:\/\/www.uandes.cl\/personas\/alejandra-chaparro-padilla\/\">Dr. Alejandra Chaparro<\/a>&nbsp;thought that her vocation was connected to the humanities or the arts. It was in fourth grade when she discovered that she loved the world of biology and decided to study dentistry. <strong>\"Maybe because I wore braces for many years and listened to my orthodontists speak fondly of their profession, they traveled a lot to stay current and could organize their time<\/strong>,\" she explains.<\/p>\n\n\n\n<p>He began studying dentistry at&nbsp;<a href=\"https:\/\/www.uchile.cl\/\">Universidad de Chile<\/a>&nbsp;and later, at the same institution, she specialized in&nbsp;<strong>Periodontics<\/strong>This discipline studies the gums and how to restore health to the tissues that surround and support the teeth.&nbsp;<strong>\"I loved this specialty from the beginning because it combines basic science concepts with clinical development and surgical skills. In addition, you engage in a long-term relationship with the patient, which allows you to strengthen the bond of friendship with them,\"<\/strong>says Alejandra.<\/p>\n\n\n<div class=\"wp-block-image\">\n<figure class=\"alignright size-large is-resized\"><img loading=\"lazy\" decoding=\"async\" width=\"1024\" height=\"683\" src=\"https:\/\/test.uandes.cl\/wp-content\/uploads\/2025\/02\/MG_2865-1024x683.jpg\" alt=\"\" class=\"wp-image-4662\" style=\"width:516px;height:auto\" srcset=\"https:\/\/investiga.uandes.cl\/wp-content\/uploads\/2025\/02\/MG_2865-1024x683.jpg 1024w, https:\/\/investiga.uandes.cl\/wp-content\/uploads\/2025\/02\/MG_2865-300x200.jpg 300w, https:\/\/investiga.uandes.cl\/wp-content\/uploads\/2025\/02\/MG_2865-768x512.jpg 768w, https:\/\/investiga.uandes.cl\/wp-content\/uploads\/2025\/02\/MG_2865-1536x1024.jpg 1536w, https:\/\/investiga.uandes.cl\/wp-content\/uploads\/2025\/02\/MG_2865-2048x1365.jpg 2048w\" sizes=\"auto, (max-width: 1024px) 100vw, 1024px\" \/><\/figure>\n<\/div>\n\n\n<p>The professor\u2014who arrived at\u00a0<a href=\"https:\/\/www.uchile.cl\/\">UANDES<\/a>\u00a0about 18 years ago\u2014currently serves as Research Director of the School of Dentistry. She also teaches undergraduate, postgraduate, and in the Doctorate in Dental Sciences programs, in addition to conducting research in various projects.\u00a0<strong>\"Since I finished my specialty, the area that motivated me the most was to be able to investigate and help understand how gum inflammation\u2014which affects a significant part of the world's population and of our country\u2014 could be related to other diseases, such as cardiovascular disease, diabetes, autoimmune diseases or problems during pregnancy.\"<\/strong><\/p>\n\n\n\n<p>Alejandra adds that she has always enjoyed research.&nbsp;<strong>\"I really liked biology, immunology and genetics, but, in addition, I wanted to take care of patients and be able to help them, restoring their periodontal health,\"<\/strong>she says. The main line of research he is currently developing is the association between periodontal disease and other systemic pathologies and, among them, he explains that the one that has borne the most fruit is the relationship between periodontal disease and problems during pregnancy, such as pre-eclampsia and gestational diabetes, research he is carrying out in conjunction with the&nbsp;<a href=\"https:\/\/www.uandes.cl\/personas\/sebastian-illanes-lopez\/\">Dr. Sebasti\u00e1n Illanes<\/a>. Together they are also studying different biomarkers - substances that indicate a biological state - that allow early diagnosis or monitoring of different diseases in oral fluids.<\/p>\n\n\n\n<p>Alejandra is married and has three children<strong>. \"For women, it is still challenging to balance  all our activities. In my case, I am quite a perfectionist and I want everything to turn out well and, unfortunately, that is not an easy task and at times it has been very difficult for me to juggle everything, but nothing is impossible if you set your mind to it. I cannot imagine my life today without all my academic and professional development. In addition, I imagine that my children and husband are grateful to have a mother and wife who is happy and fulfilled in her work, because that happiness is transmitted and radiates outwards.\"<\/strong>.<\/p>\n\n\n\n<p>This professional development has allowed Alejandra to explore various lines of research and transmit knowledge to her undergraduate, graduate, and continuing education students.&nbsp;<strong>\"What I like most in the area of research is to contribute, even if it is just a small part, to the generation of knowledge in my discipline and to improve the quality of life of our patients,\"<\/strong>she comments on her role as a dentist and professor.&nbsp;<strong>\"Teaching, for me, is a passion that allows me to stay current and constantly study so that I can deliver the best of myself and the latest knowledge to our students. I also learn from them, and that&nbsp;<em>feedback&nbsp;<\/em>is very challenging and motivating,\"<\/strong>he concludes.<\/p>","protected":false},"excerpt":{"rendered":"<p>The professor and researcher of the School  of Dentistry has consolidated her professional development in the specialty of periodontics, which has allowed her to delve into various lines of research, teach undergraduate and postgraduate courses, and care for her patients in the Clinic of our University.<\/p>","protected":false},"author":5,"featured_media":4744,"comment_status":"closed","ping_status":"closed","sticky":false,"template":"","format":"standard","meta":{"inline_featured_image":false,"footnotes":""},"categories":[1],"tags":[27],"class_list":["post-4552","post","type-post","status-publish","format-standard","has-post-thumbnail","hentry","category-investigacion","tag-nuestros-investigadores"],"yoast_head":"<!-- This site is optimized with the Yoast SEO plugin v24.7 - https:\/\/yoast.com\/wordpress\/plugins\/seo\/ -->\n<title>Alejandra Chaparro: \u201cLo que m\u00e1s me gusta es contribuir a la generaci\u00f3n de conocimiento y a mejorar la calidad de vida de nuestros pacientes\u201d - Investiga UANDES<\/title>\n<meta name=\"robots\" content=\"index, follow, max-snippet:-1, max-image-preview:large, max-video-preview:-1\" \/>\n<link rel=\"canonical\" href=\"https:\/\/investiga.uandes.cl\/en\/dr-alejandra-chaparro-what-i-like-most-is-to-contribute-to-the-generation-of-knowledge-and-to-improve-the-quality-of-life-of-our-patients\/\" \/>\n<meta property=\"og:locale\" content=\"en_US\" \/>\n<meta property=\"og:type\" content=\"article\" \/>\n<meta property=\"og:title\" content=\"Alejandra Chaparro: \u201cLo que m\u00e1s me gusta es contribuir a la generaci\u00f3n de conocimiento y a mejorar la calidad de vida de nuestros pacientes\u201d - Investiga UANDES\" \/>\n<meta property=\"og:description\" content=\"La profesora e investigadora de la Facultad de Odontolog\u00eda ha consolidado su desarrollo profesional en la especialidad de periodoncia, que le ha permitido profundizar en diversas l\u00edneas de investigaci\u00f3n, docencia en pre y postgrado y dedicarse a sus pacientes en la Cl\u00ednica de nuestra Universidad.\" \/>\n<meta property=\"og:url\" content=\"https:\/\/investiga.uandes.cl\/en\/dr-alejandra-chaparro-what-i-like-most-is-to-contribute-to-the-generation-of-knowledge-and-to-improve-the-quality-of-life-of-our-patients\/\" \/>\n<meta property=\"og:site_name\" content=\"Investiga UANDES\" \/>\n<meta property=\"article:published_time\" content=\"2025-02-26T16:02:45+00:00\" \/>\n<meta property=\"article:modified_time\" content=\"2025-04-07T01:59:53+00:00\" \/>\n<meta property=\"og:image\" content=\"https:\/\/investiga.uandes.cl\/wp-content\/uploads\/2025\/02\/MG_4571-scaled.jpg\" \/>\n\t<meta property=\"og:image:width\" content=\"2560\" \/>\n\t<meta property=\"og:image:height\" content=\"1707\" \/>\n\t<meta property=\"og:image:type\" content=\"image\/jpeg\" \/>\n<meta name=\"author\" content=\"Florencia Moya\" \/>\n<meta name=\"twitter:card\" content=\"summary_large_image\" \/>\n<meta name=\"twitter:label1\" content=\"Written by\" \/>\n\t<meta name=\"twitter:data1\" content=\"Florencia Moya\" \/>\n\t<meta name=\"twitter:label2\" content=\"Est. reading time\" \/>\n\t<meta name=\"twitter:data2\" content=\"4 minutes\" \/>\n<script type=\"application\/ld+json\" class=\"yoast-schema-graph\">{\"@context\":\"https:\/\/schema.org\",\"@graph\":[{\"@type\":\"Article\",\"@id\":\"https:\/\/investiga.uandes.cl\/dra-alejandra-chaparro-lo-que-mas-me-gusta-es-contribuir-a-la-generacion-de-conocimientos-y-a-mejorar-la-calidad-de-vida-de-nuestros-pacientes\/#article\",\"isPartOf\":{\"@id\":\"https:\/\/investiga.uandes.cl\/dra-alejandra-chaparro-lo-que-mas-me-gusta-es-contribuir-a-la-generacion-de-conocimientos-y-a-mejorar-la-calidad-de-vida-de-nuestros-pacientes\/\"},\"author\":{\"name\":\"Florencia Moya\",\"@id\":\"https:\/\/investiga.uandes.cl\/#\/schema\/person\/ca5788ebe87b5a773bab00ec15521335\"},\"headline\":\"Alejandra Chaparro: \u201cLo que m\u00e1s me gusta es contribuir a la generaci\u00f3n de conocimiento y a mejorar la calidad de vida de nuestros pacientes\u201d\",\"datePublished\":\"2025-02-26T16:02:45+00:00\",\"dateModified\":\"2025-04-07T01:59:53+00:00\",\"mainEntityOfPage\":{\"@id\":\"https:\/\/investiga.uandes.cl\/dra-alejandra-chaparro-lo-que-mas-me-gusta-es-contribuir-a-la-generacion-de-conocimientos-y-a-mejorar-la-calidad-de-vida-de-nuestros-pacientes\/\"},\"wordCount\":678,\"publisher\":{\"@id\":\"https:\/\/investiga.uandes.cl\/#organization\"},\"image\":{\"@id\":\"https:\/\/investiga.uandes.cl\/dra-alejandra-chaparro-lo-que-mas-me-gusta-es-contribuir-a-la-generacion-de-conocimientos-y-a-mejorar-la-calidad-de-vida-de-nuestros-pacientes\/#primaryimage\"},\"thumbnailUrl\":\"https:\/\/investiga.uandes.cl\/wp-content\/uploads\/2025\/02\/MG_4571-scaled.jpg\",\"keywords\":[\"Nuestros Investigadores\"],\"articleSection\":[\"Investigaci\u00f3n\"],\"inLanguage\":\"en-US\"},{\"@type\":\"WebPage\",\"@id\":\"https:\/\/investiga.uandes.cl\/dra-alejandra-chaparro-lo-que-mas-me-gusta-es-contribuir-a-la-generacion-de-conocimientos-y-a-mejorar-la-calidad-de-vida-de-nuestros-pacientes\/\",\"url\":\"https:\/\/investiga.uandes.cl\/dra-alejandra-chaparro-lo-que-mas-me-gusta-es-contribuir-a-la-generacion-de-conocimientos-y-a-mejorar-la-calidad-de-vida-de-nuestros-pacientes\/\",\"name\":\"Alejandra Chaparro: \u201cLo que m\u00e1s me gusta es contribuir a la generaci\u00f3n de conocimiento y a mejorar la calidad de vida de nuestros pacientes\u201d - Investiga UANDES\",\"isPartOf\":{\"@id\":\"https:\/\/investiga.uandes.cl\/#website\"},\"primaryImageOfPage\":{\"@id\":\"https:\/\/investiga.uandes.cl\/dra-alejandra-chaparro-lo-que-mas-me-gusta-es-contribuir-a-la-generacion-de-conocimientos-y-a-mejorar-la-calidad-de-vida-de-nuestros-pacientes\/#primaryimage\"},\"image\":{\"@id\":\"https:\/\/investiga.uandes.cl\/dra-alejandra-chaparro-lo-que-mas-me-gusta-es-contribuir-a-la-generacion-de-conocimientos-y-a-mejorar-la-calidad-de-vida-de-nuestros-pacientes\/#primaryimage\"},\"thumbnailUrl\":\"https:\/\/investiga.uandes.cl\/wp-content\/uploads\/2025\/02\/MG_4571-scaled.jpg\",\"datePublished\":\"2025-02-26T16:02:45+00:00\",\"dateModified\":\"2025-04-07T01:59:53+00:00\",\"breadcrumb\":{\"@id\":\"https:\/\/investiga.uandes.cl\/dra-alejandra-chaparro-lo-que-mas-me-gusta-es-contribuir-a-la-generacion-de-conocimientos-y-a-mejorar-la-calidad-de-vida-de-nuestros-pacientes\/#breadcrumb\"},\"inLanguage\":\"en-US\",\"potentialAction\":[{\"@type\":\"ReadAction\",\"target\":[\"https:\/\/investiga.uandes.cl\/dra-alejandra-chaparro-lo-que-mas-me-gusta-es-contribuir-a-la-generacion-de-conocimientos-y-a-mejorar-la-calidad-de-vida-de-nuestros-pacientes\/\"]}]},{\"@type\":\"ImageObject\",\"inLanguage\":\"en-US\",\"@id\":\"https:\/\/investiga.uandes.cl\/dra-alejandra-chaparro-lo-que-mas-me-gusta-es-contribuir-a-la-generacion-de-conocimientos-y-a-mejorar-la-calidad-de-vida-de-nuestros-pacientes\/#primaryimage\",\"url\":\"https:\/\/investiga.uandes.cl\/wp-content\/uploads\/2025\/02\/MG_4571-scaled.jpg\",\"contentUrl\":\"https:\/\/investiga.uandes.cl\/wp-content\/uploads\/2025\/02\/MG_4571-scaled.jpg\",\"width\":2560,\"height\":1707},{\"@type\":\"BreadcrumbList\",\"@id\":\"https:\/\/investiga.uandes.cl\/dra-alejandra-chaparro-lo-que-mas-me-gusta-es-contribuir-a-la-generacion-de-conocimientos-y-a-mejorar-la-calidad-de-vida-de-nuestros-pacientes\/#breadcrumb\",\"itemListElement\":[{\"@type\":\"ListItem\",\"position\":1,\"name\":\"Portada\",\"item\":\"https:\/\/investiga.uandes.cl\/\"},{\"@type\":\"ListItem\",\"position\":2,\"name\":\"Alejandra Chaparro: \u201cLo que m\u00e1s me gusta es contribuir a la generaci\u00f3n de conocimiento y a mejorar la calidad de vida de nuestros pacientes\u201d\"}]},{\"@type\":\"WebSite\",\"@id\":\"https:\/\/investiga.uandes.cl\/#website\",\"url\":\"https:\/\/investiga.uandes.cl\/\",\"name\":\"Investiga UANDES\",\"description\":\"Investigaci\u00f3n, Universidad de los Andes\",\"publisher\":{\"@id\":\"https:\/\/investiga.uandes.cl\/#organization\"},\"potentialAction\":[{\"@type\":\"SearchAction\",\"target\":{\"@type\":\"EntryPoint\",\"urlTemplate\":\"https:\/\/investiga.uandes.cl\/?s={search_term_string}\"},\"query-input\":{\"@type\":\"PropertyValueSpecification\",\"valueRequired\":true,\"valueName\":\"search_term_string\"}}],\"inLanguage\":\"en-US\"},{\"@type\":\"Organization\",\"@id\":\"https:\/\/investiga.uandes.cl\/#organization\",\"name\":\"Investiga UANDES\",\"url\":\"https:\/\/investiga.uandes.cl\/\",\"logo\":{\"@type\":\"ImageObject\",\"inLanguage\":\"en-US\",\"@id\":\"https:\/\/investiga.uandes.cl\/#\/schema\/logo\/image\/\",\"url\":\"https:\/\/investiga.uandes.cl\/wp-content\/uploads\/2025\/03\/investiga_uandes.jpg\",\"contentUrl\":\"https:\/\/investiga.uandes.cl\/wp-content\/uploads\/2025\/03\/investiga_uandes.jpg\",\"width\":2000,\"height\":771,\"caption\":\"Investiga UANDES\"},\"image\":{\"@id\":\"https:\/\/investiga.uandes.cl\/#\/schema\/logo\/image\/\"}},{\"@type\":\"Person\",\"@id\":\"https:\/\/investiga.uandes.cl\/#\/schema\/person\/ca5788ebe87b5a773bab00ec15521335\",\"name\":\"Florencia Moya\",\"url\":\"https:\/\/investiga.uandes.cl\/en\/author\/fmoya\/\"}]}<\/script>\n<!-- \/ Yoast SEO plugin. -->","yoast_head_json":{"title":"Alejandra Chaparro: \u201cLo que m\u00e1s me gusta es contribuir a la generaci\u00f3n de conocimiento y a mejorar la calidad de vida de nuestros pacientes\u201d - Investiga UANDES","robots":{"index":"index","follow":"follow","max-snippet":"max-snippet:-1","max-image-preview":"max-image-preview:large","max-video-preview":"max-video-preview:-1"},"canonical":"https:\/\/investiga.uandes.cl\/en\/dr-alejandra-chaparro-what-i-like-most-is-to-contribute-to-the-generation-of-knowledge-and-to-improve-the-quality-of-life-of-our-patients\/","og_locale":"en_US","og_type":"article","og_title":"Alejandra Chaparro: \u201cLo que m\u00e1s me gusta es contribuir a la generaci\u00f3n de conocimiento y a mejorar la calidad de vida de nuestros pacientes\u201d - Investiga UANDES","og_description":"La profesora e investigadora de la Facultad de Odontolog\u00eda ha consolidado su desarrollo profesional en la especialidad de periodoncia, que le ha permitido profundizar en diversas l\u00edneas de investigaci\u00f3n, docencia en pre y postgrado y dedicarse a sus pacientes en la Cl\u00ednica de nuestra Universidad.","og_url":"https:\/\/investiga.uandes.cl\/en\/dr-alejandra-chaparro-what-i-like-most-is-to-contribute-to-the-generation-of-knowledge-and-to-improve-the-quality-of-life-of-our-patients\/","og_site_name":"Investiga UANDES","article_published_time":"2025-02-26T16:02:45+00:00","article_modified_time":"2025-04-07T01:59:53+00:00","og_image":[{"width":2560,"height":1707,"url":"https:\/\/investiga.uandes.cl\/wp-content\/uploads\/2025\/02\/MG_4571-scaled.jpg","type":"image\/jpeg"}],"author":"Florencia Moya","twitter_card":"summary_large_image","twitter_misc":{"Written by":"Florencia Moya","Est. reading time":"4 minutes"},"schema":{"@context":"https:\/\/schema.org","@graph":[{"@type":"Article","@id":"https:\/\/investiga.uandes.cl\/dra-alejandra-chaparro-lo-que-mas-me-gusta-es-contribuir-a-la-generacion-de-conocimientos-y-a-mejorar-la-calidad-de-vida-de-nuestros-pacientes\/#article","isPartOf":{"@id":"https:\/\/investiga.uandes.cl\/dra-alejandra-chaparro-lo-que-mas-me-gusta-es-contribuir-a-la-generacion-de-conocimientos-y-a-mejorar-la-calidad-de-vida-de-nuestros-pacientes\/"},"author":{"name":"Florencia Moya","@id":"https:\/\/investiga.uandes.cl\/#\/schema\/person\/ca5788ebe87b5a773bab00ec15521335"},"headline":"Alejandra Chaparro: \u201cLo que m\u00e1s me gusta es contribuir a la generaci\u00f3n de conocimiento y a mejorar la calidad de vida de nuestros pacientes\u201d","datePublished":"2025-02-26T16:02:45+00:00","dateModified":"2025-04-07T01:59:53+00:00","mainEntityOfPage":{"@id":"https:\/\/investiga.uandes.cl\/dra-alejandra-chaparro-lo-que-mas-me-gusta-es-contribuir-a-la-generacion-de-conocimientos-y-a-mejorar-la-calidad-de-vida-de-nuestros-pacientes\/"},"wordCount":678,"publisher":{"@id":"https:\/\/investiga.uandes.cl\/#organization"},"image":{"@id":"https:\/\/investiga.uandes.cl\/dra-alejandra-chaparro-lo-que-mas-me-gusta-es-contribuir-a-la-generacion-de-conocimientos-y-a-mejorar-la-calidad-de-vida-de-nuestros-pacientes\/#primaryimage"},"thumbnailUrl":"https:\/\/investiga.uandes.cl\/wp-content\/uploads\/2025\/02\/MG_4571-scaled.jpg","keywords":["Nuestros Investigadores"],"articleSection":["Investigaci\u00f3n"],"inLanguage":"en-US"},{"@type":"WebPage","@id":"https:\/\/investiga.uandes.cl\/dra-alejandra-chaparro-lo-que-mas-me-gusta-es-contribuir-a-la-generacion-de-conocimientos-y-a-mejorar-la-calidad-de-vida-de-nuestros-pacientes\/","url":"https:\/\/investiga.uandes.cl\/dra-alejandra-chaparro-lo-que-mas-me-gusta-es-contribuir-a-la-generacion-de-conocimientos-y-a-mejorar-la-calidad-de-vida-de-nuestros-pacientes\/","name":"Alejandra Chaparro: \u201cLo que m\u00e1s me gusta es contribuir a la generaci\u00f3n de conocimiento y a mejorar la calidad de vida de nuestros pacientes\u201d - Investiga UANDES","isPartOf":{"@id":"https:\/\/investiga.uandes.cl\/#website"},"primaryImageOfPage":{"@id":"https:\/\/investiga.uandes.cl\/dra-alejandra-chaparro-lo-que-mas-me-gusta-es-contribuir-a-la-generacion-de-conocimientos-y-a-mejorar-la-calidad-de-vida-de-nuestros-pacientes\/#primaryimage"},"image":{"@id":"https:\/\/investiga.uandes.cl\/dra-alejandra-chaparro-lo-que-mas-me-gusta-es-contribuir-a-la-generacion-de-conocimientos-y-a-mejorar-la-calidad-de-vida-de-nuestros-pacientes\/#primaryimage"},"thumbnailUrl":"https:\/\/investiga.uandes.cl\/wp-content\/uploads\/2025\/02\/MG_4571-scaled.jpg","datePublished":"2025-02-26T16:02:45+00:00","dateModified":"2025-04-07T01:59:53+00:00","breadcrumb":{"@id":"https:\/\/investiga.uandes.cl\/dra-alejandra-chaparro-lo-que-mas-me-gusta-es-contribuir-a-la-generacion-de-conocimientos-y-a-mejorar-la-calidad-de-vida-de-nuestros-pacientes\/#breadcrumb"},"inLanguage":"en-US","potentialAction":[{"@type":"ReadAction","target":["https:\/\/investiga.uandes.cl\/dra-alejandra-chaparro-lo-que-mas-me-gusta-es-contribuir-a-la-generacion-de-conocimientos-y-a-mejorar-la-calidad-de-vida-de-nuestros-pacientes\/"]}]},{"@type":"ImageObject","inLanguage":"en-US","@id":"https:\/\/investiga.uandes.cl\/dra-alejandra-chaparro-lo-que-mas-me-gusta-es-contribuir-a-la-generacion-de-conocimientos-y-a-mejorar-la-calidad-de-vida-de-nuestros-pacientes\/#primaryimage","url":"https:\/\/investiga.uandes.cl\/wp-content\/uploads\/2025\/02\/MG_4571-scaled.jpg","contentUrl":"https:\/\/investiga.uandes.cl\/wp-content\/uploads\/2025\/02\/MG_4571-scaled.jpg","width":2560,"height":1707},{"@type":"BreadcrumbList","@id":"https:\/\/investiga.uandes.cl\/dra-alejandra-chaparro-lo-que-mas-me-gusta-es-contribuir-a-la-generacion-de-conocimientos-y-a-mejorar-la-calidad-de-vida-de-nuestros-pacientes\/#breadcrumb","itemListElement":[{"@type":"ListItem","position":1,"name":"Portada","item":"https:\/\/investiga.uandes.cl\/"},{"@type":"ListItem","position":2,"name":"Alejandra Chaparro: \u201cLo que m\u00e1s me gusta es contribuir a la generaci\u00f3n de conocimiento y a mejorar la calidad de vida de nuestros pacientes\u201d"}]},{"@type":"WebSite","@id":"https:\/\/investiga.uandes.cl\/#website","url":"https:\/\/investiga.uandes.cl\/","name":"Investiga UANDES","description":"Investigaci\u00f3n, Universidad de los Andes","publisher":{"@id":"https:\/\/investiga.uandes.cl\/#organization"},"potentialAction":[{"@type":"SearchAction","target":{"@type":"EntryPoint","urlTemplate":"https:\/\/investiga.uandes.cl\/?s={search_term_string}"},"query-input":{"@type":"PropertyValueSpecification","valueRequired":true,"valueName":"search_term_string"}}],"inLanguage":"en-US"},{"@type":"Organization","@id":"https:\/\/investiga.uandes.cl\/#organization","name":"Investiga UANDES","url":"https:\/\/investiga.uandes.cl\/","logo":{"@type":"ImageObject","inLanguage":"en-US","@id":"https:\/\/investiga.uandes.cl\/#\/schema\/logo\/image\/","url":"https:\/\/investiga.uandes.cl\/wp-content\/uploads\/2025\/03\/investiga_uandes.jpg","contentUrl":"https:\/\/investiga.uandes.cl\/wp-content\/uploads\/2025\/03\/investiga_uandes.jpg","width":2000,"height":771,"caption":"Investiga UANDES"},"image":{"@id":"https:\/\/investiga.uandes.cl\/#\/schema\/logo\/image\/"}},{"@type":"Person","@id":"https:\/\/investiga.uandes.cl\/#\/schema\/person\/ca5788ebe87b5a773bab00ec15521335","name":"Florencia Moya","url":"https:\/\/investiga.uandes.cl\/en\/author\/fmoya\/"}]}},"_links":{"self":[{"href":"https:\/\/investiga.uandes.cl\/en\/wp-json\/wp\/v2\/posts\/4552","targetHints":{"allow":["GET"]}}],"collection":[{"href":"https:\/\/investiga.uandes.cl\/en\/wp-json\/wp\/v2\/posts"}],"about":[{"href":"https:\/\/investiga.uandes.cl\/en\/wp-json\/wp\/v2\/types\/post"}],"author":[{"embeddable":true,"href":"https:\/\/investiga.uandes.cl\/en\/wp-json\/wp\/v2\/users\/5"}],"replies":[{"embeddable":true,"href":"https:\/\/investiga.uandes.cl\/en\/wp-json\/wp\/v2\/comments?post=4552"}],"version-history":[{"count":6,"href":"https:\/\/investiga.uandes.cl\/en\/wp-json\/wp\/v2\/posts\/4552\/revisions"}],"predecessor-version":[{"id":5508,"href":"https:\/\/investiga.uandes.cl\/en\/wp-json\/wp\/v2\/posts\/4552\/revisions\/5508"}],"wp:featuredmedia":[{"embeddable":true,"href":"https:\/\/investiga.uandes.cl\/en\/wp-json\/wp\/v2\/media\/4744"}],"wp:attachment":[{"href":"https:\/\/investiga.uandes.cl\/en\/wp-json\/wp\/v2\/media?parent=4552"}],"wp:term":[{"taxonomy":"category","embeddable":true,"href":"https:\/\/investiga.uandes.cl\/en\/wp-json\/wp\/v2\/categories?post=4552"},{"taxonomy":"post_tag","embeddable":true,"href":"https:\/\/investiga.uandes.cl\/en\/wp-json\/wp\/v2\/tags?post=4552"}],"curies":[{"name":"wp","href":"https:\/\/api.w.org\/{rel}","templated":true}]}}