{"id":4523,"date":"2025-02-20T12:21:00","date_gmt":"2025-02-20T15:21:00","guid":{"rendered":"https:\/\/test.uandes.cl\/?p=4523"},"modified":"2025-06-12T13:10:25","modified_gmt":"2025-06-12T16:10:25","slug":"sign-center-researcher-awarded-fondecyt-2025-initiation-grant","status":"publish","type":"post","link":"https:\/\/investiga.uandes.cl\/en\/sign-center-researcher-awarded-fondecyt-2025-initiation-grant\/","title":{"rendered":"Gabriela Caviedes to analyze the feminist ethics of care from the perspective of Derridian philosophy."},"content":{"rendered":"<p>Dr. Gabriela Caviedes, a researcher at Signos Center, has been awarded a Fondecyt Initiation 2025 grant for her research project entitled,<strong>\"Justice and Interdependence: Feminist Ethics of Care from the Perspective of Derrida's Ethics.<\/strong>\"<\/p>\n\n\n\n<blockquote class=\"wp-block-quote is-layout-flow wp-block-quote-is-layout-flow\">\n<p>The academic explains that \"the project is based on the fact that, during the last decades, the thought of the French philosopher Jacques Derrida has served queer feminist theory to argue against sexual duality in favor of the deconstruction of the binary.\" <\/p>\n<\/blockquote>\n\n\n\n<p>Given this premise, Gabriela elaborates her research question: Since Derrida's philosophy is very broad, is it possible to link it with other traditions of feminist thought that do not consider themselves postmodern, that do not seek to deconstruct the sexual binary, but even seek to affirm it?<\/p>\n\n\n\n<p>Her hypothesis is that this is possible through the ethics of care. As she argues in her project, certain aspects of Derrida's philosophy are compatible with feminist care ethics. In addition to being compatible, integrating Derrida's perspective makes it possible to resolve some tensions experienced by different branches within the ethics of care. While some emphasize the need for dyadic interdependence between caregiver and the person being cared for, others think that this vision is too restricted and are in favor of a social justice that integrates care policies at the state level.<\/p>\n\n\n\n<p>The integration of Derrida's vision offers two fundamental contributions: identifying which practices do not constitute true care and; to understand the basis of the justice\/interdependence tension. This work opens new avenues for the application of Derrida's thought in feminist theory, at a time that seems to mark the beginning of the decline of queer theory. Simultaneously, it provides a theoretical unity to branches of care feminism that today seem divided by their premises.<\/p>","protected":false},"excerpt":{"rendered":"<p>According to the researcher, certain aspects of Derrida's philosophy are compatible with the feminist ethic of care.<\/p>","protected":false},"author":1,"featured_media":4527,"comment_status":"closed","ping_status":"closed","sticky":false,"template":"","format":"standard","meta":{"inline_featured_image":false,"footnotes":""},"categories":[28],"tags":[38],"class_list":["post-4523","post","type-post","status-publish","format-standard","has-post-thumbnail","hentry","category-nuevos-proyectos","tag-38"],"yoast_head":"<!-- This site is optimized with the Yoast SEO plugin v24.7 - https:\/\/yoast.com\/wordpress\/plugins\/seo\/ -->\n<title>Gabriela Caviedes aborda la \u00e9tica feminista del cuidado desde la perspectiva de la filosof\u00eda derridiana - Investiga UANDES<\/title>\n<meta name=\"robots\" content=\"index, follow, max-snippet:-1, max-image-preview:large, max-video-preview:-1\" \/>\n<link rel=\"canonical\" href=\"https:\/\/investiga.uandes.cl\/en\/sign-center-researcher-awarded-fondecyt-2025-initiation-grant\/\" \/>\n<meta property=\"og:locale\" content=\"en_US\" \/>\n<meta property=\"og:type\" content=\"article\" \/>\n<meta property=\"og:title\" content=\"Gabriela Caviedes aborda la \u00e9tica feminista del cuidado desde la perspectiva de la filosof\u00eda derridiana - Investiga UANDES\" \/>\n<meta property=\"og:description\" content=\"Seg\u00fan la investigadora ciertos aspectos de la filosof\u00eda de Derrida son compatibles con la \u00e9tica del cuidado feminista\" \/>\n<meta property=\"og:url\" content=\"https:\/\/investiga.uandes.cl\/en\/sign-center-researcher-awarded-fondecyt-2025-initiation-grant\/\" \/>\n<meta property=\"og:site_name\" content=\"Investiga UANDES\" \/>\n<meta property=\"article:published_time\" content=\"2025-02-20T15:21:00+00:00\" \/>\n<meta property=\"article:modified_time\" content=\"2025-06-12T16:10:25+00:00\" \/>\n<meta property=\"og:image\" content=\"https:\/\/investiga.uandes.cl\/wp-content\/uploads\/2025\/02\/Gabriela-Caviedes-.jpg\" \/>\n\t<meta property=\"og:image:width\" content=\"1411\" \/>\n\t<meta property=\"og:image:height\" content=\"934\" \/>\n\t<meta property=\"og:image:type\" content=\"image\/jpeg\" \/>\n<meta name=\"author\" content=\"Universidad de los Andes\" \/>\n<meta name=\"twitter:card\" content=\"summary_large_image\" \/>\n<meta name=\"twitter:label1\" content=\"Written by\" \/>\n\t<meta name=\"twitter:data1\" content=\"Universidad de los Andes\" \/>\n\t<meta name=\"twitter:label2\" content=\"Est. reading time\" \/>\n\t<meta name=\"twitter:data2\" content=\"2 minutes\" \/>\n<script type=\"application\/ld+json\" class=\"yoast-schema-graph\">{\"@context\":\"https:\/\/schema.org\",\"@graph\":[{\"@type\":\"Article\",\"@id\":\"https:\/\/investiga.uandes.cl\/investigadora-del-centro-signos-se-adjudica-fondecyt-de-iniciacion-2025\/#article\",\"isPartOf\":{\"@id\":\"https:\/\/investiga.uandes.cl\/investigadora-del-centro-signos-se-adjudica-fondecyt-de-iniciacion-2025\/\"},\"author\":{\"name\":\"Universidad de los Andes\",\"@id\":\"https:\/\/investiga.uandes.cl\/#\/schema\/person\/98e4042261f6d20b73b4e8cae8ff4495\"},\"headline\":\"Gabriela Caviedes aborda la \u00e9tica feminista del cuidado desde la perspectiva de la filosof\u00eda derridiana\",\"datePublished\":\"2025-02-20T15:21:00+00:00\",\"dateModified\":\"2025-06-12T16:10:25+00:00\",\"mainEntityOfPage\":{\"@id\":\"https:\/\/investiga.uandes.cl\/investigadora-del-centro-signos-se-adjudica-fondecyt-de-iniciacion-2025\/\"},\"wordCount\":335,\"publisher\":{\"@id\":\"https:\/\/investiga.uandes.cl\/#organization\"},\"image\":{\"@id\":\"https:\/\/investiga.uandes.cl\/investigadora-del-centro-signos-se-adjudica-fondecyt-de-iniciacion-2025\/#primaryimage\"},\"thumbnailUrl\":\"https:\/\/investiga.uandes.cl\/wp-content\/uploads\/2025\/02\/Gabriela-Caviedes-.jpg\",\"keywords\":[\"14\"],\"articleSection\":[\"Nuevos Proyectos\"],\"inLanguage\":\"en-US\"},{\"@type\":\"WebPage\",\"@id\":\"https:\/\/investiga.uandes.cl\/investigadora-del-centro-signos-se-adjudica-fondecyt-de-iniciacion-2025\/\",\"url\":\"https:\/\/investiga.uandes.cl\/investigadora-del-centro-signos-se-adjudica-fondecyt-de-iniciacion-2025\/\",\"name\":\"Gabriela Caviedes aborda la \u00e9tica feminista del cuidado desde la perspectiva de la filosof\u00eda derridiana - Investiga UANDES\",\"isPartOf\":{\"@id\":\"https:\/\/investiga.uandes.cl\/#website\"},\"primaryImageOfPage\":{\"@id\":\"https:\/\/investiga.uandes.cl\/investigadora-del-centro-signos-se-adjudica-fondecyt-de-iniciacion-2025\/#primaryimage\"},\"image\":{\"@id\":\"https:\/\/investiga.uandes.cl\/investigadora-del-centro-signos-se-adjudica-fondecyt-de-iniciacion-2025\/#primaryimage\"},\"thumbnailUrl\":\"https:\/\/investiga.uandes.cl\/wp-content\/uploads\/2025\/02\/Gabriela-Caviedes-.jpg\",\"datePublished\":\"2025-02-20T15:21:00+00:00\",\"dateModified\":\"2025-06-12T16:10:25+00:00\",\"breadcrumb\":{\"@id\":\"https:\/\/investiga.uandes.cl\/investigadora-del-centro-signos-se-adjudica-fondecyt-de-iniciacion-2025\/#breadcrumb\"},\"inLanguage\":\"en-US\",\"potentialAction\":[{\"@type\":\"ReadAction\",\"target\":[\"https:\/\/investiga.uandes.cl\/investigadora-del-centro-signos-se-adjudica-fondecyt-de-iniciacion-2025\/\"]}]},{\"@type\":\"ImageObject\",\"inLanguage\":\"en-US\",\"@id\":\"https:\/\/investiga.uandes.cl\/investigadora-del-centro-signos-se-adjudica-fondecyt-de-iniciacion-2025\/#primaryimage\",\"url\":\"https:\/\/investiga.uandes.cl\/wp-content\/uploads\/2025\/02\/Gabriela-Caviedes-.jpg\",\"contentUrl\":\"https:\/\/investiga.uandes.cl\/wp-content\/uploads\/2025\/02\/Gabriela-Caviedes-.jpg\",\"width\":1411,\"height\":934},{\"@type\":\"BreadcrumbList\",\"@id\":\"https:\/\/investiga.uandes.cl\/investigadora-del-centro-signos-se-adjudica-fondecyt-de-iniciacion-2025\/#breadcrumb\",\"itemListElement\":[{\"@type\":\"ListItem\",\"position\":1,\"name\":\"Portada\",\"item\":\"https:\/\/investiga.uandes.cl\/\"},{\"@type\":\"ListItem\",\"position\":2,\"name\":\"Gabriela Caviedes aborda la \u00e9tica feminista del cuidado desde la perspectiva de la filosof\u00eda derridiana\"}]},{\"@type\":\"WebSite\",\"@id\":\"https:\/\/investiga.uandes.cl\/#website\",\"url\":\"https:\/\/investiga.uandes.cl\/\",\"name\":\"Investiga UANDES\",\"description\":\"Investigaci\u00f3n, Universidad de los Andes\",\"publisher\":{\"@id\":\"https:\/\/investiga.uandes.cl\/#organization\"},\"potentialAction\":[{\"@type\":\"SearchAction\",\"target\":{\"@type\":\"EntryPoint\",\"urlTemplate\":\"https:\/\/investiga.uandes.cl\/?s={search_term_string}\"},\"query-input\":{\"@type\":\"PropertyValueSpecification\",\"valueRequired\":true,\"valueName\":\"search_term_string\"}}],\"inLanguage\":\"en-US\"},{\"@type\":\"Organization\",\"@id\":\"https:\/\/investiga.uandes.cl\/#organization\",\"name\":\"Investiga UANDES\",\"url\":\"https:\/\/investiga.uandes.cl\/\",\"logo\":{\"@type\":\"ImageObject\",\"inLanguage\":\"en-US\",\"@id\":\"https:\/\/investiga.uandes.cl\/#\/schema\/logo\/image\/\",\"url\":\"https:\/\/investiga.uandes.cl\/wp-content\/uploads\/2025\/03\/investiga_uandes.jpg\",\"contentUrl\":\"https:\/\/investiga.uandes.cl\/wp-content\/uploads\/2025\/03\/investiga_uandes.jpg\",\"width\":2000,\"height\":771,\"caption\":\"Investiga UANDES\"},\"image\":{\"@id\":\"https:\/\/investiga.uandes.cl\/#\/schema\/logo\/image\/\"}},{\"@type\":\"Person\",\"@id\":\"https:\/\/investiga.uandes.cl\/#\/schema\/person\/98e4042261f6d20b73b4e8cae8ff4495\",\"name\":\"Universidad de los Andes\",\"sameAs\":[\"https:\/\/test.uandes.cl\"],\"url\":\"https:\/\/investiga.uandes.cl\/en\/author\/admin\/\"}]}<\/script>\n<!-- \/ Yoast SEO plugin. -->","yoast_head_json":{"title":"Gabriela Caviedes aborda la \u00e9tica feminista del cuidado desde la perspectiva de la filosof\u00eda derridiana - Investiga UANDES","robots":{"index":"index","follow":"follow","max-snippet":"max-snippet:-1","max-image-preview":"max-image-preview:large","max-video-preview":"max-video-preview:-1"},"canonical":"https:\/\/investiga.uandes.cl\/en\/sign-center-researcher-awarded-fondecyt-2025-initiation-grant\/","og_locale":"en_US","og_type":"article","og_title":"Gabriela Caviedes aborda la \u00e9tica feminista del cuidado desde la perspectiva de la filosof\u00eda derridiana - Investiga UANDES","og_description":"Seg\u00fan la investigadora ciertos aspectos de la filosof\u00eda de Derrida son compatibles con la \u00e9tica del cuidado feminista","og_url":"https:\/\/investiga.uandes.cl\/en\/sign-center-researcher-awarded-fondecyt-2025-initiation-grant\/","og_site_name":"Investiga UANDES","article_published_time":"2025-02-20T15:21:00+00:00","article_modified_time":"2025-06-12T16:10:25+00:00","og_image":[{"width":1411,"height":934,"url":"https:\/\/investiga.uandes.cl\/wp-content\/uploads\/2025\/02\/Gabriela-Caviedes-.jpg","type":"image\/jpeg"}],"author":"Universidad de los Andes","twitter_card":"summary_large_image","twitter_misc":{"Written by":"Universidad de los Andes","Est. reading time":"2 minutes"},"schema":{"@context":"https:\/\/schema.org","@graph":[{"@type":"Article","@id":"https:\/\/investiga.uandes.cl\/investigadora-del-centro-signos-se-adjudica-fondecyt-de-iniciacion-2025\/#article","isPartOf":{"@id":"https:\/\/investiga.uandes.cl\/investigadora-del-centro-signos-se-adjudica-fondecyt-de-iniciacion-2025\/"},"author":{"name":"Universidad de los Andes","@id":"https:\/\/investiga.uandes.cl\/#\/schema\/person\/98e4042261f6d20b73b4e8cae8ff4495"},"headline":"Gabriela Caviedes aborda la \u00e9tica feminista del cuidado desde la perspectiva de la filosof\u00eda derridiana","datePublished":"2025-02-20T15:21:00+00:00","dateModified":"2025-06-12T16:10:25+00:00","mainEntityOfPage":{"@id":"https:\/\/investiga.uandes.cl\/investigadora-del-centro-signos-se-adjudica-fondecyt-de-iniciacion-2025\/"},"wordCount":335,"publisher":{"@id":"https:\/\/investiga.uandes.cl\/#organization"},"image":{"@id":"https:\/\/investiga.uandes.cl\/investigadora-del-centro-signos-se-adjudica-fondecyt-de-iniciacion-2025\/#primaryimage"},"thumbnailUrl":"https:\/\/investiga.uandes.cl\/wp-content\/uploads\/2025\/02\/Gabriela-Caviedes-.jpg","keywords":["14"],"articleSection":["Nuevos Proyectos"],"inLanguage":"en-US"},{"@type":"WebPage","@id":"https:\/\/investiga.uandes.cl\/investigadora-del-centro-signos-se-adjudica-fondecyt-de-iniciacion-2025\/","url":"https:\/\/investiga.uandes.cl\/investigadora-del-centro-signos-se-adjudica-fondecyt-de-iniciacion-2025\/","name":"Gabriela Caviedes aborda la \u00e9tica feminista del cuidado desde la perspectiva de la filosof\u00eda derridiana - Investiga UANDES","isPartOf":{"@id":"https:\/\/investiga.uandes.cl\/#website"},"primaryImageOfPage":{"@id":"https:\/\/investiga.uandes.cl\/investigadora-del-centro-signos-se-adjudica-fondecyt-de-iniciacion-2025\/#primaryimage"},"image":{"@id":"https:\/\/investiga.uandes.cl\/investigadora-del-centro-signos-se-adjudica-fondecyt-de-iniciacion-2025\/#primaryimage"},"thumbnailUrl":"https:\/\/investiga.uandes.cl\/wp-content\/uploads\/2025\/02\/Gabriela-Caviedes-.jpg","datePublished":"2025-02-20T15:21:00+00:00","dateModified":"2025-06-12T16:10:25+00:00","breadcrumb":{"@id":"https:\/\/investiga.uandes.cl\/investigadora-del-centro-signos-se-adjudica-fondecyt-de-iniciacion-2025\/#breadcrumb"},"inLanguage":"en-US","potentialAction":[{"@type":"ReadAction","target":["https:\/\/investiga.uandes.cl\/investigadora-del-centro-signos-se-adjudica-fondecyt-de-iniciacion-2025\/"]}]},{"@type":"ImageObject","inLanguage":"en-US","@id":"https:\/\/investiga.uandes.cl\/investigadora-del-centro-signos-se-adjudica-fondecyt-de-iniciacion-2025\/#primaryimage","url":"https:\/\/investiga.uandes.cl\/wp-content\/uploads\/2025\/02\/Gabriela-Caviedes-.jpg","contentUrl":"https:\/\/investiga.uandes.cl\/wp-content\/uploads\/2025\/02\/Gabriela-Caviedes-.jpg","width":1411,"height":934},{"@type":"BreadcrumbList","@id":"https:\/\/investiga.uandes.cl\/investigadora-del-centro-signos-se-adjudica-fondecyt-de-iniciacion-2025\/#breadcrumb","itemListElement":[{"@type":"ListItem","position":1,"name":"Portada","item":"https:\/\/investiga.uandes.cl\/"},{"@type":"ListItem","position":2,"name":"Gabriela Caviedes aborda la \u00e9tica feminista del cuidado desde la perspectiva de la filosof\u00eda derridiana"}]},{"@type":"WebSite","@id":"https:\/\/investiga.uandes.cl\/#website","url":"https:\/\/investiga.uandes.cl\/","name":"Investiga UANDES","description":"Investigaci\u00f3n, Universidad de los Andes","publisher":{"@id":"https:\/\/investiga.uandes.cl\/#organization"},"potentialAction":[{"@type":"SearchAction","target":{"@type":"EntryPoint","urlTemplate":"https:\/\/investiga.uandes.cl\/?s={search_term_string}"},"query-input":{"@type":"PropertyValueSpecification","valueRequired":true,"valueName":"search_term_string"}}],"inLanguage":"en-US"},{"@type":"Organization","@id":"https:\/\/investiga.uandes.cl\/#organization","name":"Investiga UANDES","url":"https:\/\/investiga.uandes.cl\/","logo":{"@type":"ImageObject","inLanguage":"en-US","@id":"https:\/\/investiga.uandes.cl\/#\/schema\/logo\/image\/","url":"https:\/\/investiga.uandes.cl\/wp-content\/uploads\/2025\/03\/investiga_uandes.jpg","contentUrl":"https:\/\/investiga.uandes.cl\/wp-content\/uploads\/2025\/03\/investiga_uandes.jpg","width":2000,"height":771,"caption":"Investiga UANDES"},"image":{"@id":"https:\/\/investiga.uandes.cl\/#\/schema\/logo\/image\/"}},{"@type":"Person","@id":"https:\/\/investiga.uandes.cl\/#\/schema\/person\/98e4042261f6d20b73b4e8cae8ff4495","name":"Universidad de los Andes","sameAs":["https:\/\/test.uandes.cl"],"url":"https:\/\/investiga.uandes.cl\/en\/author\/admin\/"}]}},"_links":{"self":[{"href":"https:\/\/investiga.uandes.cl\/en\/wp-json\/wp\/v2\/posts\/4523","targetHints":{"allow":["GET"]}}],"collection":[{"href":"https:\/\/investiga.uandes.cl\/en\/wp-json\/wp\/v2\/posts"}],"about":[{"href":"https:\/\/investiga.uandes.cl\/en\/wp-json\/wp\/v2\/types\/post"}],"author":[{"embeddable":true,"href":"https:\/\/investiga.uandes.cl\/en\/wp-json\/wp\/v2\/users\/1"}],"replies":[{"embeddable":true,"href":"https:\/\/investiga.uandes.cl\/en\/wp-json\/wp\/v2\/comments?post=4523"}],"version-history":[{"count":6,"href":"https:\/\/investiga.uandes.cl\/en\/wp-json\/wp\/v2\/posts\/4523\/revisions"}],"predecessor-version":[{"id":5395,"href":"https:\/\/investiga.uandes.cl\/en\/wp-json\/wp\/v2\/posts\/4523\/revisions\/5395"}],"wp:featuredmedia":[{"embeddable":true,"href":"https:\/\/investiga.uandes.cl\/en\/wp-json\/wp\/v2\/media\/4527"}],"wp:attachment":[{"href":"https:\/\/investiga.uandes.cl\/en\/wp-json\/wp\/v2\/media?parent=4523"}],"wp:term":[{"taxonomy":"category","embeddable":true,"href":"https:\/\/investiga.uandes.cl\/en\/wp-json\/wp\/v2\/categories?post=4523"},{"taxonomy":"post_tag","embeddable":true,"href":"https:\/\/investiga.uandes.cl\/en\/wp-json\/wp\/v2\/tags?post=4523"}],"curies":[{"name":"wp","href":"https:\/\/api.w.org\/{rel}","templated":true}]}}