{"id":4515,"date":"2025-02-26T12:18:09","date_gmt":"2025-02-26T15:18:09","guid":{"rendered":"https:\/\/test.uandes.cl\/?p=4515"},"modified":"2025-06-13T12:14:49","modified_gmt":"2025-06-13T15:14:49","slug":"karin-roa-is-awarded-fondecyt-to-investigate-the-social-status-in-the-visual-representation-of-kindergarten-teachers","status":"publish","type":"post","link":"https:\/\/investiga.uandes.cl\/en\/karin-roa-is-awarded-fondecyt-to-investigate-the-social-status-in-the-visual-representation-of-kindergarten-teachers\/","title":{"rendered":"Images of Kindergarten Teachers May Impact Career Attraction, Study Suggests"},"content":{"rendered":"<p>. <strong><a href=\"https:\/\/investigadores.uandes.cl\/en\/persons\/karin-alejandra-roa-tampe\/publications\/\">Karin Roa<\/a><\/strong>, an academic of the School of Education, is investigating the presence or absence of social status characteristics in the images of kindergarten teachers disseminated by various societal actors, including universities, state institutions, and individuals on social networks such as Instagram. The study seeks to deepen the understanding of the current low status of this profession and its impact on the attraction to teaching careers.<\/p>\n\n\n\n<p>The research is based on the award of a Fondecyt initiation project entitled,\u00a0<strong>\"Social Status in Visual Rhetoric in the Early Childhood Education Profession: An Interdisciplinary Study,\"<\/strong>funded by ANID.<\/p>\n\n\n\n<p>This new research is in addition to her current project as principal investigator \"<strong>Visual and verbal rhetoric about teachers in Chile: a study on social representations about the teaching profession,<\/strong>\" funded by a Spencer Foundation Grant (United States). In this study, the researcher examines the status characteristics that are visually disseminated in public communication about elementary and middle school teachers in Chile, seeking to understand, from the perspective of social status, the phenomena that explain the declining interest in the field of pedagogy.<\/p>","protected":false},"excerpt":{"rendered":"<p>The study led by School of Education scholar Karin Roa delves into understanding the current low status of the teaching profession and its impact on attraction to teaching careers.<\/p>","protected":false},"author":1,"featured_media":4518,"comment_status":"closed","ping_status":"closed","sticky":false,"template":"","format":"standard","meta":{"inline_featured_image":false,"footnotes":""},"categories":[28],"tags":[39],"class_list":["post-4515","post","type-post","status-publish","format-standard","has-post-thumbnail","hentry","category-nuevos-proyectos","tag-39"],"yoast_head":"<!-- This site is optimized with the Yoast SEO plugin v24.7 - https:\/\/yoast.com\/wordpress\/plugins\/seo\/ -->\n<title>Las im\u00e1genes que se difunden sobre los docentes de educaci\u00f3n parvularia podr\u00edan incidir en la atracci\u00f3n hacia las carreras de pedagog\u00eda - Investiga UANDES<\/title>\n<meta name=\"robots\" content=\"index, follow, max-snippet:-1, max-image-preview:large, max-video-preview:-1\" \/>\n<link rel=\"canonical\" href=\"https:\/\/investiga.uandes.cl\/en\/karin-roa-is-awarded-fondecyt-to-investigate-the-social-status-in-the-visual-representation-of-kindergarten-teachers\/\" \/>\n<meta property=\"og:locale\" content=\"en_US\" \/>\n<meta property=\"og:type\" content=\"article\" \/>\n<meta property=\"og:title\" content=\"Las im\u00e1genes que se difunden sobre los docentes de educaci\u00f3n parvularia podr\u00edan incidir en la atracci\u00f3n hacia las carreras de pedagog\u00eda - Investiga UANDES\" \/>\n<meta property=\"og:description\" content=\"El estudio liderado por la acad\u00e9mica de la Escuela de Educaci\u00f3n, Karin Roabusca profundiza en la comprensi\u00f3n del bajo estatus actual de la profesi\u00f3n docente y su impacto en la atracci\u00f3n hacia las carreras de pedagog\u00eda.\" \/>\n<meta property=\"og:url\" content=\"https:\/\/investiga.uandes.cl\/en\/karin-roa-is-awarded-fondecyt-to-investigate-the-social-status-in-the-visual-representation-of-kindergarten-teachers\/\" \/>\n<meta property=\"og:site_name\" content=\"Investiga UANDES\" \/>\n<meta property=\"article:published_time\" content=\"2025-02-26T15:18:09+00:00\" \/>\n<meta property=\"article:modified_time\" content=\"2025-06-13T15:14:49+00:00\" \/>\n<meta property=\"og:image\" content=\"https:\/\/investiga.uandes.cl\/wp-content\/uploads\/2025\/02\/Karin-Roa.jpg\" \/>\n\t<meta property=\"og:image:width\" content=\"1407\" \/>\n\t<meta property=\"og:image:height\" content=\"937\" \/>\n\t<meta property=\"og:image:type\" content=\"image\/jpeg\" \/>\n<meta name=\"author\" content=\"Universidad de los Andes\" \/>\n<meta name=\"twitter:card\" content=\"summary_large_image\" \/>\n<meta name=\"twitter:label1\" content=\"Written by\" \/>\n\t<meta name=\"twitter:data1\" content=\"Universidad de los Andes\" \/>\n\t<meta name=\"twitter:label2\" content=\"Est. reading time\" \/>\n\t<meta name=\"twitter:data2\" content=\"2 minutes\" \/>\n<script type=\"application\/ld+json\" class=\"yoast-schema-graph\">{\"@context\":\"https:\/\/schema.org\",\"@graph\":[{\"@type\":\"Article\",\"@id\":\"https:\/\/investiga.uandes.cl\/karin-roa-se-adjudica-fondecyt-de-iniciacion-para-investigar-el-estatus-social-en-la-representacion-visual-de-docentes-de-educacion-parvularia\/#article\",\"isPartOf\":{\"@id\":\"https:\/\/investiga.uandes.cl\/karin-roa-se-adjudica-fondecyt-de-iniciacion-para-investigar-el-estatus-social-en-la-representacion-visual-de-docentes-de-educacion-parvularia\/\"},\"author\":{\"name\":\"Universidad de los Andes\",\"@id\":\"https:\/\/investiga.uandes.cl\/#\/schema\/person\/98e4042261f6d20b73b4e8cae8ff4495\"},\"headline\":\"Las im\u00e1genes que se difunden sobre los docentes de educaci\u00f3n parvularia podr\u00edan incidir en la atracci\u00f3n hacia las carreras de pedagog\u00eda\",\"datePublished\":\"2025-02-26T15:18:09+00:00\",\"dateModified\":\"2025-06-13T15:14:49+00:00\",\"mainEntityOfPage\":{\"@id\":\"https:\/\/investiga.uandes.cl\/karin-roa-se-adjudica-fondecyt-de-iniciacion-para-investigar-el-estatus-social-en-la-representacion-visual-de-docentes-de-educacion-parvularia\/\"},\"wordCount\":233,\"publisher\":{\"@id\":\"https:\/\/investiga.uandes.cl\/#organization\"},\"image\":{\"@id\":\"https:\/\/investiga.uandes.cl\/karin-roa-se-adjudica-fondecyt-de-iniciacion-para-investigar-el-estatus-social-en-la-representacion-visual-de-docentes-de-educacion-parvularia\/#primaryimage\"},\"thumbnailUrl\":\"https:\/\/investiga.uandes.cl\/wp-content\/uploads\/2025\/02\/Karin-Roa.jpg\",\"keywords\":[\"15\"],\"articleSection\":[\"Nuevos Proyectos\"],\"inLanguage\":\"en-US\"},{\"@type\":\"WebPage\",\"@id\":\"https:\/\/investiga.uandes.cl\/karin-roa-se-adjudica-fondecyt-de-iniciacion-para-investigar-el-estatus-social-en-la-representacion-visual-de-docentes-de-educacion-parvularia\/\",\"url\":\"https:\/\/investiga.uandes.cl\/karin-roa-se-adjudica-fondecyt-de-iniciacion-para-investigar-el-estatus-social-en-la-representacion-visual-de-docentes-de-educacion-parvularia\/\",\"name\":\"Las im\u00e1genes que se difunden sobre los docentes de educaci\u00f3n parvularia podr\u00edan incidir en la atracci\u00f3n hacia las carreras de pedagog\u00eda - Investiga UANDES\",\"isPartOf\":{\"@id\":\"https:\/\/investiga.uandes.cl\/#website\"},\"primaryImageOfPage\":{\"@id\":\"https:\/\/investiga.uandes.cl\/karin-roa-se-adjudica-fondecyt-de-iniciacion-para-investigar-el-estatus-social-en-la-representacion-visual-de-docentes-de-educacion-parvularia\/#primaryimage\"},\"image\":{\"@id\":\"https:\/\/investiga.uandes.cl\/karin-roa-se-adjudica-fondecyt-de-iniciacion-para-investigar-el-estatus-social-en-la-representacion-visual-de-docentes-de-educacion-parvularia\/#primaryimage\"},\"thumbnailUrl\":\"https:\/\/investiga.uandes.cl\/wp-content\/uploads\/2025\/02\/Karin-Roa.jpg\",\"datePublished\":\"2025-02-26T15:18:09+00:00\",\"dateModified\":\"2025-06-13T15:14:49+00:00\",\"breadcrumb\":{\"@id\":\"https:\/\/investiga.uandes.cl\/karin-roa-se-adjudica-fondecyt-de-iniciacion-para-investigar-el-estatus-social-en-la-representacion-visual-de-docentes-de-educacion-parvularia\/#breadcrumb\"},\"inLanguage\":\"en-US\",\"potentialAction\":[{\"@type\":\"ReadAction\",\"target\":[\"https:\/\/investiga.uandes.cl\/karin-roa-se-adjudica-fondecyt-de-iniciacion-para-investigar-el-estatus-social-en-la-representacion-visual-de-docentes-de-educacion-parvularia\/\"]}]},{\"@type\":\"ImageObject\",\"inLanguage\":\"en-US\",\"@id\":\"https:\/\/investiga.uandes.cl\/karin-roa-se-adjudica-fondecyt-de-iniciacion-para-investigar-el-estatus-social-en-la-representacion-visual-de-docentes-de-educacion-parvularia\/#primaryimage\",\"url\":\"https:\/\/investiga.uandes.cl\/wp-content\/uploads\/2025\/02\/Karin-Roa.jpg\",\"contentUrl\":\"https:\/\/investiga.uandes.cl\/wp-content\/uploads\/2025\/02\/Karin-Roa.jpg\",\"width\":1407,\"height\":937},{\"@type\":\"BreadcrumbList\",\"@id\":\"https:\/\/investiga.uandes.cl\/karin-roa-se-adjudica-fondecyt-de-iniciacion-para-investigar-el-estatus-social-en-la-representacion-visual-de-docentes-de-educacion-parvularia\/#breadcrumb\",\"itemListElement\":[{\"@type\":\"ListItem\",\"position\":1,\"name\":\"Portada\",\"item\":\"https:\/\/investiga.uandes.cl\/\"},{\"@type\":\"ListItem\",\"position\":2,\"name\":\"Las im\u00e1genes que se difunden sobre los docentes de educaci\u00f3n parvularia podr\u00edan incidir en la atracci\u00f3n hacia las carreras de pedagog\u00eda\"}]},{\"@type\":\"WebSite\",\"@id\":\"https:\/\/investiga.uandes.cl\/#website\",\"url\":\"https:\/\/investiga.uandes.cl\/\",\"name\":\"Investiga UANDES\",\"description\":\"Investigaci\u00f3n, Universidad de los Andes\",\"publisher\":{\"@id\":\"https:\/\/investiga.uandes.cl\/#organization\"},\"potentialAction\":[{\"@type\":\"SearchAction\",\"target\":{\"@type\":\"EntryPoint\",\"urlTemplate\":\"https:\/\/investiga.uandes.cl\/?s={search_term_string}\"},\"query-input\":{\"@type\":\"PropertyValueSpecification\",\"valueRequired\":true,\"valueName\":\"search_term_string\"}}],\"inLanguage\":\"en-US\"},{\"@type\":\"Organization\",\"@id\":\"https:\/\/investiga.uandes.cl\/#organization\",\"name\":\"Investiga UANDES\",\"url\":\"https:\/\/investiga.uandes.cl\/\",\"logo\":{\"@type\":\"ImageObject\",\"inLanguage\":\"en-US\",\"@id\":\"https:\/\/investiga.uandes.cl\/#\/schema\/logo\/image\/\",\"url\":\"https:\/\/investiga.uandes.cl\/wp-content\/uploads\/2025\/03\/investiga_uandes.jpg\",\"contentUrl\":\"https:\/\/investiga.uandes.cl\/wp-content\/uploads\/2025\/03\/investiga_uandes.jpg\",\"width\":2000,\"height\":771,\"caption\":\"Investiga UANDES\"},\"image\":{\"@id\":\"https:\/\/investiga.uandes.cl\/#\/schema\/logo\/image\/\"}},{\"@type\":\"Person\",\"@id\":\"https:\/\/investiga.uandes.cl\/#\/schema\/person\/98e4042261f6d20b73b4e8cae8ff4495\",\"name\":\"Universidad de los Andes\",\"sameAs\":[\"https:\/\/test.uandes.cl\"],\"url\":\"https:\/\/investiga.uandes.cl\/en\/author\/admin\/\"}]}<\/script>\n<!-- \/ Yoast SEO plugin. -->","yoast_head_json":{"title":"Las im\u00e1genes que se difunden sobre los docentes de educaci\u00f3n parvularia podr\u00edan incidir en la atracci\u00f3n hacia las carreras de pedagog\u00eda - Investiga UANDES","robots":{"index":"index","follow":"follow","max-snippet":"max-snippet:-1","max-image-preview":"max-image-preview:large","max-video-preview":"max-video-preview:-1"},"canonical":"https:\/\/investiga.uandes.cl\/en\/karin-roa-is-awarded-fondecyt-to-investigate-the-social-status-in-the-visual-representation-of-kindergarten-teachers\/","og_locale":"en_US","og_type":"article","og_title":"Las im\u00e1genes que se difunden sobre los docentes de educaci\u00f3n parvularia podr\u00edan incidir en la atracci\u00f3n hacia las carreras de pedagog\u00eda - Investiga UANDES","og_description":"El estudio liderado por la acad\u00e9mica de la Escuela de Educaci\u00f3n, Karin Roabusca profundiza en la comprensi\u00f3n del bajo estatus actual de la profesi\u00f3n docente y su impacto en la atracci\u00f3n hacia las carreras de pedagog\u00eda.","og_url":"https:\/\/investiga.uandes.cl\/en\/karin-roa-is-awarded-fondecyt-to-investigate-the-social-status-in-the-visual-representation-of-kindergarten-teachers\/","og_site_name":"Investiga UANDES","article_published_time":"2025-02-26T15:18:09+00:00","article_modified_time":"2025-06-13T15:14:49+00:00","og_image":[{"width":1407,"height":937,"url":"https:\/\/investiga.uandes.cl\/wp-content\/uploads\/2025\/02\/Karin-Roa.jpg","type":"image\/jpeg"}],"author":"Universidad de los Andes","twitter_card":"summary_large_image","twitter_misc":{"Written by":"Universidad de los Andes","Est. reading time":"2 minutes"},"schema":{"@context":"https:\/\/schema.org","@graph":[{"@type":"Article","@id":"https:\/\/investiga.uandes.cl\/karin-roa-se-adjudica-fondecyt-de-iniciacion-para-investigar-el-estatus-social-en-la-representacion-visual-de-docentes-de-educacion-parvularia\/#article","isPartOf":{"@id":"https:\/\/investiga.uandes.cl\/karin-roa-se-adjudica-fondecyt-de-iniciacion-para-investigar-el-estatus-social-en-la-representacion-visual-de-docentes-de-educacion-parvularia\/"},"author":{"name":"Universidad de los Andes","@id":"https:\/\/investiga.uandes.cl\/#\/schema\/person\/98e4042261f6d20b73b4e8cae8ff4495"},"headline":"Las im\u00e1genes que se difunden sobre los docentes de educaci\u00f3n parvularia podr\u00edan incidir en la atracci\u00f3n hacia las carreras de pedagog\u00eda","datePublished":"2025-02-26T15:18:09+00:00","dateModified":"2025-06-13T15:14:49+00:00","mainEntityOfPage":{"@id":"https:\/\/investiga.uandes.cl\/karin-roa-se-adjudica-fondecyt-de-iniciacion-para-investigar-el-estatus-social-en-la-representacion-visual-de-docentes-de-educacion-parvularia\/"},"wordCount":233,"publisher":{"@id":"https:\/\/investiga.uandes.cl\/#organization"},"image":{"@id":"https:\/\/investiga.uandes.cl\/karin-roa-se-adjudica-fondecyt-de-iniciacion-para-investigar-el-estatus-social-en-la-representacion-visual-de-docentes-de-educacion-parvularia\/#primaryimage"},"thumbnailUrl":"https:\/\/investiga.uandes.cl\/wp-content\/uploads\/2025\/02\/Karin-Roa.jpg","keywords":["15"],"articleSection":["Nuevos Proyectos"],"inLanguage":"en-US"},{"@type":"WebPage","@id":"https:\/\/investiga.uandes.cl\/karin-roa-se-adjudica-fondecyt-de-iniciacion-para-investigar-el-estatus-social-en-la-representacion-visual-de-docentes-de-educacion-parvularia\/","url":"https:\/\/investiga.uandes.cl\/karin-roa-se-adjudica-fondecyt-de-iniciacion-para-investigar-el-estatus-social-en-la-representacion-visual-de-docentes-de-educacion-parvularia\/","name":"Las im\u00e1genes que se difunden sobre los docentes de educaci\u00f3n parvularia podr\u00edan incidir en la atracci\u00f3n hacia las carreras de pedagog\u00eda - Investiga UANDES","isPartOf":{"@id":"https:\/\/investiga.uandes.cl\/#website"},"primaryImageOfPage":{"@id":"https:\/\/investiga.uandes.cl\/karin-roa-se-adjudica-fondecyt-de-iniciacion-para-investigar-el-estatus-social-en-la-representacion-visual-de-docentes-de-educacion-parvularia\/#primaryimage"},"image":{"@id":"https:\/\/investiga.uandes.cl\/karin-roa-se-adjudica-fondecyt-de-iniciacion-para-investigar-el-estatus-social-en-la-representacion-visual-de-docentes-de-educacion-parvularia\/#primaryimage"},"thumbnailUrl":"https:\/\/investiga.uandes.cl\/wp-content\/uploads\/2025\/02\/Karin-Roa.jpg","datePublished":"2025-02-26T15:18:09+00:00","dateModified":"2025-06-13T15:14:49+00:00","breadcrumb":{"@id":"https:\/\/investiga.uandes.cl\/karin-roa-se-adjudica-fondecyt-de-iniciacion-para-investigar-el-estatus-social-en-la-representacion-visual-de-docentes-de-educacion-parvularia\/#breadcrumb"},"inLanguage":"en-US","potentialAction":[{"@type":"ReadAction","target":["https:\/\/investiga.uandes.cl\/karin-roa-se-adjudica-fondecyt-de-iniciacion-para-investigar-el-estatus-social-en-la-representacion-visual-de-docentes-de-educacion-parvularia\/"]}]},{"@type":"ImageObject","inLanguage":"en-US","@id":"https:\/\/investiga.uandes.cl\/karin-roa-se-adjudica-fondecyt-de-iniciacion-para-investigar-el-estatus-social-en-la-representacion-visual-de-docentes-de-educacion-parvularia\/#primaryimage","url":"https:\/\/investiga.uandes.cl\/wp-content\/uploads\/2025\/02\/Karin-Roa.jpg","contentUrl":"https:\/\/investiga.uandes.cl\/wp-content\/uploads\/2025\/02\/Karin-Roa.jpg","width":1407,"height":937},{"@type":"BreadcrumbList","@id":"https:\/\/investiga.uandes.cl\/karin-roa-se-adjudica-fondecyt-de-iniciacion-para-investigar-el-estatus-social-en-la-representacion-visual-de-docentes-de-educacion-parvularia\/#breadcrumb","itemListElement":[{"@type":"ListItem","position":1,"name":"Portada","item":"https:\/\/investiga.uandes.cl\/"},{"@type":"ListItem","position":2,"name":"Las im\u00e1genes que se difunden sobre los docentes de educaci\u00f3n parvularia podr\u00edan incidir en la atracci\u00f3n hacia las carreras de pedagog\u00eda"}]},{"@type":"WebSite","@id":"https:\/\/investiga.uandes.cl\/#website","url":"https:\/\/investiga.uandes.cl\/","name":"Investiga UANDES","description":"Investigaci\u00f3n, Universidad de los Andes","publisher":{"@id":"https:\/\/investiga.uandes.cl\/#organization"},"potentialAction":[{"@type":"SearchAction","target":{"@type":"EntryPoint","urlTemplate":"https:\/\/investiga.uandes.cl\/?s={search_term_string}"},"query-input":{"@type":"PropertyValueSpecification","valueRequired":true,"valueName":"search_term_string"}}],"inLanguage":"en-US"},{"@type":"Organization","@id":"https:\/\/investiga.uandes.cl\/#organization","name":"Investiga UANDES","url":"https:\/\/investiga.uandes.cl\/","logo":{"@type":"ImageObject","inLanguage":"en-US","@id":"https:\/\/investiga.uandes.cl\/#\/schema\/logo\/image\/","url":"https:\/\/investiga.uandes.cl\/wp-content\/uploads\/2025\/03\/investiga_uandes.jpg","contentUrl":"https:\/\/investiga.uandes.cl\/wp-content\/uploads\/2025\/03\/investiga_uandes.jpg","width":2000,"height":771,"caption":"Investiga UANDES"},"image":{"@id":"https:\/\/investiga.uandes.cl\/#\/schema\/logo\/image\/"}},{"@type":"Person","@id":"https:\/\/investiga.uandes.cl\/#\/schema\/person\/98e4042261f6d20b73b4e8cae8ff4495","name":"Universidad de los Andes","sameAs":["https:\/\/test.uandes.cl"],"url":"https:\/\/investiga.uandes.cl\/en\/author\/admin\/"}]}},"_links":{"self":[{"href":"https:\/\/investiga.uandes.cl\/en\/wp-json\/wp\/v2\/posts\/4515","targetHints":{"allow":["GET"]}}],"collection":[{"href":"https:\/\/investiga.uandes.cl\/en\/wp-json\/wp\/v2\/posts"}],"about":[{"href":"https:\/\/investiga.uandes.cl\/en\/wp-json\/wp\/v2\/types\/post"}],"author":[{"embeddable":true,"href":"https:\/\/investiga.uandes.cl\/en\/wp-json\/wp\/v2\/users\/1"}],"replies":[{"embeddable":true,"href":"https:\/\/investiga.uandes.cl\/en\/wp-json\/wp\/v2\/comments?post=4515"}],"version-history":[{"count":6,"href":"https:\/\/investiga.uandes.cl\/en\/wp-json\/wp\/v2\/posts\/4515\/revisions"}],"predecessor-version":[{"id":6013,"href":"https:\/\/investiga.uandes.cl\/en\/wp-json\/wp\/v2\/posts\/4515\/revisions\/6013"}],"wp:featuredmedia":[{"embeddable":true,"href":"https:\/\/investiga.uandes.cl\/en\/wp-json\/wp\/v2\/media\/4518"}],"wp:attachment":[{"href":"https:\/\/investiga.uandes.cl\/en\/wp-json\/wp\/v2\/media?parent=4515"}],"wp:term":[{"taxonomy":"category","embeddable":true,"href":"https:\/\/investiga.uandes.cl\/en\/wp-json\/wp\/v2\/categories?post=4515"},{"taxonomy":"post_tag","embeddable":true,"href":"https:\/\/investiga.uandes.cl\/en\/wp-json\/wp\/v2\/tags?post=4515"}],"curies":[{"name":"wp","href":"https:\/\/api.w.org\/{rel}","templated":true}]}}