{"id":4509,"date":"2025-02-26T12:14:31","date_gmt":"2025-02-26T15:14:31","guid":{"rendered":"https:\/\/test.uandes.cl\/?p=4509"},"modified":"2025-04-06T22:20:44","modified_gmt":"2025-04-07T01:20:44","slug":"fondecyt-de-iniciacion-will-investigate-how-preschoolers-engage-with-mathematics","status":"publish","type":"post","link":"https:\/\/investiga.uandes.cl\/en\/fondecyt-de-iniciacion-will-investigate-how-preschoolers-engage-with-mathematics\/","title":{"rendered":"Fernanda Montoya to investigate how preschoolers engage with mathematics"},"content":{"rendered":"<p>Fernanda Montoya, an academic from the School of Education, will develop a research project after being awarded a Fondecyt Initiation grant, under the title,\u00a0<strong>\"Understanding the level of mathematics task engagement: an exploratory study in NT1 and NT2 children.\"<\/strong>The research seeks to analyze the impact of cognitive, emotional, and behavioral engagement in the mathematical performance of preschool children.<\/p>\n\n\n\n<p>The study is based on the need to delve deeper into how pre-kindergarten and kindergarten children interact with mathematical tasks, considering that previous literature has addressed this problem from a general perspective, without focusing specifically on mathematical learning. The lack of instruments that comprehensively capture the three aspects of engagement makes it difficult to understand the factors that influence the persistence or abandonment of mathematical tasks at this age.<\/p>\n\n\n\n<p>The project, designed as a quantitative longitudinal study, will involve 225 NT1 and NT2 children and their teachers. Three measurements will be taken over time to evaluate the level of engagement in specific mathematical tasks, such as the use of tangrams and image sequencing tasks. For this purpose, seducator self-reports and direct observations will be used, in addition to instruments that will measure mathematical performance, behavioral self-regulation, and vocabulary.<\/p>\n\n\n\n<p>The expected findings will allow for the generation of contextualized knowledge about mathematical engagement in preschool children and its relationship with learning in the discipline. In addition, the study seeks to contribute to the training of educators, promoting instructional strategies that go beyond play with manipulative materials and consider the key role of cognition, emotions, and behavior in early mathematical learning. This study could also serve as a basis for the design of pedagogical interventions that promote comprehensive mathematical development from early childhood.<\/p>","protected":false},"excerpt":{"rendered":"<p>The study is based on the need to delve deeper into how pre-kindergarten and kindergarten children interact with mathematical tasks.<\/p>","protected":false},"author":1,"featured_media":4510,"comment_status":"closed","ping_status":"closed","sticky":false,"template":"","format":"standard","meta":{"inline_featured_image":false,"footnotes":""},"categories":[28],"tags":[],"class_list":["post-4509","post","type-post","status-publish","format-standard","has-post-thumbnail","hentry","category-nuevos-proyectos"],"yoast_head":"<!-- This site is optimized with the Yoast SEO plugin v24.7 - https:\/\/yoast.com\/wordpress\/plugins\/seo\/ -->\n<title>Fernanda Montoya investigar\u00e1 c\u00f3mo se involucran los preescolares en las matem\u00e1ticas - Investiga UANDES<\/title>\n<meta name=\"robots\" content=\"index, follow, max-snippet:-1, max-image-preview:large, max-video-preview:-1\" \/>\n<link rel=\"canonical\" href=\"https:\/\/investiga.uandes.cl\/en\/fondecyt-de-iniciacion-will-investigate-how-preschoolers-engage-with-mathematics\/\" \/>\n<meta property=\"og:locale\" content=\"en_US\" \/>\n<meta property=\"og:type\" content=\"article\" \/>\n<meta property=\"og:title\" content=\"Fernanda Montoya investigar\u00e1 c\u00f3mo se involucran los preescolares en las matem\u00e1ticas - Investiga UANDES\" \/>\n<meta property=\"og:description\" content=\"El estudio se fundamenta en la necesidad de profundizar en c\u00f3mo los ni\u00f1os y ni\u00f1as de pre-k\u00ednder y k\u00ednder interact\u00faan con las tareas matem\u00e1ticas.\" \/>\n<meta property=\"og:url\" content=\"https:\/\/investiga.uandes.cl\/en\/fondecyt-de-iniciacion-will-investigate-how-preschoolers-engage-with-mathematics\/\" \/>\n<meta property=\"og:site_name\" content=\"Investiga UANDES\" \/>\n<meta property=\"article:published_time\" content=\"2025-02-26T15:14:31+00:00\" \/>\n<meta property=\"article:modified_time\" content=\"2025-04-07T01:20:44+00:00\" \/>\n<meta property=\"og:image\" content=\"https:\/\/investiga.uandes.cl\/wp-content\/uploads\/2025\/02\/Montoya.jpg\" \/>\n\t<meta property=\"og:image:width\" content=\"1270\" \/>\n\t<meta property=\"og:image:height\" content=\"712\" \/>\n\t<meta property=\"og:image:type\" content=\"image\/jpeg\" \/>\n<meta name=\"author\" content=\"Universidad de los Andes\" \/>\n<meta name=\"twitter:card\" content=\"summary_large_image\" \/>\n<meta name=\"twitter:label1\" content=\"Written by\" \/>\n\t<meta name=\"twitter:data1\" content=\"Universidad de los Andes\" \/>\n\t<meta name=\"twitter:label2\" content=\"Est. reading time\" \/>\n\t<meta name=\"twitter:data2\" content=\"2 minutes\" \/>\n<script type=\"application\/ld+json\" class=\"yoast-schema-graph\">{\"@context\":\"https:\/\/schema.org\",\"@graph\":[{\"@type\":\"Article\",\"@id\":\"https:\/\/investiga.uandes.cl\/fondecyt-de-iniciacion-investigara-como-se-involucran-los-preescolares-en-las-matematicas\/#article\",\"isPartOf\":{\"@id\":\"https:\/\/investiga.uandes.cl\/fondecyt-de-iniciacion-investigara-como-se-involucran-los-preescolares-en-las-matematicas\/\"},\"author\":{\"name\":\"Universidad de los Andes\",\"@id\":\"https:\/\/investiga.uandes.cl\/#\/schema\/person\/98e4042261f6d20b73b4e8cae8ff4495\"},\"headline\":\"Fernanda Montoya investigar\u00e1 c\u00f3mo se involucran los preescolares en las matem\u00e1ticas\",\"datePublished\":\"2025-02-26T15:14:31+00:00\",\"dateModified\":\"2025-04-07T01:20:44+00:00\",\"mainEntityOfPage\":{\"@id\":\"https:\/\/investiga.uandes.cl\/fondecyt-de-iniciacion-investigara-como-se-involucran-los-preescolares-en-las-matematicas\/\"},\"wordCount\":383,\"publisher\":{\"@id\":\"https:\/\/investiga.uandes.cl\/#organization\"},\"image\":{\"@id\":\"https:\/\/investiga.uandes.cl\/fondecyt-de-iniciacion-investigara-como-se-involucran-los-preescolares-en-las-matematicas\/#primaryimage\"},\"thumbnailUrl\":\"https:\/\/investiga.uandes.cl\/wp-content\/uploads\/2025\/02\/Montoya.jpg\",\"articleSection\":[\"Nuevos Proyectos\"],\"inLanguage\":\"en-US\"},{\"@type\":\"WebPage\",\"@id\":\"https:\/\/investiga.uandes.cl\/fondecyt-de-iniciacion-investigara-como-se-involucran-los-preescolares-en-las-matematicas\/\",\"url\":\"https:\/\/investiga.uandes.cl\/fondecyt-de-iniciacion-investigara-como-se-involucran-los-preescolares-en-las-matematicas\/\",\"name\":\"Fernanda Montoya investigar\u00e1 c\u00f3mo se involucran los preescolares en las matem\u00e1ticas - Investiga UANDES\",\"isPartOf\":{\"@id\":\"https:\/\/investiga.uandes.cl\/#website\"},\"primaryImageOfPage\":{\"@id\":\"https:\/\/investiga.uandes.cl\/fondecyt-de-iniciacion-investigara-como-se-involucran-los-preescolares-en-las-matematicas\/#primaryimage\"},\"image\":{\"@id\":\"https:\/\/investiga.uandes.cl\/fondecyt-de-iniciacion-investigara-como-se-involucran-los-preescolares-en-las-matematicas\/#primaryimage\"},\"thumbnailUrl\":\"https:\/\/investiga.uandes.cl\/wp-content\/uploads\/2025\/02\/Montoya.jpg\",\"datePublished\":\"2025-02-26T15:14:31+00:00\",\"dateModified\":\"2025-04-07T01:20:44+00:00\",\"breadcrumb\":{\"@id\":\"https:\/\/investiga.uandes.cl\/fondecyt-de-iniciacion-investigara-como-se-involucran-los-preescolares-en-las-matematicas\/#breadcrumb\"},\"inLanguage\":\"en-US\",\"potentialAction\":[{\"@type\":\"ReadAction\",\"target\":[\"https:\/\/investiga.uandes.cl\/fondecyt-de-iniciacion-investigara-como-se-involucran-los-preescolares-en-las-matematicas\/\"]}]},{\"@type\":\"ImageObject\",\"inLanguage\":\"en-US\",\"@id\":\"https:\/\/investiga.uandes.cl\/fondecyt-de-iniciacion-investigara-como-se-involucran-los-preescolares-en-las-matematicas\/#primaryimage\",\"url\":\"https:\/\/investiga.uandes.cl\/wp-content\/uploads\/2025\/02\/Montoya.jpg\",\"contentUrl\":\"https:\/\/investiga.uandes.cl\/wp-content\/uploads\/2025\/02\/Montoya.jpg\",\"width\":1270,\"height\":712},{\"@type\":\"BreadcrumbList\",\"@id\":\"https:\/\/investiga.uandes.cl\/fondecyt-de-iniciacion-investigara-como-se-involucran-los-preescolares-en-las-matematicas\/#breadcrumb\",\"itemListElement\":[{\"@type\":\"ListItem\",\"position\":1,\"name\":\"Portada\",\"item\":\"https:\/\/investiga.uandes.cl\/\"},{\"@type\":\"ListItem\",\"position\":2,\"name\":\"Fernanda Montoya investigar\u00e1 c\u00f3mo se involucran los preescolares en las matem\u00e1ticas\"}]},{\"@type\":\"WebSite\",\"@id\":\"https:\/\/investiga.uandes.cl\/#website\",\"url\":\"https:\/\/investiga.uandes.cl\/\",\"name\":\"Investiga UANDES\",\"description\":\"Investigaci\u00f3n, Universidad de los Andes\",\"publisher\":{\"@id\":\"https:\/\/investiga.uandes.cl\/#organization\"},\"potentialAction\":[{\"@type\":\"SearchAction\",\"target\":{\"@type\":\"EntryPoint\",\"urlTemplate\":\"https:\/\/investiga.uandes.cl\/?s={search_term_string}\"},\"query-input\":{\"@type\":\"PropertyValueSpecification\",\"valueRequired\":true,\"valueName\":\"search_term_string\"}}],\"inLanguage\":\"en-US\"},{\"@type\":\"Organization\",\"@id\":\"https:\/\/investiga.uandes.cl\/#organization\",\"name\":\"Investiga UANDES\",\"url\":\"https:\/\/investiga.uandes.cl\/\",\"logo\":{\"@type\":\"ImageObject\",\"inLanguage\":\"en-US\",\"@id\":\"https:\/\/investiga.uandes.cl\/#\/schema\/logo\/image\/\",\"url\":\"https:\/\/investiga.uandes.cl\/wp-content\/uploads\/2025\/03\/investiga_uandes.jpg\",\"contentUrl\":\"https:\/\/investiga.uandes.cl\/wp-content\/uploads\/2025\/03\/investiga_uandes.jpg\",\"width\":2000,\"height\":771,\"caption\":\"Investiga UANDES\"},\"image\":{\"@id\":\"https:\/\/investiga.uandes.cl\/#\/schema\/logo\/image\/\"}},{\"@type\":\"Person\",\"@id\":\"https:\/\/investiga.uandes.cl\/#\/schema\/person\/98e4042261f6d20b73b4e8cae8ff4495\",\"name\":\"Universidad de los Andes\",\"sameAs\":[\"https:\/\/test.uandes.cl\"],\"url\":\"https:\/\/investiga.uandes.cl\/en\/author\/admin\/\"}]}<\/script>\n<!-- \/ Yoast SEO plugin. -->","yoast_head_json":{"title":"Fernanda Montoya investigar\u00e1 c\u00f3mo se involucran los preescolares en las matem\u00e1ticas - Investiga UANDES","robots":{"index":"index","follow":"follow","max-snippet":"max-snippet:-1","max-image-preview":"max-image-preview:large","max-video-preview":"max-video-preview:-1"},"canonical":"https:\/\/investiga.uandes.cl\/en\/fondecyt-de-iniciacion-will-investigate-how-preschoolers-engage-with-mathematics\/","og_locale":"en_US","og_type":"article","og_title":"Fernanda Montoya investigar\u00e1 c\u00f3mo se involucran los preescolares en las matem\u00e1ticas - Investiga UANDES","og_description":"El estudio se fundamenta en la necesidad de profundizar en c\u00f3mo los ni\u00f1os y ni\u00f1as de pre-k\u00ednder y k\u00ednder interact\u00faan con las tareas matem\u00e1ticas.","og_url":"https:\/\/investiga.uandes.cl\/en\/fondecyt-de-iniciacion-will-investigate-how-preschoolers-engage-with-mathematics\/","og_site_name":"Investiga UANDES","article_published_time":"2025-02-26T15:14:31+00:00","article_modified_time":"2025-04-07T01:20:44+00:00","og_image":[{"width":1270,"height":712,"url":"https:\/\/investiga.uandes.cl\/wp-content\/uploads\/2025\/02\/Montoya.jpg","type":"image\/jpeg"}],"author":"Universidad de los Andes","twitter_card":"summary_large_image","twitter_misc":{"Written by":"Universidad de los Andes","Est. reading time":"2 minutes"},"schema":{"@context":"https:\/\/schema.org","@graph":[{"@type":"Article","@id":"https:\/\/investiga.uandes.cl\/fondecyt-de-iniciacion-investigara-como-se-involucran-los-preescolares-en-las-matematicas\/#article","isPartOf":{"@id":"https:\/\/investiga.uandes.cl\/fondecyt-de-iniciacion-investigara-como-se-involucran-los-preescolares-en-las-matematicas\/"},"author":{"name":"Universidad de los Andes","@id":"https:\/\/investiga.uandes.cl\/#\/schema\/person\/98e4042261f6d20b73b4e8cae8ff4495"},"headline":"Fernanda Montoya investigar\u00e1 c\u00f3mo se involucran los preescolares en las matem\u00e1ticas","datePublished":"2025-02-26T15:14:31+00:00","dateModified":"2025-04-07T01:20:44+00:00","mainEntityOfPage":{"@id":"https:\/\/investiga.uandes.cl\/fondecyt-de-iniciacion-investigara-como-se-involucran-los-preescolares-en-las-matematicas\/"},"wordCount":383,"publisher":{"@id":"https:\/\/investiga.uandes.cl\/#organization"},"image":{"@id":"https:\/\/investiga.uandes.cl\/fondecyt-de-iniciacion-investigara-como-se-involucran-los-preescolares-en-las-matematicas\/#primaryimage"},"thumbnailUrl":"https:\/\/investiga.uandes.cl\/wp-content\/uploads\/2025\/02\/Montoya.jpg","articleSection":["Nuevos Proyectos"],"inLanguage":"en-US"},{"@type":"WebPage","@id":"https:\/\/investiga.uandes.cl\/fondecyt-de-iniciacion-investigara-como-se-involucran-los-preescolares-en-las-matematicas\/","url":"https:\/\/investiga.uandes.cl\/fondecyt-de-iniciacion-investigara-como-se-involucran-los-preescolares-en-las-matematicas\/","name":"Fernanda Montoya investigar\u00e1 c\u00f3mo se involucran los preescolares en las matem\u00e1ticas - Investiga UANDES","isPartOf":{"@id":"https:\/\/investiga.uandes.cl\/#website"},"primaryImageOfPage":{"@id":"https:\/\/investiga.uandes.cl\/fondecyt-de-iniciacion-investigara-como-se-involucran-los-preescolares-en-las-matematicas\/#primaryimage"},"image":{"@id":"https:\/\/investiga.uandes.cl\/fondecyt-de-iniciacion-investigara-como-se-involucran-los-preescolares-en-las-matematicas\/#primaryimage"},"thumbnailUrl":"https:\/\/investiga.uandes.cl\/wp-content\/uploads\/2025\/02\/Montoya.jpg","datePublished":"2025-02-26T15:14:31+00:00","dateModified":"2025-04-07T01:20:44+00:00","breadcrumb":{"@id":"https:\/\/investiga.uandes.cl\/fondecyt-de-iniciacion-investigara-como-se-involucran-los-preescolares-en-las-matematicas\/#breadcrumb"},"inLanguage":"en-US","potentialAction":[{"@type":"ReadAction","target":["https:\/\/investiga.uandes.cl\/fondecyt-de-iniciacion-investigara-como-se-involucran-los-preescolares-en-las-matematicas\/"]}]},{"@type":"ImageObject","inLanguage":"en-US","@id":"https:\/\/investiga.uandes.cl\/fondecyt-de-iniciacion-investigara-como-se-involucran-los-preescolares-en-las-matematicas\/#primaryimage","url":"https:\/\/investiga.uandes.cl\/wp-content\/uploads\/2025\/02\/Montoya.jpg","contentUrl":"https:\/\/investiga.uandes.cl\/wp-content\/uploads\/2025\/02\/Montoya.jpg","width":1270,"height":712},{"@type":"BreadcrumbList","@id":"https:\/\/investiga.uandes.cl\/fondecyt-de-iniciacion-investigara-como-se-involucran-los-preescolares-en-las-matematicas\/#breadcrumb","itemListElement":[{"@type":"ListItem","position":1,"name":"Portada","item":"https:\/\/investiga.uandes.cl\/"},{"@type":"ListItem","position":2,"name":"Fernanda Montoya investigar\u00e1 c\u00f3mo se involucran los preescolares en las matem\u00e1ticas"}]},{"@type":"WebSite","@id":"https:\/\/investiga.uandes.cl\/#website","url":"https:\/\/investiga.uandes.cl\/","name":"Investiga UANDES","description":"Investigaci\u00f3n, Universidad de los Andes","publisher":{"@id":"https:\/\/investiga.uandes.cl\/#organization"},"potentialAction":[{"@type":"SearchAction","target":{"@type":"EntryPoint","urlTemplate":"https:\/\/investiga.uandes.cl\/?s={search_term_string}"},"query-input":{"@type":"PropertyValueSpecification","valueRequired":true,"valueName":"search_term_string"}}],"inLanguage":"en-US"},{"@type":"Organization","@id":"https:\/\/investiga.uandes.cl\/#organization","name":"Investiga UANDES","url":"https:\/\/investiga.uandes.cl\/","logo":{"@type":"ImageObject","inLanguage":"en-US","@id":"https:\/\/investiga.uandes.cl\/#\/schema\/logo\/image\/","url":"https:\/\/investiga.uandes.cl\/wp-content\/uploads\/2025\/03\/investiga_uandes.jpg","contentUrl":"https:\/\/investiga.uandes.cl\/wp-content\/uploads\/2025\/03\/investiga_uandes.jpg","width":2000,"height":771,"caption":"Investiga UANDES"},"image":{"@id":"https:\/\/investiga.uandes.cl\/#\/schema\/logo\/image\/"}},{"@type":"Person","@id":"https:\/\/investiga.uandes.cl\/#\/schema\/person\/98e4042261f6d20b73b4e8cae8ff4495","name":"Universidad de los Andes","sameAs":["https:\/\/test.uandes.cl"],"url":"https:\/\/investiga.uandes.cl\/en\/author\/admin\/"}]}},"_links":{"self":[{"href":"https:\/\/investiga.uandes.cl\/en\/wp-json\/wp\/v2\/posts\/4509","targetHints":{"allow":["GET"]}}],"collection":[{"href":"https:\/\/investiga.uandes.cl\/en\/wp-json\/wp\/v2\/posts"}],"about":[{"href":"https:\/\/investiga.uandes.cl\/en\/wp-json\/wp\/v2\/types\/post"}],"author":[{"embeddable":true,"href":"https:\/\/investiga.uandes.cl\/en\/wp-json\/wp\/v2\/users\/1"}],"replies":[{"embeddable":true,"href":"https:\/\/investiga.uandes.cl\/en\/wp-json\/wp\/v2\/comments?post=4509"}],"version-history":[{"count":4,"href":"https:\/\/investiga.uandes.cl\/en\/wp-json\/wp\/v2\/posts\/4509\/revisions"}],"predecessor-version":[{"id":5498,"href":"https:\/\/investiga.uandes.cl\/en\/wp-json\/wp\/v2\/posts\/4509\/revisions\/5498"}],"wp:featuredmedia":[{"embeddable":true,"href":"https:\/\/investiga.uandes.cl\/en\/wp-json\/wp\/v2\/media\/4510"}],"wp:attachment":[{"href":"https:\/\/investiga.uandes.cl\/en\/wp-json\/wp\/v2\/media?parent=4509"}],"wp:term":[{"taxonomy":"category","embeddable":true,"href":"https:\/\/investiga.uandes.cl\/en\/wp-json\/wp\/v2\/categories?post=4509"},{"taxonomy":"post_tag","embeddable":true,"href":"https:\/\/investiga.uandes.cl\/en\/wp-json\/wp\/v2\/tags?post=4509"}],"curies":[{"name":"wp","href":"https:\/\/api.w.org\/{rel}","templated":true}]}}