{"id":4226,"date":"2025-02-19T15:07:56","date_gmt":"2025-02-19T18:07:56","guid":{"rendered":"https:\/\/test.uandes.cl\/?p=4226"},"modified":"2025-11-26T18:24:43","modified_gmt":"2025-11-26T21:24:43","slug":"analysis-of-the-impact-of-political-cycles-on-corporate-bond-yields-could-influence-investment-strategies-and-public-policies","status":"publish","type":"post","link":"https:\/\/investiga.uandes.cl\/en\/analysis-of-the-impact-of-political-cycles-on-corporate-bond-yields-could-influence-investment-strategies-and-public-policies\/","title":{"rendered":"The impact of political cycles on corporate bond yields"},"content":{"rendered":"<p>Javier Mella, a researcher from the&nbsp;<strong><a href=\"https:\/\/www.uandes.cl\/facultad-ingenieria\/\">School of Engineering and Applied Sciences<\/a><\/strong>&nbsp;, recently won a&nbsp;<strong>Fondecyt Initiation grant&nbsp;<\/strong>for his research,&nbsp;<em>\"Political Cycles and the Cross-Section of Corporate Bond Returns: Government Spending, Corporate Taxes, and Climate Change,\"<\/em>where he analyzes the<strong>&nbsp;impact of political cycles on corporate bond yields.<\/strong><\/p>\n\n\n\n<p>\"We want to examine\u00a0<strong>how policy decisions, such as corporate taxes, government spending, and climate change-related policies, affect the performance of corporate bonds, one of the main sources of financing for companies.\u00a0<\/strong>This analysis is set in a context in which political cycles play a crucial role in government decision-making and its impact on financial markets,\" explains Mella, who is working on this study along with <strong><a href=\"https:\/\/umanitoba.ca\/asper\/muhammad-kabir\">Muhammad Kabir<\/a><\/strong> at the <strong><a href=\"https:\/\/umanitoba.ca\/\">University of Manitoba (Canada).<\/a><\/strong><\/p>\n\n\n\n<p>This project has several implications for both markets and companies. \"First, the study allows us to understand how financial markets incorporate information related to the implementation of public policies and electoral cycles. It also seeks to understand how these changes may affect firms' sources of financing, especially in an environment of growing concern about climate change. In addition, the results could lead to the creation of investment strategies in fixed income assets or to the proposal of restrictions on the transactions of politicians involved in the definition of public policies,\" explains the academic.<\/p>\n\n\n\n<p>Based on <strong><a href=\"https:\/\/investigadores.uandes.cl\/en\/publications\/the-value-relevance-of-corporate-tax-expenses-in-the-presence-of-\">previous studies on other types of assets<\/a><\/strong> and <strong><a href=\"https:\/\/investigadores.uandes.cl\/en\/publications\/corporate-taxes-partisan-politics-and-stock-returns\">preliminary results of the project<\/a><\/strong>, Javier Mella comments that bonds are expected to perform better in periods of lower corporate taxes, which translates into higher cash flows available for debt repayment. And also, higher government spending, especially in industries that rely more heavily on this support, could reduce bond yields in these areas.<\/p>\n\n\n\n<blockquote class=\"wp-block-quote is-layout-flow wp-block-quote-is-layout-flow\">\n<p class=\"has-text-align-center\"><sub>The research also highlights the impact of environmental policies on firms that are more vulnerable to climate change, especially small firms, which may face higher costs due to the transition to a green economy. Moreover, these effects are anticipated to be more relevant in low-credit-quality firms, which are more susceptible to political and environmental fluctuations.<\/sub><\/p>\n<\/blockquote>\n\n\n\n<p>The study may also<strong>&nbsp;impact economic policy formulation<\/strong>According to Mella, this analysis can be used to evaluate the efficiency with which markets incorporate changes and improve the efficiency of the bond market. \"Additionally, these results could serve as a basis for the&nbsp;<strong>formulation of restrictions on transactions in financial instruments by politicians<\/strong>especially those involved in making decisions on taxation, spending, and climate change,\" he adds.<\/p>\n\n\n\n<p>Another area where this research may have an influence is in the&nbsp;<strong>policies that promote greater corporate commitment to environmental and social sustainability.<\/strong>&nbsp;\"We could see how companies' commitment to sustainable practices positively impacts their returns, which is reflected in asset prices, and how investors understand this relationship and adjust their expectations to environmental and social realities. This could help companies align their strategies with a more sustainable and profitable approach over the long term,\" concludes Mella<\/p>","protected":false},"excerpt":{"rendered":"<p>Research by Javier Mella, a member of the School of Engineering and Applied Sciences, recently won a Fondecyt Initiation grant.<\/p>","protected":false},"author":3,"featured_media":4500,"comment_status":"closed","ping_status":"closed","sticky":false,"template":"","format":"standard","meta":{"inline_featured_image":false,"footnotes":""},"categories":[5],"tags":[],"class_list":["post-4226","post","type-post","status-publish","format-standard","has-post-thumbnail","hentry","category-economia"],"yoast_head":"<!-- This site is optimized with the Yoast SEO plugin v24.7 - https:\/\/yoast.com\/wordpress\/plugins\/seo\/ -->\n<title>El impacto de los ciclos pol\u00edticos en el rendimiento de los bonos corporativos - Investiga UANDES<\/title>\n<meta name=\"robots\" content=\"index, follow, max-snippet:-1, max-image-preview:large, max-video-preview:-1\" \/>\n<link rel=\"canonical\" href=\"https:\/\/investiga.uandes.cl\/en\/analysis-of-the-impact-of-political-cycles-on-corporate-bond-yields-could-influence-investment-strategies-and-public-policies\/\" \/>\n<meta property=\"og:locale\" content=\"en_US\" \/>\n<meta property=\"og:type\" content=\"article\" \/>\n<meta property=\"og:title\" content=\"El impacto de los ciclos pol\u00edticos en el rendimiento de los bonos corporativos - Investiga UANDES\" \/>\n<meta property=\"og:description\" content=\"Investigaci\u00f3n del acad\u00e9mico de la Facultad de Ingenier\u00eda y Ciencias Aplicadas Javier Mella gan\u00f3 recientemente un Fondecyt Iniciaci\u00f3n.\" \/>\n<meta property=\"og:url\" content=\"https:\/\/investiga.uandes.cl\/en\/analysis-of-the-impact-of-political-cycles-on-corporate-bond-yields-could-influence-investment-strategies-and-public-policies\/\" \/>\n<meta property=\"og:site_name\" content=\"Investiga UANDES\" \/>\n<meta property=\"article:published_time\" content=\"2025-02-19T18:07:56+00:00\" \/>\n<meta property=\"article:modified_time\" content=\"2025-11-26T21:24:43+00:00\" \/>\n<meta property=\"og:image\" content=\"https:\/\/investiga.uandes.cl\/wp-content\/uploads\/2025\/02\/Javier-Mella-scaled-1.webp\" \/>\n\t<meta property=\"og:image:width\" content=\"2560\" \/>\n\t<meta property=\"og:image:height\" content=\"1707\" \/>\n\t<meta property=\"og:image:type\" content=\"image\/webp\" \/>\n<meta name=\"author\" content=\"Marisol Grisanti\" \/>\n<meta name=\"twitter:card\" content=\"summary_large_image\" \/>\n<meta name=\"twitter:label1\" content=\"Written by\" \/>\n\t<meta name=\"twitter:data1\" content=\"Marisol Grisanti\" \/>\n\t<meta name=\"twitter:label2\" content=\"Est. reading time\" \/>\n\t<meta name=\"twitter:data2\" content=\"3 minutes\" \/>\n<script type=\"application\/ld+json\" class=\"yoast-schema-graph\">{\"@context\":\"https:\/\/schema.org\",\"@graph\":[{\"@type\":\"Article\",\"@id\":\"https:\/\/investiga.uandes.cl\/analisis-del-impacto-de-los-ciclos-politicos-en-los-rendimientos-de-los-bonos-corporativos-podria-influir-en-estrategias-de-inversion-y-en-politicas-publicas\/#article\",\"isPartOf\":{\"@id\":\"https:\/\/investiga.uandes.cl\/analisis-del-impacto-de-los-ciclos-politicos-en-los-rendimientos-de-los-bonos-corporativos-podria-influir-en-estrategias-de-inversion-y-en-politicas-publicas\/\"},\"author\":{\"name\":\"Marisol Grisanti\",\"@id\":\"https:\/\/investiga.uandes.cl\/#\/schema\/person\/a6d3757d4cdc75cceb38c3560655edc3\"},\"headline\":\"El impacto de los ciclos pol\u00edticos en el rendimiento de los bonos corporativos\",\"datePublished\":\"2025-02-19T18:07:56+00:00\",\"dateModified\":\"2025-11-26T21:24:43+00:00\",\"mainEntityOfPage\":{\"@id\":\"https:\/\/investiga.uandes.cl\/analisis-del-impacto-de-los-ciclos-politicos-en-los-rendimientos-de-los-bonos-corporativos-podria-influir-en-estrategias-de-inversion-y-en-politicas-publicas\/\"},\"wordCount\":637,\"publisher\":{\"@id\":\"https:\/\/investiga.uandes.cl\/#organization\"},\"image\":{\"@id\":\"https:\/\/investiga.uandes.cl\/analisis-del-impacto-de-los-ciclos-politicos-en-los-rendimientos-de-los-bonos-corporativos-podria-influir-en-estrategias-de-inversion-y-en-politicas-publicas\/#primaryimage\"},\"thumbnailUrl\":\"https:\/\/investiga.uandes.cl\/wp-content\/uploads\/2025\/02\/Javier-Mella-scaled-1.webp\",\"articleSection\":[\"Econom\u00eda\"],\"inLanguage\":\"en-US\"},{\"@type\":\"WebPage\",\"@id\":\"https:\/\/investiga.uandes.cl\/analisis-del-impacto-de-los-ciclos-politicos-en-los-rendimientos-de-los-bonos-corporativos-podria-influir-en-estrategias-de-inversion-y-en-politicas-publicas\/\",\"url\":\"https:\/\/investiga.uandes.cl\/analisis-del-impacto-de-los-ciclos-politicos-en-los-rendimientos-de-los-bonos-corporativos-podria-influir-en-estrategias-de-inversion-y-en-politicas-publicas\/\",\"name\":\"El impacto de los ciclos pol\u00edticos en el rendimiento de los bonos corporativos - Investiga UANDES\",\"isPartOf\":{\"@id\":\"https:\/\/investiga.uandes.cl\/#website\"},\"primaryImageOfPage\":{\"@id\":\"https:\/\/investiga.uandes.cl\/analisis-del-impacto-de-los-ciclos-politicos-en-los-rendimientos-de-los-bonos-corporativos-podria-influir-en-estrategias-de-inversion-y-en-politicas-publicas\/#primaryimage\"},\"image\":{\"@id\":\"https:\/\/investiga.uandes.cl\/analisis-del-impacto-de-los-ciclos-politicos-en-los-rendimientos-de-los-bonos-corporativos-podria-influir-en-estrategias-de-inversion-y-en-politicas-publicas\/#primaryimage\"},\"thumbnailUrl\":\"https:\/\/investiga.uandes.cl\/wp-content\/uploads\/2025\/02\/Javier-Mella-scaled-1.webp\",\"datePublished\":\"2025-02-19T18:07:56+00:00\",\"dateModified\":\"2025-11-26T21:24:43+00:00\",\"breadcrumb\":{\"@id\":\"https:\/\/investiga.uandes.cl\/analisis-del-impacto-de-los-ciclos-politicos-en-los-rendimientos-de-los-bonos-corporativos-podria-influir-en-estrategias-de-inversion-y-en-politicas-publicas\/#breadcrumb\"},\"inLanguage\":\"en-US\",\"potentialAction\":[{\"@type\":\"ReadAction\",\"target\":[\"https:\/\/investiga.uandes.cl\/analisis-del-impacto-de-los-ciclos-politicos-en-los-rendimientos-de-los-bonos-corporativos-podria-influir-en-estrategias-de-inversion-y-en-politicas-publicas\/\"]}]},{\"@type\":\"ImageObject\",\"inLanguage\":\"en-US\",\"@id\":\"https:\/\/investiga.uandes.cl\/analisis-del-impacto-de-los-ciclos-politicos-en-los-rendimientos-de-los-bonos-corporativos-podria-influir-en-estrategias-de-inversion-y-en-politicas-publicas\/#primaryimage\",\"url\":\"https:\/\/investiga.uandes.cl\/wp-content\/uploads\/2025\/02\/Javier-Mella-scaled-1.webp\",\"contentUrl\":\"https:\/\/investiga.uandes.cl\/wp-content\/uploads\/2025\/02\/Javier-Mella-scaled-1.webp\",\"width\":2560,\"height\":1707},{\"@type\":\"BreadcrumbList\",\"@id\":\"https:\/\/investiga.uandes.cl\/analisis-del-impacto-de-los-ciclos-politicos-en-los-rendimientos-de-los-bonos-corporativos-podria-influir-en-estrategias-de-inversion-y-en-politicas-publicas\/#breadcrumb\",\"itemListElement\":[{\"@type\":\"ListItem\",\"position\":1,\"name\":\"Portada\",\"item\":\"https:\/\/investiga.uandes.cl\/\"},{\"@type\":\"ListItem\",\"position\":2,\"name\":\"El impacto de los ciclos pol\u00edticos en el rendimiento de los bonos corporativos\"}]},{\"@type\":\"WebSite\",\"@id\":\"https:\/\/investiga.uandes.cl\/#website\",\"url\":\"https:\/\/investiga.uandes.cl\/\",\"name\":\"Investiga UANDES\",\"description\":\"Investigaci\u00f3n, Universidad de los Andes\",\"publisher\":{\"@id\":\"https:\/\/investiga.uandes.cl\/#organization\"},\"potentialAction\":[{\"@type\":\"SearchAction\",\"target\":{\"@type\":\"EntryPoint\",\"urlTemplate\":\"https:\/\/investiga.uandes.cl\/?s={search_term_string}\"},\"query-input\":{\"@type\":\"PropertyValueSpecification\",\"valueRequired\":true,\"valueName\":\"search_term_string\"}}],\"inLanguage\":\"en-US\"},{\"@type\":\"Organization\",\"@id\":\"https:\/\/investiga.uandes.cl\/#organization\",\"name\":\"Investiga UANDES\",\"url\":\"https:\/\/investiga.uandes.cl\/\",\"logo\":{\"@type\":\"ImageObject\",\"inLanguage\":\"en-US\",\"@id\":\"https:\/\/investiga.uandes.cl\/#\/schema\/logo\/image\/\",\"url\":\"https:\/\/investiga.uandes.cl\/wp-content\/uploads\/2025\/03\/investiga_uandes.jpg\",\"contentUrl\":\"https:\/\/investiga.uandes.cl\/wp-content\/uploads\/2025\/03\/investiga_uandes.jpg\",\"width\":2000,\"height\":771,\"caption\":\"Investiga UANDES\"},\"image\":{\"@id\":\"https:\/\/investiga.uandes.cl\/#\/schema\/logo\/image\/\"}},{\"@type\":\"Person\",\"@id\":\"https:\/\/investiga.uandes.cl\/#\/schema\/person\/a6d3757d4cdc75cceb38c3560655edc3\",\"name\":\"Marisol Grisanti\",\"url\":\"https:\/\/investiga.uandes.cl\/en\/author\/mgrisanti\/\"}]}<\/script>\n<!-- \/ Yoast SEO plugin. -->","yoast_head_json":{"title":"El impacto de los ciclos pol\u00edticos en el rendimiento de los bonos corporativos - Investiga UANDES","robots":{"index":"index","follow":"follow","max-snippet":"max-snippet:-1","max-image-preview":"max-image-preview:large","max-video-preview":"max-video-preview:-1"},"canonical":"https:\/\/investiga.uandes.cl\/en\/analysis-of-the-impact-of-political-cycles-on-corporate-bond-yields-could-influence-investment-strategies-and-public-policies\/","og_locale":"en_US","og_type":"article","og_title":"El impacto de los ciclos pol\u00edticos en el rendimiento de los bonos corporativos - Investiga UANDES","og_description":"Investigaci\u00f3n del acad\u00e9mico de la Facultad de Ingenier\u00eda y Ciencias Aplicadas Javier Mella gan\u00f3 recientemente un Fondecyt Iniciaci\u00f3n.","og_url":"https:\/\/investiga.uandes.cl\/en\/analysis-of-the-impact-of-political-cycles-on-corporate-bond-yields-could-influence-investment-strategies-and-public-policies\/","og_site_name":"Investiga UANDES","article_published_time":"2025-02-19T18:07:56+00:00","article_modified_time":"2025-11-26T21:24:43+00:00","og_image":[{"width":2560,"height":1707,"url":"https:\/\/investiga.uandes.cl\/wp-content\/uploads\/2025\/02\/Javier-Mella-scaled-1.webp","type":"image\/webp"}],"author":"Marisol Grisanti","twitter_card":"summary_large_image","twitter_misc":{"Written by":"Marisol Grisanti","Est. reading time":"3 minutes"},"schema":{"@context":"https:\/\/schema.org","@graph":[{"@type":"Article","@id":"https:\/\/investiga.uandes.cl\/analisis-del-impacto-de-los-ciclos-politicos-en-los-rendimientos-de-los-bonos-corporativos-podria-influir-en-estrategias-de-inversion-y-en-politicas-publicas\/#article","isPartOf":{"@id":"https:\/\/investiga.uandes.cl\/analisis-del-impacto-de-los-ciclos-politicos-en-los-rendimientos-de-los-bonos-corporativos-podria-influir-en-estrategias-de-inversion-y-en-politicas-publicas\/"},"author":{"name":"Marisol Grisanti","@id":"https:\/\/investiga.uandes.cl\/#\/schema\/person\/a6d3757d4cdc75cceb38c3560655edc3"},"headline":"El impacto de los ciclos pol\u00edticos en el rendimiento de los bonos corporativos","datePublished":"2025-02-19T18:07:56+00:00","dateModified":"2025-11-26T21:24:43+00:00","mainEntityOfPage":{"@id":"https:\/\/investiga.uandes.cl\/analisis-del-impacto-de-los-ciclos-politicos-en-los-rendimientos-de-los-bonos-corporativos-podria-influir-en-estrategias-de-inversion-y-en-politicas-publicas\/"},"wordCount":637,"publisher":{"@id":"https:\/\/investiga.uandes.cl\/#organization"},"image":{"@id":"https:\/\/investiga.uandes.cl\/analisis-del-impacto-de-los-ciclos-politicos-en-los-rendimientos-de-los-bonos-corporativos-podria-influir-en-estrategias-de-inversion-y-en-politicas-publicas\/#primaryimage"},"thumbnailUrl":"https:\/\/investiga.uandes.cl\/wp-content\/uploads\/2025\/02\/Javier-Mella-scaled-1.webp","articleSection":["Econom\u00eda"],"inLanguage":"en-US"},{"@type":"WebPage","@id":"https:\/\/investiga.uandes.cl\/analisis-del-impacto-de-los-ciclos-politicos-en-los-rendimientos-de-los-bonos-corporativos-podria-influir-en-estrategias-de-inversion-y-en-politicas-publicas\/","url":"https:\/\/investiga.uandes.cl\/analisis-del-impacto-de-los-ciclos-politicos-en-los-rendimientos-de-los-bonos-corporativos-podria-influir-en-estrategias-de-inversion-y-en-politicas-publicas\/","name":"El impacto de los ciclos pol\u00edticos en el rendimiento de los bonos corporativos - Investiga UANDES","isPartOf":{"@id":"https:\/\/investiga.uandes.cl\/#website"},"primaryImageOfPage":{"@id":"https:\/\/investiga.uandes.cl\/analisis-del-impacto-de-los-ciclos-politicos-en-los-rendimientos-de-los-bonos-corporativos-podria-influir-en-estrategias-de-inversion-y-en-politicas-publicas\/#primaryimage"},"image":{"@id":"https:\/\/investiga.uandes.cl\/analisis-del-impacto-de-los-ciclos-politicos-en-los-rendimientos-de-los-bonos-corporativos-podria-influir-en-estrategias-de-inversion-y-en-politicas-publicas\/#primaryimage"},"thumbnailUrl":"https:\/\/investiga.uandes.cl\/wp-content\/uploads\/2025\/02\/Javier-Mella-scaled-1.webp","datePublished":"2025-02-19T18:07:56+00:00","dateModified":"2025-11-26T21:24:43+00:00","breadcrumb":{"@id":"https:\/\/investiga.uandes.cl\/analisis-del-impacto-de-los-ciclos-politicos-en-los-rendimientos-de-los-bonos-corporativos-podria-influir-en-estrategias-de-inversion-y-en-politicas-publicas\/#breadcrumb"},"inLanguage":"en-US","potentialAction":[{"@type":"ReadAction","target":["https:\/\/investiga.uandes.cl\/analisis-del-impacto-de-los-ciclos-politicos-en-los-rendimientos-de-los-bonos-corporativos-podria-influir-en-estrategias-de-inversion-y-en-politicas-publicas\/"]}]},{"@type":"ImageObject","inLanguage":"en-US","@id":"https:\/\/investiga.uandes.cl\/analisis-del-impacto-de-los-ciclos-politicos-en-los-rendimientos-de-los-bonos-corporativos-podria-influir-en-estrategias-de-inversion-y-en-politicas-publicas\/#primaryimage","url":"https:\/\/investiga.uandes.cl\/wp-content\/uploads\/2025\/02\/Javier-Mella-scaled-1.webp","contentUrl":"https:\/\/investiga.uandes.cl\/wp-content\/uploads\/2025\/02\/Javier-Mella-scaled-1.webp","width":2560,"height":1707},{"@type":"BreadcrumbList","@id":"https:\/\/investiga.uandes.cl\/analisis-del-impacto-de-los-ciclos-politicos-en-los-rendimientos-de-los-bonos-corporativos-podria-influir-en-estrategias-de-inversion-y-en-politicas-publicas\/#breadcrumb","itemListElement":[{"@type":"ListItem","position":1,"name":"Portada","item":"https:\/\/investiga.uandes.cl\/"},{"@type":"ListItem","position":2,"name":"El impacto de los ciclos pol\u00edticos en el rendimiento de los bonos corporativos"}]},{"@type":"WebSite","@id":"https:\/\/investiga.uandes.cl\/#website","url":"https:\/\/investiga.uandes.cl\/","name":"Investiga UANDES","description":"Investigaci\u00f3n, Universidad de los Andes","publisher":{"@id":"https:\/\/investiga.uandes.cl\/#organization"},"potentialAction":[{"@type":"SearchAction","target":{"@type":"EntryPoint","urlTemplate":"https:\/\/investiga.uandes.cl\/?s={search_term_string}"},"query-input":{"@type":"PropertyValueSpecification","valueRequired":true,"valueName":"search_term_string"}}],"inLanguage":"en-US"},{"@type":"Organization","@id":"https:\/\/investiga.uandes.cl\/#organization","name":"Investiga UANDES","url":"https:\/\/investiga.uandes.cl\/","logo":{"@type":"ImageObject","inLanguage":"en-US","@id":"https:\/\/investiga.uandes.cl\/#\/schema\/logo\/image\/","url":"https:\/\/investiga.uandes.cl\/wp-content\/uploads\/2025\/03\/investiga_uandes.jpg","contentUrl":"https:\/\/investiga.uandes.cl\/wp-content\/uploads\/2025\/03\/investiga_uandes.jpg","width":2000,"height":771,"caption":"Investiga UANDES"},"image":{"@id":"https:\/\/investiga.uandes.cl\/#\/schema\/logo\/image\/"}},{"@type":"Person","@id":"https:\/\/investiga.uandes.cl\/#\/schema\/person\/a6d3757d4cdc75cceb38c3560655edc3","name":"Marisol Grisanti","url":"https:\/\/investiga.uandes.cl\/en\/author\/mgrisanti\/"}]}},"_links":{"self":[{"href":"https:\/\/investiga.uandes.cl\/en\/wp-json\/wp\/v2\/posts\/4226","targetHints":{"allow":["GET"]}}],"collection":[{"href":"https:\/\/investiga.uandes.cl\/en\/wp-json\/wp\/v2\/posts"}],"about":[{"href":"https:\/\/investiga.uandes.cl\/en\/wp-json\/wp\/v2\/types\/post"}],"author":[{"embeddable":true,"href":"https:\/\/investiga.uandes.cl\/en\/wp-json\/wp\/v2\/users\/3"}],"replies":[{"embeddable":true,"href":"https:\/\/investiga.uandes.cl\/en\/wp-json\/wp\/v2\/comments?post=4226"}],"version-history":[{"count":6,"href":"https:\/\/investiga.uandes.cl\/en\/wp-json\/wp\/v2\/posts\/4226\/revisions"}],"predecessor-version":[{"id":5452,"href":"https:\/\/investiga.uandes.cl\/en\/wp-json\/wp\/v2\/posts\/4226\/revisions\/5452"}],"wp:featuredmedia":[{"embeddable":true,"href":"https:\/\/investiga.uandes.cl\/en\/wp-json\/wp\/v2\/media\/4500"}],"wp:attachment":[{"href":"https:\/\/investiga.uandes.cl\/en\/wp-json\/wp\/v2\/media?parent=4226"}],"wp:term":[{"taxonomy":"category","embeddable":true,"href":"https:\/\/investiga.uandes.cl\/en\/wp-json\/wp\/v2\/categories?post=4226"},{"taxonomy":"post_tag","embeddable":true,"href":"https:\/\/investiga.uandes.cl\/en\/wp-json\/wp\/v2\/tags?post=4226"}],"curies":[{"name":"wp","href":"https:\/\/api.w.org\/{rel}","templated":true}]}}