{"id":4193,"date":"2025-02-05T14:11:57","date_gmt":"2025-02-05T17:11:57","guid":{"rendered":"https:\/\/test.uandes.cl\/?p=4193"},"modified":"2025-11-26T19:00:06","modified_gmt":"2025-11-26T22:00:06","slug":"universidad-de-los-andes-stands-out-in-the-awarding-of-fondecyt-initiation-and-postdoctoral-projects-2025","status":"publish","type":"post","link":"https:\/\/investiga.uandes.cl\/en\/universidad-de-los-andes-stands-out-in-the-awarding-of-fondecyt-initiation-and-postdoctoral-projects-2025\/","title":{"rendered":"Universidad de los Andes stands out in the awarding of Fondecyt Initiation and Postdoctoral projects 2025"},"content":{"rendered":"<p>Universidad de los Andes has achieved an outstanding performance in the <strong><a href=\"https:\/\/anid.cl\/concursos\/concurso-fondecyt-de-postdoctorado-2025\/\">Fondecyt Initiation and Postdoctoral 2025 calls,<\/a><\/strong>consolidating its contribution to high-level academic research.<\/p>\n\n\n\n<p>Through the <strong><a href=\"https:\/\/anid.cl\/concursos\/concurso-de-proyectos-fondecyt-de-iniciacion-en-investigacion-2025\/\">Fondecyt Initiation 2025 grant<\/a><\/strong>, the University submitted 32 applications, of which 13 were awarded, achieving an award rate of 40.6%. This percentage represents a significant increase of nine points over the previous year.<\/p>\n\n\n\n<p>The selected projects cover disciplines such as psychology, artificial intelligence, economics, education, medicine, and dentistry. \u00a0<\/p>\n\n\n\n<p><strong>List of awards<\/strong><\/p>\n\n\n\n<figure class=\"wp-block-table\"><table class=\"has-fixed-layout\"><tbody><tr><td><strong>Title<\/strong><\/td><td><strong>Academic Unit<\/strong><\/td><td><strong>Researcher<\/strong><\/td><td><strong>Academic Sub-Unit<\/strong><\/td><\/tr><tr><td>The Invisible Footprints: Role of Associative Learning in the Relationship Between Adverse Childhood Experiences and Mental Health in Adulthood,<\/td><td>School of Social Sciences<\/td><td>Consuelo San Mart\u00edn Miranda<\/td><td>School of Psychology<\/td><\/tr><tr><td>TTAIO: Tool for Trustworthy Artificial Intelligence On-Edge<\/td><td>School of Engineering and Applied Sciences<\/td><td>Jorge G\u00f3mez Mir<\/td><td>&nbsp;<\/td><\/tr><tr><td>From Pro- to Counter-cyclical Fiscal Policy: The Role of Monetary Policy and Private Capital Flows<\/td><td>School of Economics and Business Administration<\/td><td>Cristi\u00e1n Cuevas Vald\u00e9s<\/td><td>&nbsp;<\/td><\/tr><tr><td>Challenges in teacher retention in Chile: Update and analysis after eight years of law 20.903<\/td><td>School of Social Sciences<\/td><td>Alessandra Diaz Sacco<\/td><td>School of Education<\/td><\/tr><tr><td>\"Justice and Interdependence: Feminist Ethics of Care from the Perspective of Derrida's Ethics.<\/td><td>School of Social Sciences<\/td><td>Gabriela Sof\u00eda Caviedes Thomas<\/td><td>SIGNS<\/td><\/tr><tr><td>Chondrocyte-derived Netrin-1 as a Driving Mechanism of Sensory Innervation in Osteoarthritis: Focus on Subchondral Bone Remodeling and Dorsal Root Ganglion Sensitization<\/td><td>School of Medicine -CIIB<\/td><td>Felipe Andr\u00e9s Bustamante Barrientos<\/td><td>&nbsp;<\/td><\/tr><tr><td>Relationship between Perceived Content Quality and Consumer Engagement in the Streaming Industry: Effects on Satisfaction, Recommendation and Loyalty<\/td><td>School of Economics and Business Administration<\/td><td>David Kimber Camussetti<\/td><td>N\/A<\/td><\/tr><tr><td>Political cycles and the cross-section of corporate bond returns: Government Spending, Corporate Taxes, and Climate Change<\/td><td>School of Engineering and Applied Sciences<\/td><td>Javier Andr\u00e9s Mella Barahona<\/td><td>&nbsp;<\/td><\/tr><tr><td>Mucosal Pellicle Composition and Their Role in Radiotherapy-induced Oral Mucositis in Head and Neck Cancer Patients: A Longitudinal Study<\/td><td>School of Dentistry<\/td><td>Mar\u00eda In\u00e9s Gonz\u00e1lez Agurto<\/td><td>&nbsp;<\/td><\/tr><tr><td>Robust Novel System Identification Techniques for Seismic Analysis of Nonlinear Structures<\/td><td>School of Engineering and Applied Sciences<\/td><td>Francisco Javier Hern\u00e1ndez Prado<\/td><td>&nbsp;<\/td><\/tr><tr><td>Social Status in Visual Rhetoric in the Early Childhood Education Profession: An Interdisciplinary Study<\/td><td>School of Social Sciences<\/td><td>Karin Alejandra Roa Tampe<\/td><td>School of Education<\/td><\/tr><tr><td>Narratives and Market Exchange in Developing Countries<\/td><td>School of Economics and Business Administration<\/td><td>Juan Pedro Ronconi<\/td><td>&nbsp;<\/td><\/tr><tr><td>Understanding the Level of Engagement in the Mathematical Task: an Exploratory Study in NT1 and NT2 Children<\/td><td>School of Social Sciences<\/td><td>Mar\u00eda Fernanda Montoya Mistretta<\/td><td>School of Education<\/td><\/tr><\/tbody><\/table><\/figure>\n\n\n\n<p>In the <strong><a href=\"https:\/\/anid.cl\/concursos\/concurso-fondecyt-de-postdoctorado-2025\/\">Fondecyt Initiation 2025 category,<\/a><\/strong>the <strong><a href=\"https:\/\/www.uandes.cl\/+\">university<\/a><\/strong> the University was awarded 5 sponsored projects, with a success rate of 38.5%, reflecting the quality of the applications and the impact of the joint work between sponsoring researchers and postdoctoral fellows.<\/p>\n\n\n\n<p><strong>List of awards<\/strong><\/p>\n\n\n\n<figure class=\"wp-block-table\"><table class=\"has-fixed-layout\"><tbody><tr><td><strong>Title<\/strong><\/td><td><strong>Academic Unit<\/strong><\/td><td><strong>Academic Sub-Unit<\/strong><\/td><td><strong>Sponsoring Researcher<\/strong><\/td><td><strong>Principal Investigator<\/strong><\/td><\/tr><tr><td>Regulation of Inflammatory and Adaptive Capacities of Dendritic Cells through Mesenchymal Stem Cell-Derived Mitochondrial Transfer<\/td><td>School of Medicine -CIIB<\/td><td>School of Medicine<\/td><td>Patricia Luz Crawford<\/td><td>Jonathan Morales<\/td><\/tr><tr><td>Multi-objective Optimization Approaches for Supporting Operational Decisions of Major Fruit Harvesting<\/td><td>School of Engineering and Applied Sciences<\/td><td>&nbsp;<\/td><td>Rosa Guadalupe Gonz\u00e1lez Ram\u00edrez<\/td><td>Javier Gomez<\/td><\/tr><tr><td>Assessing Biofilm and Elemental Sulfur Dynamics in a Groundwater Elemental Sulfur-based Autotrophic Denitrification Fixed Bed Reactor through Computational Fluid Dynamics Simulations coupled with Digital Imaging Techniques<\/td><td>School of Engineering and Applied Sciences<\/td><td>&nbsp;<\/td><td>C\u00e9sar Esteban Huili\u00f1ir Curio<\/td><td>Felipe Carre\u00f1o<\/td><\/tr><tr><td>Minority Shareholders' Rights in Front of Technology and Sustainability Challenges<\/td><td>School of Law<\/td><td>&nbsp;<\/td><td>Pablo Manterola Dom\u00ednguez<\/td><td>Pedro P\u00e9rez Carb\u00f3<\/td><\/tr><tr><td>Fabrication and Characterization of a Biocompatible and Biodegradable Scaffold Formulated from Salmon Gelatin, Tertiary Bioglass Nanoparticles and Bacterial Cellulose Nanocrystals by 3D Printing for Treatment of Maxillofacial Defects<\/td><td>School of Medicine<\/td><td>School of Nutrition and Dietetics<\/td><td>Paulo Cesar Diaz Calderon<\/td><td>Daniela Acu\u00f1a<\/td><\/tr><\/tbody><\/table><\/figure>\n\n\n\n<p><strong>Sustained growth and gender equity<\/strong><\/p>\n\n\n\n<p>During the 2021-2025 period, <strong><a href=\"https:\/\/www.uandes.cl\/\">UANDES<\/a><\/strong> <strong>has shown a constant growth in its award rates, highlighting significant advances in gender equity. In Fondecyt Initiation grants, 35% of the projects have been led by women, while in the postdoctoral, category this figure rises to 47%.<\/strong><\/p>\n\n\n\n<p>Of the 75 projects awarded between 2021 and 2025, 23% have been led by professors of the <strong><a href=\"https:\/\/www.uandes.cl\/facultad-ingenieri\">School of Engineering and Applied Sciences<\/a><\/strong>, 22% by the <strong><a href=\"https:\/\/www.uandes.cl\/facultad-medicina\/\">School of Medicine<\/a><\/strong>and 14% by the newly formed <strong><a href=\"https:\/\/www.uandes.cl\/facultad\/ciencias-sociales\/\">School of Social Sciences.<\/a><\/strong><\/p>\n\n\n\n<p>Claudia Brizuela, Director of Research and PhD, stated that \"these results reaffirm our commitment to academic and scientific excellence, reflecting the quality of our researchers and the impact of their work in various areas of knowledge.\"<\/p>","protected":false},"excerpt":{"rendered":"<p>The selected projects cover disciplines such as psychology, artificial intelligence, economics, education, medicine, and dentistry.<\/p>","protected":false},"author":2,"featured_media":4192,"comment_status":"closed","ping_status":"closed","sticky":false,"template":"","format":"standard","meta":{"inline_featured_image":false,"footnotes":""},"categories":[28],"tags":[],"class_list":["post-4193","post","type-post","status-publish","format-standard","has-post-thumbnail","hentry","category-nuevos-proyectos"],"yoast_head":"<!-- This site is optimized with the Yoast SEO plugin v24.7 - https:\/\/yoast.com\/wordpress\/plugins\/seo\/ -->\n<title>Universidad de los Andes destaca en adjudicaci\u00f3n de proyectos Fondecyt de Iniciaci\u00f3n y Postdoctorado 2025 - Investiga UANDES<\/title>\n<meta name=\"robots\" content=\"index, follow, max-snippet:-1, max-image-preview:large, max-video-preview:-1\" \/>\n<link rel=\"canonical\" href=\"https:\/\/investiga.uandes.cl\/en\/universidad-de-los-andes-stands-out-in-the-awarding-of-fondecyt-initiation-and-postdoctoral-projects-2025\/\" \/>\n<meta property=\"og:locale\" content=\"en_US\" \/>\n<meta property=\"og:type\" content=\"article\" \/>\n<meta property=\"og:title\" content=\"Universidad de los Andes destaca en adjudicaci\u00f3n de proyectos Fondecyt de Iniciaci\u00f3n y Postdoctorado 2025 - Investiga UANDES\" \/>\n<meta property=\"og:description\" content=\"Los proyectos seleccionados abarcan disciplinas como psicolog\u00eda, inteligencia artificial, econom\u00eda, educaci\u00f3n, medicina y odontolog\u00eda.\" \/>\n<meta property=\"og:url\" content=\"https:\/\/investiga.uandes.cl\/en\/universidad-de-los-andes-stands-out-in-the-awarding-of-fondecyt-initiation-and-postdoctoral-projects-2025\/\" \/>\n<meta property=\"og:site_name\" content=\"Investiga UANDES\" \/>\n<meta property=\"article:published_time\" content=\"2025-02-05T17:11:57+00:00\" \/>\n<meta property=\"article:modified_time\" content=\"2025-11-26T22:00:06+00:00\" \/>\n<meta property=\"og:image\" content=\"https:\/\/investiga.uandes.cl\/wp-content\/uploads\/2025\/02\/Humanidades_Portada_ARQ.webp\" \/>\n\t<meta property=\"og:image:width\" content=\"2000\" \/>\n\t<meta property=\"og:image:height\" content=\"800\" \/>\n\t<meta property=\"og:image:type\" content=\"image\/webp\" \/>\n<meta name=\"author\" content=\"Mar\u00eda Ignacia Manr\u00edquez\" \/>\n<meta name=\"twitter:card\" content=\"summary_large_image\" \/>\n<meta name=\"twitter:label1\" content=\"Written by\" \/>\n\t<meta name=\"twitter:data1\" content=\"Mar\u00eda Ignacia Manr\u00edquez\" \/>\n\t<meta name=\"twitter:label2\" content=\"Est. reading time\" \/>\n\t<meta name=\"twitter:data2\" content=\"4 minutes\" \/>\n<script type=\"application\/ld+json\" class=\"yoast-schema-graph\">{\"@context\":\"https:\/\/schema.org\",\"@graph\":[{\"@type\":\"Article\",\"@id\":\"https:\/\/investiga.uandes.cl\/universidad-de-los-andes-destaca-en-adjudicacion-de-proyectos-fondecyt-de-iniciacion-y-postdoctorado-2025\/#article\",\"isPartOf\":{\"@id\":\"https:\/\/investiga.uandes.cl\/universidad-de-los-andes-destaca-en-adjudicacion-de-proyectos-fondecyt-de-iniciacion-y-postdoctorado-2025\/\"},\"author\":{\"name\":\"Mar\u00eda Ignacia Manr\u00edquez\",\"@id\":\"https:\/\/investiga.uandes.cl\/#\/schema\/person\/4a367eefb9d2846278c9140fd2289574\"},\"headline\":\"Universidad de los Andes destaca en adjudicaci\u00f3n de proyectos Fondecyt de Iniciaci\u00f3n y Postdoctorado 2025\",\"datePublished\":\"2025-02-05T17:11:57+00:00\",\"dateModified\":\"2025-11-26T22:00:06+00:00\",\"mainEntityOfPage\":{\"@id\":\"https:\/\/investiga.uandes.cl\/universidad-de-los-andes-destaca-en-adjudicacion-de-proyectos-fondecyt-de-iniciacion-y-postdoctorado-2025\/\"},\"wordCount\":866,\"publisher\":{\"@id\":\"https:\/\/investiga.uandes.cl\/#organization\"},\"image\":{\"@id\":\"https:\/\/investiga.uandes.cl\/universidad-de-los-andes-destaca-en-adjudicacion-de-proyectos-fondecyt-de-iniciacion-y-postdoctorado-2025\/#primaryimage\"},\"thumbnailUrl\":\"https:\/\/investiga.uandes.cl\/wp-content\/uploads\/2025\/02\/Humanidades_Portada_ARQ.webp\",\"articleSection\":[\"Nuevos Proyectos\"],\"inLanguage\":\"en-US\"},{\"@type\":\"WebPage\",\"@id\":\"https:\/\/investiga.uandes.cl\/universidad-de-los-andes-destaca-en-adjudicacion-de-proyectos-fondecyt-de-iniciacion-y-postdoctorado-2025\/\",\"url\":\"https:\/\/investiga.uandes.cl\/universidad-de-los-andes-destaca-en-adjudicacion-de-proyectos-fondecyt-de-iniciacion-y-postdoctorado-2025\/\",\"name\":\"Universidad de los Andes destaca en adjudicaci\u00f3n de proyectos Fondecyt de Iniciaci\u00f3n y Postdoctorado 2025 - Investiga UANDES\",\"isPartOf\":{\"@id\":\"https:\/\/investiga.uandes.cl\/#website\"},\"primaryImageOfPage\":{\"@id\":\"https:\/\/investiga.uandes.cl\/universidad-de-los-andes-destaca-en-adjudicacion-de-proyectos-fondecyt-de-iniciacion-y-postdoctorado-2025\/#primaryimage\"},\"image\":{\"@id\":\"https:\/\/investiga.uandes.cl\/universidad-de-los-andes-destaca-en-adjudicacion-de-proyectos-fondecyt-de-iniciacion-y-postdoctorado-2025\/#primaryimage\"},\"thumbnailUrl\":\"https:\/\/investiga.uandes.cl\/wp-content\/uploads\/2025\/02\/Humanidades_Portada_ARQ.webp\",\"datePublished\":\"2025-02-05T17:11:57+00:00\",\"dateModified\":\"2025-11-26T22:00:06+00:00\",\"breadcrumb\":{\"@id\":\"https:\/\/investiga.uandes.cl\/universidad-de-los-andes-destaca-en-adjudicacion-de-proyectos-fondecyt-de-iniciacion-y-postdoctorado-2025\/#breadcrumb\"},\"inLanguage\":\"en-US\",\"potentialAction\":[{\"@type\":\"ReadAction\",\"target\":[\"https:\/\/investiga.uandes.cl\/universidad-de-los-andes-destaca-en-adjudicacion-de-proyectos-fondecyt-de-iniciacion-y-postdoctorado-2025\/\"]}]},{\"@type\":\"ImageObject\",\"inLanguage\":\"en-US\",\"@id\":\"https:\/\/investiga.uandes.cl\/universidad-de-los-andes-destaca-en-adjudicacion-de-proyectos-fondecyt-de-iniciacion-y-postdoctorado-2025\/#primaryimage\",\"url\":\"https:\/\/investiga.uandes.cl\/wp-content\/uploads\/2025\/02\/Humanidades_Portada_ARQ.webp\",\"contentUrl\":\"https:\/\/investiga.uandes.cl\/wp-content\/uploads\/2025\/02\/Humanidades_Portada_ARQ.webp\",\"width\":2000,\"height\":800},{\"@type\":\"BreadcrumbList\",\"@id\":\"https:\/\/investiga.uandes.cl\/universidad-de-los-andes-destaca-en-adjudicacion-de-proyectos-fondecyt-de-iniciacion-y-postdoctorado-2025\/#breadcrumb\",\"itemListElement\":[{\"@type\":\"ListItem\",\"position\":1,\"name\":\"Portada\",\"item\":\"https:\/\/investiga.uandes.cl\/\"},{\"@type\":\"ListItem\",\"position\":2,\"name\":\"Universidad de los Andes destaca en adjudicaci\u00f3n de proyectos Fondecyt de Iniciaci\u00f3n y Postdoctorado 2025\"}]},{\"@type\":\"WebSite\",\"@id\":\"https:\/\/investiga.uandes.cl\/#website\",\"url\":\"https:\/\/investiga.uandes.cl\/\",\"name\":\"Investiga UANDES\",\"description\":\"Investigaci\u00f3n, Universidad de los Andes\",\"publisher\":{\"@id\":\"https:\/\/investiga.uandes.cl\/#organization\"},\"potentialAction\":[{\"@type\":\"SearchAction\",\"target\":{\"@type\":\"EntryPoint\",\"urlTemplate\":\"https:\/\/investiga.uandes.cl\/?s={search_term_string}\"},\"query-input\":{\"@type\":\"PropertyValueSpecification\",\"valueRequired\":true,\"valueName\":\"search_term_string\"}}],\"inLanguage\":\"en-US\"},{\"@type\":\"Organization\",\"@id\":\"https:\/\/investiga.uandes.cl\/#organization\",\"name\":\"Investiga UANDES\",\"url\":\"https:\/\/investiga.uandes.cl\/\",\"logo\":{\"@type\":\"ImageObject\",\"inLanguage\":\"en-US\",\"@id\":\"https:\/\/investiga.uandes.cl\/#\/schema\/logo\/image\/\",\"url\":\"https:\/\/investiga.uandes.cl\/wp-content\/uploads\/2025\/03\/investiga_uandes.jpg\",\"contentUrl\":\"https:\/\/investiga.uandes.cl\/wp-content\/uploads\/2025\/03\/investiga_uandes.jpg\",\"width\":2000,\"height\":771,\"caption\":\"Investiga UANDES\"},\"image\":{\"@id\":\"https:\/\/investiga.uandes.cl\/#\/schema\/logo\/image\/\"}},{\"@type\":\"Person\",\"@id\":\"https:\/\/investiga.uandes.cl\/#\/schema\/person\/4a367eefb9d2846278c9140fd2289574\",\"name\":\"Mar\u00eda Ignacia Manr\u00edquez\",\"url\":\"https:\/\/investiga.uandes.cl\/en\/author\/mimanriquez\/\"}]}<\/script>\n<!-- \/ Yoast SEO plugin. -->","yoast_head_json":{"title":"Universidad de los Andes destaca en adjudicaci\u00f3n de proyectos Fondecyt de Iniciaci\u00f3n y Postdoctorado 2025 - Investiga UANDES","robots":{"index":"index","follow":"follow","max-snippet":"max-snippet:-1","max-image-preview":"max-image-preview:large","max-video-preview":"max-video-preview:-1"},"canonical":"https:\/\/investiga.uandes.cl\/en\/universidad-de-los-andes-stands-out-in-the-awarding-of-fondecyt-initiation-and-postdoctoral-projects-2025\/","og_locale":"en_US","og_type":"article","og_title":"Universidad de los Andes destaca en adjudicaci\u00f3n de proyectos Fondecyt de Iniciaci\u00f3n y Postdoctorado 2025 - Investiga UANDES","og_description":"Los proyectos seleccionados abarcan disciplinas como psicolog\u00eda, inteligencia artificial, econom\u00eda, educaci\u00f3n, medicina y odontolog\u00eda.","og_url":"https:\/\/investiga.uandes.cl\/en\/universidad-de-los-andes-stands-out-in-the-awarding-of-fondecyt-initiation-and-postdoctoral-projects-2025\/","og_site_name":"Investiga UANDES","article_published_time":"2025-02-05T17:11:57+00:00","article_modified_time":"2025-11-26T22:00:06+00:00","og_image":[{"width":2000,"height":800,"url":"https:\/\/investiga.uandes.cl\/wp-content\/uploads\/2025\/02\/Humanidades_Portada_ARQ.webp","type":"image\/webp"}],"author":"Mar\u00eda Ignacia Manr\u00edquez","twitter_card":"summary_large_image","twitter_misc":{"Written by":"Mar\u00eda Ignacia Manr\u00edquez","Est. reading time":"4 minutes"},"schema":{"@context":"https:\/\/schema.org","@graph":[{"@type":"Article","@id":"https:\/\/investiga.uandes.cl\/universidad-de-los-andes-destaca-en-adjudicacion-de-proyectos-fondecyt-de-iniciacion-y-postdoctorado-2025\/#article","isPartOf":{"@id":"https:\/\/investiga.uandes.cl\/universidad-de-los-andes-destaca-en-adjudicacion-de-proyectos-fondecyt-de-iniciacion-y-postdoctorado-2025\/"},"author":{"name":"Mar\u00eda Ignacia Manr\u00edquez","@id":"https:\/\/investiga.uandes.cl\/#\/schema\/person\/4a367eefb9d2846278c9140fd2289574"},"headline":"Universidad de los Andes destaca en adjudicaci\u00f3n de proyectos Fondecyt de Iniciaci\u00f3n y Postdoctorado 2025","datePublished":"2025-02-05T17:11:57+00:00","dateModified":"2025-11-26T22:00:06+00:00","mainEntityOfPage":{"@id":"https:\/\/investiga.uandes.cl\/universidad-de-los-andes-destaca-en-adjudicacion-de-proyectos-fondecyt-de-iniciacion-y-postdoctorado-2025\/"},"wordCount":866,"publisher":{"@id":"https:\/\/investiga.uandes.cl\/#organization"},"image":{"@id":"https:\/\/investiga.uandes.cl\/universidad-de-los-andes-destaca-en-adjudicacion-de-proyectos-fondecyt-de-iniciacion-y-postdoctorado-2025\/#primaryimage"},"thumbnailUrl":"https:\/\/investiga.uandes.cl\/wp-content\/uploads\/2025\/02\/Humanidades_Portada_ARQ.webp","articleSection":["Nuevos Proyectos"],"inLanguage":"en-US"},{"@type":"WebPage","@id":"https:\/\/investiga.uandes.cl\/universidad-de-los-andes-destaca-en-adjudicacion-de-proyectos-fondecyt-de-iniciacion-y-postdoctorado-2025\/","url":"https:\/\/investiga.uandes.cl\/universidad-de-los-andes-destaca-en-adjudicacion-de-proyectos-fondecyt-de-iniciacion-y-postdoctorado-2025\/","name":"Universidad de los Andes destaca en adjudicaci\u00f3n de proyectos Fondecyt de Iniciaci\u00f3n y Postdoctorado 2025 - Investiga UANDES","isPartOf":{"@id":"https:\/\/investiga.uandes.cl\/#website"},"primaryImageOfPage":{"@id":"https:\/\/investiga.uandes.cl\/universidad-de-los-andes-destaca-en-adjudicacion-de-proyectos-fondecyt-de-iniciacion-y-postdoctorado-2025\/#primaryimage"},"image":{"@id":"https:\/\/investiga.uandes.cl\/universidad-de-los-andes-destaca-en-adjudicacion-de-proyectos-fondecyt-de-iniciacion-y-postdoctorado-2025\/#primaryimage"},"thumbnailUrl":"https:\/\/investiga.uandes.cl\/wp-content\/uploads\/2025\/02\/Humanidades_Portada_ARQ.webp","datePublished":"2025-02-05T17:11:57+00:00","dateModified":"2025-11-26T22:00:06+00:00","breadcrumb":{"@id":"https:\/\/investiga.uandes.cl\/universidad-de-los-andes-destaca-en-adjudicacion-de-proyectos-fondecyt-de-iniciacion-y-postdoctorado-2025\/#breadcrumb"},"inLanguage":"en-US","potentialAction":[{"@type":"ReadAction","target":["https:\/\/investiga.uandes.cl\/universidad-de-los-andes-destaca-en-adjudicacion-de-proyectos-fondecyt-de-iniciacion-y-postdoctorado-2025\/"]}]},{"@type":"ImageObject","inLanguage":"en-US","@id":"https:\/\/investiga.uandes.cl\/universidad-de-los-andes-destaca-en-adjudicacion-de-proyectos-fondecyt-de-iniciacion-y-postdoctorado-2025\/#primaryimage","url":"https:\/\/investiga.uandes.cl\/wp-content\/uploads\/2025\/02\/Humanidades_Portada_ARQ.webp","contentUrl":"https:\/\/investiga.uandes.cl\/wp-content\/uploads\/2025\/02\/Humanidades_Portada_ARQ.webp","width":2000,"height":800},{"@type":"BreadcrumbList","@id":"https:\/\/investiga.uandes.cl\/universidad-de-los-andes-destaca-en-adjudicacion-de-proyectos-fondecyt-de-iniciacion-y-postdoctorado-2025\/#breadcrumb","itemListElement":[{"@type":"ListItem","position":1,"name":"Portada","item":"https:\/\/investiga.uandes.cl\/"},{"@type":"ListItem","position":2,"name":"Universidad de los Andes destaca en adjudicaci\u00f3n de proyectos Fondecyt de Iniciaci\u00f3n y Postdoctorado 2025"}]},{"@type":"WebSite","@id":"https:\/\/investiga.uandes.cl\/#website","url":"https:\/\/investiga.uandes.cl\/","name":"Investiga UANDES","description":"Investigaci\u00f3n, Universidad de los Andes","publisher":{"@id":"https:\/\/investiga.uandes.cl\/#organization"},"potentialAction":[{"@type":"SearchAction","target":{"@type":"EntryPoint","urlTemplate":"https:\/\/investiga.uandes.cl\/?s={search_term_string}"},"query-input":{"@type":"PropertyValueSpecification","valueRequired":true,"valueName":"search_term_string"}}],"inLanguage":"en-US"},{"@type":"Organization","@id":"https:\/\/investiga.uandes.cl\/#organization","name":"Investiga UANDES","url":"https:\/\/investiga.uandes.cl\/","logo":{"@type":"ImageObject","inLanguage":"en-US","@id":"https:\/\/investiga.uandes.cl\/#\/schema\/logo\/image\/","url":"https:\/\/investiga.uandes.cl\/wp-content\/uploads\/2025\/03\/investiga_uandes.jpg","contentUrl":"https:\/\/investiga.uandes.cl\/wp-content\/uploads\/2025\/03\/investiga_uandes.jpg","width":2000,"height":771,"caption":"Investiga UANDES"},"image":{"@id":"https:\/\/investiga.uandes.cl\/#\/schema\/logo\/image\/"}},{"@type":"Person","@id":"https:\/\/investiga.uandes.cl\/#\/schema\/person\/4a367eefb9d2846278c9140fd2289574","name":"Mar\u00eda Ignacia Manr\u00edquez","url":"https:\/\/investiga.uandes.cl\/en\/author\/mimanriquez\/"}]}},"_links":{"self":[{"href":"https:\/\/investiga.uandes.cl\/en\/wp-json\/wp\/v2\/posts\/4193","targetHints":{"allow":["GET"]}}],"collection":[{"href":"https:\/\/investiga.uandes.cl\/en\/wp-json\/wp\/v2\/posts"}],"about":[{"href":"https:\/\/investiga.uandes.cl\/en\/wp-json\/wp\/v2\/types\/post"}],"author":[{"embeddable":true,"href":"https:\/\/investiga.uandes.cl\/en\/wp-json\/wp\/v2\/users\/2"}],"replies":[{"embeddable":true,"href":"https:\/\/investiga.uandes.cl\/en\/wp-json\/wp\/v2\/comments?post=4193"}],"version-history":[{"count":2,"href":"https:\/\/investiga.uandes.cl\/en\/wp-json\/wp\/v2\/posts\/4193\/revisions"}],"predecessor-version":[{"id":4546,"href":"https:\/\/investiga.uandes.cl\/en\/wp-json\/wp\/v2\/posts\/4193\/revisions\/4546"}],"wp:featuredmedia":[{"embeddable":true,"href":"https:\/\/investiga.uandes.cl\/en\/wp-json\/wp\/v2\/media\/4192"}],"wp:attachment":[{"href":"https:\/\/investiga.uandes.cl\/en\/wp-json\/wp\/v2\/media?parent=4193"}],"wp:term":[{"taxonomy":"category","embeddable":true,"href":"https:\/\/investiga.uandes.cl\/en\/wp-json\/wp\/v2\/categories?post=4193"},{"taxonomy":"post_tag","embeddable":true,"href":"https:\/\/investiga.uandes.cl\/en\/wp-json\/wp\/v2\/tags?post=4193"}],"curies":[{"name":"wp","href":"https:\/\/api.w.org\/{rel}","templated":true}]}}