{"id":1222,"date":"2025-02-05T00:00:00","date_gmt":"2025-02-05T03:00:00","guid":{"rendered":"http:\/\/envirra.com\/themes\/sprout2\/2020\/08\/02\/how-living-can-help-you-survive-a-filibuster\/"},"modified":"2025-11-26T18:23:57","modified_gmt":"2025-11-26T21:23:57","slug":"universidad-de-los-andes-will-develop-16-frontier-research-projects-in-different-areas-of-knowledge","status":"publish","type":"post","link":"https:\/\/investiga.uandes.cl\/en\/universidad-de-los-andes-will-develop-16-frontier-research-projects-in-different-areas-of-knowledge\/","title":{"rendered":"Universidad de los Andes will develop 16 frontier research projects in different areas of knowledge."},"content":{"rendered":"<p>Universidad de los Andes was awarded 16 projects in the <strong><a href=\"https:\/\/anid.cl\/concursos\/concurso-de-proyectos-fondecyt-regular-2025\/\">Fondecyt Regular 2025<\/a><\/strong>competition. The research will cover a broad spectrum of disciplines ranging from the applied sciences to the humanities, demonstrating the multidisciplinary nature of its research. Research will be conducted on neurodevelopmental disorders; new therapies for rheumatoid arthritis; biocomposites with potential medical applications; ultra-high performance concrete; chaotic phenomena in magnetic systems; development of computer vision systems for the evaluation of urban trees; port optimization and advanced machine learning models; and the use of mobile devices in rural classrooms, among others.<\/p>\n\n\n\n<blockquote class=\"wp-block-quote is-layout-flow wp-block-quote-is-layout-flow\">\n<p>These projects reflect our commitment to research excellence and the generation of knowledge in multiple disciplines.<\/p>\n<cite>Claudia Brizuela<\/cite><\/blockquote>\n\n\n\n<p>The academics leading these projects are: from the <strong><a href=\"https:\/\/www.uandes.cl\/facultad-ingenieria\/\">School of Engineering and Applied Sciences<\/a><\/strong> , Patricio Moreno Casas, Patricio Valenzuela Aros, Jaime Cisternas Elgueta, Jos\u00e9 Francisco Delpiano, Rosa Gonz\u00e1lez Ram\u00edrez, Felipe Scott Contador and Miguel Carrasco Briones; from the <strong><a href=\"https:\/\/www.uandes.cl\/facultad-medicina\/\">School of Medicine<\/a><\/strong>, Professors Luis Federico Batiz and Patricia Luz Crawford; from the <strong><a href=\"https:\/\/www.uandes.cl\/facultad\/ciencias-sociales\/\">School of Social Sciences<\/a><\/strong>, Professor Isabel Pavez Andonaegui; from the <strong><a href=\"https:\/\/www.uandes.cl\/facultad-derecho\/\">School of Law<\/a><\/strong>, Rodrigo Guerra Espinosa and Sebasti\u00e1n Contreras Aguirre; and from the <strong><a href=\"https:\/\/www.uandes.cl\/facultad\/facultad-de-filosofia-y-humanidades\/\">School of Philosophy and Humanities<\/a><\/strong>, Professors Jos\u00e9 Miguel de Toro, Macarena Cordero Fern\u00e1ndez, and Gabriela Rossi.<\/p>\n\n\n\n<p>In the area of engineering and technology, research will focus on ultra-high performance concrete, chaotic phenomena in magnetic systems, and the development of computer vision systems for the evaluation of urban trees. Port optimization and advanced machine learning models will also be addressed. In the field of biomedical sciences, researchers will delve into neurodevelopmental disorders and new therapies for rheumatoid arthritis, in addition to studying innovative biocomposites with potential medical applications. The social sciences will be represented by research on the use of mobile devices in rural classrooms, seeking to understand and improve education in vulnerable communities. In the field of law, studies on the principle of harm in specific cases and an analysis of Grotius' work will be developed, contributing to the development of legal thought. In the humanities, research will explore medieval encyclopedic literature, the inquisitorial government in the district of Lima, and the convergences between the ethics of Aristotle and Kant.<\/p>\n\n\n\n<p><span style=\"background-color:#ffffff\" class=\"vw-inline-hilight\"><strong><mark style=\"background-color:rgba(0, 0, 0, 0)\" class=\"has-inline-color has-vivid-red-color\">Learn more about the researchers and their research <a href=\"https:\/\/www.uandes.cl\/investigacion-y-doctorado\/investigadores-uandes\/\">here<\/a><\/mark><\/strong><\/span><\/p>\n\n\n\n<p>\"These projects reflect our commitment to research excellence and the generation of knowledge in multiple disciplines,\" said Claudia Brizuela, director of Research and PhD, who added that \"the variety of topics addressed demonstrates our university's ability to contribute to the country's development from different perspectives.\"<\/p>\n\n\n\n<p>This year's award rate was 31%, which is in line with the national historical average for these competitive funds.<\/p>\n\n\n\n<p><strong>Complete list of awarded projects:<\/strong><\/p>\n\n\n\n<figure class=\"wp-block-table\"><table class=\"has-fixed-layout\"><tbody><tr><td><strong>Project Title<\/strong><\/td><td><strong>Academic Unit<\/strong><\/td><td><strong>Principal Investigator<\/strong><\/td><\/tr><tr><td><\/td><td><\/td><td><\/td><\/tr><tr><td><\/td><td><\/td><td><\/td><\/tr><tr><td>Assessing Fiber Orientation and Distribution in Ultra-High-Performance Concrete (UHPC) Through Advanced Computational Modeling and Experimental Analysis<\/td><td>School of Engineering and Applied Sciences<\/td><td>Patricio Moreno Casas<\/td><\/tr><tr><td>Distance, innovation, and inclusive growth during crises: Evidence from small businesses<\/td><td>School of Engineering and Applied Sciences<br><br><\/td><td>Patricio Valenzuela Aros<\/td><\/tr><tr><td>Chaotic phenomena in magnetic systems: theory, experiments, and data-driven modeling<\/td><td>School of Engineering and Applied Sciences<br><br><\/td><td>Jaime Cisternas Elgueta<\/td><\/tr><tr><td>Computer vision-based characterization of urban trees with considerations for risk assessment<\/td><td>School of Engineering and Applied Sciences<br><br><\/td><td>Jos\u00e9 Francisco Delpiano<\/td><\/tr><tr><td>Improving port performance by enhancing berth planning at multipurpose port terminals<\/td><td>School of Engineering and Applied Sciences<strong><br><br><\/strong><\/td><td>Rosa Gonzalez Ramirez<\/td><\/tr><tr><td>Increasing isopropanol and (R)-1,3-butanediol yields and titers from H2, CO2, and O2 via pathways orthogonalization and the coupling of enzyme\/pathways properties to cell growth as a selection proxy.<\/td><td>School of Engineering and Applied Sciences<strong><br><br><\/strong><\/td><td>Felipe Scott Contador<\/td><\/tr><tr><td>Robust Models for Feature Selection in Machine Learning<\/td><td>School of Engineering and Applied Sciences<strong><br><br><\/strong><\/td><td>Miguel Carrasco Briones<\/td><\/tr><tr><td>Disruption of mTOR\/FOXO3 balance in interneuron progenitors as a pathogenic mechanism linking prenatal stress and neurodevelopmental disorders<\/td><td>School of Medicine<\/td><td>Luis Federico Batiz<\/td><\/tr><tr><td>Unraveling the role of Mitophagy Triggered by Exogenous MSC-Derived Mitochondria on memory T-CD4 cells as a Novel Therapeutic Mechanism for Rheumatoid Arthritis.<\/td><td>School of Medicine<\/td><td>Patricia Luz Crawford<\/td><\/tr><tr><td>Use of mobile devices in the rural classroom: Exploration in vulnerable educational communities from the perspective of the teacher's digital ecosystem.<\/td><td>School of Social Sciences<\/td><td>Isabel Pavez Andonaegui<\/td><\/tr><tr><td>In defense of a reinterpretation of the tort principle in cases of injury, infanticide and mercy killing<\/td><td>School of Law<\/td><td>Rodrigo Guerra Espinosa<\/td><\/tr><tr><td>The Middle Way of Grotius<\/td><td>School of Law<\/td><td>Sebasti\u00e1n Contreras Aguirre<\/td><\/tr><tr><td>The Orient in the encyclopedic literature of the Iberian Peninsula during the 14th century.<\/td><td>School of Philosophy and Humanities<\/td><td>Jos\u00e9 Miguel de Toro<\/td><\/tr><tr><td>The inquisitorial government of the police stations in the district of Lima. Territorialization of power, justice and social-political control.<\/td><td>School of Philosophy and Humanities<\/td><td>Macarena Cordero Fern\u00e1ndez<\/td><\/tr><tr><td>Explorations of possible convergences between Aristotle's and Kant's ethics.<\/td><td>School of Philosophy and Humanities<\/td><td>Gabriela Rossi<\/td><\/tr><tr><td>A novel approach based on the use sulphated cellulose nanofibrils to modify the self-association and self-assembly of amylose-amylopectin as a strategy for the tailored design of multifunctional biocomposites<\/td><td>School of Medicine<\/td><td>Paulo Diaz Calderon<\/td><\/tr><\/tbody><\/table><\/figure>\n\n\n\n<p><\/p>","protected":false},"excerpt":{"rendered":"<p>The research seeks to generate concrete solutions to current challenges in different fields of knowledge.<\/p>","protected":false},"author":2,"featured_media":4157,"comment_status":"closed","ping_status":"open","sticky":false,"template":"","format":"standard","meta":{"inline_featured_image":false,"footnotes":""},"categories":[2],"tags":[],"class_list":["post-1222","post","type-post","status-publish","format-standard","has-post-thumbnail","hentry","category-ciencia"],"yoast_head":"<!-- This site is optimized with the Yoast SEO plugin v24.7 - https:\/\/yoast.com\/wordpress\/plugins\/seo\/ -->\n<title>Universidad de los Andes desarrollar\u00e1 16 investigaciones de frontera en diversas \u00e1reas del conocimiento - Investiga UANDES<\/title>\n<meta name=\"robots\" content=\"index, follow, max-snippet:-1, max-image-preview:large, max-video-preview:-1\" \/>\n<link rel=\"canonical\" href=\"https:\/\/investiga.uandes.cl\/en\/universidad-de-los-andes-will-develop-16-frontier-research-projects-in-different-areas-of-knowledge\/\" \/>\n<meta property=\"og:locale\" content=\"en_US\" \/>\n<meta property=\"og:type\" content=\"article\" \/>\n<meta property=\"og:title\" content=\"Universidad de los Andes desarrollar\u00e1 16 investigaciones de frontera en diversas \u00e1reas del conocimiento - Investiga UANDES\" \/>\n<meta property=\"og:description\" content=\"Las investigaciones buscan generar soluciones concretas a desaf\u00edos actuales en distintos campos del saber.\" \/>\n<meta property=\"og:url\" content=\"https:\/\/investiga.uandes.cl\/en\/universidad-de-los-andes-will-develop-16-frontier-research-projects-in-different-areas-of-knowledge\/\" \/>\n<meta property=\"og:site_name\" content=\"Investiga UANDES\" \/>\n<meta property=\"article:published_time\" content=\"2025-02-05T03:00:00+00:00\" \/>\n<meta property=\"article:modified_time\" content=\"2025-11-26T21:23:57+00:00\" \/>\n<meta property=\"og:image\" content=\"https:\/\/investiga.uandes.cl\/wp-content\/uploads\/2025\/02\/WhatsApp-Image-2025-01-30-at-3.26.04-PM.jpeg\" \/>\n\t<meta property=\"og:image:width\" content=\"1600\" \/>\n\t<meta property=\"og:image:height\" content=\"900\" \/>\n\t<meta property=\"og:image:type\" content=\"image\/jpeg\" \/>\n<meta name=\"author\" content=\"Mar\u00eda Ignacia Manr\u00edquez\" \/>\n<meta name=\"twitter:card\" content=\"summary_large_image\" \/>\n<meta name=\"twitter:label1\" content=\"Written by\" \/>\n\t<meta name=\"twitter:data1\" content=\"Mar\u00eda Ignacia Manr\u00edquez\" \/>\n\t<meta name=\"twitter:label2\" content=\"Est. reading time\" \/>\n\t<meta name=\"twitter:data2\" content=\"4 minutes\" \/>\n<script type=\"application\/ld+json\" class=\"yoast-schema-graph\">{\"@context\":\"https:\/\/schema.org\",\"@graph\":[{\"@type\":\"Article\",\"@id\":\"https:\/\/investiga.uandes.cl\/universidad-de-los-andes-desarrollara-16-investigaciones-de-frontera-en-diversas-areas-del-conocimiento\/#article\",\"isPartOf\":{\"@id\":\"https:\/\/investiga.uandes.cl\/universidad-de-los-andes-desarrollara-16-investigaciones-de-frontera-en-diversas-areas-del-conocimiento\/\"},\"author\":{\"name\":\"Mar\u00eda Ignacia Manr\u00edquez\",\"@id\":\"https:\/\/investiga.uandes.cl\/#\/schema\/person\/4a367eefb9d2846278c9140fd2289574\"},\"headline\":\"Universidad de los Andes desarrollar\u00e1 16 investigaciones de frontera en diversas \u00e1reas del conocimiento\",\"datePublished\":\"2025-02-05T03:00:00+00:00\",\"dateModified\":\"2025-11-26T21:23:57+00:00\",\"mainEntityOfPage\":{\"@id\":\"https:\/\/investiga.uandes.cl\/universidad-de-los-andes-desarrollara-16-investigaciones-de-frontera-en-diversas-areas-del-conocimiento\/\"},\"wordCount\":930,\"publisher\":{\"@id\":\"https:\/\/investiga.uandes.cl\/#organization\"},\"image\":{\"@id\":\"https:\/\/investiga.uandes.cl\/universidad-de-los-andes-desarrollara-16-investigaciones-de-frontera-en-diversas-areas-del-conocimiento\/#primaryimage\"},\"thumbnailUrl\":\"https:\/\/investiga.uandes.cl\/wp-content\/uploads\/2025\/02\/WhatsApp-Image-2025-01-30-at-3.26.04-PM.jpeg\",\"articleSection\":[\"Ciencia y Tecnolog\u00eda\"],\"inLanguage\":\"en-US\"},{\"@type\":\"WebPage\",\"@id\":\"https:\/\/investiga.uandes.cl\/universidad-de-los-andes-desarrollara-16-investigaciones-de-frontera-en-diversas-areas-del-conocimiento\/\",\"url\":\"https:\/\/investiga.uandes.cl\/universidad-de-los-andes-desarrollara-16-investigaciones-de-frontera-en-diversas-areas-del-conocimiento\/\",\"name\":\"Universidad de los Andes desarrollar\u00e1 16 investigaciones de frontera en diversas \u00e1reas del conocimiento - Investiga UANDES\",\"isPartOf\":{\"@id\":\"https:\/\/investiga.uandes.cl\/#website\"},\"primaryImageOfPage\":{\"@id\":\"https:\/\/investiga.uandes.cl\/universidad-de-los-andes-desarrollara-16-investigaciones-de-frontera-en-diversas-areas-del-conocimiento\/#primaryimage\"},\"image\":{\"@id\":\"https:\/\/investiga.uandes.cl\/universidad-de-los-andes-desarrollara-16-investigaciones-de-frontera-en-diversas-areas-del-conocimiento\/#primaryimage\"},\"thumbnailUrl\":\"https:\/\/investiga.uandes.cl\/wp-content\/uploads\/2025\/02\/WhatsApp-Image-2025-01-30-at-3.26.04-PM.jpeg\",\"datePublished\":\"2025-02-05T03:00:00+00:00\",\"dateModified\":\"2025-11-26T21:23:57+00:00\",\"breadcrumb\":{\"@id\":\"https:\/\/investiga.uandes.cl\/universidad-de-los-andes-desarrollara-16-investigaciones-de-frontera-en-diversas-areas-del-conocimiento\/#breadcrumb\"},\"inLanguage\":\"en-US\",\"potentialAction\":[{\"@type\":\"ReadAction\",\"target\":[\"https:\/\/investiga.uandes.cl\/universidad-de-los-andes-desarrollara-16-investigaciones-de-frontera-en-diversas-areas-del-conocimiento\/\"]}]},{\"@type\":\"ImageObject\",\"inLanguage\":\"en-US\",\"@id\":\"https:\/\/investiga.uandes.cl\/universidad-de-los-andes-desarrollara-16-investigaciones-de-frontera-en-diversas-areas-del-conocimiento\/#primaryimage\",\"url\":\"https:\/\/investiga.uandes.cl\/wp-content\/uploads\/2025\/02\/WhatsApp-Image-2025-01-30-at-3.26.04-PM.jpeg\",\"contentUrl\":\"https:\/\/investiga.uandes.cl\/wp-content\/uploads\/2025\/02\/WhatsApp-Image-2025-01-30-at-3.26.04-PM.jpeg\",\"width\":1600,\"height\":900},{\"@type\":\"BreadcrumbList\",\"@id\":\"https:\/\/investiga.uandes.cl\/universidad-de-los-andes-desarrollara-16-investigaciones-de-frontera-en-diversas-areas-del-conocimiento\/#breadcrumb\",\"itemListElement\":[{\"@type\":\"ListItem\",\"position\":1,\"name\":\"Portada\",\"item\":\"https:\/\/investiga.uandes.cl\/\"},{\"@type\":\"ListItem\",\"position\":2,\"name\":\"Universidad de los Andes desarrollar\u00e1 16 investigaciones de frontera en diversas \u00e1reas del conocimiento\"}]},{\"@type\":\"WebSite\",\"@id\":\"https:\/\/investiga.uandes.cl\/#website\",\"url\":\"https:\/\/investiga.uandes.cl\/\",\"name\":\"Investiga UANDES\",\"description\":\"Investigaci\u00f3n, Universidad de los Andes\",\"publisher\":{\"@id\":\"https:\/\/investiga.uandes.cl\/#organization\"},\"potentialAction\":[{\"@type\":\"SearchAction\",\"target\":{\"@type\":\"EntryPoint\",\"urlTemplate\":\"https:\/\/investiga.uandes.cl\/?s={search_term_string}\"},\"query-input\":{\"@type\":\"PropertyValueSpecification\",\"valueRequired\":true,\"valueName\":\"search_term_string\"}}],\"inLanguage\":\"en-US\"},{\"@type\":\"Organization\",\"@id\":\"https:\/\/investiga.uandes.cl\/#organization\",\"name\":\"Investiga UANDES\",\"url\":\"https:\/\/investiga.uandes.cl\/\",\"logo\":{\"@type\":\"ImageObject\",\"inLanguage\":\"en-US\",\"@id\":\"https:\/\/investiga.uandes.cl\/#\/schema\/logo\/image\/\",\"url\":\"https:\/\/investiga.uandes.cl\/wp-content\/uploads\/2025\/03\/investiga_uandes.jpg\",\"contentUrl\":\"https:\/\/investiga.uandes.cl\/wp-content\/uploads\/2025\/03\/investiga_uandes.jpg\",\"width\":2000,\"height\":771,\"caption\":\"Investiga UANDES\"},\"image\":{\"@id\":\"https:\/\/investiga.uandes.cl\/#\/schema\/logo\/image\/\"}},{\"@type\":\"Person\",\"@id\":\"https:\/\/investiga.uandes.cl\/#\/schema\/person\/4a367eefb9d2846278c9140fd2289574\",\"name\":\"Mar\u00eda Ignacia Manr\u00edquez\",\"url\":\"https:\/\/investiga.uandes.cl\/en\/author\/mimanriquez\/\"}]}<\/script>\n<!-- \/ Yoast SEO plugin. -->","yoast_head_json":{"title":"Universidad de los Andes desarrollar\u00e1 16 investigaciones de frontera en diversas \u00e1reas del conocimiento - Investiga UANDES","robots":{"index":"index","follow":"follow","max-snippet":"max-snippet:-1","max-image-preview":"max-image-preview:large","max-video-preview":"max-video-preview:-1"},"canonical":"https:\/\/investiga.uandes.cl\/en\/universidad-de-los-andes-will-develop-16-frontier-research-projects-in-different-areas-of-knowledge\/","og_locale":"en_US","og_type":"article","og_title":"Universidad de los Andes desarrollar\u00e1 16 investigaciones de frontera en diversas \u00e1reas del conocimiento - Investiga UANDES","og_description":"Las investigaciones buscan generar soluciones concretas a desaf\u00edos actuales en distintos campos del saber.","og_url":"https:\/\/investiga.uandes.cl\/en\/universidad-de-los-andes-will-develop-16-frontier-research-projects-in-different-areas-of-knowledge\/","og_site_name":"Investiga UANDES","article_published_time":"2025-02-05T03:00:00+00:00","article_modified_time":"2025-11-26T21:23:57+00:00","og_image":[{"width":1600,"height":900,"url":"https:\/\/investiga.uandes.cl\/wp-content\/uploads\/2025\/02\/WhatsApp-Image-2025-01-30-at-3.26.04-PM.jpeg","type":"image\/jpeg"}],"author":"Mar\u00eda Ignacia Manr\u00edquez","twitter_card":"summary_large_image","twitter_misc":{"Written by":"Mar\u00eda Ignacia Manr\u00edquez","Est. reading time":"4 minutes"},"schema":{"@context":"https:\/\/schema.org","@graph":[{"@type":"Article","@id":"https:\/\/investiga.uandes.cl\/universidad-de-los-andes-desarrollara-16-investigaciones-de-frontera-en-diversas-areas-del-conocimiento\/#article","isPartOf":{"@id":"https:\/\/investiga.uandes.cl\/universidad-de-los-andes-desarrollara-16-investigaciones-de-frontera-en-diversas-areas-del-conocimiento\/"},"author":{"name":"Mar\u00eda Ignacia Manr\u00edquez","@id":"https:\/\/investiga.uandes.cl\/#\/schema\/person\/4a367eefb9d2846278c9140fd2289574"},"headline":"Universidad de los Andes desarrollar\u00e1 16 investigaciones de frontera en diversas \u00e1reas del conocimiento","datePublished":"2025-02-05T03:00:00+00:00","dateModified":"2025-11-26T21:23:57+00:00","mainEntityOfPage":{"@id":"https:\/\/investiga.uandes.cl\/universidad-de-los-andes-desarrollara-16-investigaciones-de-frontera-en-diversas-areas-del-conocimiento\/"},"wordCount":930,"publisher":{"@id":"https:\/\/investiga.uandes.cl\/#organization"},"image":{"@id":"https:\/\/investiga.uandes.cl\/universidad-de-los-andes-desarrollara-16-investigaciones-de-frontera-en-diversas-areas-del-conocimiento\/#primaryimage"},"thumbnailUrl":"https:\/\/investiga.uandes.cl\/wp-content\/uploads\/2025\/02\/WhatsApp-Image-2025-01-30-at-3.26.04-PM.jpeg","articleSection":["Ciencia y Tecnolog\u00eda"],"inLanguage":"en-US"},{"@type":"WebPage","@id":"https:\/\/investiga.uandes.cl\/universidad-de-los-andes-desarrollara-16-investigaciones-de-frontera-en-diversas-areas-del-conocimiento\/","url":"https:\/\/investiga.uandes.cl\/universidad-de-los-andes-desarrollara-16-investigaciones-de-frontera-en-diversas-areas-del-conocimiento\/","name":"Universidad de los Andes desarrollar\u00e1 16 investigaciones de frontera en diversas \u00e1reas del conocimiento - Investiga UANDES","isPartOf":{"@id":"https:\/\/investiga.uandes.cl\/#website"},"primaryImageOfPage":{"@id":"https:\/\/investiga.uandes.cl\/universidad-de-los-andes-desarrollara-16-investigaciones-de-frontera-en-diversas-areas-del-conocimiento\/#primaryimage"},"image":{"@id":"https:\/\/investiga.uandes.cl\/universidad-de-los-andes-desarrollara-16-investigaciones-de-frontera-en-diversas-areas-del-conocimiento\/#primaryimage"},"thumbnailUrl":"https:\/\/investiga.uandes.cl\/wp-content\/uploads\/2025\/02\/WhatsApp-Image-2025-01-30-at-3.26.04-PM.jpeg","datePublished":"2025-02-05T03:00:00+00:00","dateModified":"2025-11-26T21:23:57+00:00","breadcrumb":{"@id":"https:\/\/investiga.uandes.cl\/universidad-de-los-andes-desarrollara-16-investigaciones-de-frontera-en-diversas-areas-del-conocimiento\/#breadcrumb"},"inLanguage":"en-US","potentialAction":[{"@type":"ReadAction","target":["https:\/\/investiga.uandes.cl\/universidad-de-los-andes-desarrollara-16-investigaciones-de-frontera-en-diversas-areas-del-conocimiento\/"]}]},{"@type":"ImageObject","inLanguage":"en-US","@id":"https:\/\/investiga.uandes.cl\/universidad-de-los-andes-desarrollara-16-investigaciones-de-frontera-en-diversas-areas-del-conocimiento\/#primaryimage","url":"https:\/\/investiga.uandes.cl\/wp-content\/uploads\/2025\/02\/WhatsApp-Image-2025-01-30-at-3.26.04-PM.jpeg","contentUrl":"https:\/\/investiga.uandes.cl\/wp-content\/uploads\/2025\/02\/WhatsApp-Image-2025-01-30-at-3.26.04-PM.jpeg","width":1600,"height":900},{"@type":"BreadcrumbList","@id":"https:\/\/investiga.uandes.cl\/universidad-de-los-andes-desarrollara-16-investigaciones-de-frontera-en-diversas-areas-del-conocimiento\/#breadcrumb","itemListElement":[{"@type":"ListItem","position":1,"name":"Portada","item":"https:\/\/investiga.uandes.cl\/"},{"@type":"ListItem","position":2,"name":"Universidad de los Andes desarrollar\u00e1 16 investigaciones de frontera en diversas \u00e1reas del conocimiento"}]},{"@type":"WebSite","@id":"https:\/\/investiga.uandes.cl\/#website","url":"https:\/\/investiga.uandes.cl\/","name":"Investiga UANDES","description":"Investigaci\u00f3n, Universidad de los Andes","publisher":{"@id":"https:\/\/investiga.uandes.cl\/#organization"},"potentialAction":[{"@type":"SearchAction","target":{"@type":"EntryPoint","urlTemplate":"https:\/\/investiga.uandes.cl\/?s={search_term_string}"},"query-input":{"@type":"PropertyValueSpecification","valueRequired":true,"valueName":"search_term_string"}}],"inLanguage":"en-US"},{"@type":"Organization","@id":"https:\/\/investiga.uandes.cl\/#organization","name":"Investiga UANDES","url":"https:\/\/investiga.uandes.cl\/","logo":{"@type":"ImageObject","inLanguage":"en-US","@id":"https:\/\/investiga.uandes.cl\/#\/schema\/logo\/image\/","url":"https:\/\/investiga.uandes.cl\/wp-content\/uploads\/2025\/03\/investiga_uandes.jpg","contentUrl":"https:\/\/investiga.uandes.cl\/wp-content\/uploads\/2025\/03\/investiga_uandes.jpg","width":2000,"height":771,"caption":"Investiga UANDES"},"image":{"@id":"https:\/\/investiga.uandes.cl\/#\/schema\/logo\/image\/"}},{"@type":"Person","@id":"https:\/\/investiga.uandes.cl\/#\/schema\/person\/4a367eefb9d2846278c9140fd2289574","name":"Mar\u00eda Ignacia Manr\u00edquez","url":"https:\/\/investiga.uandes.cl\/en\/author\/mimanriquez\/"}]}},"_links":{"self":[{"href":"https:\/\/investiga.uandes.cl\/en\/wp-json\/wp\/v2\/posts\/1222","targetHints":{"allow":["GET"]}}],"collection":[{"href":"https:\/\/investiga.uandes.cl\/en\/wp-json\/wp\/v2\/posts"}],"about":[{"href":"https:\/\/investiga.uandes.cl\/en\/wp-json\/wp\/v2\/types\/post"}],"author":[{"embeddable":true,"href":"https:\/\/investiga.uandes.cl\/en\/wp-json\/wp\/v2\/users\/2"}],"replies":[{"embeddable":true,"href":"https:\/\/investiga.uandes.cl\/en\/wp-json\/wp\/v2\/comments?post=1222"}],"version-history":[{"count":8,"href":"https:\/\/investiga.uandes.cl\/en\/wp-json\/wp\/v2\/posts\/1222\/revisions"}],"predecessor-version":[{"id":4540,"href":"https:\/\/investiga.uandes.cl\/en\/wp-json\/wp\/v2\/posts\/1222\/revisions\/4540"}],"wp:featuredmedia":[{"embeddable":true,"href":"https:\/\/investiga.uandes.cl\/en\/wp-json\/wp\/v2\/media\/4157"}],"wp:attachment":[{"href":"https:\/\/investiga.uandes.cl\/en\/wp-json\/wp\/v2\/media?parent=1222"}],"wp:term":[{"taxonomy":"category","embeddable":true,"href":"https:\/\/investiga.uandes.cl\/en\/wp-json\/wp\/v2\/categories?post=1222"},{"taxonomy":"post_tag","embeddable":true,"href":"https:\/\/investiga.uandes.cl\/en\/wp-json\/wp\/v2\/tags?post=1222"}],"curies":[{"name":"wp","href":"https:\/\/api.w.org\/{rel}","templated":true}]}}